{"id":15535,"date":"2025-04-15T16:24:14","date_gmt":"2025-04-15T19:24:14","guid":{"rendered":"https:\/\/fmpatagoniamadryn.com.ar\/?p=15535"},"modified":"2025-04-15T16:24:14","modified_gmt":"2025-04-15T19:24:14","slug":"educacion-lanza-la-preinscripcion-al-encuentro-empresarial-de-jovenes-y-adultos-desarrollo-emprendedor-2025","status":"publish","type":"post","link":"https:\/\/fmpatagoniamadryn.com.ar\/?p=15535","title":{"rendered":"Educaci\u00f3n lanza la preinscripci\u00f3n al \u00abEncuentro Empresarial de J\u00f3venes y Adultos: Desarrollo Emprendedor 2025\u00bb"},"content":{"rendered":"\n<p><\/p>\n\n\n\n<p><em>La propuesta convoca a instituciones educativas de Nivel Secundario y de Formaci\u00f3n Profesional que trabajen en proyectos productivos o socio comunitarios. Las preinscripciones est\u00e1n abiertas&nbsp;hasta el 19 de mayo.<\/em><\/p>\n\n\n\n<p>El Gobierno del Chubut, a trav\u00e9s del Ministerio de Educaci\u00f3n, invita a participar del&nbsp;\u00abEncuentro Empresarial de J\u00f3venes y Adultos: Desarrollo Emprendedor 2025\u00bb, una iniciativa que busca promover el desarrollo de proyectos con impacto productivo y social por parte de estudiantes de Escuelas Secundarias y Centros de Formaci\u00f3n Profesional.<\/p>\n\n\n\n<p>La propuesta busca potenciar las capacidades emprendedoras de j\u00f3venes y adultos, generando espacios de formaci\u00f3n y visibilizaci\u00f3n de experiencias locales. Adem\u00e1s, contempla la conformaci\u00f3n de un equipo interministerial junto al Ministerio de Producci\u00f3n y la Secretar\u00eda de Trabajo, con el objetivo de valorar y acompa\u00f1ar aquellos proyectos con alto potencial de desarrollo.<\/p>\n\n\n\n<p><strong>Fechas clave e informaci\u00f3n para participar<\/strong><\/p>\n\n\n\n<p>La&nbsp;preinscripci\u00f3n virtual&nbsp;est\u00e1 habilitada&nbsp;hasta el 19 de mayo de 2025&nbsp;en&nbsp;chubut.edu.ar\/emprendedores&nbsp;donde, adem\u00e1s, en un futuro los interesados podr\u00e1n conocer las&nbsp;bases de participaci\u00f3n, acceder a&nbsp;proyectos presentados en ediciones anteriores&nbsp;y consultar informaci\u00f3n general.<\/p>\n\n\n\n<p>La instancia&nbsp;zonal&nbsp;del encuentro se desarrollar\u00e1 de manera&nbsp;virtual&nbsp;entre el 21 y el 24 de julio, mientras que la&nbsp;etapa provincial&nbsp;se llevar\u00e1 a cabo durante el mes de agosto.<\/p>\n\n\n\n<p>Ante cualquier consulta, aquellas personas interesadas pueden comunicarse al correo:&nbsp;<a href=\"mailto:emprendedores@educacionvirtual.chubut.edu.ar\">emprendedores@educacionvirtual.chubut.e<\/a><\/p>\n","protected":false},"excerpt":{"rendered":"<p>La propuesta convoca a instituciones educativas de Nivel Secundario y de Formaci\u00f3n Profesional que trabajen en proyectos productivos o socio comunitarios. Las preinscripciones est\u00e1n abiertas&nbsp;hasta el 19 de mayo. El&hellip; <\/p>\n","protected":false},"author":2,"featured_media":15534,"comment_status":"closed","ping_status":"closed","sticky":false,"template":"","format":"standard","meta":{"footnotes":""},"categories":[14],"tags":[],"class_list":["post-15535","post","type-post","status-publish","format-standard","has-post-thumbnail","hentry","category-provinciales"],"yoast_head":"<!-- This site is optimized with the Yoast SEO plugin v27.5 - https:\/\/yoast.com\/product\/yoast-seo-wordpress\/ -->\n<title>Educaci\u00f3n lanza la preinscripci\u00f3n al &quot;Encuentro Empresarial de J\u00f3venes y Adultos: Desarrollo Emprendedor 2025&quot; - FM Patagonia Madryn<\/title>\n<meta name=\"robots\" content=\"index, follow, max-snippet:-1, max-image-preview:large, max-video-preview:-1\" \/>\n<link rel=\"canonical\" href=\"https:\/\/fmpatagoniamadryn.com.ar\/?p=15535\" \/>\n<meta property=\"og:locale\" content=\"es_ES\" \/>\n<meta property=\"og:type\" content=\"article\" \/>\n<meta property=\"og:title\" content=\"Educaci\u00f3n lanza la preinscripci\u00f3n al &quot;Encuentro Empresarial de J\u00f3venes y Adultos: Desarrollo Emprendedor 2025&quot; - FM Patagonia Madryn\" \/>\n<meta property=\"og:description\" content=\"La propuesta convoca a instituciones educativas de Nivel Secundario y de Formaci\u00f3n Profesional que trabajen en proyectos productivos o socio comunitarios. Las preinscripciones est\u00e1n abiertas&nbsp;hasta el 19 de mayo. El&hellip;\" \/>\n<meta property=\"og:url\" content=\"https:\/\/fmpatagoniamadryn.com.ar\/?p=15535\" \/>\n<meta property=\"og:site_name\" content=\"FM Patagonia Madryn\" \/>\n<meta property=\"article:published_time\" content=\"2025-04-15T19:24:14+00:00\" \/>\n<meta property=\"og:image\" content=\"https:\/\/fmpatagoniamadryn.com.ar\/wp-content\/uploads\/2025\/04\/img_4015-1.png\" \/>\n\t<meta property=\"og:image:width\" content=\"1080\" \/>\n\t<meta property=\"og:image:height\" content=\"1350\" \/>\n\t<meta property=\"og:image:type\" content=\"image\/png\" \/>\n<meta name=\"author\" content=\"FM Patagonia\" \/>\n<meta name=\"twitter:card\" content=\"summary_large_image\" \/>\n<meta name=\"twitter:label1\" content=\"Escrito por\" \/>\n\t<meta name=\"twitter:data1\" content=\"FM Patagonia\" \/>\n\t<meta name=\"twitter:label2\" content=\"Tiempo de lectura\" \/>\n\t<meta name=\"twitter:data2\" content=\"1 minuto\" \/>\n<script type=\"application\/ld+json\" class=\"yoast-schema-graph\">{\"@context\":\"https:\\\/\\\/schema.org\",\"@graph\":[{\"@type\":\"Article\",\"@id\":\"https:\\\/\\\/fmpatagoniamadryn.com.ar\\\/?p=15535#article\",\"isPartOf\":{\"@id\":\"https:\\\/\\\/fmpatagoniamadryn.com.ar\\\/?p=15535\"},\"author\":{\"name\":\"FM Patagonia\",\"@id\":\"https:\\\/\\\/fmpatagoniamadryn.com.ar\\\/#\\\/schema\\\/person\\\/8a3de4ad7efceacab06c1641c50303b7\"},\"headline\":\"Educaci\u00f3n lanza la preinscripci\u00f3n al \u00abEncuentro Empresarial de J\u00f3venes y Adultos: Desarrollo Emprendedor 2025\u00bb\",\"datePublished\":\"2025-04-15T19:24:14+00:00\",\"mainEntityOfPage\":{\"@id\":\"https:\\\/\\\/fmpatagoniamadryn.com.ar\\\/?p=15535\"},\"wordCount\":272,\"publisher\":{\"@id\":\"https:\\\/\\\/fmpatagoniamadryn.com.ar\\\/#organization\"},\"image\":{\"@id\":\"https:\\\/\\\/fmpatagoniamadryn.com.ar\\\/?p=15535#primaryimage\"},\"thumbnailUrl\":\"https:\\\/\\\/fmpatagoniamadryn.com.ar\\\/wp-content\\\/uploads\\\/2025\\\/04\\\/img_4015-1.png\",\"articleSection\":[\"Provinciales\"],\"inLanguage\":\"es\"},{\"@type\":\"WebPage\",\"@id\":\"https:\\\/\\\/fmpatagoniamadryn.com.ar\\\/?p=15535\",\"url\":\"https:\\\/\\\/fmpatagoniamadryn.com.ar\\\/?p=15535\",\"name\":\"Educaci\u00f3n lanza la preinscripci\u00f3n al \\\"Encuentro Empresarial de J\u00f3venes y Adultos: Desarrollo Emprendedor 2025\\\" - FM Patagonia Madryn\",\"isPartOf\":{\"@id\":\"https:\\\/\\\/fmpatagoniamadryn.com.ar\\\/#website\"},\"primaryImageOfPage\":{\"@id\":\"https:\\\/\\\/fmpatagoniamadryn.com.ar\\\/?p=15535#primaryimage\"},\"image\":{\"@id\":\"https:\\\/\\\/fmpatagoniamadryn.com.ar\\\/?p=15535#primaryimage\"},\"thumbnailUrl\":\"https:\\\/\\\/fmpatagoniamadryn.com.ar\\\/wp-content\\\/uploads\\\/2025\\\/04\\\/img_4015-1.png\",\"datePublished\":\"2025-04-15T19:24:14+00:00\",\"breadcrumb\":{\"@id\":\"https:\\\/\\\/fmpatagoniamadryn.com.ar\\\/?p=15535#breadcrumb\"},\"inLanguage\":\"es\",\"potentialAction\":[{\"@type\":\"ReadAction\",\"target\":[\"https:\\\/\\\/fmpatagoniamadryn.com.ar\\\/?p=15535\"]}]},{\"@type\":\"ImageObject\",\"inLanguage\":\"es\",\"@id\":\"https:\\\/\\\/fmpatagoniamadryn.com.ar\\\/?p=15535#primaryimage\",\"url\":\"https:\\\/\\\/fmpatagoniamadryn.com.ar\\\/wp-content\\\/uploads\\\/2025\\\/04\\\/img_4015-1.png\",\"contentUrl\":\"https:\\\/\\\/fmpatagoniamadryn.com.ar\\\/wp-content\\\/uploads\\\/2025\\\/04\\\/img_4015-1.png\",\"width\":1080,\"height\":1350},{\"@type\":\"BreadcrumbList\",\"@id\":\"https:\\\/\\\/fmpatagoniamadryn.com.ar\\\/?p=15535#breadcrumb\",\"itemListElement\":[{\"@type\":\"ListItem\",\"position\":1,\"name\":\"Portada\",\"item\":\"https:\\\/\\\/fmpatagoniamadryn.com.ar\\\/\"},{\"@type\":\"ListItem\",\"position\":2,\"name\":\"Educaci\u00f3n lanza la preinscripci\u00f3n al \u00abEncuentro Empresarial de J\u00f3venes y Adultos: Desarrollo Emprendedor 2025\u00bb\"}]},{\"@type\":\"WebSite\",\"@id\":\"https:\\\/\\\/fmpatagoniamadryn.com.ar\\\/#website\",\"url\":\"https:\\\/\\\/fmpatagoniamadryn.com.ar\\\/\",\"name\":\"FM Patagonia Madryn\",\"description\":\"Radio Patagonia 105.5\",\"publisher\":{\"@id\":\"https:\\\/\\\/fmpatagoniamadryn.com.ar\\\/#organization\"},\"potentialAction\":[{\"@type\":\"SearchAction\",\"target\":{\"@type\":\"EntryPoint\",\"urlTemplate\":\"https:\\\/\\\/fmpatagoniamadryn.com.ar\\\/?s={search_term_string}\"},\"query-input\":{\"@type\":\"PropertyValueSpecification\",\"valueRequired\":true,\"valueName\":\"search_term_string\"}}],\"inLanguage\":\"es\"},{\"@type\":\"Organization\",\"@id\":\"https:\\\/\\\/fmpatagoniamadryn.com.ar\\\/#organization\",\"name\":\"FM Patagonia Madryn\",\"url\":\"https:\\\/\\\/fmpatagoniamadryn.com.ar\\\/\",\"logo\":{\"@type\":\"ImageObject\",\"inLanguage\":\"es\",\"@id\":\"https:\\\/\\\/fmpatagoniamadryn.com.ar\\\/#\\\/schema\\\/logo\\\/image\\\/\",\"url\":\"https:\\\/\\\/fmpatagoniamadryn.com.ar\\\/wp-content\\\/uploads\\\/2023\\\/01\\\/cropped-Diseno-sin-titulo.png\",\"contentUrl\":\"https:\\\/\\\/fmpatagoniamadryn.com.ar\\\/wp-content\\\/uploads\\\/2023\\\/01\\\/cropped-Diseno-sin-titulo.png\",\"width\":6911,\"height\":2657,\"caption\":\"FM Patagonia Madryn\"},\"image\":{\"@id\":\"https:\\\/\\\/fmpatagoniamadryn.com.ar\\\/#\\\/schema\\\/logo\\\/image\\\/\"}},{\"@type\":\"Person\",\"@id\":\"https:\\\/\\\/fmpatagoniamadryn.com.ar\\\/#\\\/schema\\\/person\\\/8a3de4ad7efceacab06c1641c50303b7\",\"name\":\"FM Patagonia\",\"url\":\"https:\\\/\\\/fmpatagoniamadryn.com.ar\\\/?author=2\"}]}<\/script>\n<!-- \/ Yoast SEO plugin. -->","yoast_head_json":{"title":"Educaci\u00f3n lanza la preinscripci\u00f3n al \"Encuentro Empresarial de J\u00f3venes y Adultos: Desarrollo Emprendedor 2025\" - FM Patagonia Madryn","robots":{"index":"index","follow":"follow","max-snippet":"max-snippet:-1","max-image-preview":"max-image-preview:large","max-video-preview":"max-video-preview:-1"},"canonical":"https:\/\/fmpatagoniamadryn.com.ar\/?p=15535","og_locale":"es_ES","og_type":"article","og_title":"Educaci\u00f3n lanza la preinscripci\u00f3n al \"Encuentro Empresarial de J\u00f3venes y Adultos: Desarrollo Emprendedor 2025\" - FM Patagonia Madryn","og_description":"La propuesta convoca a instituciones educativas de Nivel Secundario y de Formaci\u00f3n Profesional que trabajen en proyectos productivos o socio comunitarios. Las preinscripciones est\u00e1n abiertas&nbsp;hasta el 19 de mayo. El&hellip;","og_url":"https:\/\/fmpatagoniamadryn.com.ar\/?p=15535","og_site_name":"FM Patagonia Madryn","article_published_time":"2025-04-15T19:24:14+00:00","og_image":[{"width":1080,"height":1350,"url":"https:\/\/fmpatagoniamadryn.com.ar\/wp-content\/uploads\/2025\/04\/img_4015-1.png","type":"image\/png"}],"author":"FM Patagonia","twitter_card":"summary_large_image","twitter_misc":{"Escrito por":"FM Patagonia","Tiempo de lectura":"1 minuto"},"schema":{"@context":"https:\/\/schema.org","@graph":[{"@type":"Article","@id":"https:\/\/fmpatagoniamadryn.com.ar\/?p=15535#article","isPartOf":{"@id":"https:\/\/fmpatagoniamadryn.com.ar\/?p=15535"},"author":{"name":"FM Patagonia","@id":"https:\/\/fmpatagoniamadryn.com.ar\/#\/schema\/person\/8a3de4ad7efceacab06c1641c50303b7"},"headline":"Educaci\u00f3n lanza la preinscripci\u00f3n al \u00abEncuentro Empresarial de J\u00f3venes y Adultos: Desarrollo Emprendedor 2025\u00bb","datePublished":"2025-04-15T19:24:14+00:00","mainEntityOfPage":{"@id":"https:\/\/fmpatagoniamadryn.com.ar\/?p=15535"},"wordCount":272,"publisher":{"@id":"https:\/\/fmpatagoniamadryn.com.ar\/#organization"},"image":{"@id":"https:\/\/fmpatagoniamadryn.com.ar\/?p=15535#primaryimage"},"thumbnailUrl":"https:\/\/fmpatagoniamadryn.com.ar\/wp-content\/uploads\/2025\/04\/img_4015-1.png","articleSection":["Provinciales"],"inLanguage":"es"},{"@type":"WebPage","@id":"https:\/\/fmpatagoniamadryn.com.ar\/?p=15535","url":"https:\/\/fmpatagoniamadryn.com.ar\/?p=15535","name":"Educaci\u00f3n lanza la preinscripci\u00f3n al \"Encuentro Empresarial de J\u00f3venes y Adultos: Desarrollo Emprendedor 2025\" - FM Patagonia Madryn","isPartOf":{"@id":"https:\/\/fmpatagoniamadryn.com.ar\/#website"},"primaryImageOfPage":{"@id":"https:\/\/fmpatagoniamadryn.com.ar\/?p=15535#primaryimage"},"image":{"@id":"https:\/\/fmpatagoniamadryn.com.ar\/?p=15535#primaryimage"},"thumbnailUrl":"https:\/\/fmpatagoniamadryn.com.ar\/wp-content\/uploads\/2025\/04\/img_4015-1.png","datePublished":"2025-04-15T19:24:14+00:00","breadcrumb":{"@id":"https:\/\/fmpatagoniamadryn.com.ar\/?p=15535#breadcrumb"},"inLanguage":"es","potentialAction":[{"@type":"ReadAction","target":["https:\/\/fmpatagoniamadryn.com.ar\/?p=15535"]}]},{"@type":"ImageObject","inLanguage":"es","@id":"https:\/\/fmpatagoniamadryn.com.ar\/?p=15535#primaryimage","url":"https:\/\/fmpatagoniamadryn.com.ar\/wp-content\/uploads\/2025\/04\/img_4015-1.png","contentUrl":"https:\/\/fmpatagoniamadryn.com.ar\/wp-content\/uploads\/2025\/04\/img_4015-1.png","width":1080,"height":1350},{"@type":"BreadcrumbList","@id":"https:\/\/fmpatagoniamadryn.com.ar\/?p=15535#breadcrumb","itemListElement":[{"@type":"ListItem","position":1,"name":"Portada","item":"https:\/\/fmpatagoniamadryn.com.ar\/"},{"@type":"ListItem","position":2,"name":"Educaci\u00f3n lanza la preinscripci\u00f3n al \u00abEncuentro Empresarial de J\u00f3venes y Adultos: Desarrollo Emprendedor 2025\u00bb"}]},{"@type":"WebSite","@id":"https:\/\/fmpatagoniamadryn.com.ar\/#website","url":"https:\/\/fmpatagoniamadryn.com.ar\/","name":"FM Patagonia Madryn","description":"Radio Patagonia 105.5","publisher":{"@id":"https:\/\/fmpatagoniamadryn.com.ar\/#organization"},"potentialAction":[{"@type":"SearchAction","target":{"@type":"EntryPoint","urlTemplate":"https:\/\/fmpatagoniamadryn.com.ar\/?s={search_term_string}"},"query-input":{"@type":"PropertyValueSpecification","valueRequired":true,"valueName":"search_term_string"}}],"inLanguage":"es"},{"@type":"Organization","@id":"https:\/\/fmpatagoniamadryn.com.ar\/#organization","name":"FM Patagonia Madryn","url":"https:\/\/fmpatagoniamadryn.com.ar\/","logo":{"@type":"ImageObject","inLanguage":"es","@id":"https:\/\/fmpatagoniamadryn.com.ar\/#\/schema\/logo\/image\/","url":"https:\/\/fmpatagoniamadryn.com.ar\/wp-content\/uploads\/2023\/01\/cropped-Diseno-sin-titulo.png","contentUrl":"https:\/\/fmpatagoniamadryn.com.ar\/wp-content\/uploads\/2023\/01\/cropped-Diseno-sin-titulo.png","width":6911,"height":2657,"caption":"FM Patagonia Madryn"},"image":{"@id":"https:\/\/fmpatagoniamadryn.com.ar\/#\/schema\/logo\/image\/"}},{"@type":"Person","@id":"https:\/\/fmpatagoniamadryn.com.ar\/#\/schema\/person\/8a3de4ad7efceacab06c1641c50303b7","name":"FM Patagonia","url":"https:\/\/fmpatagoniamadryn.com.ar\/?author=2"}]}},"jetpack_featured_media_url":"https:\/\/fmpatagoniamadryn.com.ar\/wp-content\/uploads\/2025\/04\/img_4015-1.png","_links":{"self":[{"href":"https:\/\/fmpatagoniamadryn.com.ar\/index.php?rest_route=\/wp\/v2\/posts\/15535","targetHints":{"allow":["GET"]}}],"collection":[{"href":"https:\/\/fmpatagoniamadryn.com.ar\/index.php?rest_route=\/wp\/v2\/posts"}],"about":[{"href":"https:\/\/fmpatagoniamadryn.com.ar\/index.php?rest_route=\/wp\/v2\/types\/post"}],"author":[{"embeddable":true,"href":"https:\/\/fmpatagoniamadryn.com.ar\/index.php?rest_route=\/wp\/v2\/users\/2"}],"replies":[{"embeddable":true,"href":"https:\/\/fmpatagoniamadryn.com.ar\/index.php?rest_route=%2Fwp%2Fv2%2Fcomments&post=15535"}],"version-history":[{"count":1,"href":"https:\/\/fmpatagoniamadryn.com.ar\/index.php?rest_route=\/wp\/v2\/posts\/15535\/revisions"}],"predecessor-version":[{"id":15536,"href":"https:\/\/fmpatagoniamadryn.com.ar\/index.php?rest_route=\/wp\/v2\/posts\/15535\/revisions\/15536"}],"wp:featuredmedia":[{"embeddable":true,"href":"https:\/\/fmpatagoniamadryn.com.ar\/index.php?rest_route=\/wp\/v2\/media\/15534"}],"wp:attachment":[{"href":"https:\/\/fmpatagoniamadryn.com.ar\/index.php?rest_route=%2Fwp%2Fv2%2Fmedia&parent=15535"}],"wp:term":[{"taxonomy":"category","embeddable":true,"href":"https:\/\/fmpatagoniamadryn.com.ar\/index.php?rest_route=%2Fwp%2Fv2%2Fcategories&post=15535"},{"taxonomy":"post_tag","embeddable":true,"href":"https:\/\/fmpatagoniamadryn.com.ar\/index.php?rest_route=%2Fwp%2Fv2%2Ftags&post=15535"}],"curies":[{"name":"wp","href":"https:\/\/api.w.org\/{rel}","templated":true}]}}