{"id":1557,"date":"2023-04-06T10:27:16","date_gmt":"2023-04-06T13:27:16","guid":{"rendered":"https:\/\/fmpatagoniamadryn.com.ar\/?p=1557"},"modified":"2023-04-06T10:27:27","modified_gmt":"2023-04-06T13:27:27","slug":"arcioni-y-mendiguren-pusieron-en-marcha-un-programa-para-financiar-las-inversiones-de-las-pymes-de-chubut","status":"publish","type":"post","link":"https:\/\/fmpatagoniamadryn.com.ar\/?p=1557","title":{"rendered":"Arcioni y Mendiguren pusieron en marcha un programa para financiar las inversiones de las Pymes de Chubut"},"content":{"rendered":"\n<p>Se trata de la l\u00ednea CreAr Inversi\u00f3n PyME Federal, que ofrece condiciones muy favorables para sus beneficiarios. Adem\u00e1s, en la ocasi\u00f3n, firmaron un acuerdo estrat\u00e9gico para implementar en nuestra provincia el Programa Federal de Fortalecimiento de la Reactivaci\u00f3n Productiva.<br><br>El gobernador del Chubut, Mariano Arcioni, y el secretario de Industria y Desarrollo Productivo de la Naci\u00f3n, Jos\u00e9 Ignacio de Mendiguren, pusieron en marcha este mi\u00e9rcoles en Buenos Aires el programa CreAr Inversi\u00f3n PyME Federal, con el objetivo de financiar en condiciones econ\u00f3micas muy favorables a las peque\u00f1as y medianas empresas chubutenses que requieran de asistencia para expandir sus inversiones y generar puestos de trabajo.<br><br>Adem\u00e1s, en la ocasi\u00f3n, Arcioni y Mendiguren tambi\u00e9n firmaron un acuerdo estrat\u00e9gico para implementar en Chubut el Programa Federal de Fortalecimiento de la Reactivaci\u00f3n Productiva, que ofrece incentivos adicionales para aquellas empresas que incorporen personal a sus plantas de trabajo. Se trata de dos iniciativas clave para aumentar el nivel de actividad econ\u00f3mica y la creaci\u00f3n de nuevas fuentes de empleo en nuestra provincia.<br><br>Una vez finalizado el encuentro, y en di\u00e1logo con la prensa, Arcioni se\u00f1al\u00f3 que \u201cjunto al secretario de Industria de la Naci\u00f3n, Jos\u00e9 Ignacio de Mendiguren, hoy hemos firmado un convenio y tambi\u00e9n hemos puesto en marcha un programa productivo de gran importancia para Chubut, porque ambos implican un apoyo muy significativo para todas las industrias estrat\u00e9gicas de la regi\u00f3n, principalmente para las Pymes\u201d.<br><br>Arcioni agreg\u00f3 que \u201cse trata de excelentes oportunidades para las Pymes chubutenses, con est\u00edmulos concretos para aumentar la inversi\u00f3n y la generaci\u00f3n de puestos de trabajo\u201d.<br><br>Para finalizar, el gobernador hizo hincapi\u00e9 en destacar que \u00abes una noticia muy positiva para el futuro de la provincia, porque nos abre enormes posibilidades en materia econ\u00f3mica y productiva\u201d.<br><br>A su turno, Mendiguren dijo que \u201ctenemos una agenda muy s\u00f3lida de trabajo con la provincia para acompa\u00f1ar a las PyMEs a que concreten inversiones y generen empleo y, a su vez, consolidar el crecimiento de los sectores estrat\u00e9gicos de Chubut, que son clave para la transformaci\u00f3n de la estructura productiva que el pa\u00eds necesita\u201d, afirm\u00f3.<br><br>Adem\u00e1s de Arcioni y Mendiguren, tambi\u00e9n estuvieron presentes en el encuentro el secretario general de la Gobernaci\u00f3n de Chubut, Alejandro Sandilo; los ministros provinciales de Hidrocarburos, Mart\u00edn Cerda; y de Agricultura, Ganader\u00eda, Industria y Comercio, Leandro Cavaco; el jefe de Gabinete de la Secretar\u00eda de Industria y Desarrollo Productivo de la Naci\u00f3n, Gabriel Vienni; el subsecretario nacional de la Peque\u00f1a y Mediana Empresa, Tom\u00e1s Canosa; el director nacional de Financiamiento, Francisco Abramovich; la directora nacional de Fortalecimiento de la Competitividad PyME, Julia Watman; la directora nacional de Desarrollo Regional y Sectorial, Mar\u00eda Sol Pasqualini; y la titular del Centro de Estudios para la Producci\u00f3n (CEPXXI), Florencia Horno.<br><br>Programa Cr\u00e9dito Argentino (CreAr)<br><br>Cr\u00e9dito Argentino (CreAr) es el programa de financiamiento a la inversi\u00f3n m\u00e1s grande de la historia reciente del pa\u00eds. Con un presupuesto inicial de $500.000 millones en cr\u00e9ditos y garant\u00edas, impulsa proyectos de inversi\u00f3n que cambien la estructura productiva fomentando el desarrollo nacional, las exportaciones y el reemplazo eficiente de importaciones en cadenas de valor estrat\u00e9gicas, con el fin de promover la creaci\u00f3n de empleo y la generaci\u00f3n de divisas.<br><br>Los cr\u00e9ditos otorgados por la l\u00ednea CreAr Inversi\u00f3n PyME Federal permitir\u00e1 a las PyMEs industriales, agroindustriales y de servicios industriales acceder a financiamiento para inversiones productivas, para obtener hasta $150 millones por proyecto, a trav\u00e9s del Banco de Chubut. La l\u00ednea tiene un plazo de entre 48 y 60 meses, con hasta 6 meses de gracia, bonificaci\u00f3n de tasas por parte del Fondo Nacional de Desarrollo Productivo (FONDEP) de hasta 30 puntos, y garant\u00eda del Fondo de Garant\u00edas Argentino (FOGAR). <br><br>Adem\u00e1s, a trav\u00e9s del Banco de Chubut, las PyMEs exportadoras pueden acceder a cr\u00e9ditos de la l\u00ednea CreAr Inversi\u00f3n para exportaciones desde $100 millones a $500 millones. <\/p>\n\n\n\n<p>Tambi\u00e9n a trav\u00e9s del Banco del Chubut, pueden acceder a financiamiento de hasta $120 millones de la l\u00ednea CreAr Inversi\u00f3n PyME Leasing para fomentar la adquisici\u00f3n de bienes de origen nacional o nacionalizados que impulsen la actividad productiva.<br><br>Programa Federal de Fortalecimiento de la Reactivaci\u00f3n Productiva<br><br>El Programa Federal de Fortalecimiento de la Reactivaci\u00f3n Productiva, por su parte, tiene como objetivo generar un est\u00edmulo a la reactivaci\u00f3n productiva para la creaci\u00f3n de nuevos puestos de trabajo para las empresas industriales chubutenses, y Micro, Peque\u00f1as y Medianas Empresas cuya actividad principal declarada ante la Administraci\u00f3n Federal de Ingresos P\u00fablicos al mes base, sea alguna de las actividades econ\u00f3micas estrat\u00e9gicas para la provincia.<br><br>Por cada empleado que se contrate o se haya contratado a desde el 1\u00b0 de enero 2023 y 31 de diciembre de 2023, a trav\u00e9s del programa se le depositar\u00e1 la suma mensual por cada empleado de acuerdo al siguiente detalle:<br><br>Categor\u00eda \u201cA\u201d: Mujeres, Personas Travestis, Transexuales o Transg\u00e9nero, Personas con Discapacidad<br><br>A\u00f1o 2023: $ 26.000<br><br>A\u00f1o 2024: $ 14.000<br><br>Categor\u00eda \u201cB\u201d: Varones <br><br>A\u00f1o 2023: $ 21.000<br><br>A\u00f1o 2024: $ 9.000<br><br>El beneficio ser\u00e1 por 2 a\u00f1os, dependiendo el momento de la contrataci\u00f3n. Las actividades consideradas estrat\u00e9gicas incluyen a un total de 155 industrias. <\/p>\n","protected":false},"excerpt":{"rendered":"<p>Se trata de la l\u00ednea CreAr Inversi\u00f3n PyME Federal, que ofrece condiciones muy favorables para sus beneficiarios. Adem\u00e1s, en la ocasi\u00f3n, firmaron un acuerdo estrat\u00e9gico para implementar en nuestra provincia&hellip; <\/p>\n","protected":false},"author":3,"featured_media":1556,"comment_status":"closed","ping_status":"closed","sticky":false,"template":"","format":"standard","meta":{"footnotes":""},"categories":[14],"tags":[],"class_list":["post-1557","post","type-post","status-publish","format-standard","has-post-thumbnail","hentry","category-provinciales"],"yoast_head":"<!-- This site is optimized with the Yoast SEO plugin v27.4 - https:\/\/yoast.com\/product\/yoast-seo-wordpress\/ -->\n<title>Arcioni y Mendiguren pusieron en marcha un programa para financiar las inversiones de las Pymes de Chubut - FM Patagonia Madryn<\/title>\n<meta name=\"robots\" content=\"index, follow, max-snippet:-1, max-image-preview:large, max-video-preview:-1\" \/>\n<link rel=\"canonical\" href=\"https:\/\/fmpatagoniamadryn.com.ar\/?p=1557\" \/>\n<meta property=\"og:locale\" content=\"es_ES\" \/>\n<meta property=\"og:type\" content=\"article\" \/>\n<meta property=\"og:title\" content=\"Arcioni y Mendiguren pusieron en marcha un programa para financiar las inversiones de las Pymes de Chubut - FM Patagonia Madryn\" \/>\n<meta property=\"og:description\" content=\"Se trata de la l\u00ednea CreAr Inversi\u00f3n PyME Federal, que ofrece condiciones muy favorables para sus beneficiarios. Adem\u00e1s, en la ocasi\u00f3n, firmaron un acuerdo estrat\u00e9gico para implementar en nuestra provincia&hellip;\" \/>\n<meta property=\"og:url\" content=\"https:\/\/fmpatagoniamadryn.com.ar\/?p=1557\" \/>\n<meta property=\"og:site_name\" content=\"FM Patagonia Madryn\" \/>\n<meta property=\"article:published_time\" content=\"2023-04-06T13:27:16+00:00\" \/>\n<meta property=\"article:modified_time\" content=\"2023-04-06T13:27:27+00:00\" \/>\n<meta property=\"og:image\" content=\"https:\/\/fmpatagoniamadryn.com.ar\/wp-content\/uploads\/2023\/04\/Arcioni-y-Mendiguren-3.jpg\" \/>\n\t<meta property=\"og:image:width\" content=\"1500\" \/>\n\t<meta property=\"og:image:height\" content=\"1000\" \/>\n\t<meta property=\"og:image:type\" content=\"image\/jpeg\" \/>\n<meta name=\"author\" content=\"FM Patagonia\" \/>\n<meta name=\"twitter:card\" content=\"summary_large_image\" \/>\n<meta name=\"twitter:label1\" content=\"Escrito por\" \/>\n\t<meta name=\"twitter:data1\" content=\"FM Patagonia\" \/>\n\t<meta name=\"twitter:label2\" content=\"Tiempo de lectura\" \/>\n\t<meta name=\"twitter:data2\" content=\"5 minutos\" \/>\n<script type=\"application\/ld+json\" class=\"yoast-schema-graph\">{\"@context\":\"https:\\\/\\\/schema.org\",\"@graph\":[{\"@type\":\"Article\",\"@id\":\"https:\\\/\\\/fmpatagoniamadryn.com.ar\\\/?p=1557#article\",\"isPartOf\":{\"@id\":\"https:\\\/\\\/fmpatagoniamadryn.com.ar\\\/?p=1557\"},\"author\":{\"name\":\"FM Patagonia\",\"@id\":\"https:\\\/\\\/fmpatagoniamadryn.com.ar\\\/#\\\/schema\\\/person\\\/1d968ec613613768e14b4e6420a2b125\"},\"headline\":\"Arcioni y Mendiguren pusieron en marcha un programa para financiar las inversiones de las Pymes de Chubut\",\"datePublished\":\"2023-04-06T13:27:16+00:00\",\"dateModified\":\"2023-04-06T13:27:27+00:00\",\"mainEntityOfPage\":{\"@id\":\"https:\\\/\\\/fmpatagoniamadryn.com.ar\\\/?p=1557\"},\"wordCount\":921,\"publisher\":{\"@id\":\"https:\\\/\\\/fmpatagoniamadryn.com.ar\\\/#organization\"},\"image\":{\"@id\":\"https:\\\/\\\/fmpatagoniamadryn.com.ar\\\/?p=1557#primaryimage\"},\"thumbnailUrl\":\"https:\\\/\\\/fmpatagoniamadryn.com.ar\\\/wp-content\\\/uploads\\\/2023\\\/04\\\/Arcioni-y-Mendiguren-3.jpg\",\"articleSection\":[\"Provinciales\"],\"inLanguage\":\"es\"},{\"@type\":\"WebPage\",\"@id\":\"https:\\\/\\\/fmpatagoniamadryn.com.ar\\\/?p=1557\",\"url\":\"https:\\\/\\\/fmpatagoniamadryn.com.ar\\\/?p=1557\",\"name\":\"Arcioni y Mendiguren pusieron en marcha un programa para financiar las inversiones de las Pymes de Chubut - FM Patagonia Madryn\",\"isPartOf\":{\"@id\":\"https:\\\/\\\/fmpatagoniamadryn.com.ar\\\/#website\"},\"primaryImageOfPage\":{\"@id\":\"https:\\\/\\\/fmpatagoniamadryn.com.ar\\\/?p=1557#primaryimage\"},\"image\":{\"@id\":\"https:\\\/\\\/fmpatagoniamadryn.com.ar\\\/?p=1557#primaryimage\"},\"thumbnailUrl\":\"https:\\\/\\\/fmpatagoniamadryn.com.ar\\\/wp-content\\\/uploads\\\/2023\\\/04\\\/Arcioni-y-Mendiguren-3.jpg\",\"datePublished\":\"2023-04-06T13:27:16+00:00\",\"dateModified\":\"2023-04-06T13:27:27+00:00\",\"breadcrumb\":{\"@id\":\"https:\\\/\\\/fmpatagoniamadryn.com.ar\\\/?p=1557#breadcrumb\"},\"inLanguage\":\"es\",\"potentialAction\":[{\"@type\":\"ReadAction\",\"target\":[\"https:\\\/\\\/fmpatagoniamadryn.com.ar\\\/?p=1557\"]}]},{\"@type\":\"ImageObject\",\"inLanguage\":\"es\",\"@id\":\"https:\\\/\\\/fmpatagoniamadryn.com.ar\\\/?p=1557#primaryimage\",\"url\":\"https:\\\/\\\/fmpatagoniamadryn.com.ar\\\/wp-content\\\/uploads\\\/2023\\\/04\\\/Arcioni-y-Mendiguren-3.jpg\",\"contentUrl\":\"https:\\\/\\\/fmpatagoniamadryn.com.ar\\\/wp-content\\\/uploads\\\/2023\\\/04\\\/Arcioni-y-Mendiguren-3.jpg\",\"width\":1500,\"height\":1000},{\"@type\":\"BreadcrumbList\",\"@id\":\"https:\\\/\\\/fmpatagoniamadryn.com.ar\\\/?p=1557#breadcrumb\",\"itemListElement\":[{\"@type\":\"ListItem\",\"position\":1,\"name\":\"Portada\",\"item\":\"https:\\\/\\\/fmpatagoniamadryn.com.ar\\\/\"},{\"@type\":\"ListItem\",\"position\":2,\"name\":\"Arcioni y Mendiguren pusieron en marcha un programa para financiar las inversiones de las Pymes de Chubut\"}]},{\"@type\":\"WebSite\",\"@id\":\"https:\\\/\\\/fmpatagoniamadryn.com.ar\\\/#website\",\"url\":\"https:\\\/\\\/fmpatagoniamadryn.com.ar\\\/\",\"name\":\"FM Patagonia Madryn\",\"description\":\"Radio Patagonia 105.5\",\"publisher\":{\"@id\":\"https:\\\/\\\/fmpatagoniamadryn.com.ar\\\/#organization\"},\"potentialAction\":[{\"@type\":\"SearchAction\",\"target\":{\"@type\":\"EntryPoint\",\"urlTemplate\":\"https:\\\/\\\/fmpatagoniamadryn.com.ar\\\/?s={search_term_string}\"},\"query-input\":{\"@type\":\"PropertyValueSpecification\",\"valueRequired\":true,\"valueName\":\"search_term_string\"}}],\"inLanguage\":\"es\"},{\"@type\":\"Organization\",\"@id\":\"https:\\\/\\\/fmpatagoniamadryn.com.ar\\\/#organization\",\"name\":\"FM Patagonia Madryn\",\"url\":\"https:\\\/\\\/fmpatagoniamadryn.com.ar\\\/\",\"logo\":{\"@type\":\"ImageObject\",\"inLanguage\":\"es\",\"@id\":\"https:\\\/\\\/fmpatagoniamadryn.com.ar\\\/#\\\/schema\\\/logo\\\/image\\\/\",\"url\":\"https:\\\/\\\/fmpatagoniamadryn.com.ar\\\/wp-content\\\/uploads\\\/2023\\\/01\\\/cropped-Diseno-sin-titulo.png\",\"contentUrl\":\"https:\\\/\\\/fmpatagoniamadryn.com.ar\\\/wp-content\\\/uploads\\\/2023\\\/01\\\/cropped-Diseno-sin-titulo.png\",\"width\":6911,\"height\":2657,\"caption\":\"FM Patagonia Madryn\"},\"image\":{\"@id\":\"https:\\\/\\\/fmpatagoniamadryn.com.ar\\\/#\\\/schema\\\/logo\\\/image\\\/\"}},{\"@type\":\"Person\",\"@id\":\"https:\\\/\\\/fmpatagoniamadryn.com.ar\\\/#\\\/schema\\\/person\\\/1d968ec613613768e14b4e6420a2b125\",\"name\":\"FM Patagonia\",\"url\":\"https:\\\/\\\/fmpatagoniamadryn.com.ar\\\/?author=3\"}]}<\/script>\n<!-- \/ Yoast SEO plugin. -->","yoast_head_json":{"title":"Arcioni y Mendiguren pusieron en marcha un programa para financiar las inversiones de las Pymes de Chubut - FM Patagonia Madryn","robots":{"index":"index","follow":"follow","max-snippet":"max-snippet:-1","max-image-preview":"max-image-preview:large","max-video-preview":"max-video-preview:-1"},"canonical":"https:\/\/fmpatagoniamadryn.com.ar\/?p=1557","og_locale":"es_ES","og_type":"article","og_title":"Arcioni y Mendiguren pusieron en marcha un programa para financiar las inversiones de las Pymes de Chubut - FM Patagonia Madryn","og_description":"Se trata de la l\u00ednea CreAr Inversi\u00f3n PyME Federal, que ofrece condiciones muy favorables para sus beneficiarios. Adem\u00e1s, en la ocasi\u00f3n, firmaron un acuerdo estrat\u00e9gico para implementar en nuestra provincia&hellip;","og_url":"https:\/\/fmpatagoniamadryn.com.ar\/?p=1557","og_site_name":"FM Patagonia Madryn","article_published_time":"2023-04-06T13:27:16+00:00","article_modified_time":"2023-04-06T13:27:27+00:00","og_image":[{"width":1500,"height":1000,"url":"https:\/\/fmpatagoniamadryn.com.ar\/wp-content\/uploads\/2023\/04\/Arcioni-y-Mendiguren-3.jpg","type":"image\/jpeg"}],"author":"FM Patagonia","twitter_card":"summary_large_image","twitter_misc":{"Escrito por":"FM Patagonia","Tiempo de lectura":"5 minutos"},"schema":{"@context":"https:\/\/schema.org","@graph":[{"@type":"Article","@id":"https:\/\/fmpatagoniamadryn.com.ar\/?p=1557#article","isPartOf":{"@id":"https:\/\/fmpatagoniamadryn.com.ar\/?p=1557"},"author":{"name":"FM Patagonia","@id":"https:\/\/fmpatagoniamadryn.com.ar\/#\/schema\/person\/1d968ec613613768e14b4e6420a2b125"},"headline":"Arcioni y Mendiguren pusieron en marcha un programa para financiar las inversiones de las Pymes de Chubut","datePublished":"2023-04-06T13:27:16+00:00","dateModified":"2023-04-06T13:27:27+00:00","mainEntityOfPage":{"@id":"https:\/\/fmpatagoniamadryn.com.ar\/?p=1557"},"wordCount":921,"publisher":{"@id":"https:\/\/fmpatagoniamadryn.com.ar\/#organization"},"image":{"@id":"https:\/\/fmpatagoniamadryn.com.ar\/?p=1557#primaryimage"},"thumbnailUrl":"https:\/\/fmpatagoniamadryn.com.ar\/wp-content\/uploads\/2023\/04\/Arcioni-y-Mendiguren-3.jpg","articleSection":["Provinciales"],"inLanguage":"es"},{"@type":"WebPage","@id":"https:\/\/fmpatagoniamadryn.com.ar\/?p=1557","url":"https:\/\/fmpatagoniamadryn.com.ar\/?p=1557","name":"Arcioni y Mendiguren pusieron en marcha un programa para financiar las inversiones de las Pymes de Chubut - FM Patagonia Madryn","isPartOf":{"@id":"https:\/\/fmpatagoniamadryn.com.ar\/#website"},"primaryImageOfPage":{"@id":"https:\/\/fmpatagoniamadryn.com.ar\/?p=1557#primaryimage"},"image":{"@id":"https:\/\/fmpatagoniamadryn.com.ar\/?p=1557#primaryimage"},"thumbnailUrl":"https:\/\/fmpatagoniamadryn.com.ar\/wp-content\/uploads\/2023\/04\/Arcioni-y-Mendiguren-3.jpg","datePublished":"2023-04-06T13:27:16+00:00","dateModified":"2023-04-06T13:27:27+00:00","breadcrumb":{"@id":"https:\/\/fmpatagoniamadryn.com.ar\/?p=1557#breadcrumb"},"inLanguage":"es","potentialAction":[{"@type":"ReadAction","target":["https:\/\/fmpatagoniamadryn.com.ar\/?p=1557"]}]},{"@type":"ImageObject","inLanguage":"es","@id":"https:\/\/fmpatagoniamadryn.com.ar\/?p=1557#primaryimage","url":"https:\/\/fmpatagoniamadryn.com.ar\/wp-content\/uploads\/2023\/04\/Arcioni-y-Mendiguren-3.jpg","contentUrl":"https:\/\/fmpatagoniamadryn.com.ar\/wp-content\/uploads\/2023\/04\/Arcioni-y-Mendiguren-3.jpg","width":1500,"height":1000},{"@type":"BreadcrumbList","@id":"https:\/\/fmpatagoniamadryn.com.ar\/?p=1557#breadcrumb","itemListElement":[{"@type":"ListItem","position":1,"name":"Portada","item":"https:\/\/fmpatagoniamadryn.com.ar\/"},{"@type":"ListItem","position":2,"name":"Arcioni y Mendiguren pusieron en marcha un programa para financiar las inversiones de las Pymes de Chubut"}]},{"@type":"WebSite","@id":"https:\/\/fmpatagoniamadryn.com.ar\/#website","url":"https:\/\/fmpatagoniamadryn.com.ar\/","name":"FM Patagonia Madryn","description":"Radio Patagonia 105.5","publisher":{"@id":"https:\/\/fmpatagoniamadryn.com.ar\/#organization"},"potentialAction":[{"@type":"SearchAction","target":{"@type":"EntryPoint","urlTemplate":"https:\/\/fmpatagoniamadryn.com.ar\/?s={search_term_string}"},"query-input":{"@type":"PropertyValueSpecification","valueRequired":true,"valueName":"search_term_string"}}],"inLanguage":"es"},{"@type":"Organization","@id":"https:\/\/fmpatagoniamadryn.com.ar\/#organization","name":"FM Patagonia Madryn","url":"https:\/\/fmpatagoniamadryn.com.ar\/","logo":{"@type":"ImageObject","inLanguage":"es","@id":"https:\/\/fmpatagoniamadryn.com.ar\/#\/schema\/logo\/image\/","url":"https:\/\/fmpatagoniamadryn.com.ar\/wp-content\/uploads\/2023\/01\/cropped-Diseno-sin-titulo.png","contentUrl":"https:\/\/fmpatagoniamadryn.com.ar\/wp-content\/uploads\/2023\/01\/cropped-Diseno-sin-titulo.png","width":6911,"height":2657,"caption":"FM Patagonia Madryn"},"image":{"@id":"https:\/\/fmpatagoniamadryn.com.ar\/#\/schema\/logo\/image\/"}},{"@type":"Person","@id":"https:\/\/fmpatagoniamadryn.com.ar\/#\/schema\/person\/1d968ec613613768e14b4e6420a2b125","name":"FM Patagonia","url":"https:\/\/fmpatagoniamadryn.com.ar\/?author=3"}]}},"jetpack_featured_media_url":"https:\/\/fmpatagoniamadryn.com.ar\/wp-content\/uploads\/2023\/04\/Arcioni-y-Mendiguren-3.jpg","_links":{"self":[{"href":"https:\/\/fmpatagoniamadryn.com.ar\/index.php?rest_route=\/wp\/v2\/posts\/1557","targetHints":{"allow":["GET"]}}],"collection":[{"href":"https:\/\/fmpatagoniamadryn.com.ar\/index.php?rest_route=\/wp\/v2\/posts"}],"about":[{"href":"https:\/\/fmpatagoniamadryn.com.ar\/index.php?rest_route=\/wp\/v2\/types\/post"}],"author":[{"embeddable":true,"href":"https:\/\/fmpatagoniamadryn.com.ar\/index.php?rest_route=\/wp\/v2\/users\/3"}],"replies":[{"embeddable":true,"href":"https:\/\/fmpatagoniamadryn.com.ar\/index.php?rest_route=%2Fwp%2Fv2%2Fcomments&post=1557"}],"version-history":[{"count":1,"href":"https:\/\/fmpatagoniamadryn.com.ar\/index.php?rest_route=\/wp\/v2\/posts\/1557\/revisions"}],"predecessor-version":[{"id":1558,"href":"https:\/\/fmpatagoniamadryn.com.ar\/index.php?rest_route=\/wp\/v2\/posts\/1557\/revisions\/1558"}],"wp:featuredmedia":[{"embeddable":true,"href":"https:\/\/fmpatagoniamadryn.com.ar\/index.php?rest_route=\/wp\/v2\/media\/1556"}],"wp:attachment":[{"href":"https:\/\/fmpatagoniamadryn.com.ar\/index.php?rest_route=%2Fwp%2Fv2%2Fmedia&parent=1557"}],"wp:term":[{"taxonomy":"category","embeddable":true,"href":"https:\/\/fmpatagoniamadryn.com.ar\/index.php?rest_route=%2Fwp%2Fv2%2Fcategories&post=1557"},{"taxonomy":"post_tag","embeddable":true,"href":"https:\/\/fmpatagoniamadryn.com.ar\/index.php?rest_route=%2Fwp%2Fv2%2Ftags&post=1557"}],"curies":[{"name":"wp","href":"https:\/\/api.w.org\/{rel}","templated":true}]}}