{"id":1575,"date":"2023-04-06T13:57:19","date_gmt":"2023-04-06T16:57:19","guid":{"rendered":"https:\/\/fmpatagoniamadryn.com.ar\/?p=1575"},"modified":"2023-04-06T13:57:31","modified_gmt":"2023-04-06T16:57:31","slug":"provincia-informa-sobre-produccion-y-certificacion-organica-a-productores-vitivinicolas","status":"publish","type":"post","link":"https:\/\/fmpatagoniamadryn.com.ar\/?p=1575","title":{"rendered":"Provincia informa sobre Producci\u00f3n y Certificaci\u00f3n Org\u00e1nica a productores vitivin\u00edcolas"},"content":{"rendered":"\n<p>El objetivo de la informaci\u00f3n es poner a consideraci\u00f3n la posibilidad de futuras acciones en el Marco de un Programa de Producci\u00f3n y Certificaci\u00f3n Org\u00e1nica para la Vitivinicultura provincial.<br><br>El Gobierno del Chubut, a trav\u00e9s del Ministerio de Agricultura, Ganader\u00eda, Industria y Comercio, puso a disposici\u00f3n de los productores bodegueros el material provisto por la Secretar\u00eda de Agricultura, Ganader\u00eda y Pesca de la Naci\u00f3n, para la producci\u00f3n y certificaci\u00f3n.<br><br>Al respecto, el subsecretario de agricultura, Claudio Mosqueira, \u00edndico que \u00abya est\u00e1 a disposici\u00f3n el material desde la Coordinaci\u00f3n del \u00e1rea del Programa Org\u00e1nico de la Secretar\u00eda, para que los productores y bodegueros puedan ir inform\u00e1ndose sobre detalles t\u00e9cnicos y formales de la Producci\u00f3n y Certificaci\u00f3n Org\u00e1nica\u00bb.<br><br>A su vez, el funcionario destac\u00f3 que \u00abla producci\u00f3n y certificaci\u00f3n org\u00e1nica es una oportunidad de desarrollo que se puede sumar para los productores de bodegas vitivin\u00edcolas de la provincia, el cual es un tema de mucho inter\u00e9s. De hecho, hace unos d\u00edas este sector de la industria vitivin\u00edcola se reuni\u00f3 en Trevelin, con la presencia del ministro Cavaco, y se siguen analizando medidas de aplicaci\u00f3n para un mayor desarrollo en sus vi\u00f1edos\u201d.<br><br>Producci\u00f3n y Certificaci\u00f3n Org\u00e1nica<br><br>Este proceso demanda que los interesados deban conocer con profundidad las particularidades de este tipo de producciones y sus respectivas certificaciones.<br><br>Asimismo, el programa apuestas a aportar ventajas desde el punto de vista de los mejores precios y un posicionamiento en mercado de mayor poder adquisitivo, siendo la Certificaci\u00f3n Org\u00e1nica una herramienta comercial muy importante.<br><br>Por \u00faltimo, se informa a todos los interesados en la tem\u00e1tica y un pr\u00f3ximo encuentro que se realizar\u00e1 de forma virtual a cargo del Ing. Facundo Coria del \u00e1rea de Org\u00e1nicos Argentinos de la Secretar\u00eda de Agricultura, Ganader\u00eda y Pesca pueden dirigir al siguiente link: https:\/\/www.youtube.com\/watch?v=qGgaJkMLJyk https:\/\/www.youtube.com\/watch?v=3ufZufFKxBo  https:\/\/organicoargentina.magyp.gob.ar\/<\/p>\n","protected":false},"excerpt":{"rendered":"<p>El objetivo de la informaci\u00f3n es poner a consideraci\u00f3n la posibilidad de futuras acciones en el Marco de un Programa de Producci\u00f3n y Certificaci\u00f3n Org\u00e1nica para la Vitivinicultura provincial. El&hellip; <\/p>\n","protected":false},"author":3,"featured_media":1574,"comment_status":"closed","ping_status":"closed","sticky":false,"template":"","format":"standard","meta":{"footnotes":""},"categories":[14],"tags":[],"class_list":["post-1575","post","type-post","status-publish","format-standard","has-post-thumbnail","hentry","category-provinciales"],"yoast_head":"<!-- This site is optimized with the Yoast SEO plugin v27.4 - https:\/\/yoast.com\/product\/yoast-seo-wordpress\/ -->\n<title>Provincia informa sobre Producci\u00f3n y Certificaci\u00f3n Org\u00e1nica a productores vitivin\u00edcolas - FM Patagonia Madryn<\/title>\n<meta name=\"robots\" content=\"index, follow, max-snippet:-1, max-image-preview:large, max-video-preview:-1\" \/>\n<link rel=\"canonical\" href=\"https:\/\/fmpatagoniamadryn.com.ar\/?p=1575\" \/>\n<meta property=\"og:locale\" content=\"es_ES\" \/>\n<meta property=\"og:type\" content=\"article\" \/>\n<meta property=\"og:title\" content=\"Provincia informa sobre Producci\u00f3n y Certificaci\u00f3n Org\u00e1nica a productores vitivin\u00edcolas - FM Patagonia Madryn\" \/>\n<meta property=\"og:description\" content=\"El objetivo de la informaci\u00f3n es poner a consideraci\u00f3n la posibilidad de futuras acciones en el Marco de un Programa de Producci\u00f3n y Certificaci\u00f3n Org\u00e1nica para la Vitivinicultura provincial. El&hellip;\" \/>\n<meta property=\"og:url\" content=\"https:\/\/fmpatagoniamadryn.com.ar\/?p=1575\" \/>\n<meta property=\"og:site_name\" content=\"FM Patagonia Madryn\" \/>\n<meta property=\"article:published_time\" content=\"2023-04-06T16:57:19+00:00\" \/>\n<meta property=\"article:modified_time\" content=\"2023-04-06T16:57:31+00:00\" \/>\n<meta property=\"og:image\" content=\"https:\/\/fmpatagoniamadryn.com.ar\/wp-content\/uploads\/2023\/04\/Produccion-y-Certificacion-Organica-a-productores-vitivinicolas-.jpg\" \/>\n\t<meta property=\"og:image:width\" content=\"890\" \/>\n\t<meta property=\"og:image:height\" content=\"400\" \/>\n\t<meta property=\"og:image:type\" content=\"image\/jpeg\" \/>\n<meta name=\"author\" content=\"FM Patagonia\" \/>\n<meta name=\"twitter:card\" content=\"summary_large_image\" \/>\n<meta name=\"twitter:label1\" content=\"Escrito por\" \/>\n\t<meta name=\"twitter:data1\" content=\"FM Patagonia\" \/>\n\t<meta name=\"twitter:label2\" content=\"Tiempo de lectura\" \/>\n\t<meta name=\"twitter:data2\" content=\"2 minutos\" \/>\n<script type=\"application\/ld+json\" class=\"yoast-schema-graph\">{\"@context\":\"https:\\\/\\\/schema.org\",\"@graph\":[{\"@type\":\"Article\",\"@id\":\"https:\\\/\\\/fmpatagoniamadryn.com.ar\\\/?p=1575#article\",\"isPartOf\":{\"@id\":\"https:\\\/\\\/fmpatagoniamadryn.com.ar\\\/?p=1575\"},\"author\":{\"name\":\"FM Patagonia\",\"@id\":\"https:\\\/\\\/fmpatagoniamadryn.com.ar\\\/#\\\/schema\\\/person\\\/1d968ec613613768e14b4e6420a2b125\"},\"headline\":\"Provincia informa sobre Producci\u00f3n y Certificaci\u00f3n Org\u00e1nica a productores vitivin\u00edcolas\",\"datePublished\":\"2023-04-06T16:57:19+00:00\",\"dateModified\":\"2023-04-06T16:57:31+00:00\",\"mainEntityOfPage\":{\"@id\":\"https:\\\/\\\/fmpatagoniamadryn.com.ar\\\/?p=1575\"},\"wordCount\":367,\"publisher\":{\"@id\":\"https:\\\/\\\/fmpatagoniamadryn.com.ar\\\/#organization\"},\"image\":{\"@id\":\"https:\\\/\\\/fmpatagoniamadryn.com.ar\\\/?p=1575#primaryimage\"},\"thumbnailUrl\":\"https:\\\/\\\/fmpatagoniamadryn.com.ar\\\/wp-content\\\/uploads\\\/2023\\\/04\\\/Produccion-y-Certificacion-Organica-a-productores-vitivinicolas-.jpg\",\"articleSection\":[\"Provinciales\"],\"inLanguage\":\"es\"},{\"@type\":\"WebPage\",\"@id\":\"https:\\\/\\\/fmpatagoniamadryn.com.ar\\\/?p=1575\",\"url\":\"https:\\\/\\\/fmpatagoniamadryn.com.ar\\\/?p=1575\",\"name\":\"Provincia informa sobre Producci\u00f3n y Certificaci\u00f3n Org\u00e1nica a productores vitivin\u00edcolas - FM Patagonia Madryn\",\"isPartOf\":{\"@id\":\"https:\\\/\\\/fmpatagoniamadryn.com.ar\\\/#website\"},\"primaryImageOfPage\":{\"@id\":\"https:\\\/\\\/fmpatagoniamadryn.com.ar\\\/?p=1575#primaryimage\"},\"image\":{\"@id\":\"https:\\\/\\\/fmpatagoniamadryn.com.ar\\\/?p=1575#primaryimage\"},\"thumbnailUrl\":\"https:\\\/\\\/fmpatagoniamadryn.com.ar\\\/wp-content\\\/uploads\\\/2023\\\/04\\\/Produccion-y-Certificacion-Organica-a-productores-vitivinicolas-.jpg\",\"datePublished\":\"2023-04-06T16:57:19+00:00\",\"dateModified\":\"2023-04-06T16:57:31+00:00\",\"breadcrumb\":{\"@id\":\"https:\\\/\\\/fmpatagoniamadryn.com.ar\\\/?p=1575#breadcrumb\"},\"inLanguage\":\"es\",\"potentialAction\":[{\"@type\":\"ReadAction\",\"target\":[\"https:\\\/\\\/fmpatagoniamadryn.com.ar\\\/?p=1575\"]}]},{\"@type\":\"ImageObject\",\"inLanguage\":\"es\",\"@id\":\"https:\\\/\\\/fmpatagoniamadryn.com.ar\\\/?p=1575#primaryimage\",\"url\":\"https:\\\/\\\/fmpatagoniamadryn.com.ar\\\/wp-content\\\/uploads\\\/2023\\\/04\\\/Produccion-y-Certificacion-Organica-a-productores-vitivinicolas-.jpg\",\"contentUrl\":\"https:\\\/\\\/fmpatagoniamadryn.com.ar\\\/wp-content\\\/uploads\\\/2023\\\/04\\\/Produccion-y-Certificacion-Organica-a-productores-vitivinicolas-.jpg\",\"width\":890,\"height\":400},{\"@type\":\"BreadcrumbList\",\"@id\":\"https:\\\/\\\/fmpatagoniamadryn.com.ar\\\/?p=1575#breadcrumb\",\"itemListElement\":[{\"@type\":\"ListItem\",\"position\":1,\"name\":\"Portada\",\"item\":\"https:\\\/\\\/fmpatagoniamadryn.com.ar\\\/\"},{\"@type\":\"ListItem\",\"position\":2,\"name\":\"Provincia informa sobre Producci\u00f3n y Certificaci\u00f3n Org\u00e1nica a productores vitivin\u00edcolas\"}]},{\"@type\":\"WebSite\",\"@id\":\"https:\\\/\\\/fmpatagoniamadryn.com.ar\\\/#website\",\"url\":\"https:\\\/\\\/fmpatagoniamadryn.com.ar\\\/\",\"name\":\"FM Patagonia Madryn\",\"description\":\"Radio Patagonia 105.5\",\"publisher\":{\"@id\":\"https:\\\/\\\/fmpatagoniamadryn.com.ar\\\/#organization\"},\"potentialAction\":[{\"@type\":\"SearchAction\",\"target\":{\"@type\":\"EntryPoint\",\"urlTemplate\":\"https:\\\/\\\/fmpatagoniamadryn.com.ar\\\/?s={search_term_string}\"},\"query-input\":{\"@type\":\"PropertyValueSpecification\",\"valueRequired\":true,\"valueName\":\"search_term_string\"}}],\"inLanguage\":\"es\"},{\"@type\":\"Organization\",\"@id\":\"https:\\\/\\\/fmpatagoniamadryn.com.ar\\\/#organization\",\"name\":\"FM Patagonia Madryn\",\"url\":\"https:\\\/\\\/fmpatagoniamadryn.com.ar\\\/\",\"logo\":{\"@type\":\"ImageObject\",\"inLanguage\":\"es\",\"@id\":\"https:\\\/\\\/fmpatagoniamadryn.com.ar\\\/#\\\/schema\\\/logo\\\/image\\\/\",\"url\":\"https:\\\/\\\/fmpatagoniamadryn.com.ar\\\/wp-content\\\/uploads\\\/2023\\\/01\\\/cropped-Diseno-sin-titulo.png\",\"contentUrl\":\"https:\\\/\\\/fmpatagoniamadryn.com.ar\\\/wp-content\\\/uploads\\\/2023\\\/01\\\/cropped-Diseno-sin-titulo.png\",\"width\":6911,\"height\":2657,\"caption\":\"FM Patagonia Madryn\"},\"image\":{\"@id\":\"https:\\\/\\\/fmpatagoniamadryn.com.ar\\\/#\\\/schema\\\/logo\\\/image\\\/\"}},{\"@type\":\"Person\",\"@id\":\"https:\\\/\\\/fmpatagoniamadryn.com.ar\\\/#\\\/schema\\\/person\\\/1d968ec613613768e14b4e6420a2b125\",\"name\":\"FM Patagonia\",\"url\":\"https:\\\/\\\/fmpatagoniamadryn.com.ar\\\/?author=3\"}]}<\/script>\n<!-- \/ Yoast SEO plugin. -->","yoast_head_json":{"title":"Provincia informa sobre Producci\u00f3n y Certificaci\u00f3n Org\u00e1nica a productores vitivin\u00edcolas - FM Patagonia Madryn","robots":{"index":"index","follow":"follow","max-snippet":"max-snippet:-1","max-image-preview":"max-image-preview:large","max-video-preview":"max-video-preview:-1"},"canonical":"https:\/\/fmpatagoniamadryn.com.ar\/?p=1575","og_locale":"es_ES","og_type":"article","og_title":"Provincia informa sobre Producci\u00f3n y Certificaci\u00f3n Org\u00e1nica a productores vitivin\u00edcolas - FM Patagonia Madryn","og_description":"El objetivo de la informaci\u00f3n es poner a consideraci\u00f3n la posibilidad de futuras acciones en el Marco de un Programa de Producci\u00f3n y Certificaci\u00f3n Org\u00e1nica para la Vitivinicultura provincial. El&hellip;","og_url":"https:\/\/fmpatagoniamadryn.com.ar\/?p=1575","og_site_name":"FM Patagonia Madryn","article_published_time":"2023-04-06T16:57:19+00:00","article_modified_time":"2023-04-06T16:57:31+00:00","og_image":[{"width":890,"height":400,"url":"https:\/\/fmpatagoniamadryn.com.ar\/wp-content\/uploads\/2023\/04\/Produccion-y-Certificacion-Organica-a-productores-vitivinicolas-.jpg","type":"image\/jpeg"}],"author":"FM Patagonia","twitter_card":"summary_large_image","twitter_misc":{"Escrito por":"FM Patagonia","Tiempo de lectura":"2 minutos"},"schema":{"@context":"https:\/\/schema.org","@graph":[{"@type":"Article","@id":"https:\/\/fmpatagoniamadryn.com.ar\/?p=1575#article","isPartOf":{"@id":"https:\/\/fmpatagoniamadryn.com.ar\/?p=1575"},"author":{"name":"FM Patagonia","@id":"https:\/\/fmpatagoniamadryn.com.ar\/#\/schema\/person\/1d968ec613613768e14b4e6420a2b125"},"headline":"Provincia informa sobre Producci\u00f3n y Certificaci\u00f3n Org\u00e1nica a productores vitivin\u00edcolas","datePublished":"2023-04-06T16:57:19+00:00","dateModified":"2023-04-06T16:57:31+00:00","mainEntityOfPage":{"@id":"https:\/\/fmpatagoniamadryn.com.ar\/?p=1575"},"wordCount":367,"publisher":{"@id":"https:\/\/fmpatagoniamadryn.com.ar\/#organization"},"image":{"@id":"https:\/\/fmpatagoniamadryn.com.ar\/?p=1575#primaryimage"},"thumbnailUrl":"https:\/\/fmpatagoniamadryn.com.ar\/wp-content\/uploads\/2023\/04\/Produccion-y-Certificacion-Organica-a-productores-vitivinicolas-.jpg","articleSection":["Provinciales"],"inLanguage":"es"},{"@type":"WebPage","@id":"https:\/\/fmpatagoniamadryn.com.ar\/?p=1575","url":"https:\/\/fmpatagoniamadryn.com.ar\/?p=1575","name":"Provincia informa sobre Producci\u00f3n y Certificaci\u00f3n Org\u00e1nica a productores vitivin\u00edcolas - FM Patagonia Madryn","isPartOf":{"@id":"https:\/\/fmpatagoniamadryn.com.ar\/#website"},"primaryImageOfPage":{"@id":"https:\/\/fmpatagoniamadryn.com.ar\/?p=1575#primaryimage"},"image":{"@id":"https:\/\/fmpatagoniamadryn.com.ar\/?p=1575#primaryimage"},"thumbnailUrl":"https:\/\/fmpatagoniamadryn.com.ar\/wp-content\/uploads\/2023\/04\/Produccion-y-Certificacion-Organica-a-productores-vitivinicolas-.jpg","datePublished":"2023-04-06T16:57:19+00:00","dateModified":"2023-04-06T16:57:31+00:00","breadcrumb":{"@id":"https:\/\/fmpatagoniamadryn.com.ar\/?p=1575#breadcrumb"},"inLanguage":"es","potentialAction":[{"@type":"ReadAction","target":["https:\/\/fmpatagoniamadryn.com.ar\/?p=1575"]}]},{"@type":"ImageObject","inLanguage":"es","@id":"https:\/\/fmpatagoniamadryn.com.ar\/?p=1575#primaryimage","url":"https:\/\/fmpatagoniamadryn.com.ar\/wp-content\/uploads\/2023\/04\/Produccion-y-Certificacion-Organica-a-productores-vitivinicolas-.jpg","contentUrl":"https:\/\/fmpatagoniamadryn.com.ar\/wp-content\/uploads\/2023\/04\/Produccion-y-Certificacion-Organica-a-productores-vitivinicolas-.jpg","width":890,"height":400},{"@type":"BreadcrumbList","@id":"https:\/\/fmpatagoniamadryn.com.ar\/?p=1575#breadcrumb","itemListElement":[{"@type":"ListItem","position":1,"name":"Portada","item":"https:\/\/fmpatagoniamadryn.com.ar\/"},{"@type":"ListItem","position":2,"name":"Provincia informa sobre Producci\u00f3n y Certificaci\u00f3n Org\u00e1nica a productores vitivin\u00edcolas"}]},{"@type":"WebSite","@id":"https:\/\/fmpatagoniamadryn.com.ar\/#website","url":"https:\/\/fmpatagoniamadryn.com.ar\/","name":"FM Patagonia Madryn","description":"Radio Patagonia 105.5","publisher":{"@id":"https:\/\/fmpatagoniamadryn.com.ar\/#organization"},"potentialAction":[{"@type":"SearchAction","target":{"@type":"EntryPoint","urlTemplate":"https:\/\/fmpatagoniamadryn.com.ar\/?s={search_term_string}"},"query-input":{"@type":"PropertyValueSpecification","valueRequired":true,"valueName":"search_term_string"}}],"inLanguage":"es"},{"@type":"Organization","@id":"https:\/\/fmpatagoniamadryn.com.ar\/#organization","name":"FM Patagonia Madryn","url":"https:\/\/fmpatagoniamadryn.com.ar\/","logo":{"@type":"ImageObject","inLanguage":"es","@id":"https:\/\/fmpatagoniamadryn.com.ar\/#\/schema\/logo\/image\/","url":"https:\/\/fmpatagoniamadryn.com.ar\/wp-content\/uploads\/2023\/01\/cropped-Diseno-sin-titulo.png","contentUrl":"https:\/\/fmpatagoniamadryn.com.ar\/wp-content\/uploads\/2023\/01\/cropped-Diseno-sin-titulo.png","width":6911,"height":2657,"caption":"FM Patagonia Madryn"},"image":{"@id":"https:\/\/fmpatagoniamadryn.com.ar\/#\/schema\/logo\/image\/"}},{"@type":"Person","@id":"https:\/\/fmpatagoniamadryn.com.ar\/#\/schema\/person\/1d968ec613613768e14b4e6420a2b125","name":"FM Patagonia","url":"https:\/\/fmpatagoniamadryn.com.ar\/?author=3"}]}},"jetpack_featured_media_url":"https:\/\/fmpatagoniamadryn.com.ar\/wp-content\/uploads\/2023\/04\/Produccion-y-Certificacion-Organica-a-productores-vitivinicolas-.jpg","_links":{"self":[{"href":"https:\/\/fmpatagoniamadryn.com.ar\/index.php?rest_route=\/wp\/v2\/posts\/1575","targetHints":{"allow":["GET"]}}],"collection":[{"href":"https:\/\/fmpatagoniamadryn.com.ar\/index.php?rest_route=\/wp\/v2\/posts"}],"about":[{"href":"https:\/\/fmpatagoniamadryn.com.ar\/index.php?rest_route=\/wp\/v2\/types\/post"}],"author":[{"embeddable":true,"href":"https:\/\/fmpatagoniamadryn.com.ar\/index.php?rest_route=\/wp\/v2\/users\/3"}],"replies":[{"embeddable":true,"href":"https:\/\/fmpatagoniamadryn.com.ar\/index.php?rest_route=%2Fwp%2Fv2%2Fcomments&post=1575"}],"version-history":[{"count":1,"href":"https:\/\/fmpatagoniamadryn.com.ar\/index.php?rest_route=\/wp\/v2\/posts\/1575\/revisions"}],"predecessor-version":[{"id":1576,"href":"https:\/\/fmpatagoniamadryn.com.ar\/index.php?rest_route=\/wp\/v2\/posts\/1575\/revisions\/1576"}],"wp:featuredmedia":[{"embeddable":true,"href":"https:\/\/fmpatagoniamadryn.com.ar\/index.php?rest_route=\/wp\/v2\/media\/1574"}],"wp:attachment":[{"href":"https:\/\/fmpatagoniamadryn.com.ar\/index.php?rest_route=%2Fwp%2Fv2%2Fmedia&parent=1575"}],"wp:term":[{"taxonomy":"category","embeddable":true,"href":"https:\/\/fmpatagoniamadryn.com.ar\/index.php?rest_route=%2Fwp%2Fv2%2Fcategories&post=1575"},{"taxonomy":"post_tag","embeddable":true,"href":"https:\/\/fmpatagoniamadryn.com.ar\/index.php?rest_route=%2Fwp%2Fv2%2Ftags&post=1575"}],"curies":[{"name":"wp","href":"https:\/\/api.w.org\/{rel}","templated":true}]}}