{"id":15776,"date":"2025-05-09T22:44:44","date_gmt":"2025-05-10T01:44:44","guid":{"rendered":"https:\/\/fmpatagoniamadryn.com.ar\/?p=15776"},"modified":"2025-05-09T22:44:44","modified_gmt":"2025-05-10T01:44:44","slug":"torres-inauguro-la-nueva-casa-de-gobierno-del-chubut-donde-hubo-ruinas-hoy-construimos-futuro","status":"publish","type":"post","link":"https:\/\/fmpatagoniamadryn.com.ar\/?p=15776","title":{"rendered":"Torres inaugur\u00f3 la nueva Casa de Gobierno del Chubut: \u00abDonde hubo ruinas, hoy construimos futuro\u00bb"},"content":{"rendered":"\n<p><\/p>\n\n\n\n<p><em>As\u00ed lo expres\u00f3 el titular del Ejecutivo durante el emotivo acto en el que abri\u00f3 nuevamente sus puertas el emblem\u00e1tico edificio, da\u00f1ado por una serie de incendios intencionales en 2021 y renovado de manera integral por la actual gesti\u00f3n provincial. \u00abEn un momento en el que parece estar de moda fomentar el odio, el insulto, la agresi\u00f3n y la discusi\u00f3n inconducente en redes sociales, nosotros como provincia tenemos la posibilidad de dar el ejemplo a las futuras generaciones\u00bb, expres\u00f3 el mandatario, quien recorri\u00f3 junto a los presentes las nuevas instalaciones en las que se llev\u00f3 a cabo una renovaci\u00f3n integral, respetando sus caracter\u00edsticas hist\u00f3ricas.<\/em><\/p>\n\n\n\n<p>El gobernador Ignacio \u00abNacho\u00bb Torres inaugur\u00f3 este viernes por la tarde la nueva Casa de Gobierno del Chubut, s\u00edmbolo de la identidad institucional y patrimonio hist\u00f3rico cultural de la provincia, en un emotivo acto realizado en el Sal\u00f3n de los Constituyentes, creado en 1957 y restaurado por completo en la actualidad, conservando su esp\u00edritu hist\u00f3rico al igual que las distintas dependencias con las que cuenta el edificio.<\/p>\n\n\n\n<p>Acompa\u00f1aron al mandatario, la presidenta de la Fundaci\u00f3n Banco del Chubut, Ornella Costa; el vicegobernador Gustavo Menna; el presidente del Superior Tribunal de Justicia, Javier Raidan; senadores nacionales; legisladores provinciales y nacionales; los ex gobernadores N\u00e9stor Perl y Jos\u00e9 Luis Lizurume, y el ex vicegobernador Gustavo Mac Karthy; intendentes y jefes comunales de todas las localidades; ministros y jueces del Superior Tribunal de Justicia; ministros y secretarios del Poder Ejecutivo Provincial; presidentes de entes aut\u00e1rquicos; el fiscal de Estado, Andr\u00e9s Meiszner; el presidente del Tribunal de Cuentas de Chubut, Tom\u00e1s Antonio Maza; el jefe de la Plana Mayor de la Polic\u00eda del Chubut, comisario general Andr\u00e9s Garc\u00eda; jefes de las Fuerzas Armadas y de Seguridad de la Provincia; representantes de la Justicia Federal; representantes de Federaciones y c\u00e1maras empresariales; representantes sindicales y gremiales; e invitados especiales.<\/p>\n\n\n\n<p>El acto inici\u00f3 con la entonaci\u00f3n de las estrofas del Himno Nacional Argentino, interpretado por el artista Facundo Carrasco, y en teclado el se\u00f1or H\u00e9ctor Ariel McDonald. Luego, los presentes entonaron por primera vez en la Casa de Gobierno las estrofas del Himno Provincial, interpretado por dichos artistas locales.<\/p>\n\n\n\n<p><em>\u00abDar el ejemplo\u00bb<\/em><\/p>\n\n\n\n<p>Tras la presentaci\u00f3n de un video institucional, Torres se dirigi\u00f3 a los presentes y asegur\u00f3 que \u00ablos pueblos que no conocen ni reivindican su historia, son pueblos que no aprenden de sus errores; y si no aprendemos de los nuestros, es muy dif\u00edcil poder salir adelante y mejorar como sociedad\u00bb, destacando que \u00abesta Casa de Gobierno, que es de todos los chubutenses, abre las puertas a todos para reconocer nuestra historia, la cual veremos representada en dos patios que estar\u00e1n abiertos a toda la ciudadan\u00eda\u00bb.<\/p>\n\n\n\n<p>Uno de los espacios \u00abreconoce la flora y fauna de Chubut, mientras que el otro reivindica nada menos que a la democracia, donde ponemos en valor a quienes est\u00e1n presentes y fueron leg\u00edtimamente elegidos por el pueblo chubutense, omitiendo a quienes usurparon el poder en un momento muy oscuro de la Naci\u00f3n\u00bb, precis\u00f3 el mandatario, subrayando que \u00abvamos a reivindicar a cada uno de esos pueblos, comunas y localidades que hacen grande a nuestra provincia\u00bb.<\/p>\n\n\n\n<p>\u00abEl s\u00e1bado\u00bb, continu\u00f3 Torres, \u00abtendremos una reuni\u00f3n fundamental con todos los intendentes para trazar un camino que nos hermane como provincia\u00bb.<\/p>\n\n\n\n<p>\u00abEn un momento en el que parece estar de moda fomentar el odio, el insulto, la agresi\u00f3n y la discusi\u00f3n inconducente en redes sociales, nosotros como provincia tenemos la posibilidad de dar el ejemplo a las futuras generaciones\u00bb, ponder\u00f3 el titular del Ejecutivo, remarcando que \u00abpodemos ser la generaci\u00f3n que le muestre a toda la Naci\u00f3n argentina que, cuando tenemos el coraje suficiente para sentarnos con alguien que no piensa como nosotros, para ponernos de acuerdo y hermanarnos como sociedad, las cosas suceden\u00bb.<\/p>\n\n\n\n<p><em>Orden p\u00fablico e igualdad, sin privilegios<\/em><\/p>\n\n\n\n<p>\u00abChubut puede y va a volver a ser vidriera del progreso y el trabajo, de esa cultura que nos hace chubutenses\u00bb, expres\u00f3 el Gobernador, quien llam\u00f3 a \u00abdar vuelta la p\u00e1gina de la desidia y mirar para adelante, pensando cada acci\u00f3n y decisi\u00f3n que tomemos siendo profundamente conscientes de que, si nos despojamos de esas mezquindades pol\u00edtico-partidarias y nos ponemos de acuerdo en cuestiones esenciales, independientemente de quien est\u00e9 en el Sill\u00f3n de Rivadavia, esta provincia va a tener los anticuerpos suficientes para demostrar que se sabe defender; para cuidar nuestros recursos, seguir siendo el motor energ\u00e9tico de la Naci\u00f3n y ser el faro del progreso y del futuro que nunca deber\u00edamos haber dejado de ser como provincia\u00bb.<\/p>\n\n\n\n<p>\u00abLa reflexi\u00f3n m\u00e1s importante que podemos tener en este d\u00eda, donde estamos reinaugurando una Casa de Gobierno que fue testigo de tiempos dif\u00edciles y de anarqu\u00eda, nos obliga a entender que, para crecer como sociedad, no podemos dejar de lado la importancia del orden p\u00fablico, de la igualdad, de terminar con los privilegios\u00bb, apunt\u00f3 Torres.<\/p>\n\n\n\n<p><em>\u00abLevantar la bandera de Chubut\u00bb<\/em><\/p>\n\n\n\n<p>\u00abQuien atenta contra el patrimonio de todos los chubutenses es un delincuente y, sin importar de d\u00f3nde venga, tiene que pagar las consecuencias\u00bb, advirti\u00f3, sumando a ello que \u00abaquellos que hoy est\u00e1n condenados por haber incendiado esta Casa de Gobierno, no solo van a tener una condena judicial sino que tambi\u00e9n tendr\u00e1n la condena social de todos los chubutenses de bien, que respetamos a las instituciones y a la democracia\u00bb.<\/p>\n\n\n\n<p>\u00abSe atent\u00f3 contra el patrimonio de todos los chubutenses y no podemos permitir que eso vuelva a pasar nunca m\u00e1s\u00bb, expres\u00f3 el Gobernador de manera contundente ante los presentes.<\/p>\n\n\n\n<p>\u00abEsta Casa de Gobierno fue testigo de momentos muy dif\u00edciles, pero ciertamente ser\u00e1 testigo, tambi\u00e9n, de un futuro muy distinto: uno prometedor, donde vamos a avanzar en un mont\u00f3n de medidas, hermanados como sociedad, inflando el pecho, por profundo orgullo, y levantando por encima de cualquier bandera pol\u00edtico-partidaria, la bandera de nuestra querida provincia de Chubut\u00bb, concluy\u00f3 Torres.<\/p>\n\n\n\n<p><em>Nueva Casa de Gobierno del Chubut<\/em><\/p>\n\n\n\n<p>En el acto, de car\u00e1cter significativo por la simbolog\u00eda que la Casa de Gobierno imprime a la identidad de todos los chubutenses, se concret\u00f3 la reapertura del hist\u00f3rico edificio inaugurado en 1917 bajo la gesti\u00f3n del Gobernador Antonio Lamarque, y que ha sido testigo de grandes cap\u00edtulos de la historia provincial.<\/p>\n\n\n\n<p>Patrimonio de la provincia mediante su inscripci\u00f3n en el Registro Provincial de Sitios y Edificios de Valor Patrimonial, en el a\u00f1o 1995 se iniciaron los trabajos de restauraci\u00f3n del edificio, que finalizaron en 2001, a\u00f1o en que la Casa de Gobierno fue reinaugurada en ocasi\u00f3n de cumplirse el centenario de su construcci\u00f3n.<\/p>\n\n\n\n<p>En 2021, la Casa de Gobierno sufri\u00f3 un lamentable incendio que oblig\u00f3 a evacuarla y puso en riesgo su integridad. Hoy, gracias a un profundo proceso de restauraci\u00f3n, volvi\u00f3 a abrir sus puertas como espacio central de gesti\u00f3n p\u00fablica, con instalaciones accesibles y al servicio de la ciudadan\u00eda.<\/p>\n\n\n\n<p><em>Renovaci\u00f3n integral<\/em><\/p>\n\n\n\n<p>Los trabajos comprendieron la restauraci\u00f3n de las cornisas de la Casa de Gobierno, de sus puertas y ventanas originales, fachadas, techos y espacios interiores; la instalaci\u00f3n de nuevos sistemas el\u00e9ctricos y de seguridad, la incorporaci\u00f3n de nuevos espacios y la recuperaci\u00f3n de los colores originales que la identifican, manteniendo siempre el respeto por su arquitectura original y su valor patrimonial.<\/p>\n\n\n\n<p>El Sal\u00f3n en el que se llev\u00f3 adelante el emotivo acto, es el sitio en el que se reunieron los constituyentes para redactar la Constituci\u00f3n de la provincia en el a\u00f1o 1957; el mismo ha sido restaurado por completo, conservando su esp\u00edritu hist\u00f3rico.<\/p>\n\n\n\n<p>El edificio renace con la esencia que lo ha hecho parte fundamental de la historia de la provincia, constituy\u00e9ndose como un emblema de la identidad chubutense, y que a partir de un profundo esfuerzo y compromiso de la actual gesti\u00f3n, vuelve a ocupar el lugar que le corresponde en el coraz\u00f3n de la vida institucional de Chubut.<\/p>\n","protected":false},"excerpt":{"rendered":"<p>As\u00ed lo expres\u00f3 el titular del Ejecutivo durante el emotivo acto en el que abri\u00f3 nuevamente sus puertas el emblem\u00e1tico edificio, da\u00f1ado por una serie de incendios intencionales en 2021&hellip; <\/p>\n","protected":false},"author":2,"featured_media":15775,"comment_status":"closed","ping_status":"closed","sticky":false,"template":"","format":"standard","meta":{"footnotes":""},"categories":[14],"tags":[],"class_list":["post-15776","post","type-post","status-publish","format-standard","has-post-thumbnail","hentry","category-provinciales"],"yoast_head":"<!-- This site is optimized with the Yoast SEO plugin v27.5 - https:\/\/yoast.com\/product\/yoast-seo-wordpress\/ -->\n<title>Torres inaugur\u00f3 la nueva Casa de Gobierno del Chubut: &quot;Donde hubo ruinas, hoy construimos futuro&quot; - FM Patagonia Madryn<\/title>\n<meta name=\"robots\" content=\"index, follow, max-snippet:-1, max-image-preview:large, max-video-preview:-1\" \/>\n<link rel=\"canonical\" href=\"https:\/\/fmpatagoniamadryn.com.ar\/?p=15776\" \/>\n<meta property=\"og:locale\" content=\"es_ES\" \/>\n<meta property=\"og:type\" content=\"article\" \/>\n<meta property=\"og:title\" content=\"Torres inaugur\u00f3 la nueva Casa de Gobierno del Chubut: &quot;Donde hubo ruinas, hoy construimos futuro&quot; - FM Patagonia Madryn\" \/>\n<meta property=\"og:description\" content=\"As\u00ed lo expres\u00f3 el titular del Ejecutivo durante el emotivo acto en el que abri\u00f3 nuevamente sus puertas el emblem\u00e1tico edificio, da\u00f1ado por una serie de incendios intencionales en 2021&hellip;\" \/>\n<meta property=\"og:url\" content=\"https:\/\/fmpatagoniamadryn.com.ar\/?p=15776\" \/>\n<meta property=\"og:site_name\" content=\"FM Patagonia Madryn\" \/>\n<meta property=\"article:published_time\" content=\"2025-05-10T01:44:44+00:00\" \/>\n<meta property=\"og:image\" content=\"https:\/\/fmpatagoniamadryn.com.ar\/wp-content\/uploads\/2025\/05\/d81fca01-5743-4dc7-9c64-853ffbd2bf82-1.jpg\" \/>\n\t<meta property=\"og:image:width\" content=\"2000\" \/>\n\t<meta property=\"og:image:height\" content=\"1333\" \/>\n\t<meta property=\"og:image:type\" content=\"image\/jpeg\" \/>\n<meta name=\"author\" content=\"FM Patagonia\" \/>\n<meta name=\"twitter:card\" content=\"summary_large_image\" \/>\n<meta name=\"twitter:label1\" content=\"Escrito por\" \/>\n\t<meta name=\"twitter:data1\" content=\"FM Patagonia\" \/>\n\t<meta name=\"twitter:label2\" content=\"Tiempo de lectura\" \/>\n\t<meta name=\"twitter:data2\" content=\"7 minutos\" \/>\n<script type=\"application\/ld+json\" class=\"yoast-schema-graph\">{\"@context\":\"https:\\\/\\\/schema.org\",\"@graph\":[{\"@type\":\"Article\",\"@id\":\"https:\\\/\\\/fmpatagoniamadryn.com.ar\\\/?p=15776#article\",\"isPartOf\":{\"@id\":\"https:\\\/\\\/fmpatagoniamadryn.com.ar\\\/?p=15776\"},\"author\":{\"name\":\"FM Patagonia\",\"@id\":\"https:\\\/\\\/fmpatagoniamadryn.com.ar\\\/#\\\/schema\\\/person\\\/8a3de4ad7efceacab06c1641c50303b7\"},\"headline\":\"Torres inaugur\u00f3 la nueva Casa de Gobierno del Chubut: \u00abDonde hubo ruinas, hoy construimos futuro\u00bb\",\"datePublished\":\"2025-05-10T01:44:44+00:00\",\"mainEntityOfPage\":{\"@id\":\"https:\\\/\\\/fmpatagoniamadryn.com.ar\\\/?p=15776\"},\"wordCount\":1383,\"publisher\":{\"@id\":\"https:\\\/\\\/fmpatagoniamadryn.com.ar\\\/#organization\"},\"image\":{\"@id\":\"https:\\\/\\\/fmpatagoniamadryn.com.ar\\\/?p=15776#primaryimage\"},\"thumbnailUrl\":\"https:\\\/\\\/fmpatagoniamadryn.com.ar\\\/wp-content\\\/uploads\\\/2025\\\/05\\\/d81fca01-5743-4dc7-9c64-853ffbd2bf82-1.jpg\",\"articleSection\":[\"Provinciales\"],\"inLanguage\":\"es\"},{\"@type\":\"WebPage\",\"@id\":\"https:\\\/\\\/fmpatagoniamadryn.com.ar\\\/?p=15776\",\"url\":\"https:\\\/\\\/fmpatagoniamadryn.com.ar\\\/?p=15776\",\"name\":\"Torres inaugur\u00f3 la nueva Casa de Gobierno del Chubut: \\\"Donde hubo ruinas, hoy construimos futuro\\\" - FM Patagonia Madryn\",\"isPartOf\":{\"@id\":\"https:\\\/\\\/fmpatagoniamadryn.com.ar\\\/#website\"},\"primaryImageOfPage\":{\"@id\":\"https:\\\/\\\/fmpatagoniamadryn.com.ar\\\/?p=15776#primaryimage\"},\"image\":{\"@id\":\"https:\\\/\\\/fmpatagoniamadryn.com.ar\\\/?p=15776#primaryimage\"},\"thumbnailUrl\":\"https:\\\/\\\/fmpatagoniamadryn.com.ar\\\/wp-content\\\/uploads\\\/2025\\\/05\\\/d81fca01-5743-4dc7-9c64-853ffbd2bf82-1.jpg\",\"datePublished\":\"2025-05-10T01:44:44+00:00\",\"breadcrumb\":{\"@id\":\"https:\\\/\\\/fmpatagoniamadryn.com.ar\\\/?p=15776#breadcrumb\"},\"inLanguage\":\"es\",\"potentialAction\":[{\"@type\":\"ReadAction\",\"target\":[\"https:\\\/\\\/fmpatagoniamadryn.com.ar\\\/?p=15776\"]}]},{\"@type\":\"ImageObject\",\"inLanguage\":\"es\",\"@id\":\"https:\\\/\\\/fmpatagoniamadryn.com.ar\\\/?p=15776#primaryimage\",\"url\":\"https:\\\/\\\/fmpatagoniamadryn.com.ar\\\/wp-content\\\/uploads\\\/2025\\\/05\\\/d81fca01-5743-4dc7-9c64-853ffbd2bf82-1.jpg\",\"contentUrl\":\"https:\\\/\\\/fmpatagoniamadryn.com.ar\\\/wp-content\\\/uploads\\\/2025\\\/05\\\/d81fca01-5743-4dc7-9c64-853ffbd2bf82-1.jpg\",\"width\":2000,\"height\":1333},{\"@type\":\"BreadcrumbList\",\"@id\":\"https:\\\/\\\/fmpatagoniamadryn.com.ar\\\/?p=15776#breadcrumb\",\"itemListElement\":[{\"@type\":\"ListItem\",\"position\":1,\"name\":\"Portada\",\"item\":\"https:\\\/\\\/fmpatagoniamadryn.com.ar\\\/\"},{\"@type\":\"ListItem\",\"position\":2,\"name\":\"Torres inaugur\u00f3 la nueva Casa de Gobierno del Chubut: \u00abDonde hubo ruinas, hoy construimos futuro\u00bb\"}]},{\"@type\":\"WebSite\",\"@id\":\"https:\\\/\\\/fmpatagoniamadryn.com.ar\\\/#website\",\"url\":\"https:\\\/\\\/fmpatagoniamadryn.com.ar\\\/\",\"name\":\"FM Patagonia Madryn\",\"description\":\"Radio Patagonia 105.5\",\"publisher\":{\"@id\":\"https:\\\/\\\/fmpatagoniamadryn.com.ar\\\/#organization\"},\"potentialAction\":[{\"@type\":\"SearchAction\",\"target\":{\"@type\":\"EntryPoint\",\"urlTemplate\":\"https:\\\/\\\/fmpatagoniamadryn.com.ar\\\/?s={search_term_string}\"},\"query-input\":{\"@type\":\"PropertyValueSpecification\",\"valueRequired\":true,\"valueName\":\"search_term_string\"}}],\"inLanguage\":\"es\"},{\"@type\":\"Organization\",\"@id\":\"https:\\\/\\\/fmpatagoniamadryn.com.ar\\\/#organization\",\"name\":\"FM Patagonia Madryn\",\"url\":\"https:\\\/\\\/fmpatagoniamadryn.com.ar\\\/\",\"logo\":{\"@type\":\"ImageObject\",\"inLanguage\":\"es\",\"@id\":\"https:\\\/\\\/fmpatagoniamadryn.com.ar\\\/#\\\/schema\\\/logo\\\/image\\\/\",\"url\":\"https:\\\/\\\/fmpatagoniamadryn.com.ar\\\/wp-content\\\/uploads\\\/2023\\\/01\\\/cropped-Diseno-sin-titulo.png\",\"contentUrl\":\"https:\\\/\\\/fmpatagoniamadryn.com.ar\\\/wp-content\\\/uploads\\\/2023\\\/01\\\/cropped-Diseno-sin-titulo.png\",\"width\":6911,\"height\":2657,\"caption\":\"FM Patagonia Madryn\"},\"image\":{\"@id\":\"https:\\\/\\\/fmpatagoniamadryn.com.ar\\\/#\\\/schema\\\/logo\\\/image\\\/\"}},{\"@type\":\"Person\",\"@id\":\"https:\\\/\\\/fmpatagoniamadryn.com.ar\\\/#\\\/schema\\\/person\\\/8a3de4ad7efceacab06c1641c50303b7\",\"name\":\"FM Patagonia\",\"url\":\"https:\\\/\\\/fmpatagoniamadryn.com.ar\\\/?author=2\"}]}<\/script>\n<!-- \/ Yoast SEO plugin. -->","yoast_head_json":{"title":"Torres inaugur\u00f3 la nueva Casa de Gobierno del Chubut: \"Donde hubo ruinas, hoy construimos futuro\" - FM Patagonia Madryn","robots":{"index":"index","follow":"follow","max-snippet":"max-snippet:-1","max-image-preview":"max-image-preview:large","max-video-preview":"max-video-preview:-1"},"canonical":"https:\/\/fmpatagoniamadryn.com.ar\/?p=15776","og_locale":"es_ES","og_type":"article","og_title":"Torres inaugur\u00f3 la nueva Casa de Gobierno del Chubut: \"Donde hubo ruinas, hoy construimos futuro\" - FM Patagonia Madryn","og_description":"As\u00ed lo expres\u00f3 el titular del Ejecutivo durante el emotivo acto en el que abri\u00f3 nuevamente sus puertas el emblem\u00e1tico edificio, da\u00f1ado por una serie de incendios intencionales en 2021&hellip;","og_url":"https:\/\/fmpatagoniamadryn.com.ar\/?p=15776","og_site_name":"FM Patagonia Madryn","article_published_time":"2025-05-10T01:44:44+00:00","og_image":[{"width":2000,"height":1333,"url":"https:\/\/fmpatagoniamadryn.com.ar\/wp-content\/uploads\/2025\/05\/d81fca01-5743-4dc7-9c64-853ffbd2bf82-1.jpg","type":"image\/jpeg"}],"author":"FM Patagonia","twitter_card":"summary_large_image","twitter_misc":{"Escrito por":"FM Patagonia","Tiempo de lectura":"7 minutos"},"schema":{"@context":"https:\/\/schema.org","@graph":[{"@type":"Article","@id":"https:\/\/fmpatagoniamadryn.com.ar\/?p=15776#article","isPartOf":{"@id":"https:\/\/fmpatagoniamadryn.com.ar\/?p=15776"},"author":{"name":"FM Patagonia","@id":"https:\/\/fmpatagoniamadryn.com.ar\/#\/schema\/person\/8a3de4ad7efceacab06c1641c50303b7"},"headline":"Torres inaugur\u00f3 la nueva Casa de Gobierno del Chubut: \u00abDonde hubo ruinas, hoy construimos futuro\u00bb","datePublished":"2025-05-10T01:44:44+00:00","mainEntityOfPage":{"@id":"https:\/\/fmpatagoniamadryn.com.ar\/?p=15776"},"wordCount":1383,"publisher":{"@id":"https:\/\/fmpatagoniamadryn.com.ar\/#organization"},"image":{"@id":"https:\/\/fmpatagoniamadryn.com.ar\/?p=15776#primaryimage"},"thumbnailUrl":"https:\/\/fmpatagoniamadryn.com.ar\/wp-content\/uploads\/2025\/05\/d81fca01-5743-4dc7-9c64-853ffbd2bf82-1.jpg","articleSection":["Provinciales"],"inLanguage":"es"},{"@type":"WebPage","@id":"https:\/\/fmpatagoniamadryn.com.ar\/?p=15776","url":"https:\/\/fmpatagoniamadryn.com.ar\/?p=15776","name":"Torres inaugur\u00f3 la nueva Casa de Gobierno del Chubut: \"Donde hubo ruinas, hoy construimos futuro\" - FM Patagonia Madryn","isPartOf":{"@id":"https:\/\/fmpatagoniamadryn.com.ar\/#website"},"primaryImageOfPage":{"@id":"https:\/\/fmpatagoniamadryn.com.ar\/?p=15776#primaryimage"},"image":{"@id":"https:\/\/fmpatagoniamadryn.com.ar\/?p=15776#primaryimage"},"thumbnailUrl":"https:\/\/fmpatagoniamadryn.com.ar\/wp-content\/uploads\/2025\/05\/d81fca01-5743-4dc7-9c64-853ffbd2bf82-1.jpg","datePublished":"2025-05-10T01:44:44+00:00","breadcrumb":{"@id":"https:\/\/fmpatagoniamadryn.com.ar\/?p=15776#breadcrumb"},"inLanguage":"es","potentialAction":[{"@type":"ReadAction","target":["https:\/\/fmpatagoniamadryn.com.ar\/?p=15776"]}]},{"@type":"ImageObject","inLanguage":"es","@id":"https:\/\/fmpatagoniamadryn.com.ar\/?p=15776#primaryimage","url":"https:\/\/fmpatagoniamadryn.com.ar\/wp-content\/uploads\/2025\/05\/d81fca01-5743-4dc7-9c64-853ffbd2bf82-1.jpg","contentUrl":"https:\/\/fmpatagoniamadryn.com.ar\/wp-content\/uploads\/2025\/05\/d81fca01-5743-4dc7-9c64-853ffbd2bf82-1.jpg","width":2000,"height":1333},{"@type":"BreadcrumbList","@id":"https:\/\/fmpatagoniamadryn.com.ar\/?p=15776#breadcrumb","itemListElement":[{"@type":"ListItem","position":1,"name":"Portada","item":"https:\/\/fmpatagoniamadryn.com.ar\/"},{"@type":"ListItem","position":2,"name":"Torres inaugur\u00f3 la nueva Casa de Gobierno del Chubut: \u00abDonde hubo ruinas, hoy construimos futuro\u00bb"}]},{"@type":"WebSite","@id":"https:\/\/fmpatagoniamadryn.com.ar\/#website","url":"https:\/\/fmpatagoniamadryn.com.ar\/","name":"FM Patagonia Madryn","description":"Radio Patagonia 105.5","publisher":{"@id":"https:\/\/fmpatagoniamadryn.com.ar\/#organization"},"potentialAction":[{"@type":"SearchAction","target":{"@type":"EntryPoint","urlTemplate":"https:\/\/fmpatagoniamadryn.com.ar\/?s={search_term_string}"},"query-input":{"@type":"PropertyValueSpecification","valueRequired":true,"valueName":"search_term_string"}}],"inLanguage":"es"},{"@type":"Organization","@id":"https:\/\/fmpatagoniamadryn.com.ar\/#organization","name":"FM Patagonia Madryn","url":"https:\/\/fmpatagoniamadryn.com.ar\/","logo":{"@type":"ImageObject","inLanguage":"es","@id":"https:\/\/fmpatagoniamadryn.com.ar\/#\/schema\/logo\/image\/","url":"https:\/\/fmpatagoniamadryn.com.ar\/wp-content\/uploads\/2023\/01\/cropped-Diseno-sin-titulo.png","contentUrl":"https:\/\/fmpatagoniamadryn.com.ar\/wp-content\/uploads\/2023\/01\/cropped-Diseno-sin-titulo.png","width":6911,"height":2657,"caption":"FM Patagonia Madryn"},"image":{"@id":"https:\/\/fmpatagoniamadryn.com.ar\/#\/schema\/logo\/image\/"}},{"@type":"Person","@id":"https:\/\/fmpatagoniamadryn.com.ar\/#\/schema\/person\/8a3de4ad7efceacab06c1641c50303b7","name":"FM Patagonia","url":"https:\/\/fmpatagoniamadryn.com.ar\/?author=2"}]}},"jetpack_featured_media_url":"https:\/\/fmpatagoniamadryn.com.ar\/wp-content\/uploads\/2025\/05\/d81fca01-5743-4dc7-9c64-853ffbd2bf82-1.jpg","_links":{"self":[{"href":"https:\/\/fmpatagoniamadryn.com.ar\/index.php?rest_route=\/wp\/v2\/posts\/15776","targetHints":{"allow":["GET"]}}],"collection":[{"href":"https:\/\/fmpatagoniamadryn.com.ar\/index.php?rest_route=\/wp\/v2\/posts"}],"about":[{"href":"https:\/\/fmpatagoniamadryn.com.ar\/index.php?rest_route=\/wp\/v2\/types\/post"}],"author":[{"embeddable":true,"href":"https:\/\/fmpatagoniamadryn.com.ar\/index.php?rest_route=\/wp\/v2\/users\/2"}],"replies":[{"embeddable":true,"href":"https:\/\/fmpatagoniamadryn.com.ar\/index.php?rest_route=%2Fwp%2Fv2%2Fcomments&post=15776"}],"version-history":[{"count":1,"href":"https:\/\/fmpatagoniamadryn.com.ar\/index.php?rest_route=\/wp\/v2\/posts\/15776\/revisions"}],"predecessor-version":[{"id":15777,"href":"https:\/\/fmpatagoniamadryn.com.ar\/index.php?rest_route=\/wp\/v2\/posts\/15776\/revisions\/15777"}],"wp:featuredmedia":[{"embeddable":true,"href":"https:\/\/fmpatagoniamadryn.com.ar\/index.php?rest_route=\/wp\/v2\/media\/15775"}],"wp:attachment":[{"href":"https:\/\/fmpatagoniamadryn.com.ar\/index.php?rest_route=%2Fwp%2Fv2%2Fmedia&parent=15776"}],"wp:term":[{"taxonomy":"category","embeddable":true,"href":"https:\/\/fmpatagoniamadryn.com.ar\/index.php?rest_route=%2Fwp%2Fv2%2Fcategories&post=15776"},{"taxonomy":"post_tag","embeddable":true,"href":"https:\/\/fmpatagoniamadryn.com.ar\/index.php?rest_route=%2Fwp%2Fv2%2Ftags&post=15776"}],"curies":[{"name":"wp","href":"https:\/\/api.w.org\/{rel}","templated":true}]}}