{"id":15794,"date":"2025-05-12T10:33:16","date_gmt":"2025-05-12T13:33:16","guid":{"rendered":"https:\/\/fmpatagoniamadryn.com.ar\/?p=15794"},"modified":"2025-05-12T10:33:16","modified_gmt":"2025-05-12T13:33:16","slug":"silvia-lospennato-apunto-contra-javier-milei-por-la-caida-de-ficha-limpia-no-cumplio-con-su-palabra","status":"publish","type":"post","link":"https:\/\/fmpatagoniamadryn.com.ar\/?p=15794","title":{"rendered":"Silvia Lospennato apunt\u00f3 contra Javier Milei por la ca\u00edda de Ficha Limpia: \u201cNo cumpli\u00f3 con su palabra\u201d"},"content":{"rendered":"\n<p class=\"p1\"><\/p>\n\n\n\n<p class=\"p1\">La candidata por el PRO a legisladora porte\u00f1a asegur\u00f3 que est\u00e1 \u201cindignada\u201d con el Presidentes , luego de que la ley que ella impulsaba desde Diputados fracasara en el Senado por una presunta maniobra del oficialismo. \u201cYo cre\u00ed en \u00e9l y me decepcion\u00f3. La pol\u00edtica tiene que entender que no est\u00e1 bien mentir\u201d, subray\u00f3.<\/p>\n\n\n\n<p class=\"p1\">La diputada y candidata a legisladora porte\u00f1a por el PRO, Silvia Lospennato, una de las principales impulsoras de la Ley de Ficha Limpia, asegur\u00f3 que el presidente Javier Milei la \u201cdecepcion\u00f3\u201d porque \u201cno cumpli\u00f3 con su palabra\u201d y \u201cno quiso o no pudo\u201d lograr que se aprobara el proyecto en el Senado.<\/p>\n\n\n\n<p class=\"p1\">\u201cCuando parte de los libertarios y otros bloques aliados faltaron con excusas, yo cre\u00ed en la palabra del Presidente que me dijo que ellos quer\u00edan volver con un proyecto mejorado, y lo mandaron en febrero y lo sacamos. Yo eleg\u00ed creer. Y lo que pas\u00f3 es que la palabra empe\u00f1ada no se cumpli\u00f3\u201d, se\u00f1al\u00f3 la legisladora este lunes.<\/p>\n\n\n\n<p class=\"p1\">Lospennato afirm\u00f3 en Radio La Red que \u201cel Presidente nos prometi\u00f3 la Ley de Ficha Limpia y, porque no quiso o no pudo, no la tenemos\u201d. Consultada acerca de si Milei la decepcion\u00f3, respondi\u00f3 que \u201cs\u00ed, mucho\u201d. \u201cA m\u00ed en lo personal, porque yo habl\u00e9 con \u00e9l, pero creo que la decepci\u00f3n fue para todos los argentinos\u201d, sostuvo.<\/p>\n\n\n\n<p class=\"p1\">\u201cCreo que la gente est\u00e1 decepcionada, est\u00e1 defraudada. El discurso anticasta no puede ser un discurso, tiene que haber hechos concretos, y ninguna ley es m\u00e1s anticasta que una ley que le dice a los propios pol\u00edticos: \u2018si robaste, se te termin\u00f3 la carrera\u2019\u201d, remarc\u00f3.<\/p>\n\n\n\n<p class=\"p1\">Respecto a un posible acuerdo entre el PRO y La Libertad Avanza (LLA) de cara a las elecciones legislativas nacionales, la diputada advirti\u00f3 que \u201cprimero hay que aclarar bien qu\u00e9 pas\u00f3\u201d en el Senado, ya que se sospecha que existi\u00f3 una maniobra del oficialismo para que no se aprobara Ficha Limpia.<\/p>\n\n\n\n<p class=\"p1\">\u201cTodav\u00eda seguimos teniendo muchas dudas los ciudadanos. Todo el mundo entendi\u00f3 todo, la gente ya sabe y la pol\u00edtica tiene que entender que no se puede mentir, que no est\u00e1 bien mentir, que la gente te pierde la confianza\u201d, se\u00f1al\u00f3, y pidi\u00f3 que el pr\u00f3ximo domingo los porte\u00f1os voten \u201cla verdad y la honestidad\u201d.<\/p>\n\n\n\n<p class=\"p1\">\u201cLos kirchneristas son los antivalores, pero ojo que los porte\u00f1os tampoco queremos perder la educaci\u00f3n p\u00fablica de calidad, la inversi\u00f3n en cultura, salud p\u00fablica e infraestructura. El porte\u00f1o quiere ver obras, mantener su ciudad y su calidad de vida. Cuidar la Ciudad es cuidarla de todo el que la quiera da\u00f1ar, en los valores y en las obras\u201d, insisti\u00f3<\/p>\n\n\n\n<p>Fuente C5N<\/p>\n","protected":false},"excerpt":{"rendered":"<p>La candidata por el PRO a legisladora porte\u00f1a asegur\u00f3 que est\u00e1 \u201cindignada\u201d con el Presidentes , luego de que la ley que ella impulsaba desde Diputados fracasara en el Senado&hellip; <\/p>\n","protected":false},"author":2,"featured_media":15793,"comment_status":"closed","ping_status":"closed","sticky":false,"template":"","format":"standard","meta":{"footnotes":""},"categories":[2],"tags":[],"class_list":["post-15794","post","type-post","status-publish","format-standard","has-post-thumbnail","hentry","category-politica"],"yoast_head":"<!-- This site is optimized with the Yoast SEO plugin v27.4 - https:\/\/yoast.com\/product\/yoast-seo-wordpress\/ -->\n<title>Silvia Lospennato apunt\u00f3 contra Javier Milei por la ca\u00edda de Ficha Limpia: \u201cNo cumpli\u00f3 con su palabra\u201d - FM Patagonia Madryn<\/title>\n<meta name=\"robots\" content=\"index, follow, max-snippet:-1, max-image-preview:large, max-video-preview:-1\" \/>\n<link rel=\"canonical\" href=\"https:\/\/fmpatagoniamadryn.com.ar\/?p=15794\" \/>\n<meta property=\"og:locale\" content=\"es_ES\" \/>\n<meta property=\"og:type\" content=\"article\" \/>\n<meta property=\"og:title\" content=\"Silvia Lospennato apunt\u00f3 contra Javier Milei por la ca\u00edda de Ficha Limpia: \u201cNo cumpli\u00f3 con su palabra\u201d - FM Patagonia Madryn\" \/>\n<meta property=\"og:description\" content=\"La candidata por el PRO a legisladora porte\u00f1a asegur\u00f3 que est\u00e1 \u201cindignada\u201d con el Presidentes , luego de que la ley que ella impulsaba desde Diputados fracasara en el Senado&hellip;\" \/>\n<meta property=\"og:url\" content=\"https:\/\/fmpatagoniamadryn.com.ar\/?p=15794\" \/>\n<meta property=\"og:site_name\" content=\"FM Patagonia Madryn\" \/>\n<meta property=\"article:published_time\" content=\"2025-05-12T13:33:16+00:00\" \/>\n<meta property=\"og:image\" content=\"https:\/\/fmpatagoniamadryn.com.ar\/wp-content\/uploads\/2025\/05\/8bcdf531-1d43-4ba1-abc5-d849829d24a4-1.jpg\" \/>\n\t<meta property=\"og:image:width\" content=\"225\" \/>\n\t<meta property=\"og:image:height\" content=\"225\" \/>\n\t<meta property=\"og:image:type\" content=\"image\/jpeg\" \/>\n<meta name=\"author\" content=\"FM Patagonia\" \/>\n<meta name=\"twitter:card\" content=\"summary_large_image\" \/>\n<meta name=\"twitter:label1\" content=\"Escrito por\" \/>\n\t<meta name=\"twitter:data1\" content=\"FM Patagonia\" \/>\n\t<meta name=\"twitter:label2\" content=\"Tiempo de lectura\" \/>\n\t<meta name=\"twitter:data2\" content=\"2 minutos\" \/>\n<script type=\"application\/ld+json\" class=\"yoast-schema-graph\">{\"@context\":\"https:\\\/\\\/schema.org\",\"@graph\":[{\"@type\":\"Article\",\"@id\":\"https:\\\/\\\/fmpatagoniamadryn.com.ar\\\/?p=15794#article\",\"isPartOf\":{\"@id\":\"https:\\\/\\\/fmpatagoniamadryn.com.ar\\\/?p=15794\"},\"author\":{\"name\":\"FM Patagonia\",\"@id\":\"https:\\\/\\\/fmpatagoniamadryn.com.ar\\\/#\\\/schema\\\/person\\\/8a3de4ad7efceacab06c1641c50303b7\"},\"headline\":\"Silvia Lospennato apunt\u00f3 contra Javier Milei por la ca\u00edda de Ficha Limpia: \u201cNo cumpli\u00f3 con su palabra\u201d\",\"datePublished\":\"2025-05-12T13:33:16+00:00\",\"mainEntityOfPage\":{\"@id\":\"https:\\\/\\\/fmpatagoniamadryn.com.ar\\\/?p=15794\"},\"wordCount\":472,\"publisher\":{\"@id\":\"https:\\\/\\\/fmpatagoniamadryn.com.ar\\\/#organization\"},\"image\":{\"@id\":\"https:\\\/\\\/fmpatagoniamadryn.com.ar\\\/?p=15794#primaryimage\"},\"thumbnailUrl\":\"https:\\\/\\\/fmpatagoniamadryn.com.ar\\\/wp-content\\\/uploads\\\/2025\\\/05\\\/8bcdf531-1d43-4ba1-abc5-d849829d24a4-1.jpg\",\"articleSection\":[\"Pol\u00edtica\"],\"inLanguage\":\"es\"},{\"@type\":\"WebPage\",\"@id\":\"https:\\\/\\\/fmpatagoniamadryn.com.ar\\\/?p=15794\",\"url\":\"https:\\\/\\\/fmpatagoniamadryn.com.ar\\\/?p=15794\",\"name\":\"Silvia Lospennato apunt\u00f3 contra Javier Milei por la ca\u00edda de Ficha Limpia: \u201cNo cumpli\u00f3 con su palabra\u201d - FM Patagonia Madryn\",\"isPartOf\":{\"@id\":\"https:\\\/\\\/fmpatagoniamadryn.com.ar\\\/#website\"},\"primaryImageOfPage\":{\"@id\":\"https:\\\/\\\/fmpatagoniamadryn.com.ar\\\/?p=15794#primaryimage\"},\"image\":{\"@id\":\"https:\\\/\\\/fmpatagoniamadryn.com.ar\\\/?p=15794#primaryimage\"},\"thumbnailUrl\":\"https:\\\/\\\/fmpatagoniamadryn.com.ar\\\/wp-content\\\/uploads\\\/2025\\\/05\\\/8bcdf531-1d43-4ba1-abc5-d849829d24a4-1.jpg\",\"datePublished\":\"2025-05-12T13:33:16+00:00\",\"breadcrumb\":{\"@id\":\"https:\\\/\\\/fmpatagoniamadryn.com.ar\\\/?p=15794#breadcrumb\"},\"inLanguage\":\"es\",\"potentialAction\":[{\"@type\":\"ReadAction\",\"target\":[\"https:\\\/\\\/fmpatagoniamadryn.com.ar\\\/?p=15794\"]}]},{\"@type\":\"ImageObject\",\"inLanguage\":\"es\",\"@id\":\"https:\\\/\\\/fmpatagoniamadryn.com.ar\\\/?p=15794#primaryimage\",\"url\":\"https:\\\/\\\/fmpatagoniamadryn.com.ar\\\/wp-content\\\/uploads\\\/2025\\\/05\\\/8bcdf531-1d43-4ba1-abc5-d849829d24a4-1.jpg\",\"contentUrl\":\"https:\\\/\\\/fmpatagoniamadryn.com.ar\\\/wp-content\\\/uploads\\\/2025\\\/05\\\/8bcdf531-1d43-4ba1-abc5-d849829d24a4-1.jpg\",\"width\":225,\"height\":225},{\"@type\":\"BreadcrumbList\",\"@id\":\"https:\\\/\\\/fmpatagoniamadryn.com.ar\\\/?p=15794#breadcrumb\",\"itemListElement\":[{\"@type\":\"ListItem\",\"position\":1,\"name\":\"Portada\",\"item\":\"https:\\\/\\\/fmpatagoniamadryn.com.ar\\\/\"},{\"@type\":\"ListItem\",\"position\":2,\"name\":\"Silvia Lospennato apunt\u00f3 contra Javier Milei por la ca\u00edda de Ficha Limpia: \u201cNo cumpli\u00f3 con su palabra\u201d\"}]},{\"@type\":\"WebSite\",\"@id\":\"https:\\\/\\\/fmpatagoniamadryn.com.ar\\\/#website\",\"url\":\"https:\\\/\\\/fmpatagoniamadryn.com.ar\\\/\",\"name\":\"FM Patagonia Madryn\",\"description\":\"Radio Patagonia 105.5\",\"publisher\":{\"@id\":\"https:\\\/\\\/fmpatagoniamadryn.com.ar\\\/#organization\"},\"potentialAction\":[{\"@type\":\"SearchAction\",\"target\":{\"@type\":\"EntryPoint\",\"urlTemplate\":\"https:\\\/\\\/fmpatagoniamadryn.com.ar\\\/?s={search_term_string}\"},\"query-input\":{\"@type\":\"PropertyValueSpecification\",\"valueRequired\":true,\"valueName\":\"search_term_string\"}}],\"inLanguage\":\"es\"},{\"@type\":\"Organization\",\"@id\":\"https:\\\/\\\/fmpatagoniamadryn.com.ar\\\/#organization\",\"name\":\"FM Patagonia Madryn\",\"url\":\"https:\\\/\\\/fmpatagoniamadryn.com.ar\\\/\",\"logo\":{\"@type\":\"ImageObject\",\"inLanguage\":\"es\",\"@id\":\"https:\\\/\\\/fmpatagoniamadryn.com.ar\\\/#\\\/schema\\\/logo\\\/image\\\/\",\"url\":\"https:\\\/\\\/fmpatagoniamadryn.com.ar\\\/wp-content\\\/uploads\\\/2023\\\/01\\\/cropped-Diseno-sin-titulo.png\",\"contentUrl\":\"https:\\\/\\\/fmpatagoniamadryn.com.ar\\\/wp-content\\\/uploads\\\/2023\\\/01\\\/cropped-Diseno-sin-titulo.png\",\"width\":6911,\"height\":2657,\"caption\":\"FM Patagonia Madryn\"},\"image\":{\"@id\":\"https:\\\/\\\/fmpatagoniamadryn.com.ar\\\/#\\\/schema\\\/logo\\\/image\\\/\"}},{\"@type\":\"Person\",\"@id\":\"https:\\\/\\\/fmpatagoniamadryn.com.ar\\\/#\\\/schema\\\/person\\\/8a3de4ad7efceacab06c1641c50303b7\",\"name\":\"FM Patagonia\",\"url\":\"https:\\\/\\\/fmpatagoniamadryn.com.ar\\\/?author=2\"}]}<\/script>\n<!-- \/ Yoast SEO plugin. -->","yoast_head_json":{"title":"Silvia Lospennato apunt\u00f3 contra Javier Milei por la ca\u00edda de Ficha Limpia: \u201cNo cumpli\u00f3 con su palabra\u201d - FM Patagonia Madryn","robots":{"index":"index","follow":"follow","max-snippet":"max-snippet:-1","max-image-preview":"max-image-preview:large","max-video-preview":"max-video-preview:-1"},"canonical":"https:\/\/fmpatagoniamadryn.com.ar\/?p=15794","og_locale":"es_ES","og_type":"article","og_title":"Silvia Lospennato apunt\u00f3 contra Javier Milei por la ca\u00edda de Ficha Limpia: \u201cNo cumpli\u00f3 con su palabra\u201d - FM Patagonia Madryn","og_description":"La candidata por el PRO a legisladora porte\u00f1a asegur\u00f3 que est\u00e1 \u201cindignada\u201d con el Presidentes , luego de que la ley que ella impulsaba desde Diputados fracasara en el Senado&hellip;","og_url":"https:\/\/fmpatagoniamadryn.com.ar\/?p=15794","og_site_name":"FM Patagonia Madryn","article_published_time":"2025-05-12T13:33:16+00:00","og_image":[{"width":225,"height":225,"url":"https:\/\/fmpatagoniamadryn.com.ar\/wp-content\/uploads\/2025\/05\/8bcdf531-1d43-4ba1-abc5-d849829d24a4-1.jpg","type":"image\/jpeg"}],"author":"FM Patagonia","twitter_card":"summary_large_image","twitter_misc":{"Escrito por":"FM Patagonia","Tiempo de lectura":"2 minutos"},"schema":{"@context":"https:\/\/schema.org","@graph":[{"@type":"Article","@id":"https:\/\/fmpatagoniamadryn.com.ar\/?p=15794#article","isPartOf":{"@id":"https:\/\/fmpatagoniamadryn.com.ar\/?p=15794"},"author":{"name":"FM Patagonia","@id":"https:\/\/fmpatagoniamadryn.com.ar\/#\/schema\/person\/8a3de4ad7efceacab06c1641c50303b7"},"headline":"Silvia Lospennato apunt\u00f3 contra Javier Milei por la ca\u00edda de Ficha Limpia: \u201cNo cumpli\u00f3 con su palabra\u201d","datePublished":"2025-05-12T13:33:16+00:00","mainEntityOfPage":{"@id":"https:\/\/fmpatagoniamadryn.com.ar\/?p=15794"},"wordCount":472,"publisher":{"@id":"https:\/\/fmpatagoniamadryn.com.ar\/#organization"},"image":{"@id":"https:\/\/fmpatagoniamadryn.com.ar\/?p=15794#primaryimage"},"thumbnailUrl":"https:\/\/fmpatagoniamadryn.com.ar\/wp-content\/uploads\/2025\/05\/8bcdf531-1d43-4ba1-abc5-d849829d24a4-1.jpg","articleSection":["Pol\u00edtica"],"inLanguage":"es"},{"@type":"WebPage","@id":"https:\/\/fmpatagoniamadryn.com.ar\/?p=15794","url":"https:\/\/fmpatagoniamadryn.com.ar\/?p=15794","name":"Silvia Lospennato apunt\u00f3 contra Javier Milei por la ca\u00edda de Ficha Limpia: \u201cNo cumpli\u00f3 con su palabra\u201d - FM Patagonia Madryn","isPartOf":{"@id":"https:\/\/fmpatagoniamadryn.com.ar\/#website"},"primaryImageOfPage":{"@id":"https:\/\/fmpatagoniamadryn.com.ar\/?p=15794#primaryimage"},"image":{"@id":"https:\/\/fmpatagoniamadryn.com.ar\/?p=15794#primaryimage"},"thumbnailUrl":"https:\/\/fmpatagoniamadryn.com.ar\/wp-content\/uploads\/2025\/05\/8bcdf531-1d43-4ba1-abc5-d849829d24a4-1.jpg","datePublished":"2025-05-12T13:33:16+00:00","breadcrumb":{"@id":"https:\/\/fmpatagoniamadryn.com.ar\/?p=15794#breadcrumb"},"inLanguage":"es","potentialAction":[{"@type":"ReadAction","target":["https:\/\/fmpatagoniamadryn.com.ar\/?p=15794"]}]},{"@type":"ImageObject","inLanguage":"es","@id":"https:\/\/fmpatagoniamadryn.com.ar\/?p=15794#primaryimage","url":"https:\/\/fmpatagoniamadryn.com.ar\/wp-content\/uploads\/2025\/05\/8bcdf531-1d43-4ba1-abc5-d849829d24a4-1.jpg","contentUrl":"https:\/\/fmpatagoniamadryn.com.ar\/wp-content\/uploads\/2025\/05\/8bcdf531-1d43-4ba1-abc5-d849829d24a4-1.jpg","width":225,"height":225},{"@type":"BreadcrumbList","@id":"https:\/\/fmpatagoniamadryn.com.ar\/?p=15794#breadcrumb","itemListElement":[{"@type":"ListItem","position":1,"name":"Portada","item":"https:\/\/fmpatagoniamadryn.com.ar\/"},{"@type":"ListItem","position":2,"name":"Silvia Lospennato apunt\u00f3 contra Javier Milei por la ca\u00edda de Ficha Limpia: \u201cNo cumpli\u00f3 con su palabra\u201d"}]},{"@type":"WebSite","@id":"https:\/\/fmpatagoniamadryn.com.ar\/#website","url":"https:\/\/fmpatagoniamadryn.com.ar\/","name":"FM Patagonia Madryn","description":"Radio Patagonia 105.5","publisher":{"@id":"https:\/\/fmpatagoniamadryn.com.ar\/#organization"},"potentialAction":[{"@type":"SearchAction","target":{"@type":"EntryPoint","urlTemplate":"https:\/\/fmpatagoniamadryn.com.ar\/?s={search_term_string}"},"query-input":{"@type":"PropertyValueSpecification","valueRequired":true,"valueName":"search_term_string"}}],"inLanguage":"es"},{"@type":"Organization","@id":"https:\/\/fmpatagoniamadryn.com.ar\/#organization","name":"FM Patagonia Madryn","url":"https:\/\/fmpatagoniamadryn.com.ar\/","logo":{"@type":"ImageObject","inLanguage":"es","@id":"https:\/\/fmpatagoniamadryn.com.ar\/#\/schema\/logo\/image\/","url":"https:\/\/fmpatagoniamadryn.com.ar\/wp-content\/uploads\/2023\/01\/cropped-Diseno-sin-titulo.png","contentUrl":"https:\/\/fmpatagoniamadryn.com.ar\/wp-content\/uploads\/2023\/01\/cropped-Diseno-sin-titulo.png","width":6911,"height":2657,"caption":"FM Patagonia Madryn"},"image":{"@id":"https:\/\/fmpatagoniamadryn.com.ar\/#\/schema\/logo\/image\/"}},{"@type":"Person","@id":"https:\/\/fmpatagoniamadryn.com.ar\/#\/schema\/person\/8a3de4ad7efceacab06c1641c50303b7","name":"FM Patagonia","url":"https:\/\/fmpatagoniamadryn.com.ar\/?author=2"}]}},"jetpack_featured_media_url":"https:\/\/fmpatagoniamadryn.com.ar\/wp-content\/uploads\/2025\/05\/8bcdf531-1d43-4ba1-abc5-d849829d24a4-1.jpg","_links":{"self":[{"href":"https:\/\/fmpatagoniamadryn.com.ar\/index.php?rest_route=\/wp\/v2\/posts\/15794","targetHints":{"allow":["GET"]}}],"collection":[{"href":"https:\/\/fmpatagoniamadryn.com.ar\/index.php?rest_route=\/wp\/v2\/posts"}],"about":[{"href":"https:\/\/fmpatagoniamadryn.com.ar\/index.php?rest_route=\/wp\/v2\/types\/post"}],"author":[{"embeddable":true,"href":"https:\/\/fmpatagoniamadryn.com.ar\/index.php?rest_route=\/wp\/v2\/users\/2"}],"replies":[{"embeddable":true,"href":"https:\/\/fmpatagoniamadryn.com.ar\/index.php?rest_route=%2Fwp%2Fv2%2Fcomments&post=15794"}],"version-history":[{"count":1,"href":"https:\/\/fmpatagoniamadryn.com.ar\/index.php?rest_route=\/wp\/v2\/posts\/15794\/revisions"}],"predecessor-version":[{"id":15795,"href":"https:\/\/fmpatagoniamadryn.com.ar\/index.php?rest_route=\/wp\/v2\/posts\/15794\/revisions\/15795"}],"wp:featuredmedia":[{"embeddable":true,"href":"https:\/\/fmpatagoniamadryn.com.ar\/index.php?rest_route=\/wp\/v2\/media\/15793"}],"wp:attachment":[{"href":"https:\/\/fmpatagoniamadryn.com.ar\/index.php?rest_route=%2Fwp%2Fv2%2Fmedia&parent=15794"}],"wp:term":[{"taxonomy":"category","embeddable":true,"href":"https:\/\/fmpatagoniamadryn.com.ar\/index.php?rest_route=%2Fwp%2Fv2%2Fcategories&post=15794"},{"taxonomy":"post_tag","embeddable":true,"href":"https:\/\/fmpatagoniamadryn.com.ar\/index.php?rest_route=%2Fwp%2Fv2%2Ftags&post=15794"}],"curies":[{"name":"wp","href":"https:\/\/api.w.org\/{rel}","templated":true}]}}