{"id":15800,"date":"2025-05-12T13:36:25","date_gmt":"2025-05-12T16:36:25","guid":{"rendered":"https:\/\/fmpatagoniamadryn.com.ar\/?p=15800"},"modified":"2025-05-12T13:36:25","modified_gmt":"2025-05-12T16:36:25","slug":"esta-en-marcha-la-edicion-2025-de-eduvial-madryn","status":"publish","type":"post","link":"https:\/\/fmpatagoniamadryn.com.ar\/?p=15800","title":{"rendered":"EST\u00c1 EN MARCHA LA EDICI\u00d3N 2025 DE EDUVIAL MADRYN"},"content":{"rendered":"\n<p><\/p>\n\n\n\n<p><em>Se invita a instituciones a sumarse a este programa que propone abordar las problem\u00e1ticas de tr\u00e1nsito y promover una convivencia vial m\u00e1s segura, inclusiva y respetuosa en todos los \u00e1mbitos de la ciudad<\/em><\/p>\n\n\n\n<p>La Coordinaci\u00f3n de Tr\u00e1nsito y Transporte de la Municipalidad de Puerto Madryn lanz\u00f3 la edici\u00f3n 2025 del programa \u201cEDUVIAL Madryn: Transitemos un camino seguro\u201d, una propuesta educativa dise\u00f1ada para promover una convivencia vial inclusiva y respetuosa en todos los \u00e1mbitos de la ciudad.<\/p>\n\n\n\n<p>La propuesta, articulada con instituciones educativas, organizaciones sociales, clubes, sedes vecinales y la ciudadan\u00eda en general, propone abordar las problem\u00e1ticas de tr\u00e1nsito desde una mirada integral.&nbsp;<\/p>\n\n\n\n<p>Cabe destacar que, a trav\u00e9s de actividades dise\u00f1adas por un equipo pedag\u00f3gico multidisciplinario, se trabaja en la formaci\u00f3n de ciudadanos m\u00e1s respetuosos en el uso de la v\u00eda p\u00fablica, en su rol de conductores, acompa\u00f1antes, peatones, ciclistas, usuarios del transporte p\u00fablico, etc.<\/p>\n\n\n\n<p>Este programa est\u00e1 destinado a establecimientos escolares p\u00fablicos y privados de los niveles inicial, primario y secundario, escuelas de adultos y escuelas especiales, Organizaciones de la Sociedad Civil, sedes vecinales, asociaciones sindicales y comunidad en general e incluye charlas, talleres, materiales did\u00e1cticos y recorridos educativos, adaptados a distintos niveles y p\u00fablicos.<\/p>\n\n\n\n<p>CONTENIDOS<\/p>\n\n\n\n<p>Los contenidos trabajados incluyen temas como seguridad vial y la importancia de contar con corredores seguros tanto para peatones como para el transporte p\u00fablico. Tambi\u00e9n se aborda la concientizaci\u00f3n sobre \u201cel fen\u00f3meno circulatorio\u201d y se propician reflexiones en torno al g\u00e9nero, la convivencia, la inclusi\u00f3n y el valor simb\u00f3lico de las \u201cEstrellas Amarillas\u201d. Adem\u00e1s, se brinda informaci\u00f3n detallada sobre las licencias de conducir, incluyendo clases, subclases y requisitos para su obtenci\u00f3n.<\/p>\n\n\n\n<p>ACTIVIDADES POR NIVELES Y P\u00daBLICOS<\/p>\n\n\n\n<p>Las actividades fueron dise\u00f1adas seg\u00fan los diferentes niveles educativos y p\u00fablicos. Para el Nivel Inicial y el primer ciclo de primaria, se desarroll\u00f3 un Circuito M\u00f3vil de Aprendizaje Vial Infantil, se proyectar\u00e1n audiovisuales y se realizar\u00e1n actividades l\u00fadicas en el aula. En el segundo ciclo de primaria, se llevar\u00e1n a cabo concursos de maquetas, simulaciones de encrucijadas y actividades en la plaza Euzkadi. En el caso de las escuelas especiales, se utilizar\u00e1 material adaptado con lenguaje de se\u00f1as, braille, pictogramas y se organizar\u00e1 un city tour accesible para trabajar sobre la se\u00f1alizaci\u00f3n urbana. Para estudiantes de nivel secundario, se ofrecer\u00e1n charlas con videos interactivos centradas en seguridad, g\u00e9nero, inclusi\u00f3n y convivencia vial. Finalmente, se brindar\u00e1n charlas informativas para organizaciones de la sociedad civil, juntas vecinales, clubes y sindicatos, enfocadas en licencias de conducir, sus requisitos y alcances.<\/p>\n\n\n\n<p>Quienes deseen participar pueden inscribirse completando el formulario online en&nbsp;<a href=\"http:\/\/www.madryn.gob.ar\/inscripcion-proyecto-eduvial\/\">www.madryn.gob.ar\/inscripcion-proyecto-eduvial\/<\/a><\/p>\n\n\n\n<p>Una vez inscriptos, el equipo de EDUVIAL se pondr\u00e1 en contacto para coordinar fecha, horario y modalidad de las actividades.<\/p>\n","protected":false},"excerpt":{"rendered":"<p>Se invita a instituciones a sumarse a este programa que propone abordar las problem\u00e1ticas de tr\u00e1nsito y promover una convivencia vial m\u00e1s segura, inclusiva y respetuosa en todos los \u00e1mbitos&hellip; <\/p>\n","protected":false},"author":2,"featured_media":15799,"comment_status":"closed","ping_status":"closed","sticky":false,"template":"","format":"standard","meta":{"footnotes":""},"categories":[15],"tags":[],"class_list":["post-15800","post","type-post","status-publish","format-standard","has-post-thumbnail","hentry","category-locales"],"yoast_head":"<!-- This site is optimized with the Yoast SEO plugin v27.4 - https:\/\/yoast.com\/product\/yoast-seo-wordpress\/ -->\n<title>EST\u00c1 EN MARCHA LA EDICI\u00d3N 2025 DE EDUVIAL MADRYN - FM Patagonia Madryn<\/title>\n<meta name=\"robots\" content=\"index, follow, max-snippet:-1, max-image-preview:large, max-video-preview:-1\" \/>\n<link rel=\"canonical\" href=\"https:\/\/fmpatagoniamadryn.com.ar\/?p=15800\" \/>\n<meta property=\"og:locale\" content=\"es_ES\" \/>\n<meta property=\"og:type\" content=\"article\" \/>\n<meta property=\"og:title\" content=\"EST\u00c1 EN MARCHA LA EDICI\u00d3N 2025 DE EDUVIAL MADRYN - FM Patagonia Madryn\" \/>\n<meta property=\"og:description\" content=\"Se invita a instituciones a sumarse a este programa que propone abordar las problem\u00e1ticas de tr\u00e1nsito y promover una convivencia vial m\u00e1s segura, inclusiva y respetuosa en todos los \u00e1mbitos&hellip;\" \/>\n<meta property=\"og:url\" content=\"https:\/\/fmpatagoniamadryn.com.ar\/?p=15800\" \/>\n<meta property=\"og:site_name\" content=\"FM Patagonia Madryn\" \/>\n<meta property=\"article:published_time\" content=\"2025-05-12T16:36:25+00:00\" \/>\n<meta property=\"og:image\" content=\"https:\/\/fmpatagoniamadryn.com.ar\/wp-content\/uploads\/2025\/05\/img_5611-1.jpg\" \/>\n\t<meta property=\"og:image:width\" content=\"1440\" \/>\n\t<meta property=\"og:image:height\" content=\"960\" \/>\n\t<meta property=\"og:image:type\" content=\"image\/jpeg\" \/>\n<meta name=\"author\" content=\"FM Patagonia\" \/>\n<meta name=\"twitter:card\" content=\"summary_large_image\" \/>\n<meta name=\"twitter:label1\" content=\"Escrito por\" \/>\n\t<meta name=\"twitter:data1\" content=\"FM Patagonia\" \/>\n\t<meta name=\"twitter:label2\" content=\"Tiempo de lectura\" \/>\n\t<meta name=\"twitter:data2\" content=\"2 minutos\" \/>\n<script type=\"application\/ld+json\" class=\"yoast-schema-graph\">{\"@context\":\"https:\\\/\\\/schema.org\",\"@graph\":[{\"@type\":\"Article\",\"@id\":\"https:\\\/\\\/fmpatagoniamadryn.com.ar\\\/?p=15800#article\",\"isPartOf\":{\"@id\":\"https:\\\/\\\/fmpatagoniamadryn.com.ar\\\/?p=15800\"},\"author\":{\"name\":\"FM Patagonia\",\"@id\":\"https:\\\/\\\/fmpatagoniamadryn.com.ar\\\/#\\\/schema\\\/person\\\/8a3de4ad7efceacab06c1641c50303b7\"},\"headline\":\"EST\u00c1 EN MARCHA LA EDICI\u00d3N 2025 DE EDUVIAL MADRYN\",\"datePublished\":\"2025-05-12T16:36:25+00:00\",\"mainEntityOfPage\":{\"@id\":\"https:\\\/\\\/fmpatagoniamadryn.com.ar\\\/?p=15800\"},\"wordCount\":502,\"publisher\":{\"@id\":\"https:\\\/\\\/fmpatagoniamadryn.com.ar\\\/#organization\"},\"image\":{\"@id\":\"https:\\\/\\\/fmpatagoniamadryn.com.ar\\\/?p=15800#primaryimage\"},\"thumbnailUrl\":\"https:\\\/\\\/fmpatagoniamadryn.com.ar\\\/wp-content\\\/uploads\\\/2025\\\/05\\\/img_5611-1.jpg\",\"articleSection\":[\"Locales\"],\"inLanguage\":\"es\"},{\"@type\":\"WebPage\",\"@id\":\"https:\\\/\\\/fmpatagoniamadryn.com.ar\\\/?p=15800\",\"url\":\"https:\\\/\\\/fmpatagoniamadryn.com.ar\\\/?p=15800\",\"name\":\"EST\u00c1 EN MARCHA LA EDICI\u00d3N 2025 DE EDUVIAL MADRYN - FM Patagonia Madryn\",\"isPartOf\":{\"@id\":\"https:\\\/\\\/fmpatagoniamadryn.com.ar\\\/#website\"},\"primaryImageOfPage\":{\"@id\":\"https:\\\/\\\/fmpatagoniamadryn.com.ar\\\/?p=15800#primaryimage\"},\"image\":{\"@id\":\"https:\\\/\\\/fmpatagoniamadryn.com.ar\\\/?p=15800#primaryimage\"},\"thumbnailUrl\":\"https:\\\/\\\/fmpatagoniamadryn.com.ar\\\/wp-content\\\/uploads\\\/2025\\\/05\\\/img_5611-1.jpg\",\"datePublished\":\"2025-05-12T16:36:25+00:00\",\"breadcrumb\":{\"@id\":\"https:\\\/\\\/fmpatagoniamadryn.com.ar\\\/?p=15800#breadcrumb\"},\"inLanguage\":\"es\",\"potentialAction\":[{\"@type\":\"ReadAction\",\"target\":[\"https:\\\/\\\/fmpatagoniamadryn.com.ar\\\/?p=15800\"]}]},{\"@type\":\"ImageObject\",\"inLanguage\":\"es\",\"@id\":\"https:\\\/\\\/fmpatagoniamadryn.com.ar\\\/?p=15800#primaryimage\",\"url\":\"https:\\\/\\\/fmpatagoniamadryn.com.ar\\\/wp-content\\\/uploads\\\/2025\\\/05\\\/img_5611-1.jpg\",\"contentUrl\":\"https:\\\/\\\/fmpatagoniamadryn.com.ar\\\/wp-content\\\/uploads\\\/2025\\\/05\\\/img_5611-1.jpg\",\"width\":1440,\"height\":960},{\"@type\":\"BreadcrumbList\",\"@id\":\"https:\\\/\\\/fmpatagoniamadryn.com.ar\\\/?p=15800#breadcrumb\",\"itemListElement\":[{\"@type\":\"ListItem\",\"position\":1,\"name\":\"Portada\",\"item\":\"https:\\\/\\\/fmpatagoniamadryn.com.ar\\\/\"},{\"@type\":\"ListItem\",\"position\":2,\"name\":\"EST\u00c1 EN MARCHA LA EDICI\u00d3N 2025 DE EDUVIAL MADRYN\"}]},{\"@type\":\"WebSite\",\"@id\":\"https:\\\/\\\/fmpatagoniamadryn.com.ar\\\/#website\",\"url\":\"https:\\\/\\\/fmpatagoniamadryn.com.ar\\\/\",\"name\":\"FM Patagonia Madryn\",\"description\":\"Radio Patagonia 105.5\",\"publisher\":{\"@id\":\"https:\\\/\\\/fmpatagoniamadryn.com.ar\\\/#organization\"},\"potentialAction\":[{\"@type\":\"SearchAction\",\"target\":{\"@type\":\"EntryPoint\",\"urlTemplate\":\"https:\\\/\\\/fmpatagoniamadryn.com.ar\\\/?s={search_term_string}\"},\"query-input\":{\"@type\":\"PropertyValueSpecification\",\"valueRequired\":true,\"valueName\":\"search_term_string\"}}],\"inLanguage\":\"es\"},{\"@type\":\"Organization\",\"@id\":\"https:\\\/\\\/fmpatagoniamadryn.com.ar\\\/#organization\",\"name\":\"FM Patagonia Madryn\",\"url\":\"https:\\\/\\\/fmpatagoniamadryn.com.ar\\\/\",\"logo\":{\"@type\":\"ImageObject\",\"inLanguage\":\"es\",\"@id\":\"https:\\\/\\\/fmpatagoniamadryn.com.ar\\\/#\\\/schema\\\/logo\\\/image\\\/\",\"url\":\"https:\\\/\\\/fmpatagoniamadryn.com.ar\\\/wp-content\\\/uploads\\\/2023\\\/01\\\/cropped-Diseno-sin-titulo.png\",\"contentUrl\":\"https:\\\/\\\/fmpatagoniamadryn.com.ar\\\/wp-content\\\/uploads\\\/2023\\\/01\\\/cropped-Diseno-sin-titulo.png\",\"width\":6911,\"height\":2657,\"caption\":\"FM Patagonia Madryn\"},\"image\":{\"@id\":\"https:\\\/\\\/fmpatagoniamadryn.com.ar\\\/#\\\/schema\\\/logo\\\/image\\\/\"}},{\"@type\":\"Person\",\"@id\":\"https:\\\/\\\/fmpatagoniamadryn.com.ar\\\/#\\\/schema\\\/person\\\/8a3de4ad7efceacab06c1641c50303b7\",\"name\":\"FM Patagonia\",\"url\":\"https:\\\/\\\/fmpatagoniamadryn.com.ar\\\/?author=2\"}]}<\/script>\n<!-- \/ Yoast SEO plugin. -->","yoast_head_json":{"title":"EST\u00c1 EN MARCHA LA EDICI\u00d3N 2025 DE EDUVIAL MADRYN - FM Patagonia Madryn","robots":{"index":"index","follow":"follow","max-snippet":"max-snippet:-1","max-image-preview":"max-image-preview:large","max-video-preview":"max-video-preview:-1"},"canonical":"https:\/\/fmpatagoniamadryn.com.ar\/?p=15800","og_locale":"es_ES","og_type":"article","og_title":"EST\u00c1 EN MARCHA LA EDICI\u00d3N 2025 DE EDUVIAL MADRYN - FM Patagonia Madryn","og_description":"Se invita a instituciones a sumarse a este programa que propone abordar las problem\u00e1ticas de tr\u00e1nsito y promover una convivencia vial m\u00e1s segura, inclusiva y respetuosa en todos los \u00e1mbitos&hellip;","og_url":"https:\/\/fmpatagoniamadryn.com.ar\/?p=15800","og_site_name":"FM Patagonia Madryn","article_published_time":"2025-05-12T16:36:25+00:00","og_image":[{"width":1440,"height":960,"url":"https:\/\/fmpatagoniamadryn.com.ar\/wp-content\/uploads\/2025\/05\/img_5611-1.jpg","type":"image\/jpeg"}],"author":"FM Patagonia","twitter_card":"summary_large_image","twitter_misc":{"Escrito por":"FM Patagonia","Tiempo de lectura":"2 minutos"},"schema":{"@context":"https:\/\/schema.org","@graph":[{"@type":"Article","@id":"https:\/\/fmpatagoniamadryn.com.ar\/?p=15800#article","isPartOf":{"@id":"https:\/\/fmpatagoniamadryn.com.ar\/?p=15800"},"author":{"name":"FM Patagonia","@id":"https:\/\/fmpatagoniamadryn.com.ar\/#\/schema\/person\/8a3de4ad7efceacab06c1641c50303b7"},"headline":"EST\u00c1 EN MARCHA LA EDICI\u00d3N 2025 DE EDUVIAL MADRYN","datePublished":"2025-05-12T16:36:25+00:00","mainEntityOfPage":{"@id":"https:\/\/fmpatagoniamadryn.com.ar\/?p=15800"},"wordCount":502,"publisher":{"@id":"https:\/\/fmpatagoniamadryn.com.ar\/#organization"},"image":{"@id":"https:\/\/fmpatagoniamadryn.com.ar\/?p=15800#primaryimage"},"thumbnailUrl":"https:\/\/fmpatagoniamadryn.com.ar\/wp-content\/uploads\/2025\/05\/img_5611-1.jpg","articleSection":["Locales"],"inLanguage":"es"},{"@type":"WebPage","@id":"https:\/\/fmpatagoniamadryn.com.ar\/?p=15800","url":"https:\/\/fmpatagoniamadryn.com.ar\/?p=15800","name":"EST\u00c1 EN MARCHA LA EDICI\u00d3N 2025 DE EDUVIAL MADRYN - FM Patagonia Madryn","isPartOf":{"@id":"https:\/\/fmpatagoniamadryn.com.ar\/#website"},"primaryImageOfPage":{"@id":"https:\/\/fmpatagoniamadryn.com.ar\/?p=15800#primaryimage"},"image":{"@id":"https:\/\/fmpatagoniamadryn.com.ar\/?p=15800#primaryimage"},"thumbnailUrl":"https:\/\/fmpatagoniamadryn.com.ar\/wp-content\/uploads\/2025\/05\/img_5611-1.jpg","datePublished":"2025-05-12T16:36:25+00:00","breadcrumb":{"@id":"https:\/\/fmpatagoniamadryn.com.ar\/?p=15800#breadcrumb"},"inLanguage":"es","potentialAction":[{"@type":"ReadAction","target":["https:\/\/fmpatagoniamadryn.com.ar\/?p=15800"]}]},{"@type":"ImageObject","inLanguage":"es","@id":"https:\/\/fmpatagoniamadryn.com.ar\/?p=15800#primaryimage","url":"https:\/\/fmpatagoniamadryn.com.ar\/wp-content\/uploads\/2025\/05\/img_5611-1.jpg","contentUrl":"https:\/\/fmpatagoniamadryn.com.ar\/wp-content\/uploads\/2025\/05\/img_5611-1.jpg","width":1440,"height":960},{"@type":"BreadcrumbList","@id":"https:\/\/fmpatagoniamadryn.com.ar\/?p=15800#breadcrumb","itemListElement":[{"@type":"ListItem","position":1,"name":"Portada","item":"https:\/\/fmpatagoniamadryn.com.ar\/"},{"@type":"ListItem","position":2,"name":"EST\u00c1 EN MARCHA LA EDICI\u00d3N 2025 DE EDUVIAL MADRYN"}]},{"@type":"WebSite","@id":"https:\/\/fmpatagoniamadryn.com.ar\/#website","url":"https:\/\/fmpatagoniamadryn.com.ar\/","name":"FM Patagonia Madryn","description":"Radio Patagonia 105.5","publisher":{"@id":"https:\/\/fmpatagoniamadryn.com.ar\/#organization"},"potentialAction":[{"@type":"SearchAction","target":{"@type":"EntryPoint","urlTemplate":"https:\/\/fmpatagoniamadryn.com.ar\/?s={search_term_string}"},"query-input":{"@type":"PropertyValueSpecification","valueRequired":true,"valueName":"search_term_string"}}],"inLanguage":"es"},{"@type":"Organization","@id":"https:\/\/fmpatagoniamadryn.com.ar\/#organization","name":"FM Patagonia Madryn","url":"https:\/\/fmpatagoniamadryn.com.ar\/","logo":{"@type":"ImageObject","inLanguage":"es","@id":"https:\/\/fmpatagoniamadryn.com.ar\/#\/schema\/logo\/image\/","url":"https:\/\/fmpatagoniamadryn.com.ar\/wp-content\/uploads\/2023\/01\/cropped-Diseno-sin-titulo.png","contentUrl":"https:\/\/fmpatagoniamadryn.com.ar\/wp-content\/uploads\/2023\/01\/cropped-Diseno-sin-titulo.png","width":6911,"height":2657,"caption":"FM Patagonia Madryn"},"image":{"@id":"https:\/\/fmpatagoniamadryn.com.ar\/#\/schema\/logo\/image\/"}},{"@type":"Person","@id":"https:\/\/fmpatagoniamadryn.com.ar\/#\/schema\/person\/8a3de4ad7efceacab06c1641c50303b7","name":"FM Patagonia","url":"https:\/\/fmpatagoniamadryn.com.ar\/?author=2"}]}},"jetpack_featured_media_url":"https:\/\/fmpatagoniamadryn.com.ar\/wp-content\/uploads\/2025\/05\/img_5611-1.jpg","_links":{"self":[{"href":"https:\/\/fmpatagoniamadryn.com.ar\/index.php?rest_route=\/wp\/v2\/posts\/15800","targetHints":{"allow":["GET"]}}],"collection":[{"href":"https:\/\/fmpatagoniamadryn.com.ar\/index.php?rest_route=\/wp\/v2\/posts"}],"about":[{"href":"https:\/\/fmpatagoniamadryn.com.ar\/index.php?rest_route=\/wp\/v2\/types\/post"}],"author":[{"embeddable":true,"href":"https:\/\/fmpatagoniamadryn.com.ar\/index.php?rest_route=\/wp\/v2\/users\/2"}],"replies":[{"embeddable":true,"href":"https:\/\/fmpatagoniamadryn.com.ar\/index.php?rest_route=%2Fwp%2Fv2%2Fcomments&post=15800"}],"version-history":[{"count":1,"href":"https:\/\/fmpatagoniamadryn.com.ar\/index.php?rest_route=\/wp\/v2\/posts\/15800\/revisions"}],"predecessor-version":[{"id":15801,"href":"https:\/\/fmpatagoniamadryn.com.ar\/index.php?rest_route=\/wp\/v2\/posts\/15800\/revisions\/15801"}],"wp:featuredmedia":[{"embeddable":true,"href":"https:\/\/fmpatagoniamadryn.com.ar\/index.php?rest_route=\/wp\/v2\/media\/15799"}],"wp:attachment":[{"href":"https:\/\/fmpatagoniamadryn.com.ar\/index.php?rest_route=%2Fwp%2Fv2%2Fmedia&parent=15800"}],"wp:term":[{"taxonomy":"category","embeddable":true,"href":"https:\/\/fmpatagoniamadryn.com.ar\/index.php?rest_route=%2Fwp%2Fv2%2Fcategories&post=15800"},{"taxonomy":"post_tag","embeddable":true,"href":"https:\/\/fmpatagoniamadryn.com.ar\/index.php?rest_route=%2Fwp%2Fv2%2Ftags&post=15800"}],"curies":[{"name":"wp","href":"https:\/\/api.w.org\/{rel}","templated":true}]}}