{"id":1586,"date":"2023-04-07T11:28:24","date_gmt":"2023-04-07T14:28:24","guid":{"rendered":"https:\/\/fmpatagoniamadryn.com.ar\/?p=1586"},"modified":"2023-04-07T11:30:57","modified_gmt":"2023-04-07T14:30:57","slug":"gran-presentacion-del-destino-chubut-en-la-principal-feria-internacional-de-brasil","status":"publish","type":"post","link":"https:\/\/fmpatagoniamadryn.com.ar\/?p=1586","title":{"rendered":"Gran presentaci\u00f3n del \u201cDestino Chubut\u201d en la principal feria internacional de Brasil"},"content":{"rendered":"\n<p><\/p>\n\n\n\n<p><em>Chubut particip\u00f3 del stand institucional de Argentina junto a otros 13 destinos del pa\u00eds y 32 empresas privadas donde se brind\u00f3 informaci\u00f3n al p\u00fablico general y profesional del sector tur\u00edstico.<\/em>&nbsp;<\/p>\n\n\n\n<p>El Gobierno del Chubut, a trav\u00e9s del Ministerio de Turismo y \u00c1reas Protegidas y la Agencia Chubut Turismo (ACT), particip\u00f3 esta semana de WTM Latin America, la principal feria internacional de Brasil destinada al sector tur\u00edstico llevada a cabo en San Pablo del 3 al 5 de abril.&nbsp;<\/p>\n\n\n\n<p>Estuvieron presentes en representaci\u00f3n de la provincia Sebasti\u00e1n Sarsfield, del Ministerio de Turismo y \u00c1reas Protegidas; Miguel Sosa, vicepresidente de la ACT y presidente de la CAT Chubut; y Mart\u00edn Navarro, representante de la Asociaci\u00f3n de Gu\u00edas de Turismo de la Provincia del Chubut.&nbsp;<\/p>\n\n\n\n<p>All\u00ed la comitiva chubutense present\u00f3 \u201cDestino Chubut\u201d con una gran participaci\u00f3n de tour operadores, agencias de viaje y prensa especializada en turismo. Se trat\u00f3 de una charla en donde el Gobierno Provincial exhibi\u00f3 los destinos y toda la oferta tur\u00edstica de las cuatro comarcas: Pen\u00ednsula Vald\u00e9s, Meseta Central, Senguer &#8211; San Jorge y Andina, y se realizaron degustaciones de vinos chubutenses con gran recibimiento de los oyentes.&nbsp;<\/p>\n\n\n\n<p>Durante estos tres d\u00edas se ofrecieron capacitaciones, conferencias y la posibilidad de participar del networking, entre otros, con el fin de poder mostrar los cambios, tendencias y novedades del mercado en una feria donde se re\u00fanen los principales actores de distintos segmentos del turismo.&nbsp;<\/p>\n\n\n\n<p>Chubut particip\u00f3 del stand institucional de Argentina junto a otros 13 destinos del pa\u00eds y 32 empresas privadas donde se brind\u00f3 informaci\u00f3n al p\u00fablico general y profesional del sector tur\u00edstico.&nbsp;<\/p>\n\n\n\n<p>En este sentido y acompa\u00f1ando la decisi\u00f3n nacional de consolidar a Brasil como principal socio comercial, Sarsfield remarc\u00f3 que la participaci\u00f3n en la feria destaca el trabajo que se viene realizando provincialmente para promocionar destinos y atractivos de Chubut, con gran entusiasmo en los empresarios brasile\u00f1os, lo que motiva a continuar apostando a estos mercados y a posicionar a la provincia en destinos internacionales.&nbsp;<\/p>\n\n\n\n<p><strong>Sobre WTM Latin America<\/strong>&nbsp;<\/p>\n\n\n\n<p>Es la principal feria internacional de Brasil destinada al sector tur\u00edstico. All\u00ed se re\u00fanen los actores locales de segmentos como Ocio, Grupo, MICE, Eventos, entre otros. Es una oportunidad para iniciar nuevas relaciones profesionales y afianzar las existentes entre las agencias de viajes, operadores, compa\u00f1\u00edas a\u00e9reas y los expositores participantes.&nbsp;<\/p>\n\n\n\n<p>Las actividades de las principales empresas que exponen en el evento son: Destinos brasile\u00f1os e internacionales; Resorts y cadenas hoteleras; Operadoras de turismo receptivo y emisivo; Agencias de viajes online; Aerol\u00edneas; Destination Management Companies (DMC); Atracciones tur\u00edsticas y de entretenimiento; Tecnolog\u00eda de viajes y hoteles; Convention Centres &amp; Visitor Bureaux; y Recintos y servicios para eventos<\/p>\n","protected":false},"excerpt":{"rendered":"<p>Chubut particip\u00f3 del stand institucional de Argentina junto a otros 13 destinos del pa\u00eds y 32 empresas privadas donde se brind\u00f3 informaci\u00f3n al p\u00fablico general y profesional del sector tur\u00edstico.&nbsp;&hellip; <\/p>\n","protected":false},"author":2,"featured_media":1581,"comment_status":"closed","ping_status":"closed","sticky":false,"template":"","format":"standard","meta":{"footnotes":""},"categories":[14],"tags":[],"class_list":["post-1586","post","type-post","status-publish","format-standard","has-post-thumbnail","hentry","category-provinciales"],"yoast_head":"<!-- This site is optimized with the Yoast SEO plugin v27.4 - https:\/\/yoast.com\/product\/yoast-seo-wordpress\/ -->\n<title>Gran presentaci\u00f3n del \u201cDestino Chubut\u201d en la principal feria internacional de Brasil - FM Patagonia Madryn<\/title>\n<meta name=\"robots\" content=\"index, follow, max-snippet:-1, max-image-preview:large, max-video-preview:-1\" \/>\n<link rel=\"canonical\" href=\"https:\/\/fmpatagoniamadryn.com.ar\/?p=1586\" \/>\n<meta property=\"og:locale\" content=\"es_ES\" \/>\n<meta property=\"og:type\" content=\"article\" \/>\n<meta property=\"og:title\" content=\"Gran presentaci\u00f3n del \u201cDestino Chubut\u201d en la principal feria internacional de Brasil - FM Patagonia Madryn\" \/>\n<meta property=\"og:description\" content=\"Chubut particip\u00f3 del stand institucional de Argentina junto a otros 13 destinos del pa\u00eds y 32 empresas privadas donde se brind\u00f3 informaci\u00f3n al p\u00fablico general y profesional del sector tur\u00edstico.&nbsp;&hellip;\" \/>\n<meta property=\"og:url\" content=\"https:\/\/fmpatagoniamadryn.com.ar\/?p=1586\" \/>\n<meta property=\"og:site_name\" content=\"FM Patagonia Madryn\" \/>\n<meta property=\"article:published_time\" content=\"2023-04-07T14:28:24+00:00\" \/>\n<meta property=\"article:modified_time\" content=\"2023-04-07T14:30:57+00:00\" \/>\n<meta property=\"og:image\" content=\"https:\/\/fmpatagoniamadryn.com.ar\/wp-content\/uploads\/2023\/04\/Gran-presentacion-del-Destino-Chubut-al-trade-brasileno-1.jpeg\" \/>\n\t<meta property=\"og:image:width\" content=\"1600\" \/>\n\t<meta property=\"og:image:height\" content=\"900\" \/>\n\t<meta property=\"og:image:type\" content=\"image\/jpeg\" \/>\n<meta name=\"author\" content=\"FM Patagonia\" \/>\n<meta name=\"twitter:card\" content=\"summary_large_image\" \/>\n<meta name=\"twitter:label1\" content=\"Escrito por\" \/>\n\t<meta name=\"twitter:data1\" content=\"FM Patagonia\" \/>\n\t<meta name=\"twitter:label2\" content=\"Tiempo de lectura\" \/>\n\t<meta name=\"twitter:data2\" content=\"2 minutos\" \/>\n<script type=\"application\/ld+json\" class=\"yoast-schema-graph\">{\"@context\":\"https:\\\/\\\/schema.org\",\"@graph\":[{\"@type\":\"Article\",\"@id\":\"https:\\\/\\\/fmpatagoniamadryn.com.ar\\\/?p=1586#article\",\"isPartOf\":{\"@id\":\"https:\\\/\\\/fmpatagoniamadryn.com.ar\\\/?p=1586\"},\"author\":{\"name\":\"FM Patagonia\",\"@id\":\"https:\\\/\\\/fmpatagoniamadryn.com.ar\\\/#\\\/schema\\\/person\\\/8a3de4ad7efceacab06c1641c50303b7\"},\"headline\":\"Gran presentaci\u00f3n del \u201cDestino Chubut\u201d en la principal feria internacional de Brasil\",\"datePublished\":\"2023-04-07T14:28:24+00:00\",\"dateModified\":\"2023-04-07T14:30:57+00:00\",\"mainEntityOfPage\":{\"@id\":\"https:\\\/\\\/fmpatagoniamadryn.com.ar\\\/?p=1586\"},\"wordCount\":486,\"publisher\":{\"@id\":\"https:\\\/\\\/fmpatagoniamadryn.com.ar\\\/#organization\"},\"image\":{\"@id\":\"https:\\\/\\\/fmpatagoniamadryn.com.ar\\\/?p=1586#primaryimage\"},\"thumbnailUrl\":\"https:\\\/\\\/fmpatagoniamadryn.com.ar\\\/wp-content\\\/uploads\\\/2023\\\/04\\\/Gran-presentacion-del-Destino-Chubut-al-trade-brasileno-1.jpeg\",\"articleSection\":[\"Provinciales\"],\"inLanguage\":\"es\"},{\"@type\":\"WebPage\",\"@id\":\"https:\\\/\\\/fmpatagoniamadryn.com.ar\\\/?p=1586\",\"url\":\"https:\\\/\\\/fmpatagoniamadryn.com.ar\\\/?p=1586\",\"name\":\"Gran presentaci\u00f3n del \u201cDestino Chubut\u201d en la principal feria internacional de Brasil - FM Patagonia Madryn\",\"isPartOf\":{\"@id\":\"https:\\\/\\\/fmpatagoniamadryn.com.ar\\\/#website\"},\"primaryImageOfPage\":{\"@id\":\"https:\\\/\\\/fmpatagoniamadryn.com.ar\\\/?p=1586#primaryimage\"},\"image\":{\"@id\":\"https:\\\/\\\/fmpatagoniamadryn.com.ar\\\/?p=1586#primaryimage\"},\"thumbnailUrl\":\"https:\\\/\\\/fmpatagoniamadryn.com.ar\\\/wp-content\\\/uploads\\\/2023\\\/04\\\/Gran-presentacion-del-Destino-Chubut-al-trade-brasileno-1.jpeg\",\"datePublished\":\"2023-04-07T14:28:24+00:00\",\"dateModified\":\"2023-04-07T14:30:57+00:00\",\"breadcrumb\":{\"@id\":\"https:\\\/\\\/fmpatagoniamadryn.com.ar\\\/?p=1586#breadcrumb\"},\"inLanguage\":\"es\",\"potentialAction\":[{\"@type\":\"ReadAction\",\"target\":[\"https:\\\/\\\/fmpatagoniamadryn.com.ar\\\/?p=1586\"]}]},{\"@type\":\"ImageObject\",\"inLanguage\":\"es\",\"@id\":\"https:\\\/\\\/fmpatagoniamadryn.com.ar\\\/?p=1586#primaryimage\",\"url\":\"https:\\\/\\\/fmpatagoniamadryn.com.ar\\\/wp-content\\\/uploads\\\/2023\\\/04\\\/Gran-presentacion-del-Destino-Chubut-al-trade-brasileno-1.jpeg\",\"contentUrl\":\"https:\\\/\\\/fmpatagoniamadryn.com.ar\\\/wp-content\\\/uploads\\\/2023\\\/04\\\/Gran-presentacion-del-Destino-Chubut-al-trade-brasileno-1.jpeg\",\"width\":1600,\"height\":900},{\"@type\":\"BreadcrumbList\",\"@id\":\"https:\\\/\\\/fmpatagoniamadryn.com.ar\\\/?p=1586#breadcrumb\",\"itemListElement\":[{\"@type\":\"ListItem\",\"position\":1,\"name\":\"Portada\",\"item\":\"https:\\\/\\\/fmpatagoniamadryn.com.ar\\\/\"},{\"@type\":\"ListItem\",\"position\":2,\"name\":\"Gran presentaci\u00f3n del \u201cDestino Chubut\u201d en la principal feria internacional de Brasil\"}]},{\"@type\":\"WebSite\",\"@id\":\"https:\\\/\\\/fmpatagoniamadryn.com.ar\\\/#website\",\"url\":\"https:\\\/\\\/fmpatagoniamadryn.com.ar\\\/\",\"name\":\"FM Patagonia Madryn\",\"description\":\"Radio Patagonia 105.5\",\"publisher\":{\"@id\":\"https:\\\/\\\/fmpatagoniamadryn.com.ar\\\/#organization\"},\"potentialAction\":[{\"@type\":\"SearchAction\",\"target\":{\"@type\":\"EntryPoint\",\"urlTemplate\":\"https:\\\/\\\/fmpatagoniamadryn.com.ar\\\/?s={search_term_string}\"},\"query-input\":{\"@type\":\"PropertyValueSpecification\",\"valueRequired\":true,\"valueName\":\"search_term_string\"}}],\"inLanguage\":\"es\"},{\"@type\":\"Organization\",\"@id\":\"https:\\\/\\\/fmpatagoniamadryn.com.ar\\\/#organization\",\"name\":\"FM Patagonia Madryn\",\"url\":\"https:\\\/\\\/fmpatagoniamadryn.com.ar\\\/\",\"logo\":{\"@type\":\"ImageObject\",\"inLanguage\":\"es\",\"@id\":\"https:\\\/\\\/fmpatagoniamadryn.com.ar\\\/#\\\/schema\\\/logo\\\/image\\\/\",\"url\":\"https:\\\/\\\/fmpatagoniamadryn.com.ar\\\/wp-content\\\/uploads\\\/2023\\\/01\\\/cropped-Diseno-sin-titulo.png\",\"contentUrl\":\"https:\\\/\\\/fmpatagoniamadryn.com.ar\\\/wp-content\\\/uploads\\\/2023\\\/01\\\/cropped-Diseno-sin-titulo.png\",\"width\":6911,\"height\":2657,\"caption\":\"FM Patagonia Madryn\"},\"image\":{\"@id\":\"https:\\\/\\\/fmpatagoniamadryn.com.ar\\\/#\\\/schema\\\/logo\\\/image\\\/\"}},{\"@type\":\"Person\",\"@id\":\"https:\\\/\\\/fmpatagoniamadryn.com.ar\\\/#\\\/schema\\\/person\\\/8a3de4ad7efceacab06c1641c50303b7\",\"name\":\"FM Patagonia\",\"url\":\"https:\\\/\\\/fmpatagoniamadryn.com.ar\\\/?author=2\"}]}<\/script>\n<!-- \/ Yoast SEO plugin. -->","yoast_head_json":{"title":"Gran presentaci\u00f3n del \u201cDestino Chubut\u201d en la principal feria internacional de Brasil - FM Patagonia Madryn","robots":{"index":"index","follow":"follow","max-snippet":"max-snippet:-1","max-image-preview":"max-image-preview:large","max-video-preview":"max-video-preview:-1"},"canonical":"https:\/\/fmpatagoniamadryn.com.ar\/?p=1586","og_locale":"es_ES","og_type":"article","og_title":"Gran presentaci\u00f3n del \u201cDestino Chubut\u201d en la principal feria internacional de Brasil - FM Patagonia Madryn","og_description":"Chubut particip\u00f3 del stand institucional de Argentina junto a otros 13 destinos del pa\u00eds y 32 empresas privadas donde se brind\u00f3 informaci\u00f3n al p\u00fablico general y profesional del sector tur\u00edstico.&nbsp;&hellip;","og_url":"https:\/\/fmpatagoniamadryn.com.ar\/?p=1586","og_site_name":"FM Patagonia Madryn","article_published_time":"2023-04-07T14:28:24+00:00","article_modified_time":"2023-04-07T14:30:57+00:00","og_image":[{"width":1600,"height":900,"url":"https:\/\/fmpatagoniamadryn.com.ar\/wp-content\/uploads\/2023\/04\/Gran-presentacion-del-Destino-Chubut-al-trade-brasileno-1.jpeg","type":"image\/jpeg"}],"author":"FM Patagonia","twitter_card":"summary_large_image","twitter_misc":{"Escrito por":"FM Patagonia","Tiempo de lectura":"2 minutos"},"schema":{"@context":"https:\/\/schema.org","@graph":[{"@type":"Article","@id":"https:\/\/fmpatagoniamadryn.com.ar\/?p=1586#article","isPartOf":{"@id":"https:\/\/fmpatagoniamadryn.com.ar\/?p=1586"},"author":{"name":"FM Patagonia","@id":"https:\/\/fmpatagoniamadryn.com.ar\/#\/schema\/person\/8a3de4ad7efceacab06c1641c50303b7"},"headline":"Gran presentaci\u00f3n del \u201cDestino Chubut\u201d en la principal feria internacional de Brasil","datePublished":"2023-04-07T14:28:24+00:00","dateModified":"2023-04-07T14:30:57+00:00","mainEntityOfPage":{"@id":"https:\/\/fmpatagoniamadryn.com.ar\/?p=1586"},"wordCount":486,"publisher":{"@id":"https:\/\/fmpatagoniamadryn.com.ar\/#organization"},"image":{"@id":"https:\/\/fmpatagoniamadryn.com.ar\/?p=1586#primaryimage"},"thumbnailUrl":"https:\/\/fmpatagoniamadryn.com.ar\/wp-content\/uploads\/2023\/04\/Gran-presentacion-del-Destino-Chubut-al-trade-brasileno-1.jpeg","articleSection":["Provinciales"],"inLanguage":"es"},{"@type":"WebPage","@id":"https:\/\/fmpatagoniamadryn.com.ar\/?p=1586","url":"https:\/\/fmpatagoniamadryn.com.ar\/?p=1586","name":"Gran presentaci\u00f3n del \u201cDestino Chubut\u201d en la principal feria internacional de Brasil - FM Patagonia Madryn","isPartOf":{"@id":"https:\/\/fmpatagoniamadryn.com.ar\/#website"},"primaryImageOfPage":{"@id":"https:\/\/fmpatagoniamadryn.com.ar\/?p=1586#primaryimage"},"image":{"@id":"https:\/\/fmpatagoniamadryn.com.ar\/?p=1586#primaryimage"},"thumbnailUrl":"https:\/\/fmpatagoniamadryn.com.ar\/wp-content\/uploads\/2023\/04\/Gran-presentacion-del-Destino-Chubut-al-trade-brasileno-1.jpeg","datePublished":"2023-04-07T14:28:24+00:00","dateModified":"2023-04-07T14:30:57+00:00","breadcrumb":{"@id":"https:\/\/fmpatagoniamadryn.com.ar\/?p=1586#breadcrumb"},"inLanguage":"es","potentialAction":[{"@type":"ReadAction","target":["https:\/\/fmpatagoniamadryn.com.ar\/?p=1586"]}]},{"@type":"ImageObject","inLanguage":"es","@id":"https:\/\/fmpatagoniamadryn.com.ar\/?p=1586#primaryimage","url":"https:\/\/fmpatagoniamadryn.com.ar\/wp-content\/uploads\/2023\/04\/Gran-presentacion-del-Destino-Chubut-al-trade-brasileno-1.jpeg","contentUrl":"https:\/\/fmpatagoniamadryn.com.ar\/wp-content\/uploads\/2023\/04\/Gran-presentacion-del-Destino-Chubut-al-trade-brasileno-1.jpeg","width":1600,"height":900},{"@type":"BreadcrumbList","@id":"https:\/\/fmpatagoniamadryn.com.ar\/?p=1586#breadcrumb","itemListElement":[{"@type":"ListItem","position":1,"name":"Portada","item":"https:\/\/fmpatagoniamadryn.com.ar\/"},{"@type":"ListItem","position":2,"name":"Gran presentaci\u00f3n del \u201cDestino Chubut\u201d en la principal feria internacional de Brasil"}]},{"@type":"WebSite","@id":"https:\/\/fmpatagoniamadryn.com.ar\/#website","url":"https:\/\/fmpatagoniamadryn.com.ar\/","name":"FM Patagonia Madryn","description":"Radio Patagonia 105.5","publisher":{"@id":"https:\/\/fmpatagoniamadryn.com.ar\/#organization"},"potentialAction":[{"@type":"SearchAction","target":{"@type":"EntryPoint","urlTemplate":"https:\/\/fmpatagoniamadryn.com.ar\/?s={search_term_string}"},"query-input":{"@type":"PropertyValueSpecification","valueRequired":true,"valueName":"search_term_string"}}],"inLanguage":"es"},{"@type":"Organization","@id":"https:\/\/fmpatagoniamadryn.com.ar\/#organization","name":"FM Patagonia Madryn","url":"https:\/\/fmpatagoniamadryn.com.ar\/","logo":{"@type":"ImageObject","inLanguage":"es","@id":"https:\/\/fmpatagoniamadryn.com.ar\/#\/schema\/logo\/image\/","url":"https:\/\/fmpatagoniamadryn.com.ar\/wp-content\/uploads\/2023\/01\/cropped-Diseno-sin-titulo.png","contentUrl":"https:\/\/fmpatagoniamadryn.com.ar\/wp-content\/uploads\/2023\/01\/cropped-Diseno-sin-titulo.png","width":6911,"height":2657,"caption":"FM Patagonia Madryn"},"image":{"@id":"https:\/\/fmpatagoniamadryn.com.ar\/#\/schema\/logo\/image\/"}},{"@type":"Person","@id":"https:\/\/fmpatagoniamadryn.com.ar\/#\/schema\/person\/8a3de4ad7efceacab06c1641c50303b7","name":"FM Patagonia","url":"https:\/\/fmpatagoniamadryn.com.ar\/?author=2"}]}},"jetpack_featured_media_url":"https:\/\/fmpatagoniamadryn.com.ar\/wp-content\/uploads\/2023\/04\/Gran-presentacion-del-Destino-Chubut-al-trade-brasileno-1.jpeg","_links":{"self":[{"href":"https:\/\/fmpatagoniamadryn.com.ar\/index.php?rest_route=\/wp\/v2\/posts\/1586","targetHints":{"allow":["GET"]}}],"collection":[{"href":"https:\/\/fmpatagoniamadryn.com.ar\/index.php?rest_route=\/wp\/v2\/posts"}],"about":[{"href":"https:\/\/fmpatagoniamadryn.com.ar\/index.php?rest_route=\/wp\/v2\/types\/post"}],"author":[{"embeddable":true,"href":"https:\/\/fmpatagoniamadryn.com.ar\/index.php?rest_route=\/wp\/v2\/users\/2"}],"replies":[{"embeddable":true,"href":"https:\/\/fmpatagoniamadryn.com.ar\/index.php?rest_route=%2Fwp%2Fv2%2Fcomments&post=1586"}],"version-history":[{"count":1,"href":"https:\/\/fmpatagoniamadryn.com.ar\/index.php?rest_route=\/wp\/v2\/posts\/1586\/revisions"}],"predecessor-version":[{"id":1587,"href":"https:\/\/fmpatagoniamadryn.com.ar\/index.php?rest_route=\/wp\/v2\/posts\/1586\/revisions\/1587"}],"wp:featuredmedia":[{"embeddable":true,"href":"https:\/\/fmpatagoniamadryn.com.ar\/index.php?rest_route=\/wp\/v2\/media\/1581"}],"wp:attachment":[{"href":"https:\/\/fmpatagoniamadryn.com.ar\/index.php?rest_route=%2Fwp%2Fv2%2Fmedia&parent=1586"}],"wp:term":[{"taxonomy":"category","embeddable":true,"href":"https:\/\/fmpatagoniamadryn.com.ar\/index.php?rest_route=%2Fwp%2Fv2%2Fcategories&post=1586"},{"taxonomy":"post_tag","embeddable":true,"href":"https:\/\/fmpatagoniamadryn.com.ar\/index.php?rest_route=%2Fwp%2Fv2%2Ftags&post=1586"}],"curies":[{"name":"wp","href":"https:\/\/api.w.org\/{rel}","templated":true}]}}