{"id":1592,"date":"2023-04-08T18:29:44","date_gmt":"2023-04-08T21:29:44","guid":{"rendered":"https:\/\/fmpatagoniamadryn.com.ar\/?p=1592"},"modified":"2023-04-08T18:29:54","modified_gmt":"2023-04-08T21:29:54","slug":"se-dicto-capacitacion-sobre-especies-exoticas-invasoras-en-el-parque-nacional-lago-puelo","status":"publish","type":"post","link":"https:\/\/fmpatagoniamadryn.com.ar\/?p=1592","title":{"rendered":"Se dict\u00f3 capacitaci\u00f3n sobre especies ex\u00f3ticas invasoras en el Parque Nacional Lago Puelo"},"content":{"rendered":"\n<p>Fueron dictados en el marco del ciclo de talleres \u201cEstrategias de comunicaci\u00f3n para controlar la expansi\u00f3n de especies ex\u00f3ticas invasoras\u201d; se llevaron adelante 4 talleres y estuvieron dirigidos al p\u00fablico en general y empleados relacionados con la tem\u00e1tica ambiental. El pr\u00f3ximo encuentro ser\u00e1 en septiembre en Gobernador Costa.<br><br>El Gobierno del Chubut dict\u00f3 un ciclo de talleres denominados \u201cEstrategias de comunicaci\u00f3n para controlar la expansi\u00f3n de especies ex\u00f3ticas invasoras\u201d, en el Parque Nacional Lago Puelo<br><br>La capacitaci\u00f3n fue organizada por el Ministerio de Agricultura, Ganader\u00eda, Industria y Comercio, a trav\u00e9s de la Direcci\u00f3n de Fauna y Flora Silvestre, con la colaboraci\u00f3n del Parque Nacional Lago Puelo y el Consejo Federal de Inversiones (CFI).<br><br>Se desarrollaron 4 talleres en la Intendencia del Parque Nacional Lago Puelo y estuvieron dirigidos al p\u00fablico en general y empleados relacionados con la tem\u00e1tica ambiental. El pr\u00f3ximo encuentro ser\u00e1 en septiembre en la localidad de Gobernador Costa.<br><br>En este oportunidad, estuvieron a cargo de profesionales especialistas en cada tema expuesto: Jo Anne Smith \u2013 Flueck (Fundaci\u00f3n Shoonem) estuvo a cargo de \u201cUn taller sobre el ciervo colorado, una especie ex\u00f3tica invasora: sus impactos potenciales sobre el huemul aut\u00f3ctono y el ambiente y estrategias de control en la provincia de Chubut\u201d; Javier Sanguinetti (APN &#8211; PN Lan\u00edn) hablo sobre \u201cLa Problem\u00e1tica del jabal\u00ed como especie ex\u00f3tica invasora y sus posibles abordajes en la provincia de Chubut\u201d.<br><br>Mientras que German Horacio Cheli (CCT CENPAT CONICET &#8211; UNPSJB) expuso \u201cInsectos y ar\u00e1cnidos del norte de la Patagonia: diversidad, roles en los procesos y servicios ecosist\u00e9micos y posibles implicancias de la introducci\u00f3n de especies for\u00e1neas en la regi\u00f3n\u201d; y Laura Fasola (CONICET), \u201cVis\u00f3n Americano Neovison vison \/Neogale vison\u201d.<br><br>Adem\u00e1s participaron las veterinarias Guisella Marianne Paredes Santana y Patricia Roxana Catal\u00e1n Manquepill\u00e1n, a cargo del Programa Macrozonal del Control del Vison \u2013 SAG, Puerto Varas, Chile y Enrique Gonz\u00e1lez del Museo Natural de Historia Natural y el Guarda parques Gonzalo Nion del \u00c1rea Protegida Santa Luc\u00eda, ambos de Montevideo, Uruguay. La participaci\u00f3n de los profesionales de Chile y Uruguay result\u00f3 de un valioso aporte a las jornadas. <\/p>\n","protected":false},"excerpt":{"rendered":"<p>Fueron dictados en el marco del ciclo de talleres \u201cEstrategias de comunicaci\u00f3n para controlar la expansi\u00f3n de especies ex\u00f3ticas invasoras\u201d; se llevaron adelante 4 talleres y estuvieron dirigidos al p\u00fablico&hellip; <\/p>\n","protected":false},"author":3,"featured_media":1591,"comment_status":"closed","ping_status":"closed","sticky":false,"template":"","format":"standard","meta":{"footnotes":""},"categories":[14],"tags":[],"class_list":["post-1592","post","type-post","status-publish","format-standard","has-post-thumbnail","hentry","category-provinciales"],"yoast_head":"<!-- This site is optimized with the Yoast SEO plugin v27.4 - https:\/\/yoast.com\/product\/yoast-seo-wordpress\/ -->\n<title>Se dict\u00f3 capacitaci\u00f3n sobre especies ex\u00f3ticas invasoras en el Parque Nacional Lago Puelo - FM Patagonia Madryn<\/title>\n<meta name=\"robots\" content=\"index, follow, max-snippet:-1, max-image-preview:large, max-video-preview:-1\" \/>\n<link rel=\"canonical\" href=\"https:\/\/fmpatagoniamadryn.com.ar\/?p=1592\" \/>\n<meta property=\"og:locale\" content=\"es_ES\" \/>\n<meta property=\"og:type\" content=\"article\" \/>\n<meta property=\"og:title\" content=\"Se dict\u00f3 capacitaci\u00f3n sobre especies ex\u00f3ticas invasoras en el Parque Nacional Lago Puelo - FM Patagonia Madryn\" \/>\n<meta property=\"og:description\" content=\"Fueron dictados en el marco del ciclo de talleres \u201cEstrategias de comunicaci\u00f3n para controlar la expansi\u00f3n de especies ex\u00f3ticas invasoras\u201d; se llevaron adelante 4 talleres y estuvieron dirigidos al p\u00fablico&hellip;\" \/>\n<meta property=\"og:url\" content=\"https:\/\/fmpatagoniamadryn.com.ar\/?p=1592\" \/>\n<meta property=\"og:site_name\" content=\"FM Patagonia Madryn\" \/>\n<meta property=\"article:published_time\" content=\"2023-04-08T21:29:44+00:00\" \/>\n<meta property=\"article:modified_time\" content=\"2023-04-08T21:29:54+00:00\" \/>\n<meta property=\"og:image\" content=\"https:\/\/fmpatagoniamadryn.com.ar\/wp-content\/uploads\/2023\/04\/Capacitacion-sobre-especies-exoticas-invasoras-en-el-Parque-Nacional-Lago-Puelo-1.jpg\" \/>\n\t<meta property=\"og:image:width\" content=\"1342\" \/>\n\t<meta property=\"og:image:height\" content=\"755\" \/>\n\t<meta property=\"og:image:type\" content=\"image\/jpeg\" \/>\n<meta name=\"author\" content=\"FM Patagonia\" \/>\n<meta name=\"twitter:card\" content=\"summary_large_image\" \/>\n<meta name=\"twitter:label1\" content=\"Escrito por\" \/>\n\t<meta name=\"twitter:data1\" content=\"FM Patagonia\" \/>\n\t<meta name=\"twitter:label2\" content=\"Tiempo de lectura\" \/>\n\t<meta name=\"twitter:data2\" content=\"2 minutos\" \/>\n<script type=\"application\/ld+json\" class=\"yoast-schema-graph\">{\"@context\":\"https:\\\/\\\/schema.org\",\"@graph\":[{\"@type\":\"Article\",\"@id\":\"https:\\\/\\\/fmpatagoniamadryn.com.ar\\\/?p=1592#article\",\"isPartOf\":{\"@id\":\"https:\\\/\\\/fmpatagoniamadryn.com.ar\\\/?p=1592\"},\"author\":{\"name\":\"FM Patagonia\",\"@id\":\"https:\\\/\\\/fmpatagoniamadryn.com.ar\\\/#\\\/schema\\\/person\\\/1d968ec613613768e14b4e6420a2b125\"},\"headline\":\"Se dict\u00f3 capacitaci\u00f3n sobre especies ex\u00f3ticas invasoras en el Parque Nacional Lago Puelo\",\"datePublished\":\"2023-04-08T21:29:44+00:00\",\"dateModified\":\"2023-04-08T21:29:54+00:00\",\"mainEntityOfPage\":{\"@id\":\"https:\\\/\\\/fmpatagoniamadryn.com.ar\\\/?p=1592\"},\"wordCount\":392,\"publisher\":{\"@id\":\"https:\\\/\\\/fmpatagoniamadryn.com.ar\\\/#organization\"},\"image\":{\"@id\":\"https:\\\/\\\/fmpatagoniamadryn.com.ar\\\/?p=1592#primaryimage\"},\"thumbnailUrl\":\"https:\\\/\\\/fmpatagoniamadryn.com.ar\\\/wp-content\\\/uploads\\\/2023\\\/04\\\/Capacitacion-sobre-especies-exoticas-invasoras-en-el-Parque-Nacional-Lago-Puelo-1.jpg\",\"articleSection\":[\"Provinciales\"],\"inLanguage\":\"es\"},{\"@type\":\"WebPage\",\"@id\":\"https:\\\/\\\/fmpatagoniamadryn.com.ar\\\/?p=1592\",\"url\":\"https:\\\/\\\/fmpatagoniamadryn.com.ar\\\/?p=1592\",\"name\":\"Se dict\u00f3 capacitaci\u00f3n sobre especies ex\u00f3ticas invasoras en el Parque Nacional Lago Puelo - FM Patagonia Madryn\",\"isPartOf\":{\"@id\":\"https:\\\/\\\/fmpatagoniamadryn.com.ar\\\/#website\"},\"primaryImageOfPage\":{\"@id\":\"https:\\\/\\\/fmpatagoniamadryn.com.ar\\\/?p=1592#primaryimage\"},\"image\":{\"@id\":\"https:\\\/\\\/fmpatagoniamadryn.com.ar\\\/?p=1592#primaryimage\"},\"thumbnailUrl\":\"https:\\\/\\\/fmpatagoniamadryn.com.ar\\\/wp-content\\\/uploads\\\/2023\\\/04\\\/Capacitacion-sobre-especies-exoticas-invasoras-en-el-Parque-Nacional-Lago-Puelo-1.jpg\",\"datePublished\":\"2023-04-08T21:29:44+00:00\",\"dateModified\":\"2023-04-08T21:29:54+00:00\",\"breadcrumb\":{\"@id\":\"https:\\\/\\\/fmpatagoniamadryn.com.ar\\\/?p=1592#breadcrumb\"},\"inLanguage\":\"es\",\"potentialAction\":[{\"@type\":\"ReadAction\",\"target\":[\"https:\\\/\\\/fmpatagoniamadryn.com.ar\\\/?p=1592\"]}]},{\"@type\":\"ImageObject\",\"inLanguage\":\"es\",\"@id\":\"https:\\\/\\\/fmpatagoniamadryn.com.ar\\\/?p=1592#primaryimage\",\"url\":\"https:\\\/\\\/fmpatagoniamadryn.com.ar\\\/wp-content\\\/uploads\\\/2023\\\/04\\\/Capacitacion-sobre-especies-exoticas-invasoras-en-el-Parque-Nacional-Lago-Puelo-1.jpg\",\"contentUrl\":\"https:\\\/\\\/fmpatagoniamadryn.com.ar\\\/wp-content\\\/uploads\\\/2023\\\/04\\\/Capacitacion-sobre-especies-exoticas-invasoras-en-el-Parque-Nacional-Lago-Puelo-1.jpg\",\"width\":1342,\"height\":755},{\"@type\":\"BreadcrumbList\",\"@id\":\"https:\\\/\\\/fmpatagoniamadryn.com.ar\\\/?p=1592#breadcrumb\",\"itemListElement\":[{\"@type\":\"ListItem\",\"position\":1,\"name\":\"Portada\",\"item\":\"https:\\\/\\\/fmpatagoniamadryn.com.ar\\\/\"},{\"@type\":\"ListItem\",\"position\":2,\"name\":\"Se dict\u00f3 capacitaci\u00f3n sobre especies ex\u00f3ticas invasoras en el Parque Nacional Lago Puelo\"}]},{\"@type\":\"WebSite\",\"@id\":\"https:\\\/\\\/fmpatagoniamadryn.com.ar\\\/#website\",\"url\":\"https:\\\/\\\/fmpatagoniamadryn.com.ar\\\/\",\"name\":\"FM Patagonia Madryn\",\"description\":\"Radio Patagonia 105.5\",\"publisher\":{\"@id\":\"https:\\\/\\\/fmpatagoniamadryn.com.ar\\\/#organization\"},\"potentialAction\":[{\"@type\":\"SearchAction\",\"target\":{\"@type\":\"EntryPoint\",\"urlTemplate\":\"https:\\\/\\\/fmpatagoniamadryn.com.ar\\\/?s={search_term_string}\"},\"query-input\":{\"@type\":\"PropertyValueSpecification\",\"valueRequired\":true,\"valueName\":\"search_term_string\"}}],\"inLanguage\":\"es\"},{\"@type\":\"Organization\",\"@id\":\"https:\\\/\\\/fmpatagoniamadryn.com.ar\\\/#organization\",\"name\":\"FM Patagonia Madryn\",\"url\":\"https:\\\/\\\/fmpatagoniamadryn.com.ar\\\/\",\"logo\":{\"@type\":\"ImageObject\",\"inLanguage\":\"es\",\"@id\":\"https:\\\/\\\/fmpatagoniamadryn.com.ar\\\/#\\\/schema\\\/logo\\\/image\\\/\",\"url\":\"https:\\\/\\\/fmpatagoniamadryn.com.ar\\\/wp-content\\\/uploads\\\/2023\\\/01\\\/cropped-Diseno-sin-titulo.png\",\"contentUrl\":\"https:\\\/\\\/fmpatagoniamadryn.com.ar\\\/wp-content\\\/uploads\\\/2023\\\/01\\\/cropped-Diseno-sin-titulo.png\",\"width\":6911,\"height\":2657,\"caption\":\"FM Patagonia Madryn\"},\"image\":{\"@id\":\"https:\\\/\\\/fmpatagoniamadryn.com.ar\\\/#\\\/schema\\\/logo\\\/image\\\/\"}},{\"@type\":\"Person\",\"@id\":\"https:\\\/\\\/fmpatagoniamadryn.com.ar\\\/#\\\/schema\\\/person\\\/1d968ec613613768e14b4e6420a2b125\",\"name\":\"FM Patagonia\",\"url\":\"https:\\\/\\\/fmpatagoniamadryn.com.ar\\\/?author=3\"}]}<\/script>\n<!-- \/ Yoast SEO plugin. -->","yoast_head_json":{"title":"Se dict\u00f3 capacitaci\u00f3n sobre especies ex\u00f3ticas invasoras en el Parque Nacional Lago Puelo - FM Patagonia Madryn","robots":{"index":"index","follow":"follow","max-snippet":"max-snippet:-1","max-image-preview":"max-image-preview:large","max-video-preview":"max-video-preview:-1"},"canonical":"https:\/\/fmpatagoniamadryn.com.ar\/?p=1592","og_locale":"es_ES","og_type":"article","og_title":"Se dict\u00f3 capacitaci\u00f3n sobre especies ex\u00f3ticas invasoras en el Parque Nacional Lago Puelo - FM Patagonia Madryn","og_description":"Fueron dictados en el marco del ciclo de talleres \u201cEstrategias de comunicaci\u00f3n para controlar la expansi\u00f3n de especies ex\u00f3ticas invasoras\u201d; se llevaron adelante 4 talleres y estuvieron dirigidos al p\u00fablico&hellip;","og_url":"https:\/\/fmpatagoniamadryn.com.ar\/?p=1592","og_site_name":"FM Patagonia Madryn","article_published_time":"2023-04-08T21:29:44+00:00","article_modified_time":"2023-04-08T21:29:54+00:00","og_image":[{"width":1342,"height":755,"url":"https:\/\/fmpatagoniamadryn.com.ar\/wp-content\/uploads\/2023\/04\/Capacitacion-sobre-especies-exoticas-invasoras-en-el-Parque-Nacional-Lago-Puelo-1.jpg","type":"image\/jpeg"}],"author":"FM Patagonia","twitter_card":"summary_large_image","twitter_misc":{"Escrito por":"FM Patagonia","Tiempo de lectura":"2 minutos"},"schema":{"@context":"https:\/\/schema.org","@graph":[{"@type":"Article","@id":"https:\/\/fmpatagoniamadryn.com.ar\/?p=1592#article","isPartOf":{"@id":"https:\/\/fmpatagoniamadryn.com.ar\/?p=1592"},"author":{"name":"FM Patagonia","@id":"https:\/\/fmpatagoniamadryn.com.ar\/#\/schema\/person\/1d968ec613613768e14b4e6420a2b125"},"headline":"Se dict\u00f3 capacitaci\u00f3n sobre especies ex\u00f3ticas invasoras en el Parque Nacional Lago Puelo","datePublished":"2023-04-08T21:29:44+00:00","dateModified":"2023-04-08T21:29:54+00:00","mainEntityOfPage":{"@id":"https:\/\/fmpatagoniamadryn.com.ar\/?p=1592"},"wordCount":392,"publisher":{"@id":"https:\/\/fmpatagoniamadryn.com.ar\/#organization"},"image":{"@id":"https:\/\/fmpatagoniamadryn.com.ar\/?p=1592#primaryimage"},"thumbnailUrl":"https:\/\/fmpatagoniamadryn.com.ar\/wp-content\/uploads\/2023\/04\/Capacitacion-sobre-especies-exoticas-invasoras-en-el-Parque-Nacional-Lago-Puelo-1.jpg","articleSection":["Provinciales"],"inLanguage":"es"},{"@type":"WebPage","@id":"https:\/\/fmpatagoniamadryn.com.ar\/?p=1592","url":"https:\/\/fmpatagoniamadryn.com.ar\/?p=1592","name":"Se dict\u00f3 capacitaci\u00f3n sobre especies ex\u00f3ticas invasoras en el Parque Nacional Lago Puelo - FM Patagonia Madryn","isPartOf":{"@id":"https:\/\/fmpatagoniamadryn.com.ar\/#website"},"primaryImageOfPage":{"@id":"https:\/\/fmpatagoniamadryn.com.ar\/?p=1592#primaryimage"},"image":{"@id":"https:\/\/fmpatagoniamadryn.com.ar\/?p=1592#primaryimage"},"thumbnailUrl":"https:\/\/fmpatagoniamadryn.com.ar\/wp-content\/uploads\/2023\/04\/Capacitacion-sobre-especies-exoticas-invasoras-en-el-Parque-Nacional-Lago-Puelo-1.jpg","datePublished":"2023-04-08T21:29:44+00:00","dateModified":"2023-04-08T21:29:54+00:00","breadcrumb":{"@id":"https:\/\/fmpatagoniamadryn.com.ar\/?p=1592#breadcrumb"},"inLanguage":"es","potentialAction":[{"@type":"ReadAction","target":["https:\/\/fmpatagoniamadryn.com.ar\/?p=1592"]}]},{"@type":"ImageObject","inLanguage":"es","@id":"https:\/\/fmpatagoniamadryn.com.ar\/?p=1592#primaryimage","url":"https:\/\/fmpatagoniamadryn.com.ar\/wp-content\/uploads\/2023\/04\/Capacitacion-sobre-especies-exoticas-invasoras-en-el-Parque-Nacional-Lago-Puelo-1.jpg","contentUrl":"https:\/\/fmpatagoniamadryn.com.ar\/wp-content\/uploads\/2023\/04\/Capacitacion-sobre-especies-exoticas-invasoras-en-el-Parque-Nacional-Lago-Puelo-1.jpg","width":1342,"height":755},{"@type":"BreadcrumbList","@id":"https:\/\/fmpatagoniamadryn.com.ar\/?p=1592#breadcrumb","itemListElement":[{"@type":"ListItem","position":1,"name":"Portada","item":"https:\/\/fmpatagoniamadryn.com.ar\/"},{"@type":"ListItem","position":2,"name":"Se dict\u00f3 capacitaci\u00f3n sobre especies ex\u00f3ticas invasoras en el Parque Nacional Lago Puelo"}]},{"@type":"WebSite","@id":"https:\/\/fmpatagoniamadryn.com.ar\/#website","url":"https:\/\/fmpatagoniamadryn.com.ar\/","name":"FM Patagonia Madryn","description":"Radio Patagonia 105.5","publisher":{"@id":"https:\/\/fmpatagoniamadryn.com.ar\/#organization"},"potentialAction":[{"@type":"SearchAction","target":{"@type":"EntryPoint","urlTemplate":"https:\/\/fmpatagoniamadryn.com.ar\/?s={search_term_string}"},"query-input":{"@type":"PropertyValueSpecification","valueRequired":true,"valueName":"search_term_string"}}],"inLanguage":"es"},{"@type":"Organization","@id":"https:\/\/fmpatagoniamadryn.com.ar\/#organization","name":"FM Patagonia Madryn","url":"https:\/\/fmpatagoniamadryn.com.ar\/","logo":{"@type":"ImageObject","inLanguage":"es","@id":"https:\/\/fmpatagoniamadryn.com.ar\/#\/schema\/logo\/image\/","url":"https:\/\/fmpatagoniamadryn.com.ar\/wp-content\/uploads\/2023\/01\/cropped-Diseno-sin-titulo.png","contentUrl":"https:\/\/fmpatagoniamadryn.com.ar\/wp-content\/uploads\/2023\/01\/cropped-Diseno-sin-titulo.png","width":6911,"height":2657,"caption":"FM Patagonia Madryn"},"image":{"@id":"https:\/\/fmpatagoniamadryn.com.ar\/#\/schema\/logo\/image\/"}},{"@type":"Person","@id":"https:\/\/fmpatagoniamadryn.com.ar\/#\/schema\/person\/1d968ec613613768e14b4e6420a2b125","name":"FM Patagonia","url":"https:\/\/fmpatagoniamadryn.com.ar\/?author=3"}]}},"jetpack_featured_media_url":"https:\/\/fmpatagoniamadryn.com.ar\/wp-content\/uploads\/2023\/04\/Capacitacion-sobre-especies-exoticas-invasoras-en-el-Parque-Nacional-Lago-Puelo-1.jpg","_links":{"self":[{"href":"https:\/\/fmpatagoniamadryn.com.ar\/index.php?rest_route=\/wp\/v2\/posts\/1592","targetHints":{"allow":["GET"]}}],"collection":[{"href":"https:\/\/fmpatagoniamadryn.com.ar\/index.php?rest_route=\/wp\/v2\/posts"}],"about":[{"href":"https:\/\/fmpatagoniamadryn.com.ar\/index.php?rest_route=\/wp\/v2\/types\/post"}],"author":[{"embeddable":true,"href":"https:\/\/fmpatagoniamadryn.com.ar\/index.php?rest_route=\/wp\/v2\/users\/3"}],"replies":[{"embeddable":true,"href":"https:\/\/fmpatagoniamadryn.com.ar\/index.php?rest_route=%2Fwp%2Fv2%2Fcomments&post=1592"}],"version-history":[{"count":1,"href":"https:\/\/fmpatagoniamadryn.com.ar\/index.php?rest_route=\/wp\/v2\/posts\/1592\/revisions"}],"predecessor-version":[{"id":1593,"href":"https:\/\/fmpatagoniamadryn.com.ar\/index.php?rest_route=\/wp\/v2\/posts\/1592\/revisions\/1593"}],"wp:featuredmedia":[{"embeddable":true,"href":"https:\/\/fmpatagoniamadryn.com.ar\/index.php?rest_route=\/wp\/v2\/media\/1591"}],"wp:attachment":[{"href":"https:\/\/fmpatagoniamadryn.com.ar\/index.php?rest_route=%2Fwp%2Fv2%2Fmedia&parent=1592"}],"wp:term":[{"taxonomy":"category","embeddable":true,"href":"https:\/\/fmpatagoniamadryn.com.ar\/index.php?rest_route=%2Fwp%2Fv2%2Fcategories&post=1592"},{"taxonomy":"post_tag","embeddable":true,"href":"https:\/\/fmpatagoniamadryn.com.ar\/index.php?rest_route=%2Fwp%2Fv2%2Ftags&post=1592"}],"curies":[{"name":"wp","href":"https:\/\/api.w.org\/{rel}","templated":true}]}}