{"id":1595,"date":"2023-04-08T18:30:38","date_gmt":"2023-04-08T21:30:38","guid":{"rendered":"https:\/\/fmpatagoniamadryn.com.ar\/?p=1595"},"modified":"2023-04-08T18:30:48","modified_gmt":"2023-04-08T21:30:48","slug":"provincia-disertara-en-evenpa-2023-sobre-los-alcances-del-sello-de-distincion-origen-chubut","status":"publish","type":"post","link":"https:\/\/fmpatagoniamadryn.com.ar\/?p=1595","title":{"rendered":"Provincia disertar\u00e1 en \u2018Evenpa 2023\u2019 sobre los alcances del sello de distinci\u00f3n \u2018Origen Chubut\u2019"},"content":{"rendered":"\n<p>Esta importante exposici\u00f3n y encuentros de vinculaci\u00f3n empresarial y negocios de la Patagonia, se llevar\u00e1 adelante el pr\u00f3ximo 13 de abril en Puerto Madryn. Los interesados podr\u00e1n inscribirse en http:\/\/www.cimapatagonia.org\/capacitaciones.html.<br><br>El Gobierno del Chubut disertar\u00e1 en la 2\u00b0 Exposici\u00f3n y Encuentros de vinculaci\u00f3n empresarial y negocios de la Patagonia \u2018Evenpa 2023\u2019, en donde se expondr\u00e1 sobre los alcances del sello de distinci\u00f3n \u2018Origen Chubut\u2019.<br><br>La Provincia estar\u00e1 representada por la Subsecretar\u00eda de Industria, dependiente del Ministerio de Agricultura, Ganader\u00eda, Industria y Comercio<br><br>Cabe recordar, que el sello \u2018Origen Chubut\u2019, que distingue a los productos locales con potencial regional y exportador, representa los valores patag\u00f3nicos de sustentabilidad, calidad y origen como agregado de valor.<br><br>El evento se realizar\u00e1 el pr\u00f3ximo 13 de abril a las 17:30 horas en el auditorio A de la sede de la C\u00e1mara Industrial y Comercio Exterior de Puerto Madryn y Regi\u00f3n Patagonia (CIMA), sita en Avda. Juan XXIII Norte Nro. 1970 de esa localidad portuaria.<br><br>Los cupos son limitados. Inscripciones en http:\/\/www.cimapatagonia.org\/capacitaciones.html<\/p>\n","protected":false},"excerpt":{"rendered":"<p>Esta importante exposici\u00f3n y encuentros de vinculaci\u00f3n empresarial y negocios de la Patagonia, se llevar\u00e1 adelante el pr\u00f3ximo 13 de abril en Puerto Madryn. Los interesados podr\u00e1n inscribirse en http:\/\/www.cimapatagonia.org\/capacitaciones.html.&hellip; <\/p>\n","protected":false},"author":3,"featured_media":1594,"comment_status":"closed","ping_status":"closed","sticky":false,"template":"","format":"standard","meta":{"footnotes":""},"categories":[14],"tags":[],"class_list":["post-1595","post","type-post","status-publish","format-standard","has-post-thumbnail","hentry","category-provinciales"],"yoast_head":"<!-- This site is optimized with the Yoast SEO plugin v27.4 - https:\/\/yoast.com\/product\/yoast-seo-wordpress\/ -->\n<title>Provincia disertar\u00e1 en \u2018Evenpa 2023\u2019 sobre los alcances del sello de distinci\u00f3n \u2018Origen Chubut\u2019 - FM Patagonia Madryn<\/title>\n<meta name=\"robots\" content=\"index, follow, max-snippet:-1, max-image-preview:large, max-video-preview:-1\" \/>\n<link rel=\"canonical\" href=\"https:\/\/fmpatagoniamadryn.com.ar\/?p=1595\" \/>\n<meta property=\"og:locale\" content=\"es_ES\" \/>\n<meta property=\"og:type\" content=\"article\" \/>\n<meta property=\"og:title\" content=\"Provincia disertar\u00e1 en \u2018Evenpa 2023\u2019 sobre los alcances del sello de distinci\u00f3n \u2018Origen Chubut\u2019 - FM Patagonia Madryn\" \/>\n<meta property=\"og:description\" content=\"Esta importante exposici\u00f3n y encuentros de vinculaci\u00f3n empresarial y negocios de la Patagonia, se llevar\u00e1 adelante el pr\u00f3ximo 13 de abril en Puerto Madryn. Los interesados podr\u00e1n inscribirse en http:\/\/www.cimapatagonia.org\/capacitaciones.html.&hellip;\" \/>\n<meta property=\"og:url\" content=\"https:\/\/fmpatagoniamadryn.com.ar\/?p=1595\" \/>\n<meta property=\"og:site_name\" content=\"FM Patagonia Madryn\" \/>\n<meta property=\"article:published_time\" content=\"2023-04-08T21:30:38+00:00\" \/>\n<meta property=\"article:modified_time\" content=\"2023-04-08T21:30:48+00:00\" \/>\n<meta property=\"og:image\" content=\"https:\/\/fmpatagoniamadryn.com.ar\/wp-content\/uploads\/2023\/04\/Evenpa-2023.-Origen-Chubut.jpg\" \/>\n\t<meta property=\"og:image:width\" content=\"1121\" \/>\n\t<meta property=\"og:image:height\" content=\"793\" \/>\n\t<meta property=\"og:image:type\" content=\"image\/jpeg\" \/>\n<meta name=\"author\" content=\"FM Patagonia\" \/>\n<meta name=\"twitter:card\" content=\"summary_large_image\" \/>\n<meta name=\"twitter:label1\" content=\"Escrito por\" \/>\n\t<meta name=\"twitter:data1\" content=\"FM Patagonia\" \/>\n\t<meta name=\"twitter:label2\" content=\"Tiempo de lectura\" \/>\n\t<meta name=\"twitter:data2\" content=\"1 minuto\" \/>\n<script type=\"application\/ld+json\" class=\"yoast-schema-graph\">{\"@context\":\"https:\\\/\\\/schema.org\",\"@graph\":[{\"@type\":\"Article\",\"@id\":\"https:\\\/\\\/fmpatagoniamadryn.com.ar\\\/?p=1595#article\",\"isPartOf\":{\"@id\":\"https:\\\/\\\/fmpatagoniamadryn.com.ar\\\/?p=1595\"},\"author\":{\"name\":\"FM Patagonia\",\"@id\":\"https:\\\/\\\/fmpatagoniamadryn.com.ar\\\/#\\\/schema\\\/person\\\/1d968ec613613768e14b4e6420a2b125\"},\"headline\":\"Provincia disertar\u00e1 en \u2018Evenpa 2023\u2019 sobre los alcances del sello de distinci\u00f3n \u2018Origen Chubut\u2019\",\"datePublished\":\"2023-04-08T21:30:38+00:00\",\"dateModified\":\"2023-04-08T21:30:48+00:00\",\"mainEntityOfPage\":{\"@id\":\"https:\\\/\\\/fmpatagoniamadryn.com.ar\\\/?p=1595\"},\"wordCount\":197,\"publisher\":{\"@id\":\"https:\\\/\\\/fmpatagoniamadryn.com.ar\\\/#organization\"},\"image\":{\"@id\":\"https:\\\/\\\/fmpatagoniamadryn.com.ar\\\/?p=1595#primaryimage\"},\"thumbnailUrl\":\"https:\\\/\\\/fmpatagoniamadryn.com.ar\\\/wp-content\\\/uploads\\\/2023\\\/04\\\/Evenpa-2023.-Origen-Chubut.jpg\",\"articleSection\":[\"Provinciales\"],\"inLanguage\":\"es\"},{\"@type\":\"WebPage\",\"@id\":\"https:\\\/\\\/fmpatagoniamadryn.com.ar\\\/?p=1595\",\"url\":\"https:\\\/\\\/fmpatagoniamadryn.com.ar\\\/?p=1595\",\"name\":\"Provincia disertar\u00e1 en \u2018Evenpa 2023\u2019 sobre los alcances del sello de distinci\u00f3n \u2018Origen Chubut\u2019 - FM Patagonia Madryn\",\"isPartOf\":{\"@id\":\"https:\\\/\\\/fmpatagoniamadryn.com.ar\\\/#website\"},\"primaryImageOfPage\":{\"@id\":\"https:\\\/\\\/fmpatagoniamadryn.com.ar\\\/?p=1595#primaryimage\"},\"image\":{\"@id\":\"https:\\\/\\\/fmpatagoniamadryn.com.ar\\\/?p=1595#primaryimage\"},\"thumbnailUrl\":\"https:\\\/\\\/fmpatagoniamadryn.com.ar\\\/wp-content\\\/uploads\\\/2023\\\/04\\\/Evenpa-2023.-Origen-Chubut.jpg\",\"datePublished\":\"2023-04-08T21:30:38+00:00\",\"dateModified\":\"2023-04-08T21:30:48+00:00\",\"breadcrumb\":{\"@id\":\"https:\\\/\\\/fmpatagoniamadryn.com.ar\\\/?p=1595#breadcrumb\"},\"inLanguage\":\"es\",\"potentialAction\":[{\"@type\":\"ReadAction\",\"target\":[\"https:\\\/\\\/fmpatagoniamadryn.com.ar\\\/?p=1595\"]}]},{\"@type\":\"ImageObject\",\"inLanguage\":\"es\",\"@id\":\"https:\\\/\\\/fmpatagoniamadryn.com.ar\\\/?p=1595#primaryimage\",\"url\":\"https:\\\/\\\/fmpatagoniamadryn.com.ar\\\/wp-content\\\/uploads\\\/2023\\\/04\\\/Evenpa-2023.-Origen-Chubut.jpg\",\"contentUrl\":\"https:\\\/\\\/fmpatagoniamadryn.com.ar\\\/wp-content\\\/uploads\\\/2023\\\/04\\\/Evenpa-2023.-Origen-Chubut.jpg\",\"width\":1121,\"height\":793},{\"@type\":\"BreadcrumbList\",\"@id\":\"https:\\\/\\\/fmpatagoniamadryn.com.ar\\\/?p=1595#breadcrumb\",\"itemListElement\":[{\"@type\":\"ListItem\",\"position\":1,\"name\":\"Portada\",\"item\":\"https:\\\/\\\/fmpatagoniamadryn.com.ar\\\/\"},{\"@type\":\"ListItem\",\"position\":2,\"name\":\"Provincia disertar\u00e1 en \u2018Evenpa 2023\u2019 sobre los alcances del sello de distinci\u00f3n \u2018Origen Chubut\u2019\"}]},{\"@type\":\"WebSite\",\"@id\":\"https:\\\/\\\/fmpatagoniamadryn.com.ar\\\/#website\",\"url\":\"https:\\\/\\\/fmpatagoniamadryn.com.ar\\\/\",\"name\":\"FM Patagonia Madryn\",\"description\":\"Radio Patagonia 105.5\",\"publisher\":{\"@id\":\"https:\\\/\\\/fmpatagoniamadryn.com.ar\\\/#organization\"},\"potentialAction\":[{\"@type\":\"SearchAction\",\"target\":{\"@type\":\"EntryPoint\",\"urlTemplate\":\"https:\\\/\\\/fmpatagoniamadryn.com.ar\\\/?s={search_term_string}\"},\"query-input\":{\"@type\":\"PropertyValueSpecification\",\"valueRequired\":true,\"valueName\":\"search_term_string\"}}],\"inLanguage\":\"es\"},{\"@type\":\"Organization\",\"@id\":\"https:\\\/\\\/fmpatagoniamadryn.com.ar\\\/#organization\",\"name\":\"FM Patagonia Madryn\",\"url\":\"https:\\\/\\\/fmpatagoniamadryn.com.ar\\\/\",\"logo\":{\"@type\":\"ImageObject\",\"inLanguage\":\"es\",\"@id\":\"https:\\\/\\\/fmpatagoniamadryn.com.ar\\\/#\\\/schema\\\/logo\\\/image\\\/\",\"url\":\"https:\\\/\\\/fmpatagoniamadryn.com.ar\\\/wp-content\\\/uploads\\\/2023\\\/01\\\/cropped-Diseno-sin-titulo.png\",\"contentUrl\":\"https:\\\/\\\/fmpatagoniamadryn.com.ar\\\/wp-content\\\/uploads\\\/2023\\\/01\\\/cropped-Diseno-sin-titulo.png\",\"width\":6911,\"height\":2657,\"caption\":\"FM Patagonia Madryn\"},\"image\":{\"@id\":\"https:\\\/\\\/fmpatagoniamadryn.com.ar\\\/#\\\/schema\\\/logo\\\/image\\\/\"}},{\"@type\":\"Person\",\"@id\":\"https:\\\/\\\/fmpatagoniamadryn.com.ar\\\/#\\\/schema\\\/person\\\/1d968ec613613768e14b4e6420a2b125\",\"name\":\"FM Patagonia\",\"url\":\"https:\\\/\\\/fmpatagoniamadryn.com.ar\\\/?author=3\"}]}<\/script>\n<!-- \/ Yoast SEO plugin. -->","yoast_head_json":{"title":"Provincia disertar\u00e1 en \u2018Evenpa 2023\u2019 sobre los alcances del sello de distinci\u00f3n \u2018Origen Chubut\u2019 - FM Patagonia Madryn","robots":{"index":"index","follow":"follow","max-snippet":"max-snippet:-1","max-image-preview":"max-image-preview:large","max-video-preview":"max-video-preview:-1"},"canonical":"https:\/\/fmpatagoniamadryn.com.ar\/?p=1595","og_locale":"es_ES","og_type":"article","og_title":"Provincia disertar\u00e1 en \u2018Evenpa 2023\u2019 sobre los alcances del sello de distinci\u00f3n \u2018Origen Chubut\u2019 - FM Patagonia Madryn","og_description":"Esta importante exposici\u00f3n y encuentros de vinculaci\u00f3n empresarial y negocios de la Patagonia, se llevar\u00e1 adelante el pr\u00f3ximo 13 de abril en Puerto Madryn. Los interesados podr\u00e1n inscribirse en http:\/\/www.cimapatagonia.org\/capacitaciones.html.&hellip;","og_url":"https:\/\/fmpatagoniamadryn.com.ar\/?p=1595","og_site_name":"FM Patagonia Madryn","article_published_time":"2023-04-08T21:30:38+00:00","article_modified_time":"2023-04-08T21:30:48+00:00","og_image":[{"width":1121,"height":793,"url":"https:\/\/fmpatagoniamadryn.com.ar\/wp-content\/uploads\/2023\/04\/Evenpa-2023.-Origen-Chubut.jpg","type":"image\/jpeg"}],"author":"FM Patagonia","twitter_card":"summary_large_image","twitter_misc":{"Escrito por":"FM Patagonia","Tiempo de lectura":"1 minuto"},"schema":{"@context":"https:\/\/schema.org","@graph":[{"@type":"Article","@id":"https:\/\/fmpatagoniamadryn.com.ar\/?p=1595#article","isPartOf":{"@id":"https:\/\/fmpatagoniamadryn.com.ar\/?p=1595"},"author":{"name":"FM Patagonia","@id":"https:\/\/fmpatagoniamadryn.com.ar\/#\/schema\/person\/1d968ec613613768e14b4e6420a2b125"},"headline":"Provincia disertar\u00e1 en \u2018Evenpa 2023\u2019 sobre los alcances del sello de distinci\u00f3n \u2018Origen Chubut\u2019","datePublished":"2023-04-08T21:30:38+00:00","dateModified":"2023-04-08T21:30:48+00:00","mainEntityOfPage":{"@id":"https:\/\/fmpatagoniamadryn.com.ar\/?p=1595"},"wordCount":197,"publisher":{"@id":"https:\/\/fmpatagoniamadryn.com.ar\/#organization"},"image":{"@id":"https:\/\/fmpatagoniamadryn.com.ar\/?p=1595#primaryimage"},"thumbnailUrl":"https:\/\/fmpatagoniamadryn.com.ar\/wp-content\/uploads\/2023\/04\/Evenpa-2023.-Origen-Chubut.jpg","articleSection":["Provinciales"],"inLanguage":"es"},{"@type":"WebPage","@id":"https:\/\/fmpatagoniamadryn.com.ar\/?p=1595","url":"https:\/\/fmpatagoniamadryn.com.ar\/?p=1595","name":"Provincia disertar\u00e1 en \u2018Evenpa 2023\u2019 sobre los alcances del sello de distinci\u00f3n \u2018Origen Chubut\u2019 - FM Patagonia Madryn","isPartOf":{"@id":"https:\/\/fmpatagoniamadryn.com.ar\/#website"},"primaryImageOfPage":{"@id":"https:\/\/fmpatagoniamadryn.com.ar\/?p=1595#primaryimage"},"image":{"@id":"https:\/\/fmpatagoniamadryn.com.ar\/?p=1595#primaryimage"},"thumbnailUrl":"https:\/\/fmpatagoniamadryn.com.ar\/wp-content\/uploads\/2023\/04\/Evenpa-2023.-Origen-Chubut.jpg","datePublished":"2023-04-08T21:30:38+00:00","dateModified":"2023-04-08T21:30:48+00:00","breadcrumb":{"@id":"https:\/\/fmpatagoniamadryn.com.ar\/?p=1595#breadcrumb"},"inLanguage":"es","potentialAction":[{"@type":"ReadAction","target":["https:\/\/fmpatagoniamadryn.com.ar\/?p=1595"]}]},{"@type":"ImageObject","inLanguage":"es","@id":"https:\/\/fmpatagoniamadryn.com.ar\/?p=1595#primaryimage","url":"https:\/\/fmpatagoniamadryn.com.ar\/wp-content\/uploads\/2023\/04\/Evenpa-2023.-Origen-Chubut.jpg","contentUrl":"https:\/\/fmpatagoniamadryn.com.ar\/wp-content\/uploads\/2023\/04\/Evenpa-2023.-Origen-Chubut.jpg","width":1121,"height":793},{"@type":"BreadcrumbList","@id":"https:\/\/fmpatagoniamadryn.com.ar\/?p=1595#breadcrumb","itemListElement":[{"@type":"ListItem","position":1,"name":"Portada","item":"https:\/\/fmpatagoniamadryn.com.ar\/"},{"@type":"ListItem","position":2,"name":"Provincia disertar\u00e1 en \u2018Evenpa 2023\u2019 sobre los alcances del sello de distinci\u00f3n \u2018Origen Chubut\u2019"}]},{"@type":"WebSite","@id":"https:\/\/fmpatagoniamadryn.com.ar\/#website","url":"https:\/\/fmpatagoniamadryn.com.ar\/","name":"FM Patagonia Madryn","description":"Radio Patagonia 105.5","publisher":{"@id":"https:\/\/fmpatagoniamadryn.com.ar\/#organization"},"potentialAction":[{"@type":"SearchAction","target":{"@type":"EntryPoint","urlTemplate":"https:\/\/fmpatagoniamadryn.com.ar\/?s={search_term_string}"},"query-input":{"@type":"PropertyValueSpecification","valueRequired":true,"valueName":"search_term_string"}}],"inLanguage":"es"},{"@type":"Organization","@id":"https:\/\/fmpatagoniamadryn.com.ar\/#organization","name":"FM Patagonia Madryn","url":"https:\/\/fmpatagoniamadryn.com.ar\/","logo":{"@type":"ImageObject","inLanguage":"es","@id":"https:\/\/fmpatagoniamadryn.com.ar\/#\/schema\/logo\/image\/","url":"https:\/\/fmpatagoniamadryn.com.ar\/wp-content\/uploads\/2023\/01\/cropped-Diseno-sin-titulo.png","contentUrl":"https:\/\/fmpatagoniamadryn.com.ar\/wp-content\/uploads\/2023\/01\/cropped-Diseno-sin-titulo.png","width":6911,"height":2657,"caption":"FM Patagonia Madryn"},"image":{"@id":"https:\/\/fmpatagoniamadryn.com.ar\/#\/schema\/logo\/image\/"}},{"@type":"Person","@id":"https:\/\/fmpatagoniamadryn.com.ar\/#\/schema\/person\/1d968ec613613768e14b4e6420a2b125","name":"FM Patagonia","url":"https:\/\/fmpatagoniamadryn.com.ar\/?author=3"}]}},"jetpack_featured_media_url":"https:\/\/fmpatagoniamadryn.com.ar\/wp-content\/uploads\/2023\/04\/Evenpa-2023.-Origen-Chubut.jpg","_links":{"self":[{"href":"https:\/\/fmpatagoniamadryn.com.ar\/index.php?rest_route=\/wp\/v2\/posts\/1595","targetHints":{"allow":["GET"]}}],"collection":[{"href":"https:\/\/fmpatagoniamadryn.com.ar\/index.php?rest_route=\/wp\/v2\/posts"}],"about":[{"href":"https:\/\/fmpatagoniamadryn.com.ar\/index.php?rest_route=\/wp\/v2\/types\/post"}],"author":[{"embeddable":true,"href":"https:\/\/fmpatagoniamadryn.com.ar\/index.php?rest_route=\/wp\/v2\/users\/3"}],"replies":[{"embeddable":true,"href":"https:\/\/fmpatagoniamadryn.com.ar\/index.php?rest_route=%2Fwp%2Fv2%2Fcomments&post=1595"}],"version-history":[{"count":1,"href":"https:\/\/fmpatagoniamadryn.com.ar\/index.php?rest_route=\/wp\/v2\/posts\/1595\/revisions"}],"predecessor-version":[{"id":1596,"href":"https:\/\/fmpatagoniamadryn.com.ar\/index.php?rest_route=\/wp\/v2\/posts\/1595\/revisions\/1596"}],"wp:featuredmedia":[{"embeddable":true,"href":"https:\/\/fmpatagoniamadryn.com.ar\/index.php?rest_route=\/wp\/v2\/media\/1594"}],"wp:attachment":[{"href":"https:\/\/fmpatagoniamadryn.com.ar\/index.php?rest_route=%2Fwp%2Fv2%2Fmedia&parent=1595"}],"wp:term":[{"taxonomy":"category","embeddable":true,"href":"https:\/\/fmpatagoniamadryn.com.ar\/index.php?rest_route=%2Fwp%2Fv2%2Fcategories&post=1595"},{"taxonomy":"post_tag","embeddable":true,"href":"https:\/\/fmpatagoniamadryn.com.ar\/index.php?rest_route=%2Fwp%2Fv2%2Ftags&post=1595"}],"curies":[{"name":"wp","href":"https:\/\/api.w.org\/{rel}","templated":true}]}}