{"id":1601,"date":"2023-04-08T18:32:01","date_gmt":"2023-04-08T21:32:01","guid":{"rendered":"https:\/\/fmpatagoniamadryn.com.ar\/?p=1601"},"modified":"2023-04-08T18:32:27","modified_gmt":"2023-04-08T21:32:27","slug":"el-intendente-recorrio-la-feria-de-los-pescadores-artesanales-jose-maria-lobo-orensanz","status":"publish","type":"post","link":"https:\/\/fmpatagoniamadryn.com.ar\/?p=1601","title":{"rendered":"EL INTENDENTE RECORRI\u00d3 LA FERIA DE LOS PESCADORES ARTESANALES \u201cJOS\u00c9 MAR\u00cdA LOBO ORENSANZ\u201d"},"content":{"rendered":"\n<p>Gustavo Sastre estuvo en el Play\u00f3n Recreativo, en el ingreso al Muelle \u201cLuis Piedra Buena\u201d, donde visit\u00f3 a cada uno de los trabajadores que est\u00e1n en los diferentes stands, en el marco de la 19\u00aa edici\u00f3n de esta tradicional propuesta<br><br> <br><br> <br><br>El intendente de Puerto Madryn, Gustavo Sastre, estuvo presente hoy en el Play\u00f3n Recreativo del Muelle \u201cLuis Piedra Buena\u201d, donde se est\u00e1 llevando a cabo la XIX edici\u00f3n de la Feria de los Pescadores Artesanales \u201cJos\u00e9 Mar\u00eda Lobo Orensanz\u201d, donde pudo dialogar y saludar a cada uno de los trabajadores que estaba en el lugar.<br><br> <br><br>Con un gran marco de p\u00fablico, esta tradicional propuesta de Puerto Madryn cont\u00f3 con la presencia de miles de vecinos y turistas que disfrutaron de las diferentes ofertas gastron\u00f3micas, culturales y de recreaci\u00f3n. Adem\u00e1s, el cierre de esta noche ser\u00e1 con el show musical de \u201cLa Zona\u201d, que ser\u00e1 un festival solidario por el Comedor Infantil.<br><br> <br><br>Cabe destacar que la organizaci\u00f3n estuvo a cargo de la Asociaci\u00f3n de Pescadores Artesanales local y el Municipio, mientras que en esta edici\u00f3n se cont\u00f3 con la colaboraci\u00f3n y el auspicio del Ente Mixto de Promoci\u00f3n Tur\u00edstica y la Administraci\u00f3n Portuaria de Puerto Madryn.<br><br> <br><br>Gran concurrencia<br><br> <br><br>Al respecto, el Intendente dijo: \u201cHoy recorrimos el Play\u00f3n Recreativo de Puerto Madryn, donde estamos desarrollando la 19\u00aa edici\u00f3n de la Feria de los Pescadores \u2018Jos\u00e9 Mar\u00eda Lobo Orensanz\u2019, una tradicional propuesta para nuestra ciudad, que se suma al gran abanico de alternativas con las que contamos en Semana Santa\u201d.<br><br> <br><br>Adem\u00e1s, el Jefe Comunal agreg\u00f3: \u201cEn nuestra recorrida por todos y cada uno de los stands de la feria pudimos dialogar con quienes est\u00e1n trabajando all\u00ed y nos llena de satisfacci\u00f3n saber y escuchar en primera persona que est\u00e1n teniendo excelentes resultados, ya que eso es lo que buscamos con este tipo de iniciativas, sumado al poder contar con atractivos y propuestas para nuestros vecinos y para quienes nos visitan\u201d.<br><br> <br><br>Los presentes<br><br> <br><br>En la recorrida por la Feria de los Pescadores Artesanales, Sastre estuvo acompa\u00f1ado por la secretaria de Turismo, Cecilia Pavia.<\/p>\n","protected":false},"excerpt":{"rendered":"<p>Gustavo Sastre estuvo en el Play\u00f3n Recreativo, en el ingreso al Muelle \u201cLuis Piedra Buena\u201d, donde visit\u00f3 a cada uno de los trabajadores que est\u00e1n en los diferentes stands, en&hellip; <\/p>\n","protected":false},"author":3,"featured_media":1600,"comment_status":"closed","ping_status":"closed","sticky":false,"template":"","format":"standard","meta":{"footnotes":""},"categories":[15],"tags":[],"class_list":["post-1601","post","type-post","status-publish","format-standard","has-post-thumbnail","hentry","category-locales"],"yoast_head":"<!-- This site is optimized with the Yoast SEO plugin v27.4 - https:\/\/yoast.com\/product\/yoast-seo-wordpress\/ -->\n<title>EL INTENDENTE RECORRI\u00d3 LA FERIA DE LOS PESCADORES ARTESANALES \u201cJOS\u00c9 MAR\u00cdA LOBO ORENSANZ\u201d - FM Patagonia Madryn<\/title>\n<meta name=\"robots\" content=\"index, follow, max-snippet:-1, max-image-preview:large, max-video-preview:-1\" \/>\n<link rel=\"canonical\" href=\"https:\/\/fmpatagoniamadryn.com.ar\/?p=1601\" \/>\n<meta property=\"og:locale\" content=\"es_ES\" \/>\n<meta property=\"og:type\" content=\"article\" \/>\n<meta property=\"og:title\" content=\"EL INTENDENTE RECORRI\u00d3 LA FERIA DE LOS PESCADORES ARTESANALES \u201cJOS\u00c9 MAR\u00cdA LOBO ORENSANZ\u201d - FM Patagonia Madryn\" \/>\n<meta property=\"og:description\" content=\"Gustavo Sastre estuvo en el Play\u00f3n Recreativo, en el ingreso al Muelle \u201cLuis Piedra Buena\u201d, donde visit\u00f3 a cada uno de los trabajadores que est\u00e1n en los diferentes stands, en&hellip;\" \/>\n<meta property=\"og:url\" content=\"https:\/\/fmpatagoniamadryn.com.ar\/?p=1601\" \/>\n<meta property=\"og:site_name\" content=\"FM Patagonia Madryn\" \/>\n<meta property=\"article:published_time\" content=\"2023-04-08T21:32:01+00:00\" \/>\n<meta property=\"article:modified_time\" content=\"2023-04-08T21:32:27+00:00\" \/>\n<meta property=\"og:image\" content=\"https:\/\/fmpatagoniamadryn.com.ar\/wp-content\/uploads\/2023\/04\/IMG_5305-scaled.jpeg\" \/>\n\t<meta property=\"og:image:width\" content=\"2560\" \/>\n\t<meta property=\"og:image:height\" content=\"1920\" \/>\n\t<meta property=\"og:image:type\" content=\"image\/jpeg\" \/>\n<meta name=\"author\" content=\"FM Patagonia\" \/>\n<meta name=\"twitter:card\" content=\"summary_large_image\" \/>\n<meta name=\"twitter:label1\" content=\"Escrito por\" \/>\n\t<meta name=\"twitter:data1\" content=\"FM Patagonia\" \/>\n\t<meta name=\"twitter:label2\" content=\"Tiempo de lectura\" \/>\n\t<meta name=\"twitter:data2\" content=\"2 minutos\" \/>\n<script type=\"application\/ld+json\" class=\"yoast-schema-graph\">{\"@context\":\"https:\\\/\\\/schema.org\",\"@graph\":[{\"@type\":\"Article\",\"@id\":\"https:\\\/\\\/fmpatagoniamadryn.com.ar\\\/?p=1601#article\",\"isPartOf\":{\"@id\":\"https:\\\/\\\/fmpatagoniamadryn.com.ar\\\/?p=1601\"},\"author\":{\"name\":\"FM Patagonia\",\"@id\":\"https:\\\/\\\/fmpatagoniamadryn.com.ar\\\/#\\\/schema\\\/person\\\/1d968ec613613768e14b4e6420a2b125\"},\"headline\":\"EL INTENDENTE RECORRI\u00d3 LA FERIA DE LOS PESCADORES ARTESANALES \u201cJOS\u00c9 MAR\u00cdA LOBO ORENSANZ\u201d\",\"datePublished\":\"2023-04-08T21:32:01+00:00\",\"dateModified\":\"2023-04-08T21:32:27+00:00\",\"mainEntityOfPage\":{\"@id\":\"https:\\\/\\\/fmpatagoniamadryn.com.ar\\\/?p=1601\"},\"wordCount\":376,\"publisher\":{\"@id\":\"https:\\\/\\\/fmpatagoniamadryn.com.ar\\\/#organization\"},\"image\":{\"@id\":\"https:\\\/\\\/fmpatagoniamadryn.com.ar\\\/?p=1601#primaryimage\"},\"thumbnailUrl\":\"https:\\\/\\\/fmpatagoniamadryn.com.ar\\\/wp-content\\\/uploads\\\/2023\\\/04\\\/IMG_5305-scaled.jpeg\",\"articleSection\":[\"Locales\"],\"inLanguage\":\"es\"},{\"@type\":\"WebPage\",\"@id\":\"https:\\\/\\\/fmpatagoniamadryn.com.ar\\\/?p=1601\",\"url\":\"https:\\\/\\\/fmpatagoniamadryn.com.ar\\\/?p=1601\",\"name\":\"EL INTENDENTE RECORRI\u00d3 LA FERIA DE LOS PESCADORES ARTESANALES \u201cJOS\u00c9 MAR\u00cdA LOBO ORENSANZ\u201d - FM Patagonia Madryn\",\"isPartOf\":{\"@id\":\"https:\\\/\\\/fmpatagoniamadryn.com.ar\\\/#website\"},\"primaryImageOfPage\":{\"@id\":\"https:\\\/\\\/fmpatagoniamadryn.com.ar\\\/?p=1601#primaryimage\"},\"image\":{\"@id\":\"https:\\\/\\\/fmpatagoniamadryn.com.ar\\\/?p=1601#primaryimage\"},\"thumbnailUrl\":\"https:\\\/\\\/fmpatagoniamadryn.com.ar\\\/wp-content\\\/uploads\\\/2023\\\/04\\\/IMG_5305-scaled.jpeg\",\"datePublished\":\"2023-04-08T21:32:01+00:00\",\"dateModified\":\"2023-04-08T21:32:27+00:00\",\"breadcrumb\":{\"@id\":\"https:\\\/\\\/fmpatagoniamadryn.com.ar\\\/?p=1601#breadcrumb\"},\"inLanguage\":\"es\",\"potentialAction\":[{\"@type\":\"ReadAction\",\"target\":[\"https:\\\/\\\/fmpatagoniamadryn.com.ar\\\/?p=1601\"]}]},{\"@type\":\"ImageObject\",\"inLanguage\":\"es\",\"@id\":\"https:\\\/\\\/fmpatagoniamadryn.com.ar\\\/?p=1601#primaryimage\",\"url\":\"https:\\\/\\\/fmpatagoniamadryn.com.ar\\\/wp-content\\\/uploads\\\/2023\\\/04\\\/IMG_5305-scaled.jpeg\",\"contentUrl\":\"https:\\\/\\\/fmpatagoniamadryn.com.ar\\\/wp-content\\\/uploads\\\/2023\\\/04\\\/IMG_5305-scaled.jpeg\",\"width\":2560,\"height\":1920},{\"@type\":\"BreadcrumbList\",\"@id\":\"https:\\\/\\\/fmpatagoniamadryn.com.ar\\\/?p=1601#breadcrumb\",\"itemListElement\":[{\"@type\":\"ListItem\",\"position\":1,\"name\":\"Portada\",\"item\":\"https:\\\/\\\/fmpatagoniamadryn.com.ar\\\/\"},{\"@type\":\"ListItem\",\"position\":2,\"name\":\"EL INTENDENTE RECORRI\u00d3 LA FERIA DE LOS PESCADORES ARTESANALES \u201cJOS\u00c9 MAR\u00cdA LOBO ORENSANZ\u201d\"}]},{\"@type\":\"WebSite\",\"@id\":\"https:\\\/\\\/fmpatagoniamadryn.com.ar\\\/#website\",\"url\":\"https:\\\/\\\/fmpatagoniamadryn.com.ar\\\/\",\"name\":\"FM Patagonia Madryn\",\"description\":\"Radio Patagonia 105.5\",\"publisher\":{\"@id\":\"https:\\\/\\\/fmpatagoniamadryn.com.ar\\\/#organization\"},\"potentialAction\":[{\"@type\":\"SearchAction\",\"target\":{\"@type\":\"EntryPoint\",\"urlTemplate\":\"https:\\\/\\\/fmpatagoniamadryn.com.ar\\\/?s={search_term_string}\"},\"query-input\":{\"@type\":\"PropertyValueSpecification\",\"valueRequired\":true,\"valueName\":\"search_term_string\"}}],\"inLanguage\":\"es\"},{\"@type\":\"Organization\",\"@id\":\"https:\\\/\\\/fmpatagoniamadryn.com.ar\\\/#organization\",\"name\":\"FM Patagonia Madryn\",\"url\":\"https:\\\/\\\/fmpatagoniamadryn.com.ar\\\/\",\"logo\":{\"@type\":\"ImageObject\",\"inLanguage\":\"es\",\"@id\":\"https:\\\/\\\/fmpatagoniamadryn.com.ar\\\/#\\\/schema\\\/logo\\\/image\\\/\",\"url\":\"https:\\\/\\\/fmpatagoniamadryn.com.ar\\\/wp-content\\\/uploads\\\/2023\\\/01\\\/cropped-Diseno-sin-titulo.png\",\"contentUrl\":\"https:\\\/\\\/fmpatagoniamadryn.com.ar\\\/wp-content\\\/uploads\\\/2023\\\/01\\\/cropped-Diseno-sin-titulo.png\",\"width\":6911,\"height\":2657,\"caption\":\"FM Patagonia Madryn\"},\"image\":{\"@id\":\"https:\\\/\\\/fmpatagoniamadryn.com.ar\\\/#\\\/schema\\\/logo\\\/image\\\/\"}},{\"@type\":\"Person\",\"@id\":\"https:\\\/\\\/fmpatagoniamadryn.com.ar\\\/#\\\/schema\\\/person\\\/1d968ec613613768e14b4e6420a2b125\",\"name\":\"FM Patagonia\",\"url\":\"https:\\\/\\\/fmpatagoniamadryn.com.ar\\\/?author=3\"}]}<\/script>\n<!-- \/ Yoast SEO plugin. -->","yoast_head_json":{"title":"EL INTENDENTE RECORRI\u00d3 LA FERIA DE LOS PESCADORES ARTESANALES \u201cJOS\u00c9 MAR\u00cdA LOBO ORENSANZ\u201d - FM Patagonia Madryn","robots":{"index":"index","follow":"follow","max-snippet":"max-snippet:-1","max-image-preview":"max-image-preview:large","max-video-preview":"max-video-preview:-1"},"canonical":"https:\/\/fmpatagoniamadryn.com.ar\/?p=1601","og_locale":"es_ES","og_type":"article","og_title":"EL INTENDENTE RECORRI\u00d3 LA FERIA DE LOS PESCADORES ARTESANALES \u201cJOS\u00c9 MAR\u00cdA LOBO ORENSANZ\u201d - FM Patagonia Madryn","og_description":"Gustavo Sastre estuvo en el Play\u00f3n Recreativo, en el ingreso al Muelle \u201cLuis Piedra Buena\u201d, donde visit\u00f3 a cada uno de los trabajadores que est\u00e1n en los diferentes stands, en&hellip;","og_url":"https:\/\/fmpatagoniamadryn.com.ar\/?p=1601","og_site_name":"FM Patagonia Madryn","article_published_time":"2023-04-08T21:32:01+00:00","article_modified_time":"2023-04-08T21:32:27+00:00","og_image":[{"width":2560,"height":1920,"url":"https:\/\/fmpatagoniamadryn.com.ar\/wp-content\/uploads\/2023\/04\/IMG_5305-scaled.jpeg","type":"image\/jpeg"}],"author":"FM Patagonia","twitter_card":"summary_large_image","twitter_misc":{"Escrito por":"FM Patagonia","Tiempo de lectura":"2 minutos"},"schema":{"@context":"https:\/\/schema.org","@graph":[{"@type":"Article","@id":"https:\/\/fmpatagoniamadryn.com.ar\/?p=1601#article","isPartOf":{"@id":"https:\/\/fmpatagoniamadryn.com.ar\/?p=1601"},"author":{"name":"FM Patagonia","@id":"https:\/\/fmpatagoniamadryn.com.ar\/#\/schema\/person\/1d968ec613613768e14b4e6420a2b125"},"headline":"EL INTENDENTE RECORRI\u00d3 LA FERIA DE LOS PESCADORES ARTESANALES \u201cJOS\u00c9 MAR\u00cdA LOBO ORENSANZ\u201d","datePublished":"2023-04-08T21:32:01+00:00","dateModified":"2023-04-08T21:32:27+00:00","mainEntityOfPage":{"@id":"https:\/\/fmpatagoniamadryn.com.ar\/?p=1601"},"wordCount":376,"publisher":{"@id":"https:\/\/fmpatagoniamadryn.com.ar\/#organization"},"image":{"@id":"https:\/\/fmpatagoniamadryn.com.ar\/?p=1601#primaryimage"},"thumbnailUrl":"https:\/\/fmpatagoniamadryn.com.ar\/wp-content\/uploads\/2023\/04\/IMG_5305-scaled.jpeg","articleSection":["Locales"],"inLanguage":"es"},{"@type":"WebPage","@id":"https:\/\/fmpatagoniamadryn.com.ar\/?p=1601","url":"https:\/\/fmpatagoniamadryn.com.ar\/?p=1601","name":"EL INTENDENTE RECORRI\u00d3 LA FERIA DE LOS PESCADORES ARTESANALES \u201cJOS\u00c9 MAR\u00cdA LOBO ORENSANZ\u201d - FM Patagonia Madryn","isPartOf":{"@id":"https:\/\/fmpatagoniamadryn.com.ar\/#website"},"primaryImageOfPage":{"@id":"https:\/\/fmpatagoniamadryn.com.ar\/?p=1601#primaryimage"},"image":{"@id":"https:\/\/fmpatagoniamadryn.com.ar\/?p=1601#primaryimage"},"thumbnailUrl":"https:\/\/fmpatagoniamadryn.com.ar\/wp-content\/uploads\/2023\/04\/IMG_5305-scaled.jpeg","datePublished":"2023-04-08T21:32:01+00:00","dateModified":"2023-04-08T21:32:27+00:00","breadcrumb":{"@id":"https:\/\/fmpatagoniamadryn.com.ar\/?p=1601#breadcrumb"},"inLanguage":"es","potentialAction":[{"@type":"ReadAction","target":["https:\/\/fmpatagoniamadryn.com.ar\/?p=1601"]}]},{"@type":"ImageObject","inLanguage":"es","@id":"https:\/\/fmpatagoniamadryn.com.ar\/?p=1601#primaryimage","url":"https:\/\/fmpatagoniamadryn.com.ar\/wp-content\/uploads\/2023\/04\/IMG_5305-scaled.jpeg","contentUrl":"https:\/\/fmpatagoniamadryn.com.ar\/wp-content\/uploads\/2023\/04\/IMG_5305-scaled.jpeg","width":2560,"height":1920},{"@type":"BreadcrumbList","@id":"https:\/\/fmpatagoniamadryn.com.ar\/?p=1601#breadcrumb","itemListElement":[{"@type":"ListItem","position":1,"name":"Portada","item":"https:\/\/fmpatagoniamadryn.com.ar\/"},{"@type":"ListItem","position":2,"name":"EL INTENDENTE RECORRI\u00d3 LA FERIA DE LOS PESCADORES ARTESANALES \u201cJOS\u00c9 MAR\u00cdA LOBO ORENSANZ\u201d"}]},{"@type":"WebSite","@id":"https:\/\/fmpatagoniamadryn.com.ar\/#website","url":"https:\/\/fmpatagoniamadryn.com.ar\/","name":"FM Patagonia Madryn","description":"Radio Patagonia 105.5","publisher":{"@id":"https:\/\/fmpatagoniamadryn.com.ar\/#organization"},"potentialAction":[{"@type":"SearchAction","target":{"@type":"EntryPoint","urlTemplate":"https:\/\/fmpatagoniamadryn.com.ar\/?s={search_term_string}"},"query-input":{"@type":"PropertyValueSpecification","valueRequired":true,"valueName":"search_term_string"}}],"inLanguage":"es"},{"@type":"Organization","@id":"https:\/\/fmpatagoniamadryn.com.ar\/#organization","name":"FM Patagonia Madryn","url":"https:\/\/fmpatagoniamadryn.com.ar\/","logo":{"@type":"ImageObject","inLanguage":"es","@id":"https:\/\/fmpatagoniamadryn.com.ar\/#\/schema\/logo\/image\/","url":"https:\/\/fmpatagoniamadryn.com.ar\/wp-content\/uploads\/2023\/01\/cropped-Diseno-sin-titulo.png","contentUrl":"https:\/\/fmpatagoniamadryn.com.ar\/wp-content\/uploads\/2023\/01\/cropped-Diseno-sin-titulo.png","width":6911,"height":2657,"caption":"FM Patagonia Madryn"},"image":{"@id":"https:\/\/fmpatagoniamadryn.com.ar\/#\/schema\/logo\/image\/"}},{"@type":"Person","@id":"https:\/\/fmpatagoniamadryn.com.ar\/#\/schema\/person\/1d968ec613613768e14b4e6420a2b125","name":"FM Patagonia","url":"https:\/\/fmpatagoniamadryn.com.ar\/?author=3"}]}},"jetpack_featured_media_url":"https:\/\/fmpatagoniamadryn.com.ar\/wp-content\/uploads\/2023\/04\/IMG_5305-scaled.jpeg","_links":{"self":[{"href":"https:\/\/fmpatagoniamadryn.com.ar\/index.php?rest_route=\/wp\/v2\/posts\/1601","targetHints":{"allow":["GET"]}}],"collection":[{"href":"https:\/\/fmpatagoniamadryn.com.ar\/index.php?rest_route=\/wp\/v2\/posts"}],"about":[{"href":"https:\/\/fmpatagoniamadryn.com.ar\/index.php?rest_route=\/wp\/v2\/types\/post"}],"author":[{"embeddable":true,"href":"https:\/\/fmpatagoniamadryn.com.ar\/index.php?rest_route=\/wp\/v2\/users\/3"}],"replies":[{"embeddable":true,"href":"https:\/\/fmpatagoniamadryn.com.ar\/index.php?rest_route=%2Fwp%2Fv2%2Fcomments&post=1601"}],"version-history":[{"count":1,"href":"https:\/\/fmpatagoniamadryn.com.ar\/index.php?rest_route=\/wp\/v2\/posts\/1601\/revisions"}],"predecessor-version":[{"id":1602,"href":"https:\/\/fmpatagoniamadryn.com.ar\/index.php?rest_route=\/wp\/v2\/posts\/1601\/revisions\/1602"}],"wp:featuredmedia":[{"embeddable":true,"href":"https:\/\/fmpatagoniamadryn.com.ar\/index.php?rest_route=\/wp\/v2\/media\/1600"}],"wp:attachment":[{"href":"https:\/\/fmpatagoniamadryn.com.ar\/index.php?rest_route=%2Fwp%2Fv2%2Fmedia&parent=1601"}],"wp:term":[{"taxonomy":"category","embeddable":true,"href":"https:\/\/fmpatagoniamadryn.com.ar\/index.php?rest_route=%2Fwp%2Fv2%2Fcategories&post=1601"},{"taxonomy":"post_tag","embeddable":true,"href":"https:\/\/fmpatagoniamadryn.com.ar\/index.php?rest_route=%2Fwp%2Fv2%2Ftags&post=1601"}],"curies":[{"name":"wp","href":"https:\/\/api.w.org\/{rel}","templated":true}]}}