{"id":1618,"date":"2023-04-10T10:57:18","date_gmt":"2023-04-10T13:57:18","guid":{"rendered":"https:\/\/fmpatagoniamadryn.com.ar\/?p=1618"},"modified":"2023-04-10T10:57:28","modified_gmt":"2023-04-10T13:57:28","slug":"el-gobierno-provincial-continua-con-la-implementacion-del-programa-de-agricultura-familiar-chubut-en-aldea-apeleg","status":"publish","type":"post","link":"https:\/\/fmpatagoniamadryn.com.ar\/?p=1618","title":{"rendered":"El Gobierno Provincial contin\u00faa con la implementaci\u00f3n del Programa de \u2018Agricultura Familiar Chubut\u2019 en Aldea Apeleg"},"content":{"rendered":"\n<p>Se realizaron capacitaciones en conjunto con el INTA, y se comenz\u00f3 con la producci\u00f3n de huertas por medio de 12 productores.<br><br>El Gobierno del Chubut, a trav\u00e9s del Ministerio de Agricultura, Ganader\u00eda, Industria y Comercio, contin\u00faa con la implementaci\u00f3n del Programa de \u2018Agricultura Familiar Chubut\u2019, en esta oportunidad en la comuna rural de Aldea Apeleg.<br><br>En este sentido, presentaron un proyecto de producci\u00f3n hort\u00edcola que se bas\u00f3 en primer lugar en obtener el conocimiento con una capacitaci\u00f3n que se desarroll\u00f3 en varias jornadas con profesionales del INTA, para iniciarse en la actividad y as\u00ed luego dar inicio a la instalaci\u00f3n de huertas de 12 productores locales.<br><br>En este marco, el subsecretario de Agricultura, Claudio Mosqueira destac\u00f3 el acompa\u00f1amiento del jefe Comunal, Marcos Pruessing, y se\u00f1al\u00f3 que \u201cinmediatamente comenz\u00f3 con el programa, conduciendo esta propuesta para poder contar con su propia econom\u00eda agropecuaria, garantizando los alimentos en cantidad y calidad para su poblaci\u00f3n\u201d.<br><br>\u201cAdem\u00e1s que cada productor, hoy lo hace independientemente con trabajo genuino, alternativa productiva, puesta en valor del saber de cada horticultor e independencia del mercado\u201d, manifest\u00f3.<br><br>Agradecimientos<br><br>Al respecto, el jefe comunal, Marcos Pruessing indic\u00f3 que \u201cnosotros vemos que la   producci\u00f3n de las huertas familiares tendr\u00e1 un gran aporte nutricional teniendo una alimentaci\u00f3n m\u00e1s saludable\u201d.<br><br>\u00abNuestro especial agradecimiento al gobernador Arcioni, por la ayuda constante y llegar con esta propuesta que es un proyecto de autonom\u00eda para alimentarse con verduras frescas y que hoy es una ayuda en cada casa\u00bb, mencion\u00f3.<br><br>Programa ProAF<br><br>En este inicio del Programa hort\u00edcola a cada productor se le provey\u00f3 las instalaciones necesarias, preparadas para los fuertes vientos y las constantes nevadas en esta zona cordillerana del sur oeste de Chubut, con una inversi\u00f3n inicial del Estado Provincial.<\/p>\n","protected":false},"excerpt":{"rendered":"<p>Se realizaron capacitaciones en conjunto con el INTA, y se comenz\u00f3 con la producci\u00f3n de huertas por medio de 12 productores. El Gobierno del Chubut, a trav\u00e9s del Ministerio de&hellip; <\/p>\n","protected":false},"author":3,"featured_media":1617,"comment_status":"closed","ping_status":"closed","sticky":false,"template":"","format":"standard","meta":{"footnotes":""},"categories":[14],"tags":[],"class_list":["post-1618","post","type-post","status-publish","format-standard","has-post-thumbnail","hentry","category-provinciales"],"yoast_head":"<!-- This site is optimized with the Yoast SEO plugin v27.4 - https:\/\/yoast.com\/product\/yoast-seo-wordpress\/ -->\n<title>El Gobierno Provincial contin\u00faa con la implementaci\u00f3n del Programa de \u2018Agricultura Familiar Chubut\u2019 en Aldea Apeleg - FM Patagonia Madryn<\/title>\n<meta name=\"robots\" content=\"index, follow, max-snippet:-1, max-image-preview:large, max-video-preview:-1\" \/>\n<link rel=\"canonical\" href=\"https:\/\/fmpatagoniamadryn.com.ar\/?p=1618\" \/>\n<meta property=\"og:locale\" content=\"es_ES\" \/>\n<meta property=\"og:type\" content=\"article\" \/>\n<meta property=\"og:title\" content=\"El Gobierno Provincial contin\u00faa con la implementaci\u00f3n del Programa de \u2018Agricultura Familiar Chubut\u2019 en Aldea Apeleg - FM Patagonia Madryn\" \/>\n<meta property=\"og:description\" content=\"Se realizaron capacitaciones en conjunto con el INTA, y se comenz\u00f3 con la producci\u00f3n de huertas por medio de 12 productores. El Gobierno del Chubut, a trav\u00e9s del Ministerio de&hellip;\" \/>\n<meta property=\"og:url\" content=\"https:\/\/fmpatagoniamadryn.com.ar\/?p=1618\" \/>\n<meta property=\"og:site_name\" content=\"FM Patagonia Madryn\" \/>\n<meta property=\"article:published_time\" content=\"2023-04-10T13:57:18+00:00\" \/>\n<meta property=\"article:modified_time\" content=\"2023-04-10T13:57:28+00:00\" \/>\n<meta property=\"og:image\" content=\"https:\/\/fmpatagoniamadryn.com.ar\/wp-content\/uploads\/2023\/04\/apeleg-6.jpg\" \/>\n\t<meta property=\"og:image:width\" content=\"821\" \/>\n\t<meta property=\"og:image:height\" content=\"1459\" \/>\n\t<meta property=\"og:image:type\" content=\"image\/jpeg\" \/>\n<meta name=\"author\" content=\"FM Patagonia\" \/>\n<meta name=\"twitter:card\" content=\"summary_large_image\" \/>\n<meta name=\"twitter:label1\" content=\"Escrito por\" \/>\n\t<meta name=\"twitter:data1\" content=\"FM Patagonia\" \/>\n\t<meta name=\"twitter:label2\" content=\"Tiempo de lectura\" \/>\n\t<meta name=\"twitter:data2\" content=\"2 minutos\" \/>\n<script type=\"application\/ld+json\" class=\"yoast-schema-graph\">{\"@context\":\"https:\\\/\\\/schema.org\",\"@graph\":[{\"@type\":\"Article\",\"@id\":\"https:\\\/\\\/fmpatagoniamadryn.com.ar\\\/?p=1618#article\",\"isPartOf\":{\"@id\":\"https:\\\/\\\/fmpatagoniamadryn.com.ar\\\/?p=1618\"},\"author\":{\"name\":\"FM Patagonia\",\"@id\":\"https:\\\/\\\/fmpatagoniamadryn.com.ar\\\/#\\\/schema\\\/person\\\/1d968ec613613768e14b4e6420a2b125\"},\"headline\":\"El Gobierno Provincial contin\u00faa con la implementaci\u00f3n del Programa de \u2018Agricultura Familiar Chubut\u2019 en Aldea Apeleg\",\"datePublished\":\"2023-04-10T13:57:18+00:00\",\"dateModified\":\"2023-04-10T13:57:28+00:00\",\"mainEntityOfPage\":{\"@id\":\"https:\\\/\\\/fmpatagoniamadryn.com.ar\\\/?p=1618\"},\"wordCount\":321,\"publisher\":{\"@id\":\"https:\\\/\\\/fmpatagoniamadryn.com.ar\\\/#organization\"},\"image\":{\"@id\":\"https:\\\/\\\/fmpatagoniamadryn.com.ar\\\/?p=1618#primaryimage\"},\"thumbnailUrl\":\"https:\\\/\\\/fmpatagoniamadryn.com.ar\\\/wp-content\\\/uploads\\\/2023\\\/04\\\/apeleg-6.jpg\",\"articleSection\":[\"Provinciales\"],\"inLanguage\":\"es\"},{\"@type\":\"WebPage\",\"@id\":\"https:\\\/\\\/fmpatagoniamadryn.com.ar\\\/?p=1618\",\"url\":\"https:\\\/\\\/fmpatagoniamadryn.com.ar\\\/?p=1618\",\"name\":\"El Gobierno Provincial contin\u00faa con la implementaci\u00f3n del Programa de \u2018Agricultura Familiar Chubut\u2019 en Aldea Apeleg - FM Patagonia Madryn\",\"isPartOf\":{\"@id\":\"https:\\\/\\\/fmpatagoniamadryn.com.ar\\\/#website\"},\"primaryImageOfPage\":{\"@id\":\"https:\\\/\\\/fmpatagoniamadryn.com.ar\\\/?p=1618#primaryimage\"},\"image\":{\"@id\":\"https:\\\/\\\/fmpatagoniamadryn.com.ar\\\/?p=1618#primaryimage\"},\"thumbnailUrl\":\"https:\\\/\\\/fmpatagoniamadryn.com.ar\\\/wp-content\\\/uploads\\\/2023\\\/04\\\/apeleg-6.jpg\",\"datePublished\":\"2023-04-10T13:57:18+00:00\",\"dateModified\":\"2023-04-10T13:57:28+00:00\",\"breadcrumb\":{\"@id\":\"https:\\\/\\\/fmpatagoniamadryn.com.ar\\\/?p=1618#breadcrumb\"},\"inLanguage\":\"es\",\"potentialAction\":[{\"@type\":\"ReadAction\",\"target\":[\"https:\\\/\\\/fmpatagoniamadryn.com.ar\\\/?p=1618\"]}]},{\"@type\":\"ImageObject\",\"inLanguage\":\"es\",\"@id\":\"https:\\\/\\\/fmpatagoniamadryn.com.ar\\\/?p=1618#primaryimage\",\"url\":\"https:\\\/\\\/fmpatagoniamadryn.com.ar\\\/wp-content\\\/uploads\\\/2023\\\/04\\\/apeleg-6.jpg\",\"contentUrl\":\"https:\\\/\\\/fmpatagoniamadryn.com.ar\\\/wp-content\\\/uploads\\\/2023\\\/04\\\/apeleg-6.jpg\",\"width\":821,\"height\":1459},{\"@type\":\"BreadcrumbList\",\"@id\":\"https:\\\/\\\/fmpatagoniamadryn.com.ar\\\/?p=1618#breadcrumb\",\"itemListElement\":[{\"@type\":\"ListItem\",\"position\":1,\"name\":\"Portada\",\"item\":\"https:\\\/\\\/fmpatagoniamadryn.com.ar\\\/\"},{\"@type\":\"ListItem\",\"position\":2,\"name\":\"El Gobierno Provincial contin\u00faa con la implementaci\u00f3n del Programa de \u2018Agricultura Familiar Chubut\u2019 en Aldea Apeleg\"}]},{\"@type\":\"WebSite\",\"@id\":\"https:\\\/\\\/fmpatagoniamadryn.com.ar\\\/#website\",\"url\":\"https:\\\/\\\/fmpatagoniamadryn.com.ar\\\/\",\"name\":\"FM Patagonia Madryn\",\"description\":\"Radio Patagonia 105.5\",\"publisher\":{\"@id\":\"https:\\\/\\\/fmpatagoniamadryn.com.ar\\\/#organization\"},\"potentialAction\":[{\"@type\":\"SearchAction\",\"target\":{\"@type\":\"EntryPoint\",\"urlTemplate\":\"https:\\\/\\\/fmpatagoniamadryn.com.ar\\\/?s={search_term_string}\"},\"query-input\":{\"@type\":\"PropertyValueSpecification\",\"valueRequired\":true,\"valueName\":\"search_term_string\"}}],\"inLanguage\":\"es\"},{\"@type\":\"Organization\",\"@id\":\"https:\\\/\\\/fmpatagoniamadryn.com.ar\\\/#organization\",\"name\":\"FM Patagonia Madryn\",\"url\":\"https:\\\/\\\/fmpatagoniamadryn.com.ar\\\/\",\"logo\":{\"@type\":\"ImageObject\",\"inLanguage\":\"es\",\"@id\":\"https:\\\/\\\/fmpatagoniamadryn.com.ar\\\/#\\\/schema\\\/logo\\\/image\\\/\",\"url\":\"https:\\\/\\\/fmpatagoniamadryn.com.ar\\\/wp-content\\\/uploads\\\/2023\\\/01\\\/cropped-Diseno-sin-titulo.png\",\"contentUrl\":\"https:\\\/\\\/fmpatagoniamadryn.com.ar\\\/wp-content\\\/uploads\\\/2023\\\/01\\\/cropped-Diseno-sin-titulo.png\",\"width\":6911,\"height\":2657,\"caption\":\"FM Patagonia Madryn\"},\"image\":{\"@id\":\"https:\\\/\\\/fmpatagoniamadryn.com.ar\\\/#\\\/schema\\\/logo\\\/image\\\/\"}},{\"@type\":\"Person\",\"@id\":\"https:\\\/\\\/fmpatagoniamadryn.com.ar\\\/#\\\/schema\\\/person\\\/1d968ec613613768e14b4e6420a2b125\",\"name\":\"FM Patagonia\",\"url\":\"https:\\\/\\\/fmpatagoniamadryn.com.ar\\\/?author=3\"}]}<\/script>\n<!-- \/ Yoast SEO plugin. -->","yoast_head_json":{"title":"El Gobierno Provincial contin\u00faa con la implementaci\u00f3n del Programa de \u2018Agricultura Familiar Chubut\u2019 en Aldea Apeleg - FM Patagonia Madryn","robots":{"index":"index","follow":"follow","max-snippet":"max-snippet:-1","max-image-preview":"max-image-preview:large","max-video-preview":"max-video-preview:-1"},"canonical":"https:\/\/fmpatagoniamadryn.com.ar\/?p=1618","og_locale":"es_ES","og_type":"article","og_title":"El Gobierno Provincial contin\u00faa con la implementaci\u00f3n del Programa de \u2018Agricultura Familiar Chubut\u2019 en Aldea Apeleg - FM Patagonia Madryn","og_description":"Se realizaron capacitaciones en conjunto con el INTA, y se comenz\u00f3 con la producci\u00f3n de huertas por medio de 12 productores. El Gobierno del Chubut, a trav\u00e9s del Ministerio de&hellip;","og_url":"https:\/\/fmpatagoniamadryn.com.ar\/?p=1618","og_site_name":"FM Patagonia Madryn","article_published_time":"2023-04-10T13:57:18+00:00","article_modified_time":"2023-04-10T13:57:28+00:00","og_image":[{"width":821,"height":1459,"url":"https:\/\/fmpatagoniamadryn.com.ar\/wp-content\/uploads\/2023\/04\/apeleg-6.jpg","type":"image\/jpeg"}],"author":"FM Patagonia","twitter_card":"summary_large_image","twitter_misc":{"Escrito por":"FM Patagonia","Tiempo de lectura":"2 minutos"},"schema":{"@context":"https:\/\/schema.org","@graph":[{"@type":"Article","@id":"https:\/\/fmpatagoniamadryn.com.ar\/?p=1618#article","isPartOf":{"@id":"https:\/\/fmpatagoniamadryn.com.ar\/?p=1618"},"author":{"name":"FM Patagonia","@id":"https:\/\/fmpatagoniamadryn.com.ar\/#\/schema\/person\/1d968ec613613768e14b4e6420a2b125"},"headline":"El Gobierno Provincial contin\u00faa con la implementaci\u00f3n del Programa de \u2018Agricultura Familiar Chubut\u2019 en Aldea Apeleg","datePublished":"2023-04-10T13:57:18+00:00","dateModified":"2023-04-10T13:57:28+00:00","mainEntityOfPage":{"@id":"https:\/\/fmpatagoniamadryn.com.ar\/?p=1618"},"wordCount":321,"publisher":{"@id":"https:\/\/fmpatagoniamadryn.com.ar\/#organization"},"image":{"@id":"https:\/\/fmpatagoniamadryn.com.ar\/?p=1618#primaryimage"},"thumbnailUrl":"https:\/\/fmpatagoniamadryn.com.ar\/wp-content\/uploads\/2023\/04\/apeleg-6.jpg","articleSection":["Provinciales"],"inLanguage":"es"},{"@type":"WebPage","@id":"https:\/\/fmpatagoniamadryn.com.ar\/?p=1618","url":"https:\/\/fmpatagoniamadryn.com.ar\/?p=1618","name":"El Gobierno Provincial contin\u00faa con la implementaci\u00f3n del Programa de \u2018Agricultura Familiar Chubut\u2019 en Aldea Apeleg - FM Patagonia Madryn","isPartOf":{"@id":"https:\/\/fmpatagoniamadryn.com.ar\/#website"},"primaryImageOfPage":{"@id":"https:\/\/fmpatagoniamadryn.com.ar\/?p=1618#primaryimage"},"image":{"@id":"https:\/\/fmpatagoniamadryn.com.ar\/?p=1618#primaryimage"},"thumbnailUrl":"https:\/\/fmpatagoniamadryn.com.ar\/wp-content\/uploads\/2023\/04\/apeleg-6.jpg","datePublished":"2023-04-10T13:57:18+00:00","dateModified":"2023-04-10T13:57:28+00:00","breadcrumb":{"@id":"https:\/\/fmpatagoniamadryn.com.ar\/?p=1618#breadcrumb"},"inLanguage":"es","potentialAction":[{"@type":"ReadAction","target":["https:\/\/fmpatagoniamadryn.com.ar\/?p=1618"]}]},{"@type":"ImageObject","inLanguage":"es","@id":"https:\/\/fmpatagoniamadryn.com.ar\/?p=1618#primaryimage","url":"https:\/\/fmpatagoniamadryn.com.ar\/wp-content\/uploads\/2023\/04\/apeleg-6.jpg","contentUrl":"https:\/\/fmpatagoniamadryn.com.ar\/wp-content\/uploads\/2023\/04\/apeleg-6.jpg","width":821,"height":1459},{"@type":"BreadcrumbList","@id":"https:\/\/fmpatagoniamadryn.com.ar\/?p=1618#breadcrumb","itemListElement":[{"@type":"ListItem","position":1,"name":"Portada","item":"https:\/\/fmpatagoniamadryn.com.ar\/"},{"@type":"ListItem","position":2,"name":"El Gobierno Provincial contin\u00faa con la implementaci\u00f3n del Programa de \u2018Agricultura Familiar Chubut\u2019 en Aldea Apeleg"}]},{"@type":"WebSite","@id":"https:\/\/fmpatagoniamadryn.com.ar\/#website","url":"https:\/\/fmpatagoniamadryn.com.ar\/","name":"FM Patagonia Madryn","description":"Radio Patagonia 105.5","publisher":{"@id":"https:\/\/fmpatagoniamadryn.com.ar\/#organization"},"potentialAction":[{"@type":"SearchAction","target":{"@type":"EntryPoint","urlTemplate":"https:\/\/fmpatagoniamadryn.com.ar\/?s={search_term_string}"},"query-input":{"@type":"PropertyValueSpecification","valueRequired":true,"valueName":"search_term_string"}}],"inLanguage":"es"},{"@type":"Organization","@id":"https:\/\/fmpatagoniamadryn.com.ar\/#organization","name":"FM Patagonia Madryn","url":"https:\/\/fmpatagoniamadryn.com.ar\/","logo":{"@type":"ImageObject","inLanguage":"es","@id":"https:\/\/fmpatagoniamadryn.com.ar\/#\/schema\/logo\/image\/","url":"https:\/\/fmpatagoniamadryn.com.ar\/wp-content\/uploads\/2023\/01\/cropped-Diseno-sin-titulo.png","contentUrl":"https:\/\/fmpatagoniamadryn.com.ar\/wp-content\/uploads\/2023\/01\/cropped-Diseno-sin-titulo.png","width":6911,"height":2657,"caption":"FM Patagonia Madryn"},"image":{"@id":"https:\/\/fmpatagoniamadryn.com.ar\/#\/schema\/logo\/image\/"}},{"@type":"Person","@id":"https:\/\/fmpatagoniamadryn.com.ar\/#\/schema\/person\/1d968ec613613768e14b4e6420a2b125","name":"FM Patagonia","url":"https:\/\/fmpatagoniamadryn.com.ar\/?author=3"}]}},"jetpack_featured_media_url":"https:\/\/fmpatagoniamadryn.com.ar\/wp-content\/uploads\/2023\/04\/apeleg-6.jpg","_links":{"self":[{"href":"https:\/\/fmpatagoniamadryn.com.ar\/index.php?rest_route=\/wp\/v2\/posts\/1618","targetHints":{"allow":["GET"]}}],"collection":[{"href":"https:\/\/fmpatagoniamadryn.com.ar\/index.php?rest_route=\/wp\/v2\/posts"}],"about":[{"href":"https:\/\/fmpatagoniamadryn.com.ar\/index.php?rest_route=\/wp\/v2\/types\/post"}],"author":[{"embeddable":true,"href":"https:\/\/fmpatagoniamadryn.com.ar\/index.php?rest_route=\/wp\/v2\/users\/3"}],"replies":[{"embeddable":true,"href":"https:\/\/fmpatagoniamadryn.com.ar\/index.php?rest_route=%2Fwp%2Fv2%2Fcomments&post=1618"}],"version-history":[{"count":1,"href":"https:\/\/fmpatagoniamadryn.com.ar\/index.php?rest_route=\/wp\/v2\/posts\/1618\/revisions"}],"predecessor-version":[{"id":1619,"href":"https:\/\/fmpatagoniamadryn.com.ar\/index.php?rest_route=\/wp\/v2\/posts\/1618\/revisions\/1619"}],"wp:featuredmedia":[{"embeddable":true,"href":"https:\/\/fmpatagoniamadryn.com.ar\/index.php?rest_route=\/wp\/v2\/media\/1617"}],"wp:attachment":[{"href":"https:\/\/fmpatagoniamadryn.com.ar\/index.php?rest_route=%2Fwp%2Fv2%2Fmedia&parent=1618"}],"wp:term":[{"taxonomy":"category","embeddable":true,"href":"https:\/\/fmpatagoniamadryn.com.ar\/index.php?rest_route=%2Fwp%2Fv2%2Fcategories&post=1618"},{"taxonomy":"post_tag","embeddable":true,"href":"https:\/\/fmpatagoniamadryn.com.ar\/index.php?rest_route=%2Fwp%2Fv2%2Ftags&post=1618"}],"curies":[{"name":"wp","href":"https:\/\/api.w.org\/{rel}","templated":true}]}}