{"id":16181,"date":"2025-05-29T18:03:50","date_gmt":"2025-05-29T21:03:50","guid":{"rendered":"https:\/\/fmpatagoniamadryn.com.ar\/?p=16181"},"modified":"2025-05-29T18:03:50","modified_gmt":"2025-05-29T21:03:50","slug":"provincia-acompana-la-realizacion-de-la-2-feria-del-libro-de-esquel","status":"publish","type":"post","link":"https:\/\/fmpatagoniamadryn.com.ar\/?p=16181","title":{"rendered":"Provincia acompa\u00f1a la realizaci\u00f3n de la 2\u00b0 Feria del Libro de Esquel"},"content":{"rendered":"\n<p><em>La Subsecretar\u00eda de Cultura del Chubut junto con el Ministerio de Educaci\u00f3n y la Biblioteca de la Legislatura participan activamente en una nueva edici\u00f3n dedicada a la promoci\u00f3n de la lectura y la diversidad editorial.<\/em><\/p>\n\n\n\n<p>Con el objetivo de promocionar la lectura y la difusi\u00f3n de bibliograf\u00eda, el Gobierno del Chubut, a trav\u00e9s de la Subsecretar\u00eda de Cultura, acompa\u00f1a la 2\u00b0 edici\u00f3n de Feria del Libro de Esquel, que comienza este jueves 29 de mayo en el Centro Cultural Melipal y se extender\u00e1 hasta el s\u00e1bado 31 inclusive.<\/p>\n\n\n\n<p>Organizada por la Municipalidad de Esquel y bajo el lema \u201cA\u00f1o de Mar\u00eda Elena Walsh\u201d, la feria re\u00fane a bibliotecas, librer\u00edas, editoriales e instituciones educativas con una nutrida agenda de actividades culturales, l\u00fadicas y art\u00edsticas pensadas para todo p\u00fablico.<\/p>\n\n\n\n<p>La Subsecretar\u00eda de Cultura de la Provincia junto al Ministerio de Educaci\u00f3n y la Biblioteca de la Legislatura tendr\u00e1n una destacada presencia institucional. Adem\u00e1s de un stand propio con venta y promoci\u00f3n de t\u00edtulos del Fondo Editorial Provincial, se ofrecer\u00e1n actividades interactivas vinculadas al Archivo Hist\u00f3rico, como la lectura de documentos a trav\u00e9s de c\u00f3digos QR, curiosidades sobre la ciudad de Esquel, y una propuesta educativa para ni\u00f1os sobre conservaci\u00f3n de libros antiguos.<\/p>\n\n\n\n<p>Durante las tres jornadas, las propuestas se desarrollar\u00e1n de 10 a 12:30 y de 14 a 21:30 horas, en todos los espacios del Centro Cultural Melipal, tanto en planta baja como en el primer piso. En tanto este jueves a las 18 horas tendr\u00e1 lugar el acto inaugural con la presentaci\u00f3n del Coro de la Universidad del Chubut interpretando canciones de Mar\u00eda Elena Walsh, homenaje que atraviesa toda la programaci\u00f3n de esta segunda edici\u00f3n.<\/p>\n\n\n\n<p>Entre las charlas organizadas por Cultura de Provincia se destacan \u201cUn d\u00eda en el Archivo Hist\u00f3rico de la Provincia del Chubut\u201d, destinada a estudiantes, investigadores y p\u00fablico general, y \u201cHumanos y Perros en la Patagonia\u201d, que ser\u00e1 brindada por Leandro Zilio y Heidi Hammond el s\u00e1bado 31 a las 18 horas, abordando un reciente hallazgo arqueol\u00f3gico en el territorio provincial.<\/p>\n\n\n\n<p>La feria contar\u00e1 con espacios de lectura y escritura, talleres sobre ciberseguridad, bullying y apuestas en l\u00ednea, actividades musicales, juegos y propuestas de concientizaci\u00f3n y sensibilizaci\u00f3n. Participar\u00e1n estudiantes de todos los niveles educativos, incluyendo terciarios y universitarios, y se podr\u00e1 recorrer una amplia oferta de librer\u00edas y editoriales de Esquel, la Comarca y la zona costera.<\/p>\n\n\n\n<p>En la sala Griselda Cea se ubicar\u00e1n las editoriales y librer\u00edas, mientras que en el primer piso habr\u00e1 presencia de bibliotecas escolares, distintas instituciones de la ciudad y un rinc\u00f3n especialmente preparado para los m\u00e1s peque\u00f1os, con juegos y lecturas. Cada jornada cerrar\u00e1 con espect\u00e1culos musicales a cargo de la Orquesta Pu Pichikech\u00e9, el Coro Universitario de Chubut, Zonkoihu\u00e9 y otras agrupaciones.<\/p>\n\n\n\n<p><\/p>\n","protected":false},"excerpt":{"rendered":"<p>La Subsecretar\u00eda de Cultura del Chubut junto con el Ministerio de Educaci\u00f3n y la Biblioteca de la Legislatura participan activamente en una nueva edici\u00f3n dedicada a la promoci\u00f3n de la&hellip; <\/p>\n","protected":false},"author":4,"featured_media":16180,"comment_status":"closed","ping_status":"closed","sticky":false,"template":"","format":"standard","meta":{"footnotes":""},"categories":[14],"tags":[],"class_list":["post-16181","post","type-post","status-publish","format-standard","has-post-thumbnail","hentry","category-provinciales"],"yoast_head":"<!-- This site is optimized with the Yoast SEO plugin v27.5 - https:\/\/yoast.com\/product\/yoast-seo-wordpress\/ -->\n<title>Provincia acompa\u00f1a la realizaci\u00f3n de la 2\u00b0 Feria del Libro de Esquel - FM Patagonia Madryn<\/title>\n<meta name=\"robots\" content=\"index, follow, max-snippet:-1, max-image-preview:large, max-video-preview:-1\" \/>\n<link rel=\"canonical\" href=\"https:\/\/fmpatagoniamadryn.com.ar\/?p=16181\" \/>\n<meta property=\"og:locale\" content=\"es_ES\" \/>\n<meta property=\"og:type\" content=\"article\" \/>\n<meta property=\"og:title\" content=\"Provincia acompa\u00f1a la realizaci\u00f3n de la 2\u00b0 Feria del Libro de Esquel - FM Patagonia Madryn\" \/>\n<meta property=\"og:description\" content=\"La Subsecretar\u00eda de Cultura del Chubut junto con el Ministerio de Educaci\u00f3n y la Biblioteca de la Legislatura participan activamente en una nueva edici\u00f3n dedicada a la promoci\u00f3n de la&hellip;\" \/>\n<meta property=\"og:url\" content=\"https:\/\/fmpatagoniamadryn.com.ar\/?p=16181\" \/>\n<meta property=\"og:site_name\" content=\"FM Patagonia Madryn\" \/>\n<meta property=\"article:published_time\" content=\"2025-05-29T21:03:50+00:00\" \/>\n<meta property=\"og:image\" content=\"https:\/\/fmpatagoniamadryn.com.ar\/wp-content\/uploads\/2025\/05\/b50c49f2-3d3b-48b5-9518-cd3e1dee55ff-1.jpg\" \/>\n\t<meta property=\"og:image:width\" content=\"901\" \/>\n\t<meta property=\"og:image:height\" content=\"1600\" \/>\n\t<meta property=\"og:image:type\" content=\"image\/jpeg\" \/>\n<meta name=\"author\" content=\"FM Patagonia\" \/>\n<meta name=\"twitter:card\" content=\"summary_large_image\" \/>\n<meta name=\"twitter:label1\" content=\"Escrito por\" \/>\n\t<meta name=\"twitter:data1\" content=\"FM Patagonia\" \/>\n\t<meta name=\"twitter:label2\" content=\"Tiempo de lectura\" \/>\n\t<meta name=\"twitter:data2\" content=\"2 minutos\" \/>\n<script type=\"application\/ld+json\" class=\"yoast-schema-graph\">{\"@context\":\"https:\\\/\\\/schema.org\",\"@graph\":[{\"@type\":\"Article\",\"@id\":\"https:\\\/\\\/fmpatagoniamadryn.com.ar\\\/?p=16181#article\",\"isPartOf\":{\"@id\":\"https:\\\/\\\/fmpatagoniamadryn.com.ar\\\/?p=16181\"},\"author\":{\"name\":\"FM Patagonia\",\"@id\":\"https:\\\/\\\/fmpatagoniamadryn.com.ar\\\/#\\\/schema\\\/person\\\/97b1d30cb2ae311544a88a5201700571\"},\"headline\":\"Provincia acompa\u00f1a la realizaci\u00f3n de la 2\u00b0 Feria del Libro de Esquel\",\"datePublished\":\"2025-05-29T21:03:50+00:00\",\"mainEntityOfPage\":{\"@id\":\"https:\\\/\\\/fmpatagoniamadryn.com.ar\\\/?p=16181\"},\"wordCount\":506,\"publisher\":{\"@id\":\"https:\\\/\\\/fmpatagoniamadryn.com.ar\\\/#organization\"},\"image\":{\"@id\":\"https:\\\/\\\/fmpatagoniamadryn.com.ar\\\/?p=16181#primaryimage\"},\"thumbnailUrl\":\"https:\\\/\\\/fmpatagoniamadryn.com.ar\\\/wp-content\\\/uploads\\\/2025\\\/05\\\/b50c49f2-3d3b-48b5-9518-cd3e1dee55ff-1.jpg\",\"articleSection\":[\"Provinciales\"],\"inLanguage\":\"es\"},{\"@type\":\"WebPage\",\"@id\":\"https:\\\/\\\/fmpatagoniamadryn.com.ar\\\/?p=16181\",\"url\":\"https:\\\/\\\/fmpatagoniamadryn.com.ar\\\/?p=16181\",\"name\":\"Provincia acompa\u00f1a la realizaci\u00f3n de la 2\u00b0 Feria del Libro de Esquel - FM Patagonia Madryn\",\"isPartOf\":{\"@id\":\"https:\\\/\\\/fmpatagoniamadryn.com.ar\\\/#website\"},\"primaryImageOfPage\":{\"@id\":\"https:\\\/\\\/fmpatagoniamadryn.com.ar\\\/?p=16181#primaryimage\"},\"image\":{\"@id\":\"https:\\\/\\\/fmpatagoniamadryn.com.ar\\\/?p=16181#primaryimage\"},\"thumbnailUrl\":\"https:\\\/\\\/fmpatagoniamadryn.com.ar\\\/wp-content\\\/uploads\\\/2025\\\/05\\\/b50c49f2-3d3b-48b5-9518-cd3e1dee55ff-1.jpg\",\"datePublished\":\"2025-05-29T21:03:50+00:00\",\"breadcrumb\":{\"@id\":\"https:\\\/\\\/fmpatagoniamadryn.com.ar\\\/?p=16181#breadcrumb\"},\"inLanguage\":\"es\",\"potentialAction\":[{\"@type\":\"ReadAction\",\"target\":[\"https:\\\/\\\/fmpatagoniamadryn.com.ar\\\/?p=16181\"]}]},{\"@type\":\"ImageObject\",\"inLanguage\":\"es\",\"@id\":\"https:\\\/\\\/fmpatagoniamadryn.com.ar\\\/?p=16181#primaryimage\",\"url\":\"https:\\\/\\\/fmpatagoniamadryn.com.ar\\\/wp-content\\\/uploads\\\/2025\\\/05\\\/b50c49f2-3d3b-48b5-9518-cd3e1dee55ff-1.jpg\",\"contentUrl\":\"https:\\\/\\\/fmpatagoniamadryn.com.ar\\\/wp-content\\\/uploads\\\/2025\\\/05\\\/b50c49f2-3d3b-48b5-9518-cd3e1dee55ff-1.jpg\",\"width\":901,\"height\":1600},{\"@type\":\"BreadcrumbList\",\"@id\":\"https:\\\/\\\/fmpatagoniamadryn.com.ar\\\/?p=16181#breadcrumb\",\"itemListElement\":[{\"@type\":\"ListItem\",\"position\":1,\"name\":\"Portada\",\"item\":\"https:\\\/\\\/fmpatagoniamadryn.com.ar\\\/\"},{\"@type\":\"ListItem\",\"position\":2,\"name\":\"Provincia acompa\u00f1a la realizaci\u00f3n de la 2\u00b0 Feria del Libro de Esquel\"}]},{\"@type\":\"WebSite\",\"@id\":\"https:\\\/\\\/fmpatagoniamadryn.com.ar\\\/#website\",\"url\":\"https:\\\/\\\/fmpatagoniamadryn.com.ar\\\/\",\"name\":\"FM Patagonia Madryn\",\"description\":\"Radio Patagonia 105.5\",\"publisher\":{\"@id\":\"https:\\\/\\\/fmpatagoniamadryn.com.ar\\\/#organization\"},\"potentialAction\":[{\"@type\":\"SearchAction\",\"target\":{\"@type\":\"EntryPoint\",\"urlTemplate\":\"https:\\\/\\\/fmpatagoniamadryn.com.ar\\\/?s={search_term_string}\"},\"query-input\":{\"@type\":\"PropertyValueSpecification\",\"valueRequired\":true,\"valueName\":\"search_term_string\"}}],\"inLanguage\":\"es\"},{\"@type\":\"Organization\",\"@id\":\"https:\\\/\\\/fmpatagoniamadryn.com.ar\\\/#organization\",\"name\":\"FM Patagonia Madryn\",\"url\":\"https:\\\/\\\/fmpatagoniamadryn.com.ar\\\/\",\"logo\":{\"@type\":\"ImageObject\",\"inLanguage\":\"es\",\"@id\":\"https:\\\/\\\/fmpatagoniamadryn.com.ar\\\/#\\\/schema\\\/logo\\\/image\\\/\",\"url\":\"https:\\\/\\\/fmpatagoniamadryn.com.ar\\\/wp-content\\\/uploads\\\/2023\\\/01\\\/cropped-Diseno-sin-titulo.png\",\"contentUrl\":\"https:\\\/\\\/fmpatagoniamadryn.com.ar\\\/wp-content\\\/uploads\\\/2023\\\/01\\\/cropped-Diseno-sin-titulo.png\",\"width\":6911,\"height\":2657,\"caption\":\"FM Patagonia Madryn\"},\"image\":{\"@id\":\"https:\\\/\\\/fmpatagoniamadryn.com.ar\\\/#\\\/schema\\\/logo\\\/image\\\/\"}},{\"@type\":\"Person\",\"@id\":\"https:\\\/\\\/fmpatagoniamadryn.com.ar\\\/#\\\/schema\\\/person\\\/97b1d30cb2ae311544a88a5201700571\",\"name\":\"FM Patagonia\",\"url\":\"https:\\\/\\\/fmpatagoniamadryn.com.ar\\\/?author=4\"}]}<\/script>\n<!-- \/ Yoast SEO plugin. -->","yoast_head_json":{"title":"Provincia acompa\u00f1a la realizaci\u00f3n de la 2\u00b0 Feria del Libro de Esquel - FM Patagonia Madryn","robots":{"index":"index","follow":"follow","max-snippet":"max-snippet:-1","max-image-preview":"max-image-preview:large","max-video-preview":"max-video-preview:-1"},"canonical":"https:\/\/fmpatagoniamadryn.com.ar\/?p=16181","og_locale":"es_ES","og_type":"article","og_title":"Provincia acompa\u00f1a la realizaci\u00f3n de la 2\u00b0 Feria del Libro de Esquel - FM Patagonia Madryn","og_description":"La Subsecretar\u00eda de Cultura del Chubut junto con el Ministerio de Educaci\u00f3n y la Biblioteca de la Legislatura participan activamente en una nueva edici\u00f3n dedicada a la promoci\u00f3n de la&hellip;","og_url":"https:\/\/fmpatagoniamadryn.com.ar\/?p=16181","og_site_name":"FM Patagonia Madryn","article_published_time":"2025-05-29T21:03:50+00:00","og_image":[{"width":901,"height":1600,"url":"https:\/\/fmpatagoniamadryn.com.ar\/wp-content\/uploads\/2025\/05\/b50c49f2-3d3b-48b5-9518-cd3e1dee55ff-1.jpg","type":"image\/jpeg"}],"author":"FM Patagonia","twitter_card":"summary_large_image","twitter_misc":{"Escrito por":"FM Patagonia","Tiempo de lectura":"2 minutos"},"schema":{"@context":"https:\/\/schema.org","@graph":[{"@type":"Article","@id":"https:\/\/fmpatagoniamadryn.com.ar\/?p=16181#article","isPartOf":{"@id":"https:\/\/fmpatagoniamadryn.com.ar\/?p=16181"},"author":{"name":"FM Patagonia","@id":"https:\/\/fmpatagoniamadryn.com.ar\/#\/schema\/person\/97b1d30cb2ae311544a88a5201700571"},"headline":"Provincia acompa\u00f1a la realizaci\u00f3n de la 2\u00b0 Feria del Libro de Esquel","datePublished":"2025-05-29T21:03:50+00:00","mainEntityOfPage":{"@id":"https:\/\/fmpatagoniamadryn.com.ar\/?p=16181"},"wordCount":506,"publisher":{"@id":"https:\/\/fmpatagoniamadryn.com.ar\/#organization"},"image":{"@id":"https:\/\/fmpatagoniamadryn.com.ar\/?p=16181#primaryimage"},"thumbnailUrl":"https:\/\/fmpatagoniamadryn.com.ar\/wp-content\/uploads\/2025\/05\/b50c49f2-3d3b-48b5-9518-cd3e1dee55ff-1.jpg","articleSection":["Provinciales"],"inLanguage":"es"},{"@type":"WebPage","@id":"https:\/\/fmpatagoniamadryn.com.ar\/?p=16181","url":"https:\/\/fmpatagoniamadryn.com.ar\/?p=16181","name":"Provincia acompa\u00f1a la realizaci\u00f3n de la 2\u00b0 Feria del Libro de Esquel - FM Patagonia Madryn","isPartOf":{"@id":"https:\/\/fmpatagoniamadryn.com.ar\/#website"},"primaryImageOfPage":{"@id":"https:\/\/fmpatagoniamadryn.com.ar\/?p=16181#primaryimage"},"image":{"@id":"https:\/\/fmpatagoniamadryn.com.ar\/?p=16181#primaryimage"},"thumbnailUrl":"https:\/\/fmpatagoniamadryn.com.ar\/wp-content\/uploads\/2025\/05\/b50c49f2-3d3b-48b5-9518-cd3e1dee55ff-1.jpg","datePublished":"2025-05-29T21:03:50+00:00","breadcrumb":{"@id":"https:\/\/fmpatagoniamadryn.com.ar\/?p=16181#breadcrumb"},"inLanguage":"es","potentialAction":[{"@type":"ReadAction","target":["https:\/\/fmpatagoniamadryn.com.ar\/?p=16181"]}]},{"@type":"ImageObject","inLanguage":"es","@id":"https:\/\/fmpatagoniamadryn.com.ar\/?p=16181#primaryimage","url":"https:\/\/fmpatagoniamadryn.com.ar\/wp-content\/uploads\/2025\/05\/b50c49f2-3d3b-48b5-9518-cd3e1dee55ff-1.jpg","contentUrl":"https:\/\/fmpatagoniamadryn.com.ar\/wp-content\/uploads\/2025\/05\/b50c49f2-3d3b-48b5-9518-cd3e1dee55ff-1.jpg","width":901,"height":1600},{"@type":"BreadcrumbList","@id":"https:\/\/fmpatagoniamadryn.com.ar\/?p=16181#breadcrumb","itemListElement":[{"@type":"ListItem","position":1,"name":"Portada","item":"https:\/\/fmpatagoniamadryn.com.ar\/"},{"@type":"ListItem","position":2,"name":"Provincia acompa\u00f1a la realizaci\u00f3n de la 2\u00b0 Feria del Libro de Esquel"}]},{"@type":"WebSite","@id":"https:\/\/fmpatagoniamadryn.com.ar\/#website","url":"https:\/\/fmpatagoniamadryn.com.ar\/","name":"FM Patagonia Madryn","description":"Radio Patagonia 105.5","publisher":{"@id":"https:\/\/fmpatagoniamadryn.com.ar\/#organization"},"potentialAction":[{"@type":"SearchAction","target":{"@type":"EntryPoint","urlTemplate":"https:\/\/fmpatagoniamadryn.com.ar\/?s={search_term_string}"},"query-input":{"@type":"PropertyValueSpecification","valueRequired":true,"valueName":"search_term_string"}}],"inLanguage":"es"},{"@type":"Organization","@id":"https:\/\/fmpatagoniamadryn.com.ar\/#organization","name":"FM Patagonia Madryn","url":"https:\/\/fmpatagoniamadryn.com.ar\/","logo":{"@type":"ImageObject","inLanguage":"es","@id":"https:\/\/fmpatagoniamadryn.com.ar\/#\/schema\/logo\/image\/","url":"https:\/\/fmpatagoniamadryn.com.ar\/wp-content\/uploads\/2023\/01\/cropped-Diseno-sin-titulo.png","contentUrl":"https:\/\/fmpatagoniamadryn.com.ar\/wp-content\/uploads\/2023\/01\/cropped-Diseno-sin-titulo.png","width":6911,"height":2657,"caption":"FM Patagonia Madryn"},"image":{"@id":"https:\/\/fmpatagoniamadryn.com.ar\/#\/schema\/logo\/image\/"}},{"@type":"Person","@id":"https:\/\/fmpatagoniamadryn.com.ar\/#\/schema\/person\/97b1d30cb2ae311544a88a5201700571","name":"FM Patagonia","url":"https:\/\/fmpatagoniamadryn.com.ar\/?author=4"}]}},"jetpack_featured_media_url":"https:\/\/fmpatagoniamadryn.com.ar\/wp-content\/uploads\/2025\/05\/b50c49f2-3d3b-48b5-9518-cd3e1dee55ff-1.jpg","_links":{"self":[{"href":"https:\/\/fmpatagoniamadryn.com.ar\/index.php?rest_route=\/wp\/v2\/posts\/16181","targetHints":{"allow":["GET"]}}],"collection":[{"href":"https:\/\/fmpatagoniamadryn.com.ar\/index.php?rest_route=\/wp\/v2\/posts"}],"about":[{"href":"https:\/\/fmpatagoniamadryn.com.ar\/index.php?rest_route=\/wp\/v2\/types\/post"}],"author":[{"embeddable":true,"href":"https:\/\/fmpatagoniamadryn.com.ar\/index.php?rest_route=\/wp\/v2\/users\/4"}],"replies":[{"embeddable":true,"href":"https:\/\/fmpatagoniamadryn.com.ar\/index.php?rest_route=%2Fwp%2Fv2%2Fcomments&post=16181"}],"version-history":[{"count":1,"href":"https:\/\/fmpatagoniamadryn.com.ar\/index.php?rest_route=\/wp\/v2\/posts\/16181\/revisions"}],"predecessor-version":[{"id":16182,"href":"https:\/\/fmpatagoniamadryn.com.ar\/index.php?rest_route=\/wp\/v2\/posts\/16181\/revisions\/16182"}],"wp:featuredmedia":[{"embeddable":true,"href":"https:\/\/fmpatagoniamadryn.com.ar\/index.php?rest_route=\/wp\/v2\/media\/16180"}],"wp:attachment":[{"href":"https:\/\/fmpatagoniamadryn.com.ar\/index.php?rest_route=%2Fwp%2Fv2%2Fmedia&parent=16181"}],"wp:term":[{"taxonomy":"category","embeddable":true,"href":"https:\/\/fmpatagoniamadryn.com.ar\/index.php?rest_route=%2Fwp%2Fv2%2Fcategories&post=16181"},{"taxonomy":"post_tag","embeddable":true,"href":"https:\/\/fmpatagoniamadryn.com.ar\/index.php?rest_route=%2Fwp%2Fv2%2Ftags&post=16181"}],"curies":[{"name":"wp","href":"https:\/\/api.w.org\/{rel}","templated":true}]}}