{"id":1621,"date":"2023-04-10T10:57:57","date_gmt":"2023-04-10T13:57:57","guid":{"rendered":"https:\/\/fmpatagoniamadryn.com.ar\/?p=1621"},"modified":"2023-04-10T10:58:07","modified_gmt":"2023-04-10T13:58:07","slug":"provincia-prepara-un-homenaje-para-los-trabajadores-ferroviarios-del-viejo-expreso-patagonico","status":"publish","type":"post","link":"https:\/\/fmpatagoniamadryn.com.ar\/?p=1621","title":{"rendered":"Provincia prepara un homenaje para los trabajadores ferroviarios del Viejo Expreso Patag\u00f3nico"},"content":{"rendered":"\n<p>Se trata de un mural de 14 metros cuadrados a cargo de la mosaiquista esquelense B\u00e1rbara Noceda. La inauguraci\u00f3n se realizar\u00e1 el s\u00e1bado 15 de abril en la Estaci\u00f3n Esquel.<br><br>El Gobierno del Chubut, mediante la Unidad Ejecutora Provincial del Ministerio de Agricultura, Ganader\u00eda, Industria y Comercio, ultima detalles de lo que ser\u00e1 el acto oficial para la presentaci\u00f3n del mural homenaje a los trabajadores del Viejo Expreso Patag\u00f3nico \u201cLa Trochita\u201d. <br><br>El titular de la UEP, Pablo Mu\u00f1oz, precis\u00f3 que el mural quedar\u00e1 inaugurado de manera oficial el pr\u00f3ximo s\u00e1bado 15 de abril y que, para el descubrimiento de esta gran obra en reconocimiento al personal, se llevar\u00e1 adelante un acto a las 9:15 horas, en la Estaci\u00f3n Esquel.<br><br>La inauguraci\u00f3n tendr\u00e1 lugar minutos antes de que se realice la tradicional salida hacia la Estaci\u00f3n Nahuelpan, distante a unos pocos kil\u00f3metros del casco urbano. El evento contar\u00e1 con la presencia de la gerencia del Viejo Expreso Patag\u00f3nico, funcionarios provinciales, trabajadores ferroviarios y sus familias. Tambi\u00e9n asistir\u00e1 la responsable y creadora de la obra, la mosaiquista esquelense Barbara Noceda y se extiende la invitaci\u00f3n a todos los vecinos de la comunidad que quieran participar.<br><br>Detalles de la obra<br><br>El mosaico, de 14 metros cuadrados, est\u00e1 en escala de grises simulando una antigua fotograf\u00eda de la primera Estaci\u00f3n de Esquel, siendo los protagonistas los trabajadores ferroviarios. La ilustraci\u00f3n fue llevada a cabo por el artista Mat\u00edas Montero Lacasa. <br><br>Este mural responde a una idea que se gest\u00f3 por parte de los trabajadores en 2017 y hoy se concreta luego de m\u00e1s de diez meses de trabajo en conjunto entre los artistas y la subgerencia de Comercializaci\u00f3n y Marketing del Viejo Expreso Patag\u00f3nico.<br><br>Actividades culturales y entrega de certificados<br><br>Adem\u00e1s de la inauguraci\u00f3n de la obra, se proyectan diversas actividades para que el p\u00fablico que asista pueda disfrutar; se trabaja en propuestas culturales y art\u00edsticas en el predio de la Estaci\u00f3n, con un cronograma que se confirmar\u00e1 en el transcurso de los pr\u00f3ximos d\u00edas. <br><br>Cabe mencionar que el 14 de abril se realizar\u00e1 en la Estaci\u00f3n El Mait\u00e9n la entrega de certificados por la capacitaci\u00f3n \u201cCompetencias Laborales\u201d, dictada por la Universidad Nacional de la Patagonia \u201cSan Juan Bosco\u201d.<br><br>El acto se llevar\u00e1 a cabo a las 14 horas en los talleres del Viejo Expreso Patag\u00f3nico y reconocer\u00e1 a nueve ferroviarios de El Mait\u00e9n: Ger\u00f3nimo Hunko, Luis Ponce, V\u00edctor Silva, Alejandro Raylef, Pablo Vega, Juan Licanqueo, \u00c1ngel Mor\u00e1n, Oscar Mu\u00f1oz y Ricardo Garrido.  <\/p>\n","protected":false},"excerpt":{"rendered":"<p>Se trata de un mural de 14 metros cuadrados a cargo de la mosaiquista esquelense B\u00e1rbara Noceda. La inauguraci\u00f3n se realizar\u00e1 el s\u00e1bado 15 de abril en la Estaci\u00f3n Esquel.&hellip; <\/p>\n","protected":false},"author":3,"featured_media":1620,"comment_status":"closed","ping_status":"closed","sticky":false,"template":"","format":"standard","meta":{"footnotes":""},"categories":[14],"tags":[],"class_list":["post-1621","post","type-post","status-publish","format-standard","has-post-thumbnail","hentry","category-provinciales"],"yoast_head":"<!-- This site is optimized with the Yoast SEO plugin v27.4 - https:\/\/yoast.com\/product\/yoast-seo-wordpress\/ -->\n<title>Provincia prepara un homenaje para los trabajadores ferroviarios del Viejo Expreso Patag\u00f3nico - FM Patagonia Madryn<\/title>\n<meta name=\"robots\" content=\"index, follow, max-snippet:-1, max-image-preview:large, max-video-preview:-1\" \/>\n<link rel=\"canonical\" href=\"https:\/\/fmpatagoniamadryn.com.ar\/?p=1621\" \/>\n<meta property=\"og:locale\" content=\"es_ES\" \/>\n<meta property=\"og:type\" content=\"article\" \/>\n<meta property=\"og:title\" content=\"Provincia prepara un homenaje para los trabajadores ferroviarios del Viejo Expreso Patag\u00f3nico - FM Patagonia Madryn\" \/>\n<meta property=\"og:description\" content=\"Se trata de un mural de 14 metros cuadrados a cargo de la mosaiquista esquelense B\u00e1rbara Noceda. La inauguraci\u00f3n se realizar\u00e1 el s\u00e1bado 15 de abril en la Estaci\u00f3n Esquel.&hellip;\" \/>\n<meta property=\"og:url\" content=\"https:\/\/fmpatagoniamadryn.com.ar\/?p=1621\" \/>\n<meta property=\"og:site_name\" content=\"FM Patagonia Madryn\" \/>\n<meta property=\"article:published_time\" content=\"2023-04-10T13:57:57+00:00\" \/>\n<meta property=\"article:modified_time\" content=\"2023-04-10T13:58:07+00:00\" \/>\n<meta property=\"og:image\" content=\"https:\/\/fmpatagoniamadryn.com.ar\/wp-content\/uploads\/2023\/04\/Provincia-prepara-un-homenaje-para-los-trabajadores-ferroviarios-del-Viejo-Expreso-Patagonico-2.jpg\" \/>\n\t<meta property=\"og:image:width\" content=\"1280\" \/>\n\t<meta property=\"og:image:height\" content=\"960\" \/>\n\t<meta property=\"og:image:type\" content=\"image\/jpeg\" \/>\n<meta name=\"author\" content=\"FM Patagonia\" \/>\n<meta name=\"twitter:card\" content=\"summary_large_image\" \/>\n<meta name=\"twitter:label1\" content=\"Escrito por\" \/>\n\t<meta name=\"twitter:data1\" content=\"FM Patagonia\" \/>\n\t<meta name=\"twitter:label2\" content=\"Tiempo de lectura\" \/>\n\t<meta name=\"twitter:data2\" content=\"2 minutos\" \/>\n<script type=\"application\/ld+json\" class=\"yoast-schema-graph\">{\"@context\":\"https:\\\/\\\/schema.org\",\"@graph\":[{\"@type\":\"Article\",\"@id\":\"https:\\\/\\\/fmpatagoniamadryn.com.ar\\\/?p=1621#article\",\"isPartOf\":{\"@id\":\"https:\\\/\\\/fmpatagoniamadryn.com.ar\\\/?p=1621\"},\"author\":{\"name\":\"FM Patagonia\",\"@id\":\"https:\\\/\\\/fmpatagoniamadryn.com.ar\\\/#\\\/schema\\\/person\\\/1d968ec613613768e14b4e6420a2b125\"},\"headline\":\"Provincia prepara un homenaje para los trabajadores ferroviarios del Viejo Expreso Patag\u00f3nico\",\"datePublished\":\"2023-04-10T13:57:57+00:00\",\"dateModified\":\"2023-04-10T13:58:07+00:00\",\"mainEntityOfPage\":{\"@id\":\"https:\\\/\\\/fmpatagoniamadryn.com.ar\\\/?p=1621\"},\"wordCount\":454,\"publisher\":{\"@id\":\"https:\\\/\\\/fmpatagoniamadryn.com.ar\\\/#organization\"},\"image\":{\"@id\":\"https:\\\/\\\/fmpatagoniamadryn.com.ar\\\/?p=1621#primaryimage\"},\"thumbnailUrl\":\"https:\\\/\\\/fmpatagoniamadryn.com.ar\\\/wp-content\\\/uploads\\\/2023\\\/04\\\/Provincia-prepara-un-homenaje-para-los-trabajadores-ferroviarios-del-Viejo-Expreso-Patagonico-2.jpg\",\"articleSection\":[\"Provinciales\"],\"inLanguage\":\"es\"},{\"@type\":\"WebPage\",\"@id\":\"https:\\\/\\\/fmpatagoniamadryn.com.ar\\\/?p=1621\",\"url\":\"https:\\\/\\\/fmpatagoniamadryn.com.ar\\\/?p=1621\",\"name\":\"Provincia prepara un homenaje para los trabajadores ferroviarios del Viejo Expreso Patag\u00f3nico - FM Patagonia Madryn\",\"isPartOf\":{\"@id\":\"https:\\\/\\\/fmpatagoniamadryn.com.ar\\\/#website\"},\"primaryImageOfPage\":{\"@id\":\"https:\\\/\\\/fmpatagoniamadryn.com.ar\\\/?p=1621#primaryimage\"},\"image\":{\"@id\":\"https:\\\/\\\/fmpatagoniamadryn.com.ar\\\/?p=1621#primaryimage\"},\"thumbnailUrl\":\"https:\\\/\\\/fmpatagoniamadryn.com.ar\\\/wp-content\\\/uploads\\\/2023\\\/04\\\/Provincia-prepara-un-homenaje-para-los-trabajadores-ferroviarios-del-Viejo-Expreso-Patagonico-2.jpg\",\"datePublished\":\"2023-04-10T13:57:57+00:00\",\"dateModified\":\"2023-04-10T13:58:07+00:00\",\"breadcrumb\":{\"@id\":\"https:\\\/\\\/fmpatagoniamadryn.com.ar\\\/?p=1621#breadcrumb\"},\"inLanguage\":\"es\",\"potentialAction\":[{\"@type\":\"ReadAction\",\"target\":[\"https:\\\/\\\/fmpatagoniamadryn.com.ar\\\/?p=1621\"]}]},{\"@type\":\"ImageObject\",\"inLanguage\":\"es\",\"@id\":\"https:\\\/\\\/fmpatagoniamadryn.com.ar\\\/?p=1621#primaryimage\",\"url\":\"https:\\\/\\\/fmpatagoniamadryn.com.ar\\\/wp-content\\\/uploads\\\/2023\\\/04\\\/Provincia-prepara-un-homenaje-para-los-trabajadores-ferroviarios-del-Viejo-Expreso-Patagonico-2.jpg\",\"contentUrl\":\"https:\\\/\\\/fmpatagoniamadryn.com.ar\\\/wp-content\\\/uploads\\\/2023\\\/04\\\/Provincia-prepara-un-homenaje-para-los-trabajadores-ferroviarios-del-Viejo-Expreso-Patagonico-2.jpg\",\"width\":1280,\"height\":960},{\"@type\":\"BreadcrumbList\",\"@id\":\"https:\\\/\\\/fmpatagoniamadryn.com.ar\\\/?p=1621#breadcrumb\",\"itemListElement\":[{\"@type\":\"ListItem\",\"position\":1,\"name\":\"Portada\",\"item\":\"https:\\\/\\\/fmpatagoniamadryn.com.ar\\\/\"},{\"@type\":\"ListItem\",\"position\":2,\"name\":\"Provincia prepara un homenaje para los trabajadores ferroviarios del Viejo Expreso Patag\u00f3nico\"}]},{\"@type\":\"WebSite\",\"@id\":\"https:\\\/\\\/fmpatagoniamadryn.com.ar\\\/#website\",\"url\":\"https:\\\/\\\/fmpatagoniamadryn.com.ar\\\/\",\"name\":\"FM Patagonia Madryn\",\"description\":\"Radio Patagonia 105.5\",\"publisher\":{\"@id\":\"https:\\\/\\\/fmpatagoniamadryn.com.ar\\\/#organization\"},\"potentialAction\":[{\"@type\":\"SearchAction\",\"target\":{\"@type\":\"EntryPoint\",\"urlTemplate\":\"https:\\\/\\\/fmpatagoniamadryn.com.ar\\\/?s={search_term_string}\"},\"query-input\":{\"@type\":\"PropertyValueSpecification\",\"valueRequired\":true,\"valueName\":\"search_term_string\"}}],\"inLanguage\":\"es\"},{\"@type\":\"Organization\",\"@id\":\"https:\\\/\\\/fmpatagoniamadryn.com.ar\\\/#organization\",\"name\":\"FM Patagonia Madryn\",\"url\":\"https:\\\/\\\/fmpatagoniamadryn.com.ar\\\/\",\"logo\":{\"@type\":\"ImageObject\",\"inLanguage\":\"es\",\"@id\":\"https:\\\/\\\/fmpatagoniamadryn.com.ar\\\/#\\\/schema\\\/logo\\\/image\\\/\",\"url\":\"https:\\\/\\\/fmpatagoniamadryn.com.ar\\\/wp-content\\\/uploads\\\/2023\\\/01\\\/cropped-Diseno-sin-titulo.png\",\"contentUrl\":\"https:\\\/\\\/fmpatagoniamadryn.com.ar\\\/wp-content\\\/uploads\\\/2023\\\/01\\\/cropped-Diseno-sin-titulo.png\",\"width\":6911,\"height\":2657,\"caption\":\"FM Patagonia Madryn\"},\"image\":{\"@id\":\"https:\\\/\\\/fmpatagoniamadryn.com.ar\\\/#\\\/schema\\\/logo\\\/image\\\/\"}},{\"@type\":\"Person\",\"@id\":\"https:\\\/\\\/fmpatagoniamadryn.com.ar\\\/#\\\/schema\\\/person\\\/1d968ec613613768e14b4e6420a2b125\",\"name\":\"FM Patagonia\",\"url\":\"https:\\\/\\\/fmpatagoniamadryn.com.ar\\\/?author=3\"}]}<\/script>\n<!-- \/ Yoast SEO plugin. -->","yoast_head_json":{"title":"Provincia prepara un homenaje para los trabajadores ferroviarios del Viejo Expreso Patag\u00f3nico - FM Patagonia Madryn","robots":{"index":"index","follow":"follow","max-snippet":"max-snippet:-1","max-image-preview":"max-image-preview:large","max-video-preview":"max-video-preview:-1"},"canonical":"https:\/\/fmpatagoniamadryn.com.ar\/?p=1621","og_locale":"es_ES","og_type":"article","og_title":"Provincia prepara un homenaje para los trabajadores ferroviarios del Viejo Expreso Patag\u00f3nico - FM Patagonia Madryn","og_description":"Se trata de un mural de 14 metros cuadrados a cargo de la mosaiquista esquelense B\u00e1rbara Noceda. La inauguraci\u00f3n se realizar\u00e1 el s\u00e1bado 15 de abril en la Estaci\u00f3n Esquel.&hellip;","og_url":"https:\/\/fmpatagoniamadryn.com.ar\/?p=1621","og_site_name":"FM Patagonia Madryn","article_published_time":"2023-04-10T13:57:57+00:00","article_modified_time":"2023-04-10T13:58:07+00:00","og_image":[{"width":1280,"height":960,"url":"https:\/\/fmpatagoniamadryn.com.ar\/wp-content\/uploads\/2023\/04\/Provincia-prepara-un-homenaje-para-los-trabajadores-ferroviarios-del-Viejo-Expreso-Patagonico-2.jpg","type":"image\/jpeg"}],"author":"FM Patagonia","twitter_card":"summary_large_image","twitter_misc":{"Escrito por":"FM Patagonia","Tiempo de lectura":"2 minutos"},"schema":{"@context":"https:\/\/schema.org","@graph":[{"@type":"Article","@id":"https:\/\/fmpatagoniamadryn.com.ar\/?p=1621#article","isPartOf":{"@id":"https:\/\/fmpatagoniamadryn.com.ar\/?p=1621"},"author":{"name":"FM Patagonia","@id":"https:\/\/fmpatagoniamadryn.com.ar\/#\/schema\/person\/1d968ec613613768e14b4e6420a2b125"},"headline":"Provincia prepara un homenaje para los trabajadores ferroviarios del Viejo Expreso Patag\u00f3nico","datePublished":"2023-04-10T13:57:57+00:00","dateModified":"2023-04-10T13:58:07+00:00","mainEntityOfPage":{"@id":"https:\/\/fmpatagoniamadryn.com.ar\/?p=1621"},"wordCount":454,"publisher":{"@id":"https:\/\/fmpatagoniamadryn.com.ar\/#organization"},"image":{"@id":"https:\/\/fmpatagoniamadryn.com.ar\/?p=1621#primaryimage"},"thumbnailUrl":"https:\/\/fmpatagoniamadryn.com.ar\/wp-content\/uploads\/2023\/04\/Provincia-prepara-un-homenaje-para-los-trabajadores-ferroviarios-del-Viejo-Expreso-Patagonico-2.jpg","articleSection":["Provinciales"],"inLanguage":"es"},{"@type":"WebPage","@id":"https:\/\/fmpatagoniamadryn.com.ar\/?p=1621","url":"https:\/\/fmpatagoniamadryn.com.ar\/?p=1621","name":"Provincia prepara un homenaje para los trabajadores ferroviarios del Viejo Expreso Patag\u00f3nico - FM Patagonia Madryn","isPartOf":{"@id":"https:\/\/fmpatagoniamadryn.com.ar\/#website"},"primaryImageOfPage":{"@id":"https:\/\/fmpatagoniamadryn.com.ar\/?p=1621#primaryimage"},"image":{"@id":"https:\/\/fmpatagoniamadryn.com.ar\/?p=1621#primaryimage"},"thumbnailUrl":"https:\/\/fmpatagoniamadryn.com.ar\/wp-content\/uploads\/2023\/04\/Provincia-prepara-un-homenaje-para-los-trabajadores-ferroviarios-del-Viejo-Expreso-Patagonico-2.jpg","datePublished":"2023-04-10T13:57:57+00:00","dateModified":"2023-04-10T13:58:07+00:00","breadcrumb":{"@id":"https:\/\/fmpatagoniamadryn.com.ar\/?p=1621#breadcrumb"},"inLanguage":"es","potentialAction":[{"@type":"ReadAction","target":["https:\/\/fmpatagoniamadryn.com.ar\/?p=1621"]}]},{"@type":"ImageObject","inLanguage":"es","@id":"https:\/\/fmpatagoniamadryn.com.ar\/?p=1621#primaryimage","url":"https:\/\/fmpatagoniamadryn.com.ar\/wp-content\/uploads\/2023\/04\/Provincia-prepara-un-homenaje-para-los-trabajadores-ferroviarios-del-Viejo-Expreso-Patagonico-2.jpg","contentUrl":"https:\/\/fmpatagoniamadryn.com.ar\/wp-content\/uploads\/2023\/04\/Provincia-prepara-un-homenaje-para-los-trabajadores-ferroviarios-del-Viejo-Expreso-Patagonico-2.jpg","width":1280,"height":960},{"@type":"BreadcrumbList","@id":"https:\/\/fmpatagoniamadryn.com.ar\/?p=1621#breadcrumb","itemListElement":[{"@type":"ListItem","position":1,"name":"Portada","item":"https:\/\/fmpatagoniamadryn.com.ar\/"},{"@type":"ListItem","position":2,"name":"Provincia prepara un homenaje para los trabajadores ferroviarios del Viejo Expreso Patag\u00f3nico"}]},{"@type":"WebSite","@id":"https:\/\/fmpatagoniamadryn.com.ar\/#website","url":"https:\/\/fmpatagoniamadryn.com.ar\/","name":"FM Patagonia Madryn","description":"Radio Patagonia 105.5","publisher":{"@id":"https:\/\/fmpatagoniamadryn.com.ar\/#organization"},"potentialAction":[{"@type":"SearchAction","target":{"@type":"EntryPoint","urlTemplate":"https:\/\/fmpatagoniamadryn.com.ar\/?s={search_term_string}"},"query-input":{"@type":"PropertyValueSpecification","valueRequired":true,"valueName":"search_term_string"}}],"inLanguage":"es"},{"@type":"Organization","@id":"https:\/\/fmpatagoniamadryn.com.ar\/#organization","name":"FM Patagonia Madryn","url":"https:\/\/fmpatagoniamadryn.com.ar\/","logo":{"@type":"ImageObject","inLanguage":"es","@id":"https:\/\/fmpatagoniamadryn.com.ar\/#\/schema\/logo\/image\/","url":"https:\/\/fmpatagoniamadryn.com.ar\/wp-content\/uploads\/2023\/01\/cropped-Diseno-sin-titulo.png","contentUrl":"https:\/\/fmpatagoniamadryn.com.ar\/wp-content\/uploads\/2023\/01\/cropped-Diseno-sin-titulo.png","width":6911,"height":2657,"caption":"FM Patagonia Madryn"},"image":{"@id":"https:\/\/fmpatagoniamadryn.com.ar\/#\/schema\/logo\/image\/"}},{"@type":"Person","@id":"https:\/\/fmpatagoniamadryn.com.ar\/#\/schema\/person\/1d968ec613613768e14b4e6420a2b125","name":"FM Patagonia","url":"https:\/\/fmpatagoniamadryn.com.ar\/?author=3"}]}},"jetpack_featured_media_url":"https:\/\/fmpatagoniamadryn.com.ar\/wp-content\/uploads\/2023\/04\/Provincia-prepara-un-homenaje-para-los-trabajadores-ferroviarios-del-Viejo-Expreso-Patagonico-2.jpg","_links":{"self":[{"href":"https:\/\/fmpatagoniamadryn.com.ar\/index.php?rest_route=\/wp\/v2\/posts\/1621","targetHints":{"allow":["GET"]}}],"collection":[{"href":"https:\/\/fmpatagoniamadryn.com.ar\/index.php?rest_route=\/wp\/v2\/posts"}],"about":[{"href":"https:\/\/fmpatagoniamadryn.com.ar\/index.php?rest_route=\/wp\/v2\/types\/post"}],"author":[{"embeddable":true,"href":"https:\/\/fmpatagoniamadryn.com.ar\/index.php?rest_route=\/wp\/v2\/users\/3"}],"replies":[{"embeddable":true,"href":"https:\/\/fmpatagoniamadryn.com.ar\/index.php?rest_route=%2Fwp%2Fv2%2Fcomments&post=1621"}],"version-history":[{"count":1,"href":"https:\/\/fmpatagoniamadryn.com.ar\/index.php?rest_route=\/wp\/v2\/posts\/1621\/revisions"}],"predecessor-version":[{"id":1622,"href":"https:\/\/fmpatagoniamadryn.com.ar\/index.php?rest_route=\/wp\/v2\/posts\/1621\/revisions\/1622"}],"wp:featuredmedia":[{"embeddable":true,"href":"https:\/\/fmpatagoniamadryn.com.ar\/index.php?rest_route=\/wp\/v2\/media\/1620"}],"wp:attachment":[{"href":"https:\/\/fmpatagoniamadryn.com.ar\/index.php?rest_route=%2Fwp%2Fv2%2Fmedia&parent=1621"}],"wp:term":[{"taxonomy":"category","embeddable":true,"href":"https:\/\/fmpatagoniamadryn.com.ar\/index.php?rest_route=%2Fwp%2Fv2%2Fcategories&post=1621"},{"taxonomy":"post_tag","embeddable":true,"href":"https:\/\/fmpatagoniamadryn.com.ar\/index.php?rest_route=%2Fwp%2Fv2%2Ftags&post=1621"}],"curies":[{"name":"wp","href":"https:\/\/api.w.org\/{rel}","templated":true}]}}