{"id":16217,"date":"2025-05-31T14:59:04","date_gmt":"2025-05-31T17:59:04","guid":{"rendered":"https:\/\/fmpatagoniamadryn.com.ar\/?p=16217"},"modified":"2025-05-31T14:59:04","modified_gmt":"2025-05-31T17:59:04","slug":"torres-encabezo-una-nueva-entrega-de-casas-en-trelew-y-anuncio-que-solicitara-a-nacion-el-traspaso-de-las-204-viviendas-inconclusas-del-pro-cre-ar","status":"publish","type":"post","link":"https:\/\/fmpatagoniamadryn.com.ar\/?p=16217","title":{"rendered":"Torres encabez\u00f3 una nueva entrega de casas en Trelew y anunci\u00f3 que solicitar\u00e1 a Naci\u00f3n el traspaso de las 204 viviendas inconclusas del Pro.Cre.Ar."},"content":{"rendered":"\n<p><em>Cuarenta familias de la ciudad recibieron la llave de su primera vivienda, en un emotivo acto en el que el Gobernador tambi\u00e9n anunci\u00f3 que solicitar\u00e1 al Gobierno Nacional, la pr\u00f3xima semana, el traspaso de la obra correspondiente a 204 unidades enmarcadas en el Pro.Cre.Ar., que se encuentran al 90% de ejecuci\u00f3n. \u201cVamos a hacernos cargo porque estas obras no pueden quedar abandonadas: al mismo tiempo que vamos a dar una respuesta definitiva a estas familias, tambi\u00e9n vamos a exigir por v\u00eda judicial, en el marco de la compensaci\u00f3n de deuda, que nos devuelvan hasta el \u00faltimo peso que nuestra provincia est\u00e1 poniendo para hacer las obras que deber\u00eda hacer el Gobierno Nacional\u201d, asegur\u00f3.<\/em><\/p>\n\n\n\n<p>El gobernador de Chubut, Ignacio \u201cNacho\u201d Torres, encabez\u00f3 una nueva entrega de viviendas en la ciudad de Trelew. Durante el emotivo acto, que tuvo lugar este s\u00e1bado por la ma\u00f1ana, cuarenta familias del barrio Sutiaga recibieron la llave de su primer hogar, en el marco de un proyecto de edificaci\u00f3n que implic\u00f3 una inversi\u00f3n provincial de m\u00e1s de $543 millones.<\/p>\n\n\n\n<p>Acompa\u00f1aron al mandatario los ministros de Gobierno, Victoriano Eraso Parodi, y de Desarrollo Humano, Florencia Papaiani; el presidente del Instituto Provincial de la Vivienda y Desarrollo Urbano (IPVyDU), Guillermo Espada; los secretarios de Infraestructura, Energ\u00eda y Planificaci\u00f3n, Hern\u00e1n T\u00f3rtola, y de Trabajo, Nicol\u00e1s Zarate; la presidenta del Concejo Deliberante de Trelew, Claudia Monaj\u00ed; legisladores provinciales y funcionarios del Gabinete provincial y municipal.<\/p>\n\n\n\n<p><em>El sue\u00f1o de la casa propia<\/em><\/p>\n\n\n\n<p>Torres destac\u00f3 que \u201cen este tipo de actos se refleja el esfuerzo de los contribuyentes y de toda la gesti\u00f3n, con resultados tangibles y reales, donde demostramos que algo tan importante como la casa propia puede convertirse en una realidad\u201d. Y agreg\u00f3: \u201cDetr\u00e1s de estas casas, m\u00e1s all\u00e1 de la soluci\u00f3n habitacional, hay cientos de familias que trabajan, que reciben un salario por la construcci\u00f3n de viviendas, en un contexto dif\u00edcil en el que el Gobierno Nacional tom\u00f3 la decisi\u00f3n de frenar la obra p\u00fablica\u201d.<\/p>\n\n\n\n<p>\u201cEsto \u00faltimo\u201d, continu\u00f3 el mandatario, \u201cimplica que 204 familias de Trelew que so\u00f1aban con su vivienda, a diferencia de lo que ocurri\u00f3 hoy, todav\u00eda tienen much\u00edsima incertidumbre respecto a las casas del Pro.Cre.Ar., que est\u00e1n al 90% de ejecuci\u00f3n y permanecen paralizadas\u201d.<\/p>\n\n\n\n<p><em>Traspaso de obras nacionales<\/em><\/p>\n\n\n\n<p>\u201cCuando vamos a la Casa Rosada a golpear puertas, advirtiendo que no falta pr\u00e1cticamente nada para terminarlas y que hay 204 familias esperando, la respuesta siempre es la misma: \u2018no hay plata\u2019. Pero s\u00ed hay plata, evidentemente para otras cosas, porque cuando analizamos la ejecuci\u00f3n geogr\u00e1fica del gasto, vemos que Chubut es una de las provincias m\u00e1s relegadas\u201d, se\u00f1al\u00f3 Torres.<\/p>\n\n\n\n<p>Y agreg\u00f3: \u201cTenemos dos opciones: limitarnos a la queja, o bien pararnos ante los problemas y buscar soluciones. Por eso, el pr\u00f3ximo martes vamos a ir a Buenos Aires a exigir el traspaso de esas 204 viviendas del Pro.Cre.Ar. a la provincia, porque somos nosotros quienes vamos a dar una respuesta concreta a esas familias, como ya lo hicimos con la Doble Trocha entre Trelew y Puerto Madryn\u201d.<\/p>\n\n\n\n<p>\u201cAhora bien\u201d, remarc\u00f3, \u201ceso no significa que vayamos a asumir la carga sin reclamar lo que corresponde: al mismo tiempo que damos una respuesta, vamos a exigir judicialmente, en el marco de la compensaci\u00f3n de deuda, que nos reintegren cada peso que estamos invirtiendo en obras que deber\u00eda ejecutar el Estado Nacional\u201d.<\/p>\n\n\n\n<p><em>\u201cUna realidad distinta\u201d<\/em><\/p>\n\n\n\n<p>Por \u00faltimo, Torres se dirigi\u00f3 a las familias beneficiarias: \u201cSabemos que han esperado mucho tiempo y que vivieron la construcci\u00f3n con mucha incertidumbre. Pero hoy estamos demostrando que, aun en un contexto recesivo, con un d\u00f3lar pisado deliberadamente y las divisas que genera Chubut siendo desaprovechadas, nuestra provincia empieza y termina las obras como corresponde. Este es el comienzo de una realidad distinta, en la que vamos a blindarnos frente a cualquier embate nacional. Porque, m\u00e1s all\u00e1 de qui\u00e9n est\u00e9 en el Sill\u00f3n de Rivadavia, debemos entender que, como sociedad unida, nunca m\u00e1s un gobierno nacional va a poder darnos la espalda\u201d.<\/p>\n\n\n\n<p><em>\u201cUn acto solidario\u201d<\/em><\/p>\n\n\n\n<p>El presidente del IPVyDU, Guillermo Espada, celebr\u00f3 la entrega de viviendas \u201cque representan un elemento fundamental para la planificaci\u00f3n familiar de cara al futuro\u201d, y subray\u00f3: \u201cEl Instituto tambi\u00e9n trabaja en todo el interior provincial para responder a la demanda habitacional. Por eso es importante sostener el recupero de las cuotas, ya que se trata de un acto solidario que permite avanzar con nuevas soluciones para m\u00e1s familias\u201d.<\/p>\n\n\n\n<p><em>\u201cUn momento importante\u201d<\/em><\/p>\n\n\n\n<p>Por su parte, la presidenta del Concejo Deliberante, Claudia Monaj\u00ed, se\u00f1al\u00f3: \u201cEste es un momento muy importante para las familias que acceden a su vivienda propia. Estamos muy agradecidos con el Gobierno Provincial, porque estas casas van a mejorar la vida de mucha gente\u201d.<\/p>\n\n\n\n<p><em>Plan Provincial de Viviendas<\/em><\/p>\n\n\n\n<p>Las unidades entregadas por el Gobernador forman parte del \u201cProyecto y Construcci\u00f3n de 40 Viviendas Sutiaga de la Ciudad de Trelew\u201d, licitaci\u00f3n p\u00fablica N\u00b0 17\/22, finalizadas durante la actual gesti\u00f3n. La obra, a cargo de Villegas Construcciones S.R.L., demand\u00f3 una inversi\u00f3n provincial de $543.407.940.<\/p>\n\n\n\n<p>Se trata de 36 viviendas tipo d\u00faplex de dos dormitorios (69,05 m\u00b2) y 4 viviendas en planta baja (64,4 m\u00b2), todas ubicadas en la intersecci\u00f3n de las calles L\u00f3pez y Planes y Julio Cort\u00e1zar, desarrolladas a trav\u00e9s del Plan Provincial de Viviendas del IPVyDU.<\/p>\n\n\n\n<p>Las unidades cuentan con estar-comedor, cocina, dormitorios y ba\u00f1o completo. Sus terminaciones incluyen revoques hidr\u00f3fugos, pisos cer\u00e1micos, cielorrasos de yeso y revestimientos en cocina y ba\u00f1o. Las aberturas son de aluminio, con puertas interiores tipo placa.<\/p>\n\n\n\n<p>Adem\u00e1s, cada unidad posee instalaciones completas de agua, electricidad, gas y cloacas, con termotanque, cocina con horno y parrilla, calefactor de tiro balanceado y campana de ventilaci\u00f3n. Los d\u00faplex incluyen una cisterna de 500 litros, y todas las viviendas un tanque tricapa de 850 litros. La obra tambi\u00e9n contempl\u00f3 cord\u00f3n cuneta, enripiado, veredas, alumbrado p\u00fablico y conexiones a servicios b\u00e1sicos.<\/p>\n","protected":false},"excerpt":{"rendered":"<p>Cuarenta familias de la ciudad recibieron la llave de su primera vivienda, en un emotivo acto en el que el Gobernador tambi\u00e9n anunci\u00f3 que solicitar\u00e1 al Gobierno Nacional, la pr\u00f3xima&hellip; <\/p>\n","protected":false},"author":4,"featured_media":16216,"comment_status":"closed","ping_status":"closed","sticky":false,"template":"","format":"standard","meta":{"footnotes":""},"categories":[14],"tags":[],"class_list":["post-16217","post","type-post","status-publish","format-standard","has-post-thumbnail","hentry","category-provinciales"],"yoast_head":"<!-- This site is optimized with the Yoast SEO plugin v27.5 - https:\/\/yoast.com\/product\/yoast-seo-wordpress\/ -->\n<title>Torres encabez\u00f3 una nueva entrega de casas en Trelew y anunci\u00f3 que solicitar\u00e1 a Naci\u00f3n el traspaso de las 204 viviendas inconclusas del Pro.Cre.Ar. - FM Patagonia Madryn<\/title>\n<meta name=\"robots\" content=\"index, follow, max-snippet:-1, max-image-preview:large, max-video-preview:-1\" \/>\n<link rel=\"canonical\" href=\"https:\/\/fmpatagoniamadryn.com.ar\/?p=16217\" \/>\n<meta property=\"og:locale\" content=\"es_ES\" \/>\n<meta property=\"og:type\" content=\"article\" \/>\n<meta property=\"og:title\" content=\"Torres encabez\u00f3 una nueva entrega de casas en Trelew y anunci\u00f3 que solicitar\u00e1 a Naci\u00f3n el traspaso de las 204 viviendas inconclusas del Pro.Cre.Ar. - FM Patagonia Madryn\" \/>\n<meta property=\"og:description\" content=\"Cuarenta familias de la ciudad recibieron la llave de su primera vivienda, en un emotivo acto en el que el Gobernador tambi\u00e9n anunci\u00f3 que solicitar\u00e1 al Gobierno Nacional, la pr\u00f3xima&hellip;\" \/>\n<meta property=\"og:url\" content=\"https:\/\/fmpatagoniamadryn.com.ar\/?p=16217\" \/>\n<meta property=\"og:site_name\" content=\"FM Patagonia Madryn\" \/>\n<meta property=\"article:published_time\" content=\"2025-05-31T17:59:04+00:00\" \/>\n<meta property=\"og:image\" content=\"https:\/\/fmpatagoniamadryn.com.ar\/wp-content\/uploads\/2025\/05\/1381a9e4-792f-414b-ba2c-028d676d7039-1.jpg\" \/>\n\t<meta property=\"og:image:width\" content=\"2000\" \/>\n\t<meta property=\"og:image:height\" content=\"1330\" \/>\n\t<meta property=\"og:image:type\" content=\"image\/jpeg\" \/>\n<meta name=\"author\" content=\"FM Patagonia\" \/>\n<meta name=\"twitter:card\" content=\"summary_large_image\" \/>\n<meta name=\"twitter:label1\" content=\"Escrito por\" \/>\n\t<meta name=\"twitter:data1\" content=\"FM Patagonia\" \/>\n\t<meta name=\"twitter:label2\" content=\"Tiempo de lectura\" \/>\n\t<meta name=\"twitter:data2\" content=\"5 minutos\" \/>\n<script type=\"application\/ld+json\" class=\"yoast-schema-graph\">{\"@context\":\"https:\\\/\\\/schema.org\",\"@graph\":[{\"@type\":\"Article\",\"@id\":\"https:\\\/\\\/fmpatagoniamadryn.com.ar\\\/?p=16217#article\",\"isPartOf\":{\"@id\":\"https:\\\/\\\/fmpatagoniamadryn.com.ar\\\/?p=16217\"},\"author\":{\"name\":\"FM Patagonia\",\"@id\":\"https:\\\/\\\/fmpatagoniamadryn.com.ar\\\/#\\\/schema\\\/person\\\/97b1d30cb2ae311544a88a5201700571\"},\"headline\":\"Torres encabez\u00f3 una nueva entrega de casas en Trelew y anunci\u00f3 que solicitar\u00e1 a Naci\u00f3n el traspaso de las 204 viviendas inconclusas del Pro.Cre.Ar.\",\"datePublished\":\"2025-05-31T17:59:04+00:00\",\"mainEntityOfPage\":{\"@id\":\"https:\\\/\\\/fmpatagoniamadryn.com.ar\\\/?p=16217\"},\"wordCount\":1052,\"publisher\":{\"@id\":\"https:\\\/\\\/fmpatagoniamadryn.com.ar\\\/#organization\"},\"image\":{\"@id\":\"https:\\\/\\\/fmpatagoniamadryn.com.ar\\\/?p=16217#primaryimage\"},\"thumbnailUrl\":\"https:\\\/\\\/fmpatagoniamadryn.com.ar\\\/wp-content\\\/uploads\\\/2025\\\/05\\\/1381a9e4-792f-414b-ba2c-028d676d7039-1.jpg\",\"articleSection\":[\"Provinciales\"],\"inLanguage\":\"es\"},{\"@type\":\"WebPage\",\"@id\":\"https:\\\/\\\/fmpatagoniamadryn.com.ar\\\/?p=16217\",\"url\":\"https:\\\/\\\/fmpatagoniamadryn.com.ar\\\/?p=16217\",\"name\":\"Torres encabez\u00f3 una nueva entrega de casas en Trelew y anunci\u00f3 que solicitar\u00e1 a Naci\u00f3n el traspaso de las 204 viviendas inconclusas del Pro.Cre.Ar. - FM Patagonia Madryn\",\"isPartOf\":{\"@id\":\"https:\\\/\\\/fmpatagoniamadryn.com.ar\\\/#website\"},\"primaryImageOfPage\":{\"@id\":\"https:\\\/\\\/fmpatagoniamadryn.com.ar\\\/?p=16217#primaryimage\"},\"image\":{\"@id\":\"https:\\\/\\\/fmpatagoniamadryn.com.ar\\\/?p=16217#primaryimage\"},\"thumbnailUrl\":\"https:\\\/\\\/fmpatagoniamadryn.com.ar\\\/wp-content\\\/uploads\\\/2025\\\/05\\\/1381a9e4-792f-414b-ba2c-028d676d7039-1.jpg\",\"datePublished\":\"2025-05-31T17:59:04+00:00\",\"breadcrumb\":{\"@id\":\"https:\\\/\\\/fmpatagoniamadryn.com.ar\\\/?p=16217#breadcrumb\"},\"inLanguage\":\"es\",\"potentialAction\":[{\"@type\":\"ReadAction\",\"target\":[\"https:\\\/\\\/fmpatagoniamadryn.com.ar\\\/?p=16217\"]}]},{\"@type\":\"ImageObject\",\"inLanguage\":\"es\",\"@id\":\"https:\\\/\\\/fmpatagoniamadryn.com.ar\\\/?p=16217#primaryimage\",\"url\":\"https:\\\/\\\/fmpatagoniamadryn.com.ar\\\/wp-content\\\/uploads\\\/2025\\\/05\\\/1381a9e4-792f-414b-ba2c-028d676d7039-1.jpg\",\"contentUrl\":\"https:\\\/\\\/fmpatagoniamadryn.com.ar\\\/wp-content\\\/uploads\\\/2025\\\/05\\\/1381a9e4-792f-414b-ba2c-028d676d7039-1.jpg\",\"width\":2000,\"height\":1330},{\"@type\":\"BreadcrumbList\",\"@id\":\"https:\\\/\\\/fmpatagoniamadryn.com.ar\\\/?p=16217#breadcrumb\",\"itemListElement\":[{\"@type\":\"ListItem\",\"position\":1,\"name\":\"Portada\",\"item\":\"https:\\\/\\\/fmpatagoniamadryn.com.ar\\\/\"},{\"@type\":\"ListItem\",\"position\":2,\"name\":\"Torres encabez\u00f3 una nueva entrega de casas en Trelew y anunci\u00f3 que solicitar\u00e1 a Naci\u00f3n el traspaso de las 204 viviendas inconclusas del Pro.Cre.Ar.\"}]},{\"@type\":\"WebSite\",\"@id\":\"https:\\\/\\\/fmpatagoniamadryn.com.ar\\\/#website\",\"url\":\"https:\\\/\\\/fmpatagoniamadryn.com.ar\\\/\",\"name\":\"FM Patagonia Madryn\",\"description\":\"Radio Patagonia 105.5\",\"publisher\":{\"@id\":\"https:\\\/\\\/fmpatagoniamadryn.com.ar\\\/#organization\"},\"potentialAction\":[{\"@type\":\"SearchAction\",\"target\":{\"@type\":\"EntryPoint\",\"urlTemplate\":\"https:\\\/\\\/fmpatagoniamadryn.com.ar\\\/?s={search_term_string}\"},\"query-input\":{\"@type\":\"PropertyValueSpecification\",\"valueRequired\":true,\"valueName\":\"search_term_string\"}}],\"inLanguage\":\"es\"},{\"@type\":\"Organization\",\"@id\":\"https:\\\/\\\/fmpatagoniamadryn.com.ar\\\/#organization\",\"name\":\"FM Patagonia Madryn\",\"url\":\"https:\\\/\\\/fmpatagoniamadryn.com.ar\\\/\",\"logo\":{\"@type\":\"ImageObject\",\"inLanguage\":\"es\",\"@id\":\"https:\\\/\\\/fmpatagoniamadryn.com.ar\\\/#\\\/schema\\\/logo\\\/image\\\/\",\"url\":\"https:\\\/\\\/fmpatagoniamadryn.com.ar\\\/wp-content\\\/uploads\\\/2023\\\/01\\\/cropped-Diseno-sin-titulo.png\",\"contentUrl\":\"https:\\\/\\\/fmpatagoniamadryn.com.ar\\\/wp-content\\\/uploads\\\/2023\\\/01\\\/cropped-Diseno-sin-titulo.png\",\"width\":6911,\"height\":2657,\"caption\":\"FM Patagonia Madryn\"},\"image\":{\"@id\":\"https:\\\/\\\/fmpatagoniamadryn.com.ar\\\/#\\\/schema\\\/logo\\\/image\\\/\"}},{\"@type\":\"Person\",\"@id\":\"https:\\\/\\\/fmpatagoniamadryn.com.ar\\\/#\\\/schema\\\/person\\\/97b1d30cb2ae311544a88a5201700571\",\"name\":\"FM Patagonia\",\"url\":\"https:\\\/\\\/fmpatagoniamadryn.com.ar\\\/?author=4\"}]}<\/script>\n<!-- \/ Yoast SEO plugin. -->","yoast_head_json":{"title":"Torres encabez\u00f3 una nueva entrega de casas en Trelew y anunci\u00f3 que solicitar\u00e1 a Naci\u00f3n el traspaso de las 204 viviendas inconclusas del Pro.Cre.Ar. - FM Patagonia Madryn","robots":{"index":"index","follow":"follow","max-snippet":"max-snippet:-1","max-image-preview":"max-image-preview:large","max-video-preview":"max-video-preview:-1"},"canonical":"https:\/\/fmpatagoniamadryn.com.ar\/?p=16217","og_locale":"es_ES","og_type":"article","og_title":"Torres encabez\u00f3 una nueva entrega de casas en Trelew y anunci\u00f3 que solicitar\u00e1 a Naci\u00f3n el traspaso de las 204 viviendas inconclusas del Pro.Cre.Ar. - FM Patagonia Madryn","og_description":"Cuarenta familias de la ciudad recibieron la llave de su primera vivienda, en un emotivo acto en el que el Gobernador tambi\u00e9n anunci\u00f3 que solicitar\u00e1 al Gobierno Nacional, la pr\u00f3xima&hellip;","og_url":"https:\/\/fmpatagoniamadryn.com.ar\/?p=16217","og_site_name":"FM Patagonia Madryn","article_published_time":"2025-05-31T17:59:04+00:00","og_image":[{"width":2000,"height":1330,"url":"https:\/\/fmpatagoniamadryn.com.ar\/wp-content\/uploads\/2025\/05\/1381a9e4-792f-414b-ba2c-028d676d7039-1.jpg","type":"image\/jpeg"}],"author":"FM Patagonia","twitter_card":"summary_large_image","twitter_misc":{"Escrito por":"FM Patagonia","Tiempo de lectura":"5 minutos"},"schema":{"@context":"https:\/\/schema.org","@graph":[{"@type":"Article","@id":"https:\/\/fmpatagoniamadryn.com.ar\/?p=16217#article","isPartOf":{"@id":"https:\/\/fmpatagoniamadryn.com.ar\/?p=16217"},"author":{"name":"FM Patagonia","@id":"https:\/\/fmpatagoniamadryn.com.ar\/#\/schema\/person\/97b1d30cb2ae311544a88a5201700571"},"headline":"Torres encabez\u00f3 una nueva entrega de casas en Trelew y anunci\u00f3 que solicitar\u00e1 a Naci\u00f3n el traspaso de las 204 viviendas inconclusas del Pro.Cre.Ar.","datePublished":"2025-05-31T17:59:04+00:00","mainEntityOfPage":{"@id":"https:\/\/fmpatagoniamadryn.com.ar\/?p=16217"},"wordCount":1052,"publisher":{"@id":"https:\/\/fmpatagoniamadryn.com.ar\/#organization"},"image":{"@id":"https:\/\/fmpatagoniamadryn.com.ar\/?p=16217#primaryimage"},"thumbnailUrl":"https:\/\/fmpatagoniamadryn.com.ar\/wp-content\/uploads\/2025\/05\/1381a9e4-792f-414b-ba2c-028d676d7039-1.jpg","articleSection":["Provinciales"],"inLanguage":"es"},{"@type":"WebPage","@id":"https:\/\/fmpatagoniamadryn.com.ar\/?p=16217","url":"https:\/\/fmpatagoniamadryn.com.ar\/?p=16217","name":"Torres encabez\u00f3 una nueva entrega de casas en Trelew y anunci\u00f3 que solicitar\u00e1 a Naci\u00f3n el traspaso de las 204 viviendas inconclusas del Pro.Cre.Ar. - FM Patagonia Madryn","isPartOf":{"@id":"https:\/\/fmpatagoniamadryn.com.ar\/#website"},"primaryImageOfPage":{"@id":"https:\/\/fmpatagoniamadryn.com.ar\/?p=16217#primaryimage"},"image":{"@id":"https:\/\/fmpatagoniamadryn.com.ar\/?p=16217#primaryimage"},"thumbnailUrl":"https:\/\/fmpatagoniamadryn.com.ar\/wp-content\/uploads\/2025\/05\/1381a9e4-792f-414b-ba2c-028d676d7039-1.jpg","datePublished":"2025-05-31T17:59:04+00:00","breadcrumb":{"@id":"https:\/\/fmpatagoniamadryn.com.ar\/?p=16217#breadcrumb"},"inLanguage":"es","potentialAction":[{"@type":"ReadAction","target":["https:\/\/fmpatagoniamadryn.com.ar\/?p=16217"]}]},{"@type":"ImageObject","inLanguage":"es","@id":"https:\/\/fmpatagoniamadryn.com.ar\/?p=16217#primaryimage","url":"https:\/\/fmpatagoniamadryn.com.ar\/wp-content\/uploads\/2025\/05\/1381a9e4-792f-414b-ba2c-028d676d7039-1.jpg","contentUrl":"https:\/\/fmpatagoniamadryn.com.ar\/wp-content\/uploads\/2025\/05\/1381a9e4-792f-414b-ba2c-028d676d7039-1.jpg","width":2000,"height":1330},{"@type":"BreadcrumbList","@id":"https:\/\/fmpatagoniamadryn.com.ar\/?p=16217#breadcrumb","itemListElement":[{"@type":"ListItem","position":1,"name":"Portada","item":"https:\/\/fmpatagoniamadryn.com.ar\/"},{"@type":"ListItem","position":2,"name":"Torres encabez\u00f3 una nueva entrega de casas en Trelew y anunci\u00f3 que solicitar\u00e1 a Naci\u00f3n el traspaso de las 204 viviendas inconclusas del Pro.Cre.Ar."}]},{"@type":"WebSite","@id":"https:\/\/fmpatagoniamadryn.com.ar\/#website","url":"https:\/\/fmpatagoniamadryn.com.ar\/","name":"FM Patagonia Madryn","description":"Radio Patagonia 105.5","publisher":{"@id":"https:\/\/fmpatagoniamadryn.com.ar\/#organization"},"potentialAction":[{"@type":"SearchAction","target":{"@type":"EntryPoint","urlTemplate":"https:\/\/fmpatagoniamadryn.com.ar\/?s={search_term_string}"},"query-input":{"@type":"PropertyValueSpecification","valueRequired":true,"valueName":"search_term_string"}}],"inLanguage":"es"},{"@type":"Organization","@id":"https:\/\/fmpatagoniamadryn.com.ar\/#organization","name":"FM Patagonia Madryn","url":"https:\/\/fmpatagoniamadryn.com.ar\/","logo":{"@type":"ImageObject","inLanguage":"es","@id":"https:\/\/fmpatagoniamadryn.com.ar\/#\/schema\/logo\/image\/","url":"https:\/\/fmpatagoniamadryn.com.ar\/wp-content\/uploads\/2023\/01\/cropped-Diseno-sin-titulo.png","contentUrl":"https:\/\/fmpatagoniamadryn.com.ar\/wp-content\/uploads\/2023\/01\/cropped-Diseno-sin-titulo.png","width":6911,"height":2657,"caption":"FM Patagonia Madryn"},"image":{"@id":"https:\/\/fmpatagoniamadryn.com.ar\/#\/schema\/logo\/image\/"}},{"@type":"Person","@id":"https:\/\/fmpatagoniamadryn.com.ar\/#\/schema\/person\/97b1d30cb2ae311544a88a5201700571","name":"FM Patagonia","url":"https:\/\/fmpatagoniamadryn.com.ar\/?author=4"}]}},"jetpack_featured_media_url":"https:\/\/fmpatagoniamadryn.com.ar\/wp-content\/uploads\/2025\/05\/1381a9e4-792f-414b-ba2c-028d676d7039-1.jpg","_links":{"self":[{"href":"https:\/\/fmpatagoniamadryn.com.ar\/index.php?rest_route=\/wp\/v2\/posts\/16217","targetHints":{"allow":["GET"]}}],"collection":[{"href":"https:\/\/fmpatagoniamadryn.com.ar\/index.php?rest_route=\/wp\/v2\/posts"}],"about":[{"href":"https:\/\/fmpatagoniamadryn.com.ar\/index.php?rest_route=\/wp\/v2\/types\/post"}],"author":[{"embeddable":true,"href":"https:\/\/fmpatagoniamadryn.com.ar\/index.php?rest_route=\/wp\/v2\/users\/4"}],"replies":[{"embeddable":true,"href":"https:\/\/fmpatagoniamadryn.com.ar\/index.php?rest_route=%2Fwp%2Fv2%2Fcomments&post=16217"}],"version-history":[{"count":1,"href":"https:\/\/fmpatagoniamadryn.com.ar\/index.php?rest_route=\/wp\/v2\/posts\/16217\/revisions"}],"predecessor-version":[{"id":16218,"href":"https:\/\/fmpatagoniamadryn.com.ar\/index.php?rest_route=\/wp\/v2\/posts\/16217\/revisions\/16218"}],"wp:featuredmedia":[{"embeddable":true,"href":"https:\/\/fmpatagoniamadryn.com.ar\/index.php?rest_route=\/wp\/v2\/media\/16216"}],"wp:attachment":[{"href":"https:\/\/fmpatagoniamadryn.com.ar\/index.php?rest_route=%2Fwp%2Fv2%2Fmedia&parent=16217"}],"wp:term":[{"taxonomy":"category","embeddable":true,"href":"https:\/\/fmpatagoniamadryn.com.ar\/index.php?rest_route=%2Fwp%2Fv2%2Fcategories&post=16217"},{"taxonomy":"post_tag","embeddable":true,"href":"https:\/\/fmpatagoniamadryn.com.ar\/index.php?rest_route=%2Fwp%2Fv2%2Ftags&post=16217"}],"curies":[{"name":"wp","href":"https:\/\/api.w.org\/{rel}","templated":true}]}}