{"id":1624,"date":"2023-04-10T10:58:35","date_gmt":"2023-04-10T13:58:35","guid":{"rendered":"https:\/\/fmpatagoniamadryn.com.ar\/?p=1624"},"modified":"2023-04-10T10:58:53","modified_gmt":"2023-04-10T13:58:53","slug":"el-gobierno-del-chubut-acompano-a-camarones-en-la-tradicional-fiesta-nacional-del-salmon","status":"publish","type":"post","link":"https:\/\/fmpatagoniamadryn.com.ar\/?p=1624","title":{"rendered":"El Gobierno del Chubut acompa\u00f1\u00f3 a Camarones en la tradicional Fiesta Nacional del Salm\u00f3n"},"content":{"rendered":"\n<p>En la 40\u00b0 edici\u00f3n del evento, el Ejecutivo Provincial entreg\u00f3 aportes econ\u00f3micos y equipamiento a diversas instituciones.<br><br>El Gobierno Provincial particip\u00f3 este domingo en Camarones de la ceremonia de clausura de la 40\u00b0 Fiesta Nacional del Salm\u00f3n. Durante el cierre, el Ejecutivo Provincial entreg\u00f3 equipamiento a distintas entidades de la localidad y aportes econ\u00f3micos para acompa\u00f1ar y consolidar el tradicional evento productivo y cultural.<br><br>En el acto, desarrollado este mediod\u00eda en el Gimnasio Municipal, estuvieron presentes la intendenta local, Claudia Loyola; los ministros de Econom\u00eda, Oscar Antonena; y de Turismo, Leonardo Gaffet; los secretarios de Pesca, Gabriel Aguilar; de Ciencia, Mauro Carrasco y de Trabajo, Tob\u00edas Gaud; las subsecretarias de Gesti\u00f3n Presupuestar\u00eda, Rita C\u00e1rdenas; y de Conservaci\u00f3n y \u00c1reas Protegidas, Nadia Bravo; el subsecretario de Protecci\u00f3n Civil y Gesti\u00f3n del Riesgo, Jos\u00e9 Mazzei; la diputada Graciela Cigudosa; funcionarios municipales; entre otros presentes.<br><br>Aportes y equipamiento<br><br>En el marco del acto, el Gobierno de la Provincia \u2013a trav\u00e9s de la Secretar\u00eda de Ciencia, Tecnolog\u00eda, Innovaci\u00f3n Productiva y Cultura- entreg\u00f3 un aporte econ\u00f3mico de 1.200.000 pesos destinado a promover y consolidar la tradicional fiesta popular.<br><br>Por otra parte, el Instituto de Asistencia Social hizo entrega de una fotocopiadora y un proyector a los Bomberos Voluntarios; una heladera, un freezer, una TV, una notebook y una fotocopiadora al Hospital Rural y una suma de 500 mil pesos para solventar los gastos de la organizaci\u00f3n del evento.<br><br>En tanto, el Ministerio de Turismo y el municipio local suscribieron un acuerdo para la instalaci\u00f3n de un sitio de cobro y promoci\u00f3n adicional en la localidad que, adem\u00e1s, representar\u00e1 un beneficio para la promoci\u00f3n del \u00c1rea Natural Protegida y el incremento de visitantes.<br><br>Concurso de Pesca<br><br>Cerca de 25 embarcaciones, provenientes de distintos puntos de la provincia y del pa\u00eds, participaron del Concurso de Pesca de Altura en el marco de una nueva edici\u00f3n de la Fiesta Nacional del Salm\u00f3n, evento que se realiz\u00f3 hasta hoy en Camarones, y cuyo premio mayor se lo llev\u00f3 un ejemplar que pes\u00f3 16.400 kilos.<\/p>\n","protected":false},"excerpt":{"rendered":"<p>En la 40\u00b0 edici\u00f3n del evento, el Ejecutivo Provincial entreg\u00f3 aportes econ\u00f3micos y equipamiento a diversas instituciones. El Gobierno Provincial particip\u00f3 este domingo en Camarones de la ceremonia de clausura&hellip; <\/p>\n","protected":false},"author":3,"featured_media":1623,"comment_status":"closed","ping_status":"closed","sticky":false,"template":"","format":"standard","meta":{"footnotes":""},"categories":[14],"tags":[],"class_list":["post-1624","post","type-post","status-publish","format-standard","has-post-thumbnail","hentry","category-provinciales"],"yoast_head":"<!-- This site is optimized with the Yoast SEO plugin v27.4 - https:\/\/yoast.com\/product\/yoast-seo-wordpress\/ -->\n<title>El Gobierno del Chubut acompa\u00f1\u00f3 a Camarones en la tradicional Fiesta Nacional del Salm\u00f3n - FM Patagonia Madryn<\/title>\n<meta name=\"robots\" content=\"index, follow, max-snippet:-1, max-image-preview:large, max-video-preview:-1\" \/>\n<link rel=\"canonical\" href=\"https:\/\/fmpatagoniamadryn.com.ar\/?p=1624\" \/>\n<meta property=\"og:locale\" content=\"es_ES\" \/>\n<meta property=\"og:type\" content=\"article\" \/>\n<meta property=\"og:title\" content=\"El Gobierno del Chubut acompa\u00f1\u00f3 a Camarones en la tradicional Fiesta Nacional del Salm\u00f3n - FM Patagonia Madryn\" \/>\n<meta property=\"og:description\" content=\"En la 40\u00b0 edici\u00f3n del evento, el Ejecutivo Provincial entreg\u00f3 aportes econ\u00f3micos y equipamiento a diversas instituciones. El Gobierno Provincial particip\u00f3 este domingo en Camarones de la ceremonia de clausura&hellip;\" \/>\n<meta property=\"og:url\" content=\"https:\/\/fmpatagoniamadryn.com.ar\/?p=1624\" \/>\n<meta property=\"og:site_name\" content=\"FM Patagonia Madryn\" \/>\n<meta property=\"article:published_time\" content=\"2023-04-10T13:58:35+00:00\" \/>\n<meta property=\"article:modified_time\" content=\"2023-04-10T13:58:53+00:00\" \/>\n<meta property=\"og:image\" content=\"https:\/\/fmpatagoniamadryn.com.ar\/wp-content\/uploads\/2023\/04\/FIESTA-DEL-SALMON-1.jpg\" \/>\n\t<meta property=\"og:image:width\" content=\"1600\" \/>\n\t<meta property=\"og:image:height\" content=\"1065\" \/>\n\t<meta property=\"og:image:type\" content=\"image\/jpeg\" \/>\n<meta name=\"author\" content=\"FM Patagonia\" \/>\n<meta name=\"twitter:card\" content=\"summary_large_image\" \/>\n<meta name=\"twitter:label1\" content=\"Escrito por\" \/>\n\t<meta name=\"twitter:data1\" content=\"FM Patagonia\" \/>\n\t<meta name=\"twitter:label2\" content=\"Tiempo de lectura\" \/>\n\t<meta name=\"twitter:data2\" content=\"2 minutos\" \/>\n<script type=\"application\/ld+json\" class=\"yoast-schema-graph\">{\"@context\":\"https:\\\/\\\/schema.org\",\"@graph\":[{\"@type\":\"Article\",\"@id\":\"https:\\\/\\\/fmpatagoniamadryn.com.ar\\\/?p=1624#article\",\"isPartOf\":{\"@id\":\"https:\\\/\\\/fmpatagoniamadryn.com.ar\\\/?p=1624\"},\"author\":{\"name\":\"FM Patagonia\",\"@id\":\"https:\\\/\\\/fmpatagoniamadryn.com.ar\\\/#\\\/schema\\\/person\\\/1d968ec613613768e14b4e6420a2b125\"},\"headline\":\"El Gobierno del Chubut acompa\u00f1\u00f3 a Camarones en la tradicional Fiesta Nacional del Salm\u00f3n\",\"datePublished\":\"2023-04-10T13:58:35+00:00\",\"dateModified\":\"2023-04-10T13:58:53+00:00\",\"mainEntityOfPage\":{\"@id\":\"https:\\\/\\\/fmpatagoniamadryn.com.ar\\\/?p=1624\"},\"wordCount\":371,\"publisher\":{\"@id\":\"https:\\\/\\\/fmpatagoniamadryn.com.ar\\\/#organization\"},\"image\":{\"@id\":\"https:\\\/\\\/fmpatagoniamadryn.com.ar\\\/?p=1624#primaryimage\"},\"thumbnailUrl\":\"https:\\\/\\\/fmpatagoniamadryn.com.ar\\\/wp-content\\\/uploads\\\/2023\\\/04\\\/FIESTA-DEL-SALMON-1.jpg\",\"articleSection\":[\"Provinciales\"],\"inLanguage\":\"es\"},{\"@type\":\"WebPage\",\"@id\":\"https:\\\/\\\/fmpatagoniamadryn.com.ar\\\/?p=1624\",\"url\":\"https:\\\/\\\/fmpatagoniamadryn.com.ar\\\/?p=1624\",\"name\":\"El Gobierno del Chubut acompa\u00f1\u00f3 a Camarones en la tradicional Fiesta Nacional del Salm\u00f3n - FM Patagonia Madryn\",\"isPartOf\":{\"@id\":\"https:\\\/\\\/fmpatagoniamadryn.com.ar\\\/#website\"},\"primaryImageOfPage\":{\"@id\":\"https:\\\/\\\/fmpatagoniamadryn.com.ar\\\/?p=1624#primaryimage\"},\"image\":{\"@id\":\"https:\\\/\\\/fmpatagoniamadryn.com.ar\\\/?p=1624#primaryimage\"},\"thumbnailUrl\":\"https:\\\/\\\/fmpatagoniamadryn.com.ar\\\/wp-content\\\/uploads\\\/2023\\\/04\\\/FIESTA-DEL-SALMON-1.jpg\",\"datePublished\":\"2023-04-10T13:58:35+00:00\",\"dateModified\":\"2023-04-10T13:58:53+00:00\",\"breadcrumb\":{\"@id\":\"https:\\\/\\\/fmpatagoniamadryn.com.ar\\\/?p=1624#breadcrumb\"},\"inLanguage\":\"es\",\"potentialAction\":[{\"@type\":\"ReadAction\",\"target\":[\"https:\\\/\\\/fmpatagoniamadryn.com.ar\\\/?p=1624\"]}]},{\"@type\":\"ImageObject\",\"inLanguage\":\"es\",\"@id\":\"https:\\\/\\\/fmpatagoniamadryn.com.ar\\\/?p=1624#primaryimage\",\"url\":\"https:\\\/\\\/fmpatagoniamadryn.com.ar\\\/wp-content\\\/uploads\\\/2023\\\/04\\\/FIESTA-DEL-SALMON-1.jpg\",\"contentUrl\":\"https:\\\/\\\/fmpatagoniamadryn.com.ar\\\/wp-content\\\/uploads\\\/2023\\\/04\\\/FIESTA-DEL-SALMON-1.jpg\",\"width\":1600,\"height\":1065},{\"@type\":\"BreadcrumbList\",\"@id\":\"https:\\\/\\\/fmpatagoniamadryn.com.ar\\\/?p=1624#breadcrumb\",\"itemListElement\":[{\"@type\":\"ListItem\",\"position\":1,\"name\":\"Portada\",\"item\":\"https:\\\/\\\/fmpatagoniamadryn.com.ar\\\/\"},{\"@type\":\"ListItem\",\"position\":2,\"name\":\"El Gobierno del Chubut acompa\u00f1\u00f3 a Camarones en la tradicional Fiesta Nacional del Salm\u00f3n\"}]},{\"@type\":\"WebSite\",\"@id\":\"https:\\\/\\\/fmpatagoniamadryn.com.ar\\\/#website\",\"url\":\"https:\\\/\\\/fmpatagoniamadryn.com.ar\\\/\",\"name\":\"FM Patagonia Madryn\",\"description\":\"Radio Patagonia 105.5\",\"publisher\":{\"@id\":\"https:\\\/\\\/fmpatagoniamadryn.com.ar\\\/#organization\"},\"potentialAction\":[{\"@type\":\"SearchAction\",\"target\":{\"@type\":\"EntryPoint\",\"urlTemplate\":\"https:\\\/\\\/fmpatagoniamadryn.com.ar\\\/?s={search_term_string}\"},\"query-input\":{\"@type\":\"PropertyValueSpecification\",\"valueRequired\":true,\"valueName\":\"search_term_string\"}}],\"inLanguage\":\"es\"},{\"@type\":\"Organization\",\"@id\":\"https:\\\/\\\/fmpatagoniamadryn.com.ar\\\/#organization\",\"name\":\"FM Patagonia Madryn\",\"url\":\"https:\\\/\\\/fmpatagoniamadryn.com.ar\\\/\",\"logo\":{\"@type\":\"ImageObject\",\"inLanguage\":\"es\",\"@id\":\"https:\\\/\\\/fmpatagoniamadryn.com.ar\\\/#\\\/schema\\\/logo\\\/image\\\/\",\"url\":\"https:\\\/\\\/fmpatagoniamadryn.com.ar\\\/wp-content\\\/uploads\\\/2023\\\/01\\\/cropped-Diseno-sin-titulo.png\",\"contentUrl\":\"https:\\\/\\\/fmpatagoniamadryn.com.ar\\\/wp-content\\\/uploads\\\/2023\\\/01\\\/cropped-Diseno-sin-titulo.png\",\"width\":6911,\"height\":2657,\"caption\":\"FM Patagonia Madryn\"},\"image\":{\"@id\":\"https:\\\/\\\/fmpatagoniamadryn.com.ar\\\/#\\\/schema\\\/logo\\\/image\\\/\"}},{\"@type\":\"Person\",\"@id\":\"https:\\\/\\\/fmpatagoniamadryn.com.ar\\\/#\\\/schema\\\/person\\\/1d968ec613613768e14b4e6420a2b125\",\"name\":\"FM Patagonia\",\"url\":\"https:\\\/\\\/fmpatagoniamadryn.com.ar\\\/?author=3\"}]}<\/script>\n<!-- \/ Yoast SEO plugin. -->","yoast_head_json":{"title":"El Gobierno del Chubut acompa\u00f1\u00f3 a Camarones en la tradicional Fiesta Nacional del Salm\u00f3n - FM Patagonia Madryn","robots":{"index":"index","follow":"follow","max-snippet":"max-snippet:-1","max-image-preview":"max-image-preview:large","max-video-preview":"max-video-preview:-1"},"canonical":"https:\/\/fmpatagoniamadryn.com.ar\/?p=1624","og_locale":"es_ES","og_type":"article","og_title":"El Gobierno del Chubut acompa\u00f1\u00f3 a Camarones en la tradicional Fiesta Nacional del Salm\u00f3n - FM Patagonia Madryn","og_description":"En la 40\u00b0 edici\u00f3n del evento, el Ejecutivo Provincial entreg\u00f3 aportes econ\u00f3micos y equipamiento a diversas instituciones. El Gobierno Provincial particip\u00f3 este domingo en Camarones de la ceremonia de clausura&hellip;","og_url":"https:\/\/fmpatagoniamadryn.com.ar\/?p=1624","og_site_name":"FM Patagonia Madryn","article_published_time":"2023-04-10T13:58:35+00:00","article_modified_time":"2023-04-10T13:58:53+00:00","og_image":[{"width":1600,"height":1065,"url":"https:\/\/fmpatagoniamadryn.com.ar\/wp-content\/uploads\/2023\/04\/FIESTA-DEL-SALMON-1.jpg","type":"image\/jpeg"}],"author":"FM Patagonia","twitter_card":"summary_large_image","twitter_misc":{"Escrito por":"FM Patagonia","Tiempo de lectura":"2 minutos"},"schema":{"@context":"https:\/\/schema.org","@graph":[{"@type":"Article","@id":"https:\/\/fmpatagoniamadryn.com.ar\/?p=1624#article","isPartOf":{"@id":"https:\/\/fmpatagoniamadryn.com.ar\/?p=1624"},"author":{"name":"FM Patagonia","@id":"https:\/\/fmpatagoniamadryn.com.ar\/#\/schema\/person\/1d968ec613613768e14b4e6420a2b125"},"headline":"El Gobierno del Chubut acompa\u00f1\u00f3 a Camarones en la tradicional Fiesta Nacional del Salm\u00f3n","datePublished":"2023-04-10T13:58:35+00:00","dateModified":"2023-04-10T13:58:53+00:00","mainEntityOfPage":{"@id":"https:\/\/fmpatagoniamadryn.com.ar\/?p=1624"},"wordCount":371,"publisher":{"@id":"https:\/\/fmpatagoniamadryn.com.ar\/#organization"},"image":{"@id":"https:\/\/fmpatagoniamadryn.com.ar\/?p=1624#primaryimage"},"thumbnailUrl":"https:\/\/fmpatagoniamadryn.com.ar\/wp-content\/uploads\/2023\/04\/FIESTA-DEL-SALMON-1.jpg","articleSection":["Provinciales"],"inLanguage":"es"},{"@type":"WebPage","@id":"https:\/\/fmpatagoniamadryn.com.ar\/?p=1624","url":"https:\/\/fmpatagoniamadryn.com.ar\/?p=1624","name":"El Gobierno del Chubut acompa\u00f1\u00f3 a Camarones en la tradicional Fiesta Nacional del Salm\u00f3n - FM Patagonia Madryn","isPartOf":{"@id":"https:\/\/fmpatagoniamadryn.com.ar\/#website"},"primaryImageOfPage":{"@id":"https:\/\/fmpatagoniamadryn.com.ar\/?p=1624#primaryimage"},"image":{"@id":"https:\/\/fmpatagoniamadryn.com.ar\/?p=1624#primaryimage"},"thumbnailUrl":"https:\/\/fmpatagoniamadryn.com.ar\/wp-content\/uploads\/2023\/04\/FIESTA-DEL-SALMON-1.jpg","datePublished":"2023-04-10T13:58:35+00:00","dateModified":"2023-04-10T13:58:53+00:00","breadcrumb":{"@id":"https:\/\/fmpatagoniamadryn.com.ar\/?p=1624#breadcrumb"},"inLanguage":"es","potentialAction":[{"@type":"ReadAction","target":["https:\/\/fmpatagoniamadryn.com.ar\/?p=1624"]}]},{"@type":"ImageObject","inLanguage":"es","@id":"https:\/\/fmpatagoniamadryn.com.ar\/?p=1624#primaryimage","url":"https:\/\/fmpatagoniamadryn.com.ar\/wp-content\/uploads\/2023\/04\/FIESTA-DEL-SALMON-1.jpg","contentUrl":"https:\/\/fmpatagoniamadryn.com.ar\/wp-content\/uploads\/2023\/04\/FIESTA-DEL-SALMON-1.jpg","width":1600,"height":1065},{"@type":"BreadcrumbList","@id":"https:\/\/fmpatagoniamadryn.com.ar\/?p=1624#breadcrumb","itemListElement":[{"@type":"ListItem","position":1,"name":"Portada","item":"https:\/\/fmpatagoniamadryn.com.ar\/"},{"@type":"ListItem","position":2,"name":"El Gobierno del Chubut acompa\u00f1\u00f3 a Camarones en la tradicional Fiesta Nacional del Salm\u00f3n"}]},{"@type":"WebSite","@id":"https:\/\/fmpatagoniamadryn.com.ar\/#website","url":"https:\/\/fmpatagoniamadryn.com.ar\/","name":"FM Patagonia Madryn","description":"Radio Patagonia 105.5","publisher":{"@id":"https:\/\/fmpatagoniamadryn.com.ar\/#organization"},"potentialAction":[{"@type":"SearchAction","target":{"@type":"EntryPoint","urlTemplate":"https:\/\/fmpatagoniamadryn.com.ar\/?s={search_term_string}"},"query-input":{"@type":"PropertyValueSpecification","valueRequired":true,"valueName":"search_term_string"}}],"inLanguage":"es"},{"@type":"Organization","@id":"https:\/\/fmpatagoniamadryn.com.ar\/#organization","name":"FM Patagonia Madryn","url":"https:\/\/fmpatagoniamadryn.com.ar\/","logo":{"@type":"ImageObject","inLanguage":"es","@id":"https:\/\/fmpatagoniamadryn.com.ar\/#\/schema\/logo\/image\/","url":"https:\/\/fmpatagoniamadryn.com.ar\/wp-content\/uploads\/2023\/01\/cropped-Diseno-sin-titulo.png","contentUrl":"https:\/\/fmpatagoniamadryn.com.ar\/wp-content\/uploads\/2023\/01\/cropped-Diseno-sin-titulo.png","width":6911,"height":2657,"caption":"FM Patagonia Madryn"},"image":{"@id":"https:\/\/fmpatagoniamadryn.com.ar\/#\/schema\/logo\/image\/"}},{"@type":"Person","@id":"https:\/\/fmpatagoniamadryn.com.ar\/#\/schema\/person\/1d968ec613613768e14b4e6420a2b125","name":"FM Patagonia","url":"https:\/\/fmpatagoniamadryn.com.ar\/?author=3"}]}},"jetpack_featured_media_url":"https:\/\/fmpatagoniamadryn.com.ar\/wp-content\/uploads\/2023\/04\/FIESTA-DEL-SALMON-1.jpg","_links":{"self":[{"href":"https:\/\/fmpatagoniamadryn.com.ar\/index.php?rest_route=\/wp\/v2\/posts\/1624","targetHints":{"allow":["GET"]}}],"collection":[{"href":"https:\/\/fmpatagoniamadryn.com.ar\/index.php?rest_route=\/wp\/v2\/posts"}],"about":[{"href":"https:\/\/fmpatagoniamadryn.com.ar\/index.php?rest_route=\/wp\/v2\/types\/post"}],"author":[{"embeddable":true,"href":"https:\/\/fmpatagoniamadryn.com.ar\/index.php?rest_route=\/wp\/v2\/users\/3"}],"replies":[{"embeddable":true,"href":"https:\/\/fmpatagoniamadryn.com.ar\/index.php?rest_route=%2Fwp%2Fv2%2Fcomments&post=1624"}],"version-history":[{"count":1,"href":"https:\/\/fmpatagoniamadryn.com.ar\/index.php?rest_route=\/wp\/v2\/posts\/1624\/revisions"}],"predecessor-version":[{"id":1625,"href":"https:\/\/fmpatagoniamadryn.com.ar\/index.php?rest_route=\/wp\/v2\/posts\/1624\/revisions\/1625"}],"wp:featuredmedia":[{"embeddable":true,"href":"https:\/\/fmpatagoniamadryn.com.ar\/index.php?rest_route=\/wp\/v2\/media\/1623"}],"wp:attachment":[{"href":"https:\/\/fmpatagoniamadryn.com.ar\/index.php?rest_route=%2Fwp%2Fv2%2Fmedia&parent=1624"}],"wp:term":[{"taxonomy":"category","embeddable":true,"href":"https:\/\/fmpatagoniamadryn.com.ar\/index.php?rest_route=%2Fwp%2Fv2%2Fcategories&post=1624"},{"taxonomy":"post_tag","embeddable":true,"href":"https:\/\/fmpatagoniamadryn.com.ar\/index.php?rest_route=%2Fwp%2Fv2%2Ftags&post=1624"}],"curies":[{"name":"wp","href":"https:\/\/api.w.org\/{rel}","templated":true}]}}