{"id":16323,"date":"2025-06-03T15:49:13","date_gmt":"2025-06-03T18:49:13","guid":{"rendered":"https:\/\/fmpatagoniamadryn.com.ar\/?p=16323"},"modified":"2025-06-03T15:49:13","modified_gmt":"2025-06-03T18:49:13","slug":"medicos-de-chubut-anuncian-medida-de-fuerza-por-tiempo-indefinido-ante-la-critica-situacion-del-sistema-de-salud","status":"publish","type":"post","link":"https:\/\/fmpatagoniamadryn.com.ar\/?p=16323","title":{"rendered":"M\u00e9dicos de Chubut anuncian medida de fuerza por tiempo indefinido ante la cr\u00edtica situaci\u00f3n del sistema de salud"},"content":{"rendered":"\n<p class=\"p1\"><\/p>\n\n\n\n<p class=\"p1\">La Asociaci\u00f3n Gremial M\u00e9dica del Chubut (AGREMEDCH) expres\u00f3 p\u00fablicamente su preocupaci\u00f3n por la grave crisis estructural que atraviesa el sistema de salud provincial, especialmente en lo que respecta al Primer Nivel de Atenci\u00f3n, base fundamental para garantizar el acceso de la poblaci\u00f3n al sistema sanitario.<\/p>\n\n\n\n<p class=\"p1\">Desde el gremio se\u00f1alaron que los profesionales que trabajan en los centros de salud enfrentan condiciones laborales cr\u00edticas, con salarios que no alcanzan ni siquiera el valor de una canasta b\u00e1sica total. \u201cUn m\u00e9dico especialista que trabaja 36 horas semanales en un centro de salud cobra menos de lo que cuesta cubrir necesidades b\u00e1sicas\u201d, denunciaron.<\/p>\n\n\n\n<p class=\"p1\">Adem\u00e1s, advirtieron que entre 2024 y 2025 se profundizar\u00e1 la falta de incorporaci\u00f3n de nuevos profesionales, ya que hasta un 50% del personal m\u00e9dico actual se jubilar\u00e1 sin que haya reemplazos previstos. Esto genera un escenario preocupante para el funcionamiento del sistema de salud p\u00fablico.<\/p>\n\n\n\n<p class=\"p1\">Ante este panorama, AGREMEDCH anunci\u00f3 el inicio de una medida de fuerza por tiempo indefinido, que incluye:<\/p>\n\n\n\n<p class=\"p3\">Reducci\u00f3n de la jornada diaria de atenci\u00f3n m\u00e9dica de 6 a 4 horas. Suspensi\u00f3n de la atenci\u00f3n los d\u00edas s\u00e1bados.<\/p>\n\n\n\n<p class=\"p1\">\u201cNo pedimos privilegios. Pedimos condiciones laborales y salariales que permitan sostener un sistema de salud que garantice el acceso y la atenci\u00f3n continua de los pacientes\u201d, afirmaron desde el sindicato, remarcando que el conflicto \u201cno es solo salarial, es estructural\u201d.<\/p>\n","protected":false},"excerpt":{"rendered":"<p>La Asociaci\u00f3n Gremial M\u00e9dica del Chubut (AGREMEDCH) expres\u00f3 p\u00fablicamente su preocupaci\u00f3n por la grave crisis estructural que atraviesa el sistema de salud provincial, especialmente en lo que respecta al Primer&hellip; <\/p>\n","protected":false},"author":2,"featured_media":16322,"comment_status":"closed","ping_status":"closed","sticky":false,"template":"","format":"standard","meta":{"footnotes":""},"categories":[14],"tags":[],"class_list":["post-16323","post","type-post","status-publish","format-standard","has-post-thumbnail","hentry","category-provinciales"],"yoast_head":"<!-- This site is optimized with the Yoast SEO plugin v27.5 - https:\/\/yoast.com\/product\/yoast-seo-wordpress\/ -->\n<title>M\u00e9dicos de Chubut anuncian medida de fuerza por tiempo indefinido ante la cr\u00edtica situaci\u00f3n del sistema de salud - FM Patagonia Madryn<\/title>\n<meta name=\"robots\" content=\"index, follow, max-snippet:-1, max-image-preview:large, max-video-preview:-1\" \/>\n<link rel=\"canonical\" href=\"https:\/\/fmpatagoniamadryn.com.ar\/?p=16323\" \/>\n<meta property=\"og:locale\" content=\"es_ES\" \/>\n<meta property=\"og:type\" content=\"article\" \/>\n<meta property=\"og:title\" content=\"M\u00e9dicos de Chubut anuncian medida de fuerza por tiempo indefinido ante la cr\u00edtica situaci\u00f3n del sistema de salud - FM Patagonia Madryn\" \/>\n<meta property=\"og:description\" content=\"La Asociaci\u00f3n Gremial M\u00e9dica del Chubut (AGREMEDCH) expres\u00f3 p\u00fablicamente su preocupaci\u00f3n por la grave crisis estructural que atraviesa el sistema de salud provincial, especialmente en lo que respecta al Primer&hellip;\" \/>\n<meta property=\"og:url\" content=\"https:\/\/fmpatagoniamadryn.com.ar\/?p=16323\" \/>\n<meta property=\"og:site_name\" content=\"FM Patagonia Madryn\" \/>\n<meta property=\"article:published_time\" content=\"2025-06-03T18:49:13+00:00\" \/>\n<meta property=\"og:image\" content=\"https:\/\/fmpatagoniamadryn.com.ar\/wp-content\/uploads\/2025\/06\/img_6787-1.jpg\" \/>\n\t<meta property=\"og:image:width\" content=\"1284\" \/>\n\t<meta property=\"og:image:height\" content=\"1272\" \/>\n\t<meta property=\"og:image:type\" content=\"image\/jpeg\" \/>\n<meta name=\"author\" content=\"FM Patagonia\" \/>\n<meta name=\"twitter:card\" content=\"summary_large_image\" \/>\n<meta name=\"twitter:label1\" content=\"Escrito por\" \/>\n\t<meta name=\"twitter:data1\" content=\"FM Patagonia\" \/>\n\t<meta name=\"twitter:label2\" content=\"Tiempo de lectura\" \/>\n\t<meta name=\"twitter:data2\" content=\"1 minuto\" \/>\n<script type=\"application\/ld+json\" class=\"yoast-schema-graph\">{\"@context\":\"https:\\\/\\\/schema.org\",\"@graph\":[{\"@type\":\"Article\",\"@id\":\"https:\\\/\\\/fmpatagoniamadryn.com.ar\\\/?p=16323#article\",\"isPartOf\":{\"@id\":\"https:\\\/\\\/fmpatagoniamadryn.com.ar\\\/?p=16323\"},\"author\":{\"name\":\"FM Patagonia\",\"@id\":\"https:\\\/\\\/fmpatagoniamadryn.com.ar\\\/#\\\/schema\\\/person\\\/8a3de4ad7efceacab06c1641c50303b7\"},\"headline\":\"M\u00e9dicos de Chubut anuncian medida de fuerza por tiempo indefinido ante la cr\u00edtica situaci\u00f3n del sistema de salud\",\"datePublished\":\"2025-06-03T18:49:13+00:00\",\"mainEntityOfPage\":{\"@id\":\"https:\\\/\\\/fmpatagoniamadryn.com.ar\\\/?p=16323\"},\"wordCount\":260,\"publisher\":{\"@id\":\"https:\\\/\\\/fmpatagoniamadryn.com.ar\\\/#organization\"},\"image\":{\"@id\":\"https:\\\/\\\/fmpatagoniamadryn.com.ar\\\/?p=16323#primaryimage\"},\"thumbnailUrl\":\"https:\\\/\\\/fmpatagoniamadryn.com.ar\\\/wp-content\\\/uploads\\\/2025\\\/06\\\/img_6787-1.jpg\",\"articleSection\":[\"Provinciales\"],\"inLanguage\":\"es\"},{\"@type\":\"WebPage\",\"@id\":\"https:\\\/\\\/fmpatagoniamadryn.com.ar\\\/?p=16323\",\"url\":\"https:\\\/\\\/fmpatagoniamadryn.com.ar\\\/?p=16323\",\"name\":\"M\u00e9dicos de Chubut anuncian medida de fuerza por tiempo indefinido ante la cr\u00edtica situaci\u00f3n del sistema de salud - FM Patagonia Madryn\",\"isPartOf\":{\"@id\":\"https:\\\/\\\/fmpatagoniamadryn.com.ar\\\/#website\"},\"primaryImageOfPage\":{\"@id\":\"https:\\\/\\\/fmpatagoniamadryn.com.ar\\\/?p=16323#primaryimage\"},\"image\":{\"@id\":\"https:\\\/\\\/fmpatagoniamadryn.com.ar\\\/?p=16323#primaryimage\"},\"thumbnailUrl\":\"https:\\\/\\\/fmpatagoniamadryn.com.ar\\\/wp-content\\\/uploads\\\/2025\\\/06\\\/img_6787-1.jpg\",\"datePublished\":\"2025-06-03T18:49:13+00:00\",\"breadcrumb\":{\"@id\":\"https:\\\/\\\/fmpatagoniamadryn.com.ar\\\/?p=16323#breadcrumb\"},\"inLanguage\":\"es\",\"potentialAction\":[{\"@type\":\"ReadAction\",\"target\":[\"https:\\\/\\\/fmpatagoniamadryn.com.ar\\\/?p=16323\"]}]},{\"@type\":\"ImageObject\",\"inLanguage\":\"es\",\"@id\":\"https:\\\/\\\/fmpatagoniamadryn.com.ar\\\/?p=16323#primaryimage\",\"url\":\"https:\\\/\\\/fmpatagoniamadryn.com.ar\\\/wp-content\\\/uploads\\\/2025\\\/06\\\/img_6787-1.jpg\",\"contentUrl\":\"https:\\\/\\\/fmpatagoniamadryn.com.ar\\\/wp-content\\\/uploads\\\/2025\\\/06\\\/img_6787-1.jpg\",\"width\":1284,\"height\":1272},{\"@type\":\"BreadcrumbList\",\"@id\":\"https:\\\/\\\/fmpatagoniamadryn.com.ar\\\/?p=16323#breadcrumb\",\"itemListElement\":[{\"@type\":\"ListItem\",\"position\":1,\"name\":\"Portada\",\"item\":\"https:\\\/\\\/fmpatagoniamadryn.com.ar\\\/\"},{\"@type\":\"ListItem\",\"position\":2,\"name\":\"M\u00e9dicos de Chubut anuncian medida de fuerza por tiempo indefinido ante la cr\u00edtica situaci\u00f3n del sistema de salud\"}]},{\"@type\":\"WebSite\",\"@id\":\"https:\\\/\\\/fmpatagoniamadryn.com.ar\\\/#website\",\"url\":\"https:\\\/\\\/fmpatagoniamadryn.com.ar\\\/\",\"name\":\"FM Patagonia Madryn\",\"description\":\"Radio Patagonia 105.5\",\"publisher\":{\"@id\":\"https:\\\/\\\/fmpatagoniamadryn.com.ar\\\/#organization\"},\"potentialAction\":[{\"@type\":\"SearchAction\",\"target\":{\"@type\":\"EntryPoint\",\"urlTemplate\":\"https:\\\/\\\/fmpatagoniamadryn.com.ar\\\/?s={search_term_string}\"},\"query-input\":{\"@type\":\"PropertyValueSpecification\",\"valueRequired\":true,\"valueName\":\"search_term_string\"}}],\"inLanguage\":\"es\"},{\"@type\":\"Organization\",\"@id\":\"https:\\\/\\\/fmpatagoniamadryn.com.ar\\\/#organization\",\"name\":\"FM Patagonia Madryn\",\"url\":\"https:\\\/\\\/fmpatagoniamadryn.com.ar\\\/\",\"logo\":{\"@type\":\"ImageObject\",\"inLanguage\":\"es\",\"@id\":\"https:\\\/\\\/fmpatagoniamadryn.com.ar\\\/#\\\/schema\\\/logo\\\/image\\\/\",\"url\":\"https:\\\/\\\/fmpatagoniamadryn.com.ar\\\/wp-content\\\/uploads\\\/2023\\\/01\\\/cropped-Diseno-sin-titulo.png\",\"contentUrl\":\"https:\\\/\\\/fmpatagoniamadryn.com.ar\\\/wp-content\\\/uploads\\\/2023\\\/01\\\/cropped-Diseno-sin-titulo.png\",\"width\":6911,\"height\":2657,\"caption\":\"FM Patagonia Madryn\"},\"image\":{\"@id\":\"https:\\\/\\\/fmpatagoniamadryn.com.ar\\\/#\\\/schema\\\/logo\\\/image\\\/\"}},{\"@type\":\"Person\",\"@id\":\"https:\\\/\\\/fmpatagoniamadryn.com.ar\\\/#\\\/schema\\\/person\\\/8a3de4ad7efceacab06c1641c50303b7\",\"name\":\"FM Patagonia\",\"url\":\"https:\\\/\\\/fmpatagoniamadryn.com.ar\\\/?author=2\"}]}<\/script>\n<!-- \/ Yoast SEO plugin. -->","yoast_head_json":{"title":"M\u00e9dicos de Chubut anuncian medida de fuerza por tiempo indefinido ante la cr\u00edtica situaci\u00f3n del sistema de salud - FM Patagonia Madryn","robots":{"index":"index","follow":"follow","max-snippet":"max-snippet:-1","max-image-preview":"max-image-preview:large","max-video-preview":"max-video-preview:-1"},"canonical":"https:\/\/fmpatagoniamadryn.com.ar\/?p=16323","og_locale":"es_ES","og_type":"article","og_title":"M\u00e9dicos de Chubut anuncian medida de fuerza por tiempo indefinido ante la cr\u00edtica situaci\u00f3n del sistema de salud - FM Patagonia Madryn","og_description":"La Asociaci\u00f3n Gremial M\u00e9dica del Chubut (AGREMEDCH) expres\u00f3 p\u00fablicamente su preocupaci\u00f3n por la grave crisis estructural que atraviesa el sistema de salud provincial, especialmente en lo que respecta al Primer&hellip;","og_url":"https:\/\/fmpatagoniamadryn.com.ar\/?p=16323","og_site_name":"FM Patagonia Madryn","article_published_time":"2025-06-03T18:49:13+00:00","og_image":[{"width":1284,"height":1272,"url":"https:\/\/fmpatagoniamadryn.com.ar\/wp-content\/uploads\/2025\/06\/img_6787-1.jpg","type":"image\/jpeg"}],"author":"FM Patagonia","twitter_card":"summary_large_image","twitter_misc":{"Escrito por":"FM Patagonia","Tiempo de lectura":"1 minuto"},"schema":{"@context":"https:\/\/schema.org","@graph":[{"@type":"Article","@id":"https:\/\/fmpatagoniamadryn.com.ar\/?p=16323#article","isPartOf":{"@id":"https:\/\/fmpatagoniamadryn.com.ar\/?p=16323"},"author":{"name":"FM Patagonia","@id":"https:\/\/fmpatagoniamadryn.com.ar\/#\/schema\/person\/8a3de4ad7efceacab06c1641c50303b7"},"headline":"M\u00e9dicos de Chubut anuncian medida de fuerza por tiempo indefinido ante la cr\u00edtica situaci\u00f3n del sistema de salud","datePublished":"2025-06-03T18:49:13+00:00","mainEntityOfPage":{"@id":"https:\/\/fmpatagoniamadryn.com.ar\/?p=16323"},"wordCount":260,"publisher":{"@id":"https:\/\/fmpatagoniamadryn.com.ar\/#organization"},"image":{"@id":"https:\/\/fmpatagoniamadryn.com.ar\/?p=16323#primaryimage"},"thumbnailUrl":"https:\/\/fmpatagoniamadryn.com.ar\/wp-content\/uploads\/2025\/06\/img_6787-1.jpg","articleSection":["Provinciales"],"inLanguage":"es"},{"@type":"WebPage","@id":"https:\/\/fmpatagoniamadryn.com.ar\/?p=16323","url":"https:\/\/fmpatagoniamadryn.com.ar\/?p=16323","name":"M\u00e9dicos de Chubut anuncian medida de fuerza por tiempo indefinido ante la cr\u00edtica situaci\u00f3n del sistema de salud - FM Patagonia Madryn","isPartOf":{"@id":"https:\/\/fmpatagoniamadryn.com.ar\/#website"},"primaryImageOfPage":{"@id":"https:\/\/fmpatagoniamadryn.com.ar\/?p=16323#primaryimage"},"image":{"@id":"https:\/\/fmpatagoniamadryn.com.ar\/?p=16323#primaryimage"},"thumbnailUrl":"https:\/\/fmpatagoniamadryn.com.ar\/wp-content\/uploads\/2025\/06\/img_6787-1.jpg","datePublished":"2025-06-03T18:49:13+00:00","breadcrumb":{"@id":"https:\/\/fmpatagoniamadryn.com.ar\/?p=16323#breadcrumb"},"inLanguage":"es","potentialAction":[{"@type":"ReadAction","target":["https:\/\/fmpatagoniamadryn.com.ar\/?p=16323"]}]},{"@type":"ImageObject","inLanguage":"es","@id":"https:\/\/fmpatagoniamadryn.com.ar\/?p=16323#primaryimage","url":"https:\/\/fmpatagoniamadryn.com.ar\/wp-content\/uploads\/2025\/06\/img_6787-1.jpg","contentUrl":"https:\/\/fmpatagoniamadryn.com.ar\/wp-content\/uploads\/2025\/06\/img_6787-1.jpg","width":1284,"height":1272},{"@type":"BreadcrumbList","@id":"https:\/\/fmpatagoniamadryn.com.ar\/?p=16323#breadcrumb","itemListElement":[{"@type":"ListItem","position":1,"name":"Portada","item":"https:\/\/fmpatagoniamadryn.com.ar\/"},{"@type":"ListItem","position":2,"name":"M\u00e9dicos de Chubut anuncian medida de fuerza por tiempo indefinido ante la cr\u00edtica situaci\u00f3n del sistema de salud"}]},{"@type":"WebSite","@id":"https:\/\/fmpatagoniamadryn.com.ar\/#website","url":"https:\/\/fmpatagoniamadryn.com.ar\/","name":"FM Patagonia Madryn","description":"Radio Patagonia 105.5","publisher":{"@id":"https:\/\/fmpatagoniamadryn.com.ar\/#organization"},"potentialAction":[{"@type":"SearchAction","target":{"@type":"EntryPoint","urlTemplate":"https:\/\/fmpatagoniamadryn.com.ar\/?s={search_term_string}"},"query-input":{"@type":"PropertyValueSpecification","valueRequired":true,"valueName":"search_term_string"}}],"inLanguage":"es"},{"@type":"Organization","@id":"https:\/\/fmpatagoniamadryn.com.ar\/#organization","name":"FM Patagonia Madryn","url":"https:\/\/fmpatagoniamadryn.com.ar\/","logo":{"@type":"ImageObject","inLanguage":"es","@id":"https:\/\/fmpatagoniamadryn.com.ar\/#\/schema\/logo\/image\/","url":"https:\/\/fmpatagoniamadryn.com.ar\/wp-content\/uploads\/2023\/01\/cropped-Diseno-sin-titulo.png","contentUrl":"https:\/\/fmpatagoniamadryn.com.ar\/wp-content\/uploads\/2023\/01\/cropped-Diseno-sin-titulo.png","width":6911,"height":2657,"caption":"FM Patagonia Madryn"},"image":{"@id":"https:\/\/fmpatagoniamadryn.com.ar\/#\/schema\/logo\/image\/"}},{"@type":"Person","@id":"https:\/\/fmpatagoniamadryn.com.ar\/#\/schema\/person\/8a3de4ad7efceacab06c1641c50303b7","name":"FM Patagonia","url":"https:\/\/fmpatagoniamadryn.com.ar\/?author=2"}]}},"jetpack_featured_media_url":"https:\/\/fmpatagoniamadryn.com.ar\/wp-content\/uploads\/2025\/06\/img_6787-1.jpg","_links":{"self":[{"href":"https:\/\/fmpatagoniamadryn.com.ar\/index.php?rest_route=\/wp\/v2\/posts\/16323","targetHints":{"allow":["GET"]}}],"collection":[{"href":"https:\/\/fmpatagoniamadryn.com.ar\/index.php?rest_route=\/wp\/v2\/posts"}],"about":[{"href":"https:\/\/fmpatagoniamadryn.com.ar\/index.php?rest_route=\/wp\/v2\/types\/post"}],"author":[{"embeddable":true,"href":"https:\/\/fmpatagoniamadryn.com.ar\/index.php?rest_route=\/wp\/v2\/users\/2"}],"replies":[{"embeddable":true,"href":"https:\/\/fmpatagoniamadryn.com.ar\/index.php?rest_route=%2Fwp%2Fv2%2Fcomments&post=16323"}],"version-history":[{"count":1,"href":"https:\/\/fmpatagoniamadryn.com.ar\/index.php?rest_route=\/wp\/v2\/posts\/16323\/revisions"}],"predecessor-version":[{"id":16324,"href":"https:\/\/fmpatagoniamadryn.com.ar\/index.php?rest_route=\/wp\/v2\/posts\/16323\/revisions\/16324"}],"wp:featuredmedia":[{"embeddable":true,"href":"https:\/\/fmpatagoniamadryn.com.ar\/index.php?rest_route=\/wp\/v2\/media\/16322"}],"wp:attachment":[{"href":"https:\/\/fmpatagoniamadryn.com.ar\/index.php?rest_route=%2Fwp%2Fv2%2Fmedia&parent=16323"}],"wp:term":[{"taxonomy":"category","embeddable":true,"href":"https:\/\/fmpatagoniamadryn.com.ar\/index.php?rest_route=%2Fwp%2Fv2%2Fcategories&post=16323"},{"taxonomy":"post_tag","embeddable":true,"href":"https:\/\/fmpatagoniamadryn.com.ar\/index.php?rest_route=%2Fwp%2Fv2%2Ftags&post=16323"}],"curies":[{"name":"wp","href":"https:\/\/api.w.org\/{rel}","templated":true}]}}