{"id":16326,"date":"2025-06-03T18:28:55","date_gmt":"2025-06-03T21:28:55","guid":{"rendered":"https:\/\/fmpatagoniamadryn.com.ar\/?p=16326"},"modified":"2025-06-03T18:28:55","modified_gmt":"2025-06-03T21:28:55","slug":"estudiantes-de-la-escuela-politecnica-iniciaron-sus-pasantias-en-el-municipio","status":"publish","type":"post","link":"https:\/\/fmpatagoniamadryn.com.ar\/?p=16326","title":{"rendered":"ESTUDIANTES DE LA ESCUELA POLIT\u00c9CNICA INICIARON SUS PASANT\u00cdAS EN EL MUNICIPIO"},"content":{"rendered":"\n<p><em><br>El viceintendente Mart\u00edn Ebene recibi\u00f3 a los alumnos y las alumnas de dicho establecimiento educativo, quienes ya comenzaron a desarrollar distintas actividades en la Secretar\u00eda de Obras P\u00fablicas y Desarrollo Urbano<\/em><\/p>\n\n\n\n<p>El viceintendente de Puerto Madryn, Mart\u00edn Ebene, recibi\u00f3 en el Municipio a estudiantes de la Escuela Polit\u00e9cnica N\u00ba 703 \u201cJos\u00e9 Toschke\u201d, quienes ya comenzaron a realizar sus respectivas pasant\u00edas en las diferentes \u00e1reas que dependen de la Secretar\u00eda de Obras P\u00fablicas y Desarrollo Urbano.<\/p>\n\n\n\n<p>Cabe destacar que los alumnos y las alumnas tendr\u00e1n el acompa\u00f1amiento de un trabajador de cada \u00e1rea, que cumplir\u00e1 el rol de tutor, guiando y apoy\u00e1ndolos en sus actividades diarias. Por su parte, los docentes supervisar\u00e1n las distintas experiencias, asegurando el cumplimiento de los objetivos educativos.<br \/><strong><br \/>Acciones fundamentales<\/strong><\/p>\n\n\n\n<p>Al respecto, el Viceintendente dijo: \u201cVivimos una muy linda jornada, recibiendo a estudiantes de nuestra querida Escuela Polit\u00e9cnica, quienes ya comenzaron a realizar sus pasant\u00edas en diferentes \u00e1reas del Municipio. Esta es una iniciativa que venimos replicando desde hace mucho tiempo y los resultados son m\u00e1s que gratificantes\u201d.<\/p>\n\n\n\n<p>En este mismo sentido, Ebene remarc\u00f3: \u201cSiempre resaltamos que es fundamental trabajar de manera conjunta con los establecimientos educativos para generar este tipo de acciones, que no hacen m\u00e1s que mejorar los distintos procesos formativos, incluyendo cuestiones te\u00f3ricas, pero tambi\u00e9n mucha pr\u00e1ctica\u201d.<\/p>\n\n\n\n<p><strong>Los presentes<br><\/strong><br>En el encuentro en cuesti\u00f3n, tambi\u00e9n estuvo presente el secretario de Obras P\u00fablicas y Desarrollo Urbano, Tommaso Grioni, y los responsables de las distintas \u00e1reas de dicha cartera<\/p>\n","protected":false},"excerpt":{"rendered":"<p>El viceintendente Mart\u00edn Ebene recibi\u00f3 a los alumnos y las alumnas de dicho establecimiento educativo, quienes ya comenzaron a desarrollar distintas actividades en la Secretar\u00eda de Obras P\u00fablicas y Desarrollo&hellip; <\/p>\n","protected":false},"author":2,"featured_media":16325,"comment_status":"closed","ping_status":"closed","sticky":false,"template":"","format":"standard","meta":{"footnotes":""},"categories":[15],"tags":[],"class_list":["post-16326","post","type-post","status-publish","format-standard","has-post-thumbnail","hentry","category-locales"],"yoast_head":"<!-- This site is optimized with the Yoast SEO plugin v27.5 - https:\/\/yoast.com\/product\/yoast-seo-wordpress\/ -->\n<title>ESTUDIANTES DE LA ESCUELA POLIT\u00c9CNICA INICIARON SUS PASANT\u00cdAS EN EL MUNICIPIO - FM Patagonia Madryn<\/title>\n<meta name=\"robots\" content=\"index, follow, max-snippet:-1, max-image-preview:large, max-video-preview:-1\" \/>\n<link rel=\"canonical\" href=\"https:\/\/fmpatagoniamadryn.com.ar\/?p=16326\" \/>\n<meta property=\"og:locale\" content=\"es_ES\" \/>\n<meta property=\"og:type\" content=\"article\" \/>\n<meta property=\"og:title\" content=\"ESTUDIANTES DE LA ESCUELA POLIT\u00c9CNICA INICIARON SUS PASANT\u00cdAS EN EL MUNICIPIO - FM Patagonia Madryn\" \/>\n<meta property=\"og:description\" content=\"El viceintendente Mart\u00edn Ebene recibi\u00f3 a los alumnos y las alumnas de dicho establecimiento educativo, quienes ya comenzaron a desarrollar distintas actividades en la Secretar\u00eda de Obras P\u00fablicas y Desarrollo&hellip;\" \/>\n<meta property=\"og:url\" content=\"https:\/\/fmpatagoniamadryn.com.ar\/?p=16326\" \/>\n<meta property=\"og:site_name\" content=\"FM Patagonia Madryn\" \/>\n<meta property=\"article:published_time\" content=\"2025-06-03T21:28:55+00:00\" \/>\n<meta property=\"og:image\" content=\"https:\/\/fmpatagoniamadryn.com.ar\/wp-content\/uploads\/2025\/06\/img_6794-1.jpg\" \/>\n\t<meta property=\"og:image:width\" content=\"2000\" \/>\n\t<meta property=\"og:image:height\" content=\"1250\" \/>\n\t<meta property=\"og:image:type\" content=\"image\/jpeg\" \/>\n<meta name=\"author\" content=\"FM Patagonia\" \/>\n<meta name=\"twitter:card\" content=\"summary_large_image\" \/>\n<meta name=\"twitter:label1\" content=\"Escrito por\" \/>\n\t<meta name=\"twitter:data1\" content=\"FM Patagonia\" \/>\n\t<meta name=\"twitter:label2\" content=\"Tiempo de lectura\" \/>\n\t<meta name=\"twitter:data2\" content=\"1 minuto\" \/>\n<script type=\"application\/ld+json\" class=\"yoast-schema-graph\">{\"@context\":\"https:\\\/\\\/schema.org\",\"@graph\":[{\"@type\":\"Article\",\"@id\":\"https:\\\/\\\/fmpatagoniamadryn.com.ar\\\/?p=16326#article\",\"isPartOf\":{\"@id\":\"https:\\\/\\\/fmpatagoniamadryn.com.ar\\\/?p=16326\"},\"author\":{\"name\":\"FM Patagonia\",\"@id\":\"https:\\\/\\\/fmpatagoniamadryn.com.ar\\\/#\\\/schema\\\/person\\\/8a3de4ad7efceacab06c1641c50303b7\"},\"headline\":\"ESTUDIANTES DE LA ESCUELA POLIT\u00c9CNICA INICIARON SUS PASANT\u00cdAS EN EL MUNICIPIO\",\"datePublished\":\"2025-06-03T21:28:55+00:00\",\"mainEntityOfPage\":{\"@id\":\"https:\\\/\\\/fmpatagoniamadryn.com.ar\\\/?p=16326\"},\"wordCount\":277,\"publisher\":{\"@id\":\"https:\\\/\\\/fmpatagoniamadryn.com.ar\\\/#organization\"},\"image\":{\"@id\":\"https:\\\/\\\/fmpatagoniamadryn.com.ar\\\/?p=16326#primaryimage\"},\"thumbnailUrl\":\"https:\\\/\\\/fmpatagoniamadryn.com.ar\\\/wp-content\\\/uploads\\\/2025\\\/06\\\/img_6794-1.jpg\",\"articleSection\":[\"Locales\"],\"inLanguage\":\"es\"},{\"@type\":\"WebPage\",\"@id\":\"https:\\\/\\\/fmpatagoniamadryn.com.ar\\\/?p=16326\",\"url\":\"https:\\\/\\\/fmpatagoniamadryn.com.ar\\\/?p=16326\",\"name\":\"ESTUDIANTES DE LA ESCUELA POLIT\u00c9CNICA INICIARON SUS PASANT\u00cdAS EN EL MUNICIPIO - FM Patagonia Madryn\",\"isPartOf\":{\"@id\":\"https:\\\/\\\/fmpatagoniamadryn.com.ar\\\/#website\"},\"primaryImageOfPage\":{\"@id\":\"https:\\\/\\\/fmpatagoniamadryn.com.ar\\\/?p=16326#primaryimage\"},\"image\":{\"@id\":\"https:\\\/\\\/fmpatagoniamadryn.com.ar\\\/?p=16326#primaryimage\"},\"thumbnailUrl\":\"https:\\\/\\\/fmpatagoniamadryn.com.ar\\\/wp-content\\\/uploads\\\/2025\\\/06\\\/img_6794-1.jpg\",\"datePublished\":\"2025-06-03T21:28:55+00:00\",\"breadcrumb\":{\"@id\":\"https:\\\/\\\/fmpatagoniamadryn.com.ar\\\/?p=16326#breadcrumb\"},\"inLanguage\":\"es\",\"potentialAction\":[{\"@type\":\"ReadAction\",\"target\":[\"https:\\\/\\\/fmpatagoniamadryn.com.ar\\\/?p=16326\"]}]},{\"@type\":\"ImageObject\",\"inLanguage\":\"es\",\"@id\":\"https:\\\/\\\/fmpatagoniamadryn.com.ar\\\/?p=16326#primaryimage\",\"url\":\"https:\\\/\\\/fmpatagoniamadryn.com.ar\\\/wp-content\\\/uploads\\\/2025\\\/06\\\/img_6794-1.jpg\",\"contentUrl\":\"https:\\\/\\\/fmpatagoniamadryn.com.ar\\\/wp-content\\\/uploads\\\/2025\\\/06\\\/img_6794-1.jpg\",\"width\":2000,\"height\":1250},{\"@type\":\"BreadcrumbList\",\"@id\":\"https:\\\/\\\/fmpatagoniamadryn.com.ar\\\/?p=16326#breadcrumb\",\"itemListElement\":[{\"@type\":\"ListItem\",\"position\":1,\"name\":\"Portada\",\"item\":\"https:\\\/\\\/fmpatagoniamadryn.com.ar\\\/\"},{\"@type\":\"ListItem\",\"position\":2,\"name\":\"ESTUDIANTES DE LA ESCUELA POLIT\u00c9CNICA INICIARON SUS PASANT\u00cdAS EN EL MUNICIPIO\"}]},{\"@type\":\"WebSite\",\"@id\":\"https:\\\/\\\/fmpatagoniamadryn.com.ar\\\/#website\",\"url\":\"https:\\\/\\\/fmpatagoniamadryn.com.ar\\\/\",\"name\":\"FM Patagonia Madryn\",\"description\":\"Radio Patagonia 105.5\",\"publisher\":{\"@id\":\"https:\\\/\\\/fmpatagoniamadryn.com.ar\\\/#organization\"},\"potentialAction\":[{\"@type\":\"SearchAction\",\"target\":{\"@type\":\"EntryPoint\",\"urlTemplate\":\"https:\\\/\\\/fmpatagoniamadryn.com.ar\\\/?s={search_term_string}\"},\"query-input\":{\"@type\":\"PropertyValueSpecification\",\"valueRequired\":true,\"valueName\":\"search_term_string\"}}],\"inLanguage\":\"es\"},{\"@type\":\"Organization\",\"@id\":\"https:\\\/\\\/fmpatagoniamadryn.com.ar\\\/#organization\",\"name\":\"FM Patagonia Madryn\",\"url\":\"https:\\\/\\\/fmpatagoniamadryn.com.ar\\\/\",\"logo\":{\"@type\":\"ImageObject\",\"inLanguage\":\"es\",\"@id\":\"https:\\\/\\\/fmpatagoniamadryn.com.ar\\\/#\\\/schema\\\/logo\\\/image\\\/\",\"url\":\"https:\\\/\\\/fmpatagoniamadryn.com.ar\\\/wp-content\\\/uploads\\\/2023\\\/01\\\/cropped-Diseno-sin-titulo.png\",\"contentUrl\":\"https:\\\/\\\/fmpatagoniamadryn.com.ar\\\/wp-content\\\/uploads\\\/2023\\\/01\\\/cropped-Diseno-sin-titulo.png\",\"width\":6911,\"height\":2657,\"caption\":\"FM Patagonia Madryn\"},\"image\":{\"@id\":\"https:\\\/\\\/fmpatagoniamadryn.com.ar\\\/#\\\/schema\\\/logo\\\/image\\\/\"}},{\"@type\":\"Person\",\"@id\":\"https:\\\/\\\/fmpatagoniamadryn.com.ar\\\/#\\\/schema\\\/person\\\/8a3de4ad7efceacab06c1641c50303b7\",\"name\":\"FM Patagonia\",\"url\":\"https:\\\/\\\/fmpatagoniamadryn.com.ar\\\/?author=2\"}]}<\/script>\n<!-- \/ Yoast SEO plugin. -->","yoast_head_json":{"title":"ESTUDIANTES DE LA ESCUELA POLIT\u00c9CNICA INICIARON SUS PASANT\u00cdAS EN EL MUNICIPIO - FM Patagonia Madryn","robots":{"index":"index","follow":"follow","max-snippet":"max-snippet:-1","max-image-preview":"max-image-preview:large","max-video-preview":"max-video-preview:-1"},"canonical":"https:\/\/fmpatagoniamadryn.com.ar\/?p=16326","og_locale":"es_ES","og_type":"article","og_title":"ESTUDIANTES DE LA ESCUELA POLIT\u00c9CNICA INICIARON SUS PASANT\u00cdAS EN EL MUNICIPIO - FM Patagonia Madryn","og_description":"El viceintendente Mart\u00edn Ebene recibi\u00f3 a los alumnos y las alumnas de dicho establecimiento educativo, quienes ya comenzaron a desarrollar distintas actividades en la Secretar\u00eda de Obras P\u00fablicas y Desarrollo&hellip;","og_url":"https:\/\/fmpatagoniamadryn.com.ar\/?p=16326","og_site_name":"FM Patagonia Madryn","article_published_time":"2025-06-03T21:28:55+00:00","og_image":[{"width":2000,"height":1250,"url":"https:\/\/fmpatagoniamadryn.com.ar\/wp-content\/uploads\/2025\/06\/img_6794-1.jpg","type":"image\/jpeg"}],"author":"FM Patagonia","twitter_card":"summary_large_image","twitter_misc":{"Escrito por":"FM Patagonia","Tiempo de lectura":"1 minuto"},"schema":{"@context":"https:\/\/schema.org","@graph":[{"@type":"Article","@id":"https:\/\/fmpatagoniamadryn.com.ar\/?p=16326#article","isPartOf":{"@id":"https:\/\/fmpatagoniamadryn.com.ar\/?p=16326"},"author":{"name":"FM Patagonia","@id":"https:\/\/fmpatagoniamadryn.com.ar\/#\/schema\/person\/8a3de4ad7efceacab06c1641c50303b7"},"headline":"ESTUDIANTES DE LA ESCUELA POLIT\u00c9CNICA INICIARON SUS PASANT\u00cdAS EN EL MUNICIPIO","datePublished":"2025-06-03T21:28:55+00:00","mainEntityOfPage":{"@id":"https:\/\/fmpatagoniamadryn.com.ar\/?p=16326"},"wordCount":277,"publisher":{"@id":"https:\/\/fmpatagoniamadryn.com.ar\/#organization"},"image":{"@id":"https:\/\/fmpatagoniamadryn.com.ar\/?p=16326#primaryimage"},"thumbnailUrl":"https:\/\/fmpatagoniamadryn.com.ar\/wp-content\/uploads\/2025\/06\/img_6794-1.jpg","articleSection":["Locales"],"inLanguage":"es"},{"@type":"WebPage","@id":"https:\/\/fmpatagoniamadryn.com.ar\/?p=16326","url":"https:\/\/fmpatagoniamadryn.com.ar\/?p=16326","name":"ESTUDIANTES DE LA ESCUELA POLIT\u00c9CNICA INICIARON SUS PASANT\u00cdAS EN EL MUNICIPIO - FM Patagonia Madryn","isPartOf":{"@id":"https:\/\/fmpatagoniamadryn.com.ar\/#website"},"primaryImageOfPage":{"@id":"https:\/\/fmpatagoniamadryn.com.ar\/?p=16326#primaryimage"},"image":{"@id":"https:\/\/fmpatagoniamadryn.com.ar\/?p=16326#primaryimage"},"thumbnailUrl":"https:\/\/fmpatagoniamadryn.com.ar\/wp-content\/uploads\/2025\/06\/img_6794-1.jpg","datePublished":"2025-06-03T21:28:55+00:00","breadcrumb":{"@id":"https:\/\/fmpatagoniamadryn.com.ar\/?p=16326#breadcrumb"},"inLanguage":"es","potentialAction":[{"@type":"ReadAction","target":["https:\/\/fmpatagoniamadryn.com.ar\/?p=16326"]}]},{"@type":"ImageObject","inLanguage":"es","@id":"https:\/\/fmpatagoniamadryn.com.ar\/?p=16326#primaryimage","url":"https:\/\/fmpatagoniamadryn.com.ar\/wp-content\/uploads\/2025\/06\/img_6794-1.jpg","contentUrl":"https:\/\/fmpatagoniamadryn.com.ar\/wp-content\/uploads\/2025\/06\/img_6794-1.jpg","width":2000,"height":1250},{"@type":"BreadcrumbList","@id":"https:\/\/fmpatagoniamadryn.com.ar\/?p=16326#breadcrumb","itemListElement":[{"@type":"ListItem","position":1,"name":"Portada","item":"https:\/\/fmpatagoniamadryn.com.ar\/"},{"@type":"ListItem","position":2,"name":"ESTUDIANTES DE LA ESCUELA POLIT\u00c9CNICA INICIARON SUS PASANT\u00cdAS EN EL MUNICIPIO"}]},{"@type":"WebSite","@id":"https:\/\/fmpatagoniamadryn.com.ar\/#website","url":"https:\/\/fmpatagoniamadryn.com.ar\/","name":"FM Patagonia Madryn","description":"Radio Patagonia 105.5","publisher":{"@id":"https:\/\/fmpatagoniamadryn.com.ar\/#organization"},"potentialAction":[{"@type":"SearchAction","target":{"@type":"EntryPoint","urlTemplate":"https:\/\/fmpatagoniamadryn.com.ar\/?s={search_term_string}"},"query-input":{"@type":"PropertyValueSpecification","valueRequired":true,"valueName":"search_term_string"}}],"inLanguage":"es"},{"@type":"Organization","@id":"https:\/\/fmpatagoniamadryn.com.ar\/#organization","name":"FM Patagonia Madryn","url":"https:\/\/fmpatagoniamadryn.com.ar\/","logo":{"@type":"ImageObject","inLanguage":"es","@id":"https:\/\/fmpatagoniamadryn.com.ar\/#\/schema\/logo\/image\/","url":"https:\/\/fmpatagoniamadryn.com.ar\/wp-content\/uploads\/2023\/01\/cropped-Diseno-sin-titulo.png","contentUrl":"https:\/\/fmpatagoniamadryn.com.ar\/wp-content\/uploads\/2023\/01\/cropped-Diseno-sin-titulo.png","width":6911,"height":2657,"caption":"FM Patagonia Madryn"},"image":{"@id":"https:\/\/fmpatagoniamadryn.com.ar\/#\/schema\/logo\/image\/"}},{"@type":"Person","@id":"https:\/\/fmpatagoniamadryn.com.ar\/#\/schema\/person\/8a3de4ad7efceacab06c1641c50303b7","name":"FM Patagonia","url":"https:\/\/fmpatagoniamadryn.com.ar\/?author=2"}]}},"jetpack_featured_media_url":"https:\/\/fmpatagoniamadryn.com.ar\/wp-content\/uploads\/2025\/06\/img_6794-1.jpg","_links":{"self":[{"href":"https:\/\/fmpatagoniamadryn.com.ar\/index.php?rest_route=\/wp\/v2\/posts\/16326","targetHints":{"allow":["GET"]}}],"collection":[{"href":"https:\/\/fmpatagoniamadryn.com.ar\/index.php?rest_route=\/wp\/v2\/posts"}],"about":[{"href":"https:\/\/fmpatagoniamadryn.com.ar\/index.php?rest_route=\/wp\/v2\/types\/post"}],"author":[{"embeddable":true,"href":"https:\/\/fmpatagoniamadryn.com.ar\/index.php?rest_route=\/wp\/v2\/users\/2"}],"replies":[{"embeddable":true,"href":"https:\/\/fmpatagoniamadryn.com.ar\/index.php?rest_route=%2Fwp%2Fv2%2Fcomments&post=16326"}],"version-history":[{"count":1,"href":"https:\/\/fmpatagoniamadryn.com.ar\/index.php?rest_route=\/wp\/v2\/posts\/16326\/revisions"}],"predecessor-version":[{"id":16327,"href":"https:\/\/fmpatagoniamadryn.com.ar\/index.php?rest_route=\/wp\/v2\/posts\/16326\/revisions\/16327"}],"wp:featuredmedia":[{"embeddable":true,"href":"https:\/\/fmpatagoniamadryn.com.ar\/index.php?rest_route=\/wp\/v2\/media\/16325"}],"wp:attachment":[{"href":"https:\/\/fmpatagoniamadryn.com.ar\/index.php?rest_route=%2Fwp%2Fv2%2Fmedia&parent=16326"}],"wp:term":[{"taxonomy":"category","embeddable":true,"href":"https:\/\/fmpatagoniamadryn.com.ar\/index.php?rest_route=%2Fwp%2Fv2%2Fcategories&post=16326"},{"taxonomy":"post_tag","embeddable":true,"href":"https:\/\/fmpatagoniamadryn.com.ar\/index.php?rest_route=%2Fwp%2Fv2%2Ftags&post=16326"}],"curies":[{"name":"wp","href":"https:\/\/api.w.org\/{rel}","templated":true}]}}