{"id":16332,"date":"2025-06-03T19:26:55","date_gmt":"2025-06-03T22:26:55","guid":{"rendered":"https:\/\/fmpatagoniamadryn.com.ar\/?p=16332"},"modified":"2025-06-03T19:26:55","modified_gmt":"2025-06-03T22:26:55","slug":"torres-formalizo-ante-nacion-el-pedido-de-traspaso-de-la-ruta-40","status":"publish","type":"post","link":"https:\/\/fmpatagoniamadryn.com.ar\/?p=16332","title":{"rendered":"Torres formaliz\u00f3 ante Naci\u00f3n el pedido de traspaso de la Ruta 40"},"content":{"rendered":"\n<p><em>Fue en el marco de un encuentro que el mandatario chubutense mantuvo en Buenos Aires con el jefe de Gabinete de Ministros, Guillermo Francos, y el ministro de Econom\u00eda de Naci\u00f3n, Luis Caputo. De esta manera, el mandatario solicit\u00f3 que las obras sean incorporadas al convenio de compensaci\u00f3n de deuda firmado con el Gobierno Nacional, y ejecutadas con fondos provinciales. El titular del Ejecutivo destac\u00f3 que dicho esquema \u00abnos permitir\u00e1 desendeudarnos haciendo obras p\u00fablicas prioritarias para la provincia\u201d.<\/em><\/p>\n\n\n\n<p>El gobernador del Chubut, Ignacio \u201cNacho\u201d Torres, confirm\u00f3 que se elev\u00f3 el pedido formal al Gobierno Nacional para el traspaso de las obras en tramos estrat\u00e9gicos de la Ruta Nacional N\u00b0 40 a la \u00f3rbita provincial; de este modo, se incorporar\u00edan al convenio de compensaci\u00f3n de obligaciones rec\u00edprocas suscripto oportunamente con Naci\u00f3n, y a partir de la renovaci\u00f3n del acuerdo, el mantenimiento y la ejecuci\u00f3n de los trabajos ser\u00e1n concretados con fondos \u00edntegramente provinciales y luego descontados de la deuda correspondiente al Fondo Fiduciario.<\/p>\n\n\n\n<p>El traspaso de una obra clave en materia de desarrollo tur\u00edstico, productivo y de seguridad vial, fue solicitado en un encuentro que el mandatario chubutense mantuvo en la Ciudad de Buenos Aires con el jefe de Gabinete, Guillermo Francos; el ministro de Econom\u00eda, Luis Caputo; su par provincial, Miguel Arnaudo; y el secretario de Infraestructura, Hern\u00e1n T\u00f3rtola; entre otras autoridades.<\/p>\n\n\n\n<p><em>Obras prioritarias<\/em><\/p>\n\n\n\n<p>Al t\u00e9rmino de la reuni\u00f3n, el titular del Ejecutivo destac\u00f3 el avance de las gestiones \u201cpara poder hacernos cargo de una ruta nacional que est\u00e1 muy deteriorada y representa un perjuicio para todos los chubutenses\u201d.<\/p>\n\n\n\n<p>El mandatario precis\u00f3 que, tal como se acord\u00f3 en su momento para la finalizaci\u00f3n de la doble v\u00eda entre Trelew y Puerto Madryn sobre la Ruta Nacional N\u00b0 3, \u201cqueremos incorporar la Ruta 40 a ese esquema de compensaci\u00f3n de deuda, porque ya no se trata solo de una cuesti\u00f3n tur\u00edstica, sino de la seguridad de miles de argentinos que transitan una ruta emblem\u00e1tica\u201d.<\/p>\n\n\n\n<p>Torres asegur\u00f3 que \u201ces urgente abordar esa problem\u00e1tica\u201d e indic\u00f3 que \u201cestamos trabajando para resolverla mediante un esquema que nos permita avanzar con esta pol\u00edtica de desendeudarnos haciendo obras p\u00fablicas prioritarias para la provincia\u201d.<\/p>\n\n\n\n<p><em>Ejecuci\u00f3n y financiamiento<\/em><\/p>\n\n\n\n<p>Concretamente, el traspaso de las obras se enmarca en el \u201cR\u00e9gimen de Extinci\u00f3n de Obligaciones Rec\u00edprocas\u201d, creado mediante el Decreto Nacional N\u00b0 969. A partir de este sistema, el Gobierno de la Provincia tendr\u00eda a su cargo la licitaci\u00f3n y ejecuci\u00f3n de los trabajos en distintos tramos de la Ruta 40, aportando el financiamiento inicial y posteriormente compensando cr\u00e9ditos y deudas con el Estado Nacional.<\/p>\n\n\n\n<p>El nuevo contrato contemplar\u00eda, en primer t\u00e9rmino, el mantenimiento y la ejecuci\u00f3n de un tramo comprendido entre el empalme de la Ruta Nacional 26 y el empalme con la Ruta Provincial 23.<\/p>\n\n\n\n<p>Adem\u00e1s, en el encuentro se acord\u00f3 avanzar en la firma de convenios futuros para la transferencia de otras dos obras prioritarias: el tramo Estancia La Paulina \u2013 Empalme Ruta Nacional 259, tambi\u00e9n sobre la Ruta 40; y la Ruta Nacional 25, entre Las Plumas y Paso de Indios.<\/p>\n","protected":false},"excerpt":{"rendered":"<p>Fue en el marco de un encuentro que el mandatario chubutense mantuvo en Buenos Aires con el jefe de Gabinete de Ministros, Guillermo Francos, y el ministro de Econom\u00eda de&hellip; <\/p>\n","protected":false},"author":4,"featured_media":16331,"comment_status":"closed","ping_status":"closed","sticky":false,"template":"","format":"standard","meta":{"footnotes":""},"categories":[14],"tags":[],"class_list":["post-16332","post","type-post","status-publish","format-standard","has-post-thumbnail","hentry","category-provinciales"],"yoast_head":"<!-- This site is optimized with the Yoast SEO plugin v27.5 - https:\/\/yoast.com\/product\/yoast-seo-wordpress\/ -->\n<title>Torres formaliz\u00f3 ante Naci\u00f3n el pedido de traspaso de la Ruta 40 - FM Patagonia Madryn<\/title>\n<meta name=\"robots\" content=\"index, follow, max-snippet:-1, max-image-preview:large, max-video-preview:-1\" \/>\n<link rel=\"canonical\" href=\"https:\/\/fmpatagoniamadryn.com.ar\/?p=16332\" \/>\n<meta property=\"og:locale\" content=\"es_ES\" \/>\n<meta property=\"og:type\" content=\"article\" \/>\n<meta property=\"og:title\" content=\"Torres formaliz\u00f3 ante Naci\u00f3n el pedido de traspaso de la Ruta 40 - FM Patagonia Madryn\" \/>\n<meta property=\"og:description\" content=\"Fue en el marco de un encuentro que el mandatario chubutense mantuvo en Buenos Aires con el jefe de Gabinete de Ministros, Guillermo Francos, y el ministro de Econom\u00eda de&hellip;\" \/>\n<meta property=\"og:url\" content=\"https:\/\/fmpatagoniamadryn.com.ar\/?p=16332\" \/>\n<meta property=\"og:site_name\" content=\"FM Patagonia Madryn\" \/>\n<meta property=\"article:published_time\" content=\"2025-06-03T22:26:55+00:00\" \/>\n<meta property=\"og:image\" content=\"https:\/\/fmpatagoniamadryn.com.ar\/wp-content\/uploads\/2025\/06\/7f55f229-d073-46b6-bbee-06b0813dfc08-1.jpg\" \/>\n\t<meta property=\"og:image:width\" content=\"2000\" \/>\n\t<meta property=\"og:image:height\" content=\"1333\" \/>\n\t<meta property=\"og:image:type\" content=\"image\/jpeg\" \/>\n<meta name=\"author\" content=\"FM Patagonia\" \/>\n<meta name=\"twitter:card\" content=\"summary_large_image\" \/>\n<meta name=\"twitter:label1\" content=\"Escrito por\" \/>\n\t<meta name=\"twitter:data1\" content=\"FM Patagonia\" \/>\n\t<meta name=\"twitter:label2\" content=\"Tiempo de lectura\" \/>\n\t<meta name=\"twitter:data2\" content=\"3 minutos\" \/>\n<script type=\"application\/ld+json\" class=\"yoast-schema-graph\">{\"@context\":\"https:\\\/\\\/schema.org\",\"@graph\":[{\"@type\":\"Article\",\"@id\":\"https:\\\/\\\/fmpatagoniamadryn.com.ar\\\/?p=16332#article\",\"isPartOf\":{\"@id\":\"https:\\\/\\\/fmpatagoniamadryn.com.ar\\\/?p=16332\"},\"author\":{\"name\":\"FM Patagonia\",\"@id\":\"https:\\\/\\\/fmpatagoniamadryn.com.ar\\\/#\\\/schema\\\/person\\\/97b1d30cb2ae311544a88a5201700571\"},\"headline\":\"Torres formaliz\u00f3 ante Naci\u00f3n el pedido de traspaso de la Ruta 40\",\"datePublished\":\"2025-06-03T22:26:55+00:00\",\"mainEntityOfPage\":{\"@id\":\"https:\\\/\\\/fmpatagoniamadryn.com.ar\\\/?p=16332\"},\"wordCount\":546,\"publisher\":{\"@id\":\"https:\\\/\\\/fmpatagoniamadryn.com.ar\\\/#organization\"},\"image\":{\"@id\":\"https:\\\/\\\/fmpatagoniamadryn.com.ar\\\/?p=16332#primaryimage\"},\"thumbnailUrl\":\"https:\\\/\\\/fmpatagoniamadryn.com.ar\\\/wp-content\\\/uploads\\\/2025\\\/06\\\/7f55f229-d073-46b6-bbee-06b0813dfc08-1.jpg\",\"articleSection\":[\"Provinciales\"],\"inLanguage\":\"es\"},{\"@type\":\"WebPage\",\"@id\":\"https:\\\/\\\/fmpatagoniamadryn.com.ar\\\/?p=16332\",\"url\":\"https:\\\/\\\/fmpatagoniamadryn.com.ar\\\/?p=16332\",\"name\":\"Torres formaliz\u00f3 ante Naci\u00f3n el pedido de traspaso de la Ruta 40 - FM Patagonia Madryn\",\"isPartOf\":{\"@id\":\"https:\\\/\\\/fmpatagoniamadryn.com.ar\\\/#website\"},\"primaryImageOfPage\":{\"@id\":\"https:\\\/\\\/fmpatagoniamadryn.com.ar\\\/?p=16332#primaryimage\"},\"image\":{\"@id\":\"https:\\\/\\\/fmpatagoniamadryn.com.ar\\\/?p=16332#primaryimage\"},\"thumbnailUrl\":\"https:\\\/\\\/fmpatagoniamadryn.com.ar\\\/wp-content\\\/uploads\\\/2025\\\/06\\\/7f55f229-d073-46b6-bbee-06b0813dfc08-1.jpg\",\"datePublished\":\"2025-06-03T22:26:55+00:00\",\"breadcrumb\":{\"@id\":\"https:\\\/\\\/fmpatagoniamadryn.com.ar\\\/?p=16332#breadcrumb\"},\"inLanguage\":\"es\",\"potentialAction\":[{\"@type\":\"ReadAction\",\"target\":[\"https:\\\/\\\/fmpatagoniamadryn.com.ar\\\/?p=16332\"]}]},{\"@type\":\"ImageObject\",\"inLanguage\":\"es\",\"@id\":\"https:\\\/\\\/fmpatagoniamadryn.com.ar\\\/?p=16332#primaryimage\",\"url\":\"https:\\\/\\\/fmpatagoniamadryn.com.ar\\\/wp-content\\\/uploads\\\/2025\\\/06\\\/7f55f229-d073-46b6-bbee-06b0813dfc08-1.jpg\",\"contentUrl\":\"https:\\\/\\\/fmpatagoniamadryn.com.ar\\\/wp-content\\\/uploads\\\/2025\\\/06\\\/7f55f229-d073-46b6-bbee-06b0813dfc08-1.jpg\",\"width\":2000,\"height\":1333},{\"@type\":\"BreadcrumbList\",\"@id\":\"https:\\\/\\\/fmpatagoniamadryn.com.ar\\\/?p=16332#breadcrumb\",\"itemListElement\":[{\"@type\":\"ListItem\",\"position\":1,\"name\":\"Portada\",\"item\":\"https:\\\/\\\/fmpatagoniamadryn.com.ar\\\/\"},{\"@type\":\"ListItem\",\"position\":2,\"name\":\"Torres formaliz\u00f3 ante Naci\u00f3n el pedido de traspaso de la Ruta 40\"}]},{\"@type\":\"WebSite\",\"@id\":\"https:\\\/\\\/fmpatagoniamadryn.com.ar\\\/#website\",\"url\":\"https:\\\/\\\/fmpatagoniamadryn.com.ar\\\/\",\"name\":\"FM Patagonia Madryn\",\"description\":\"Radio Patagonia 105.5\",\"publisher\":{\"@id\":\"https:\\\/\\\/fmpatagoniamadryn.com.ar\\\/#organization\"},\"potentialAction\":[{\"@type\":\"SearchAction\",\"target\":{\"@type\":\"EntryPoint\",\"urlTemplate\":\"https:\\\/\\\/fmpatagoniamadryn.com.ar\\\/?s={search_term_string}\"},\"query-input\":{\"@type\":\"PropertyValueSpecification\",\"valueRequired\":true,\"valueName\":\"search_term_string\"}}],\"inLanguage\":\"es\"},{\"@type\":\"Organization\",\"@id\":\"https:\\\/\\\/fmpatagoniamadryn.com.ar\\\/#organization\",\"name\":\"FM Patagonia Madryn\",\"url\":\"https:\\\/\\\/fmpatagoniamadryn.com.ar\\\/\",\"logo\":{\"@type\":\"ImageObject\",\"inLanguage\":\"es\",\"@id\":\"https:\\\/\\\/fmpatagoniamadryn.com.ar\\\/#\\\/schema\\\/logo\\\/image\\\/\",\"url\":\"https:\\\/\\\/fmpatagoniamadryn.com.ar\\\/wp-content\\\/uploads\\\/2023\\\/01\\\/cropped-Diseno-sin-titulo.png\",\"contentUrl\":\"https:\\\/\\\/fmpatagoniamadryn.com.ar\\\/wp-content\\\/uploads\\\/2023\\\/01\\\/cropped-Diseno-sin-titulo.png\",\"width\":6911,\"height\":2657,\"caption\":\"FM Patagonia Madryn\"},\"image\":{\"@id\":\"https:\\\/\\\/fmpatagoniamadryn.com.ar\\\/#\\\/schema\\\/logo\\\/image\\\/\"}},{\"@type\":\"Person\",\"@id\":\"https:\\\/\\\/fmpatagoniamadryn.com.ar\\\/#\\\/schema\\\/person\\\/97b1d30cb2ae311544a88a5201700571\",\"name\":\"FM Patagonia\",\"url\":\"https:\\\/\\\/fmpatagoniamadryn.com.ar\\\/?author=4\"}]}<\/script>\n<!-- \/ Yoast SEO plugin. -->","yoast_head_json":{"title":"Torres formaliz\u00f3 ante Naci\u00f3n el pedido de traspaso de la Ruta 40 - FM Patagonia Madryn","robots":{"index":"index","follow":"follow","max-snippet":"max-snippet:-1","max-image-preview":"max-image-preview:large","max-video-preview":"max-video-preview:-1"},"canonical":"https:\/\/fmpatagoniamadryn.com.ar\/?p=16332","og_locale":"es_ES","og_type":"article","og_title":"Torres formaliz\u00f3 ante Naci\u00f3n el pedido de traspaso de la Ruta 40 - FM Patagonia Madryn","og_description":"Fue en el marco de un encuentro que el mandatario chubutense mantuvo en Buenos Aires con el jefe de Gabinete de Ministros, Guillermo Francos, y el ministro de Econom\u00eda de&hellip;","og_url":"https:\/\/fmpatagoniamadryn.com.ar\/?p=16332","og_site_name":"FM Patagonia Madryn","article_published_time":"2025-06-03T22:26:55+00:00","og_image":[{"width":2000,"height":1333,"url":"https:\/\/fmpatagoniamadryn.com.ar\/wp-content\/uploads\/2025\/06\/7f55f229-d073-46b6-bbee-06b0813dfc08-1.jpg","type":"image\/jpeg"}],"author":"FM Patagonia","twitter_card":"summary_large_image","twitter_misc":{"Escrito por":"FM Patagonia","Tiempo de lectura":"3 minutos"},"schema":{"@context":"https:\/\/schema.org","@graph":[{"@type":"Article","@id":"https:\/\/fmpatagoniamadryn.com.ar\/?p=16332#article","isPartOf":{"@id":"https:\/\/fmpatagoniamadryn.com.ar\/?p=16332"},"author":{"name":"FM Patagonia","@id":"https:\/\/fmpatagoniamadryn.com.ar\/#\/schema\/person\/97b1d30cb2ae311544a88a5201700571"},"headline":"Torres formaliz\u00f3 ante Naci\u00f3n el pedido de traspaso de la Ruta 40","datePublished":"2025-06-03T22:26:55+00:00","mainEntityOfPage":{"@id":"https:\/\/fmpatagoniamadryn.com.ar\/?p=16332"},"wordCount":546,"publisher":{"@id":"https:\/\/fmpatagoniamadryn.com.ar\/#organization"},"image":{"@id":"https:\/\/fmpatagoniamadryn.com.ar\/?p=16332#primaryimage"},"thumbnailUrl":"https:\/\/fmpatagoniamadryn.com.ar\/wp-content\/uploads\/2025\/06\/7f55f229-d073-46b6-bbee-06b0813dfc08-1.jpg","articleSection":["Provinciales"],"inLanguage":"es"},{"@type":"WebPage","@id":"https:\/\/fmpatagoniamadryn.com.ar\/?p=16332","url":"https:\/\/fmpatagoniamadryn.com.ar\/?p=16332","name":"Torres formaliz\u00f3 ante Naci\u00f3n el pedido de traspaso de la Ruta 40 - FM Patagonia Madryn","isPartOf":{"@id":"https:\/\/fmpatagoniamadryn.com.ar\/#website"},"primaryImageOfPage":{"@id":"https:\/\/fmpatagoniamadryn.com.ar\/?p=16332#primaryimage"},"image":{"@id":"https:\/\/fmpatagoniamadryn.com.ar\/?p=16332#primaryimage"},"thumbnailUrl":"https:\/\/fmpatagoniamadryn.com.ar\/wp-content\/uploads\/2025\/06\/7f55f229-d073-46b6-bbee-06b0813dfc08-1.jpg","datePublished":"2025-06-03T22:26:55+00:00","breadcrumb":{"@id":"https:\/\/fmpatagoniamadryn.com.ar\/?p=16332#breadcrumb"},"inLanguage":"es","potentialAction":[{"@type":"ReadAction","target":["https:\/\/fmpatagoniamadryn.com.ar\/?p=16332"]}]},{"@type":"ImageObject","inLanguage":"es","@id":"https:\/\/fmpatagoniamadryn.com.ar\/?p=16332#primaryimage","url":"https:\/\/fmpatagoniamadryn.com.ar\/wp-content\/uploads\/2025\/06\/7f55f229-d073-46b6-bbee-06b0813dfc08-1.jpg","contentUrl":"https:\/\/fmpatagoniamadryn.com.ar\/wp-content\/uploads\/2025\/06\/7f55f229-d073-46b6-bbee-06b0813dfc08-1.jpg","width":2000,"height":1333},{"@type":"BreadcrumbList","@id":"https:\/\/fmpatagoniamadryn.com.ar\/?p=16332#breadcrumb","itemListElement":[{"@type":"ListItem","position":1,"name":"Portada","item":"https:\/\/fmpatagoniamadryn.com.ar\/"},{"@type":"ListItem","position":2,"name":"Torres formaliz\u00f3 ante Naci\u00f3n el pedido de traspaso de la Ruta 40"}]},{"@type":"WebSite","@id":"https:\/\/fmpatagoniamadryn.com.ar\/#website","url":"https:\/\/fmpatagoniamadryn.com.ar\/","name":"FM Patagonia Madryn","description":"Radio Patagonia 105.5","publisher":{"@id":"https:\/\/fmpatagoniamadryn.com.ar\/#organization"},"potentialAction":[{"@type":"SearchAction","target":{"@type":"EntryPoint","urlTemplate":"https:\/\/fmpatagoniamadryn.com.ar\/?s={search_term_string}"},"query-input":{"@type":"PropertyValueSpecification","valueRequired":true,"valueName":"search_term_string"}}],"inLanguage":"es"},{"@type":"Organization","@id":"https:\/\/fmpatagoniamadryn.com.ar\/#organization","name":"FM Patagonia Madryn","url":"https:\/\/fmpatagoniamadryn.com.ar\/","logo":{"@type":"ImageObject","inLanguage":"es","@id":"https:\/\/fmpatagoniamadryn.com.ar\/#\/schema\/logo\/image\/","url":"https:\/\/fmpatagoniamadryn.com.ar\/wp-content\/uploads\/2023\/01\/cropped-Diseno-sin-titulo.png","contentUrl":"https:\/\/fmpatagoniamadryn.com.ar\/wp-content\/uploads\/2023\/01\/cropped-Diseno-sin-titulo.png","width":6911,"height":2657,"caption":"FM Patagonia Madryn"},"image":{"@id":"https:\/\/fmpatagoniamadryn.com.ar\/#\/schema\/logo\/image\/"}},{"@type":"Person","@id":"https:\/\/fmpatagoniamadryn.com.ar\/#\/schema\/person\/97b1d30cb2ae311544a88a5201700571","name":"FM Patagonia","url":"https:\/\/fmpatagoniamadryn.com.ar\/?author=4"}]}},"jetpack_featured_media_url":"https:\/\/fmpatagoniamadryn.com.ar\/wp-content\/uploads\/2025\/06\/7f55f229-d073-46b6-bbee-06b0813dfc08-1.jpg","_links":{"self":[{"href":"https:\/\/fmpatagoniamadryn.com.ar\/index.php?rest_route=\/wp\/v2\/posts\/16332","targetHints":{"allow":["GET"]}}],"collection":[{"href":"https:\/\/fmpatagoniamadryn.com.ar\/index.php?rest_route=\/wp\/v2\/posts"}],"about":[{"href":"https:\/\/fmpatagoniamadryn.com.ar\/index.php?rest_route=\/wp\/v2\/types\/post"}],"author":[{"embeddable":true,"href":"https:\/\/fmpatagoniamadryn.com.ar\/index.php?rest_route=\/wp\/v2\/users\/4"}],"replies":[{"embeddable":true,"href":"https:\/\/fmpatagoniamadryn.com.ar\/index.php?rest_route=%2Fwp%2Fv2%2Fcomments&post=16332"}],"version-history":[{"count":1,"href":"https:\/\/fmpatagoniamadryn.com.ar\/index.php?rest_route=\/wp\/v2\/posts\/16332\/revisions"}],"predecessor-version":[{"id":16333,"href":"https:\/\/fmpatagoniamadryn.com.ar\/index.php?rest_route=\/wp\/v2\/posts\/16332\/revisions\/16333"}],"wp:featuredmedia":[{"embeddable":true,"href":"https:\/\/fmpatagoniamadryn.com.ar\/index.php?rest_route=\/wp\/v2\/media\/16331"}],"wp:attachment":[{"href":"https:\/\/fmpatagoniamadryn.com.ar\/index.php?rest_route=%2Fwp%2Fv2%2Fmedia&parent=16332"}],"wp:term":[{"taxonomy":"category","embeddable":true,"href":"https:\/\/fmpatagoniamadryn.com.ar\/index.php?rest_route=%2Fwp%2Fv2%2Fcategories&post=16332"},{"taxonomy":"post_tag","embeddable":true,"href":"https:\/\/fmpatagoniamadryn.com.ar\/index.php?rest_route=%2Fwp%2Fv2%2Ftags&post=16332"}],"curies":[{"name":"wp","href":"https:\/\/api.w.org\/{rel}","templated":true}]}}