{"id":16341,"date":"2025-06-04T11:13:06","date_gmt":"2025-06-04T14:13:06","guid":{"rendered":"https:\/\/fmpatagoniamadryn.com.ar\/?p=16341"},"modified":"2025-06-04T11:13:06","modified_gmt":"2025-06-04T14:13:06","slug":"chubut-gustavo-sastre-participo-del-cierre-de-energia-chubut-2025-tierra-de-futuro-junto-al-gobernador-ignacio-torres","status":"publish","type":"post","link":"https:\/\/fmpatagoniamadryn.com.ar\/?p=16341","title":{"rendered":"Chubut | Gustavo Sastre particip\u00f3 del cierre de Energ\u00eda Chubut 2025 \u2013 Tierra de Futuro junto al Gobernador, Ignacio Torres"},"content":{"rendered":"\n<h1 class=\"wp-block-heading\"><\/h1>\n\n\n\n<p>El gobernador de Chubut, Ignacio \u201cNacho\u201d Torres, encabez\u00f3 el cierre de \u201cEnerg\u00eda Chubut 2050 \u2013 Tierra de Futuro\u201d, un evento desarrollado en la Ciudad Aut\u00f3noma de Buenos Aires que convoc\u00f3 a los principales referentes del sector empresarial, energ\u00e9tico y sindical del pa\u00eds. Junto al Gobernador, estuvieron presentes distintos Intendentes, entre ellos, Gustavo Sastre. A lo largo de una jornada de seis horas, distintos paneles abordaron tem\u00e1ticas ligadas a las energ\u00edas renovables, los hidrocarburos y los proyectos estrat\u00e9gicos para la regi\u00f3n con eje en Chubut. Los participantes ratificaron la centralidad de la provincia en la transici\u00f3n energ\u00e9tica argentina y en la promoci\u00f3n de la Ley de Hidr\u00f3geno Verde.<\/p>\n\n\n\n<p>Participaron como expositores, acompa\u00f1ando al mandatario provincial, el jefe de Gabinete de Ministros de la Naci\u00f3n, Guillermo Francos; el CEO de Pan American Energy, Marcos Bulgheroni; y el polit\u00f3logo y periodista Paulino Rodrigues, en el rol de moderador.<\/p>\n\n\n\n<p>Agenda de competitividad<\/p>\n\n\n\n<p>En su discurso de cierre, Torres hizo \u00e9nfasis en los desaf\u00edos y oportunidades que enfrenta la provincia en un contexto global, especialmente en lo relativo a la industrializaci\u00f3n de recursos estrat\u00e9gicos y el desarrollo de nuevas tecnolog\u00edas.<\/p>\n\n\n\n<p>\u201cLos desaf\u00edos para Chubut y para el pa\u00eds son muchos, pero el mayor de ellos es ponernos de acuerdo, lo cual no es menor. Para poder afrontar muchos de los obst\u00e1culos que tuvimos en nuestra provincia, dimos peleas importantes. Incluso atravesamos un per\u00edodo de conflictividad, pero muchas de las decisiones que tomamos \u2014siempre ancladas en la coherencia y el sentido com\u00fan\u2014 implicaron generar consensos a mediano y largo plazo\u201d, expres\u00f3.<\/p>\n\n\n\n<p>En esa l\u00ednea, agreg\u00f3: \u201cHoy, Chubut apunta a una agenda de competitividad porque pudimos sentarnos con los gremios, las empresas y el Estado provincial, parar la pelota y coordinar una estrategia de desarrollo en un escenario atravesado por variables ex\u00f3genas, como el precio del barril, los conflictos b\u00e9licos que afectan el valor de los commodities y decisiones del Gobierno Nacional que impactan directamente sobre las provincias productivas\u201d.<\/p>\n\n\n\n<p>Mesas de trabajo y representatividad<\/p>\n\n\n\n<p>Torres subray\u00f3: \u201cLa decisi\u00f3n fue hacernos cargo de lo nuestro, y el resultado fue positivo. Hoy, por ejemplo, contamos con puertos mucho m\u00e1s competitivos, donde se hacen las cosas bien, se permite que las empresas compitan como corresponde y se construye una madurez dirigencial sin precedentes en la provincia\u201d.<\/p>\n\n\n\n<p>Adem\u00e1s, destac\u00f3 que \u201ctodos los representantes de los distintos gremios y sindicatos estuvieron sentados en esa mesa para entender que el mundo cambia, que hay que adaptarse y operar de una manera distinta\u201d.<\/p>\n\n\n\n<p>\u201cLogramos incluso mayor\u00edas calificadas en la Legislatura en medio de un a\u00f1o electoral\u201d, se\u00f1al\u00f3 el mandatario, y remarc\u00f3: \u201cGobernar tambi\u00e9n es explicar, de cara a la ciudadan\u00eda, diciendo la verdad y entendiendo que muchas de estas batallas hay que darlas hermanados\u201d.<\/p>\n\n\n\n<p>Equilibrio fiscal y rol de las provincias<\/p>\n\n\n\n<p>\u201cTenemos una oportunidad \u00fanica en t\u00e9rminos generacionales, y estamos dando una discusi\u00f3n que es previa a cualquier grieta ideol\u00f3gica, apelando al sentido com\u00fan. Una discusi\u00f3n que tiene eje en el equilibrio fiscal y en un tipo de cambio flotante, por citar dos ejemplos\u201d, sostuvo Torres, citando el caso de Chile, \u201ccuyo gobierno es ideol\u00f3gicamente antag\u00f3nico al de la Argentina, pero que profesa los mismos principios macroecon\u00f3micos\u201d.<\/p>\n\n\n\n<p>\u201cCreo que nadie puede estar en desacuerdo con la necesidad de ordenar la macroeconom\u00eda. Pero tambi\u00e9n es necesario discutir qu\u00e9 pa\u00eds queremos y cu\u00e1l es el rol del Estado nacional\u201d, afirm\u00f3. \u201cSi Naci\u00f3n pone el foco en la macroeconom\u00eda, las relaciones exteriores y la seguridad interior, est\u00e1 perfecto. Pero entonces, las provincias \u2014los estados sub soberanos\u2014 debemos hacernos cargo de rutas, puertos y servicios, y para eso necesitamos un esquema fiscal justo y eficiente que nos permita competir en infraestructura\u201d.<\/p>\n\n\n\n<p>Producci\u00f3n y trabajo<\/p>\n\n\n\n<p>\u201cTenemos que sentar las bases de una Argentina normal. Una reforma fiscal implica, entre otras cosas, revertir la regresividad de una matriz tributaria distorsiva y profundamente centralista, y dejar de legislar mal\u201d, manifest\u00f3 el Gobernador.<\/p>\n\n\n\n<p>Se\u00f1al\u00f3 que \u201cmuchos impuestos actuales fueron creados como transitorios y terminaron quedando eternamente. Esa matriz fiscal asfixia a la producci\u00f3n y al trabajo\u201d.<\/p>\n\n\n\n<p>\u201cSi vamos hacia una simplificaci\u00f3n tributaria, debe venir de la mano de una reparaci\u00f3n para la Argentina que trabaja y produce, para el mal llamado \u2018interior del pa\u00eds\u2019 que genera los d\u00f3lares que durante a\u00f1os se dilapidaron desde el centralismo. Esos d\u00f3lares deben traducirse en resultados concretos y pol\u00edticas desarrollistas que mejoren la calidad de vida de todos los argentinos\u201d, remarc\u00f3.<\/p>\n\n\n\n<p>\u201cNo hay que tener miedo a la baja de impuestos\u201d, recalc\u00f3 Torres, recordando leyes impulsadas por la actual gesti\u00f3n que permitieron atraer inversiones. \u201cUn caso es la Ley de Promoci\u00f3n de Inversiones Tur\u00edsticas, a la que varios intendentes dudaban en adherir por el impacto fiscal. Sin embargo, luego de un a\u00f1o y medio, ese supuesto costo dinamiz\u00f3 la econom\u00eda: hoy se est\u00e1n construyendo hoteles de primer nivel en la provincia gracias a ese r\u00e9gimen de promoci\u00f3n\u201d.<\/p>\n\n\n\n<p>\u201cAl levantarle el pie de encima al contribuyente, se combate con m\u00e1s eficacia la evasi\u00f3n fiscal\u201d, afirm\u00f3, y agreg\u00f3 que \u201cpor eso decidimos avanzar en un pacto fiscal con los municipios para estandarizar Ingresos Brutos y promover la baja en sectores estrat\u00e9gicos\u201d.<\/p>\n\n\n\n<p>Acuerdos e inversiones<\/p>\n\n\n\n<p>\u201cLa Naci\u00f3n necesita d\u00f3lares, y para eso es necesario exportar m\u00e1s\u201d, dijo Torres. \u201cSi Chubut baja las regal\u00edas al no convencional \u2014como nos comprometimos en tres puntos\u2014 y Naci\u00f3n hace lo propio con las retenciones al convencional \u2014que es marginal para las cuentas nacionales\u2014, eso se va a traducir en m\u00e1s d\u00f3lares, m\u00e1s trabajo y m\u00e1s producci\u00f3n\u201d.<\/p>\n\n\n\n<p>Puso como ejemplo el caso de Pecom: \u201cUna empresa que se hizo cargo de un \u00e1rea que dej\u00f3 YPF, present\u00f3 una propuesta de mayor inversi\u00f3n a cambio de una reducci\u00f3n en regal\u00edas, y hoy es un caso de \u00e9xito porque esa inversi\u00f3n se tradujo en m\u00e1s producci\u00f3n\u201d.<\/p>\n\n\n\n<p>\u201cQueremos que a la Argentina le vaya bien, y para eso todos tenemos que tener la humildad suficiente de sentarnos a afrontar el gran desaf\u00edo de ponernos de acuerdo\u201d, expres\u00f3.<\/p>\n\n\n\n<p>\u201cEn Chubut buscamos nivelar hacia arriba: que todos tengan la oportunidad de acceder a educaci\u00f3n y salud de calidad. Por eso, la discusi\u00f3n de una matriz fiscal m\u00e1s justa no es solo una cuesti\u00f3n de dinero, sino de derechos y de responsabilidades\u201d, concluy\u00f3. \u201cEstoy seguro de que vamos hacia una provincia protagonista del cambio definitivo que necesita la Argentina: una provincia que exporte m\u00e1s, que genere m\u00e1s trabajo y que brinde m\u00e1s oportunidades para las futuras generaciones\u201d.<\/p>\n\n\n\n<p>Paneles y agenda<\/p>\n\n\n\n<p>La agenda de \u201cEnerg\u00eda Chubut 2050 \u2013 Tierra de Futuro\u201d incluy\u00f3 paneles, disertaciones y exposiciones sobre energ\u00edas renovables (como la e\u00f3lica y el hidr\u00f3geno verde), reconversi\u00f3n de cuencas hidrocarbur\u00edferas, uso sostenible de los recursos naturales y log\u00edstica estrat\u00e9gica.<\/p>\n\n\n\n<p>Participaron tambi\u00e9n referentes del \u00e1mbito pol\u00edtico, energ\u00e9tico y empresarial, como el expresidente Mauricio Macri; la diputada nacional Ana Clara Romero; el vicegobernador de Chubut, Gustavo Menna; el presidente y CEO de YPF, Horacio Mar\u00edn; Bernardo Andrews (Genneia); Gabriel Vendrell (Aluar); y el dirigente sindical y diputado nacional Jorge \u00c1vila (Petroleros Privados de Chubut).<\/p>\n\n\n\n<p>Entre los principales paneles desarrollados se destacaron: \u201cRenovables: el futuro que ya est\u00e1 en marcha\u201d, \u201cTransformaci\u00f3n y futuro de los hidrocarburos\u201d, \u201cReconversi\u00f3n de cuencas maduras\u201d y \u201cArgentina ante el nuevo mapa global: claves para crecer\u201d.<\/p>\n","protected":false},"excerpt":{"rendered":"<p>El gobernador de Chubut, Ignacio \u201cNacho\u201d Torres, encabez\u00f3 el cierre de \u201cEnerg\u00eda Chubut 2050 \u2013 Tierra de Futuro\u201d, un evento desarrollado en la Ciudad Aut\u00f3noma de Buenos Aires que convoc\u00f3&hellip; <\/p>\n","protected":false},"author":2,"featured_media":16340,"comment_status":"closed","ping_status":"closed","sticky":false,"template":"","format":"standard","meta":{"footnotes":""},"categories":[15],"tags":[],"class_list":["post-16341","post","type-post","status-publish","format-standard","has-post-thumbnail","hentry","category-locales"],"yoast_head":"<!-- This site is optimized with the Yoast SEO plugin v27.5 - https:\/\/yoast.com\/product\/yoast-seo-wordpress\/ -->\n<title>Chubut | Gustavo Sastre particip\u00f3 del cierre de Energ\u00eda Chubut 2025 \u2013 Tierra de Futuro junto al Gobernador, Ignacio Torres - FM Patagonia Madryn<\/title>\n<meta name=\"robots\" content=\"index, follow, max-snippet:-1, max-image-preview:large, max-video-preview:-1\" \/>\n<link rel=\"canonical\" href=\"https:\/\/fmpatagoniamadryn.com.ar\/?p=16341\" \/>\n<meta property=\"og:locale\" content=\"es_ES\" \/>\n<meta property=\"og:type\" content=\"article\" \/>\n<meta property=\"og:title\" content=\"Chubut | Gustavo Sastre particip\u00f3 del cierre de Energ\u00eda Chubut 2025 \u2013 Tierra de Futuro junto al Gobernador, Ignacio Torres - FM Patagonia Madryn\" \/>\n<meta property=\"og:description\" content=\"El gobernador de Chubut, Ignacio \u201cNacho\u201d Torres, encabez\u00f3 el cierre de \u201cEnerg\u00eda Chubut 2050 \u2013 Tierra de Futuro\u201d, un evento desarrollado en la Ciudad Aut\u00f3noma de Buenos Aires que convoc\u00f3&hellip;\" \/>\n<meta property=\"og:url\" content=\"https:\/\/fmpatagoniamadryn.com.ar\/?p=16341\" \/>\n<meta property=\"og:site_name\" content=\"FM Patagonia Madryn\" \/>\n<meta property=\"article:published_time\" content=\"2025-06-04T14:13:06+00:00\" \/>\n<meta property=\"og:image\" content=\"https:\/\/fmpatagoniamadryn.com.ar\/wp-content\/uploads\/2025\/06\/img_6855-1.jpg\" \/>\n\t<meta property=\"og:image:width\" content=\"870\" \/>\n\t<meta property=\"og:image:height\" content=\"632\" \/>\n\t<meta property=\"og:image:type\" content=\"image\/jpeg\" \/>\n<meta name=\"author\" content=\"FM Patagonia\" \/>\n<meta name=\"twitter:card\" content=\"summary_large_image\" \/>\n<meta name=\"twitter:label1\" content=\"Escrito por\" \/>\n\t<meta name=\"twitter:data1\" content=\"FM Patagonia\" \/>\n\t<meta name=\"twitter:label2\" content=\"Tiempo de lectura\" \/>\n\t<meta name=\"twitter:data2\" content=\"6 minutos\" \/>\n<script type=\"application\/ld+json\" class=\"yoast-schema-graph\">{\"@context\":\"https:\\\/\\\/schema.org\",\"@graph\":[{\"@type\":\"Article\",\"@id\":\"https:\\\/\\\/fmpatagoniamadryn.com.ar\\\/?p=16341#article\",\"isPartOf\":{\"@id\":\"https:\\\/\\\/fmpatagoniamadryn.com.ar\\\/?p=16341\"},\"author\":{\"name\":\"FM Patagonia\",\"@id\":\"https:\\\/\\\/fmpatagoniamadryn.com.ar\\\/#\\\/schema\\\/person\\\/8a3de4ad7efceacab06c1641c50303b7\"},\"headline\":\"Chubut | Gustavo Sastre particip\u00f3 del cierre de Energ\u00eda Chubut 2025 \u2013 Tierra de Futuro junto al Gobernador, Ignacio Torres\",\"datePublished\":\"2025-06-04T14:13:06+00:00\",\"mainEntityOfPage\":{\"@id\":\"https:\\\/\\\/fmpatagoniamadryn.com.ar\\\/?p=16341\"},\"wordCount\":1308,\"publisher\":{\"@id\":\"https:\\\/\\\/fmpatagoniamadryn.com.ar\\\/#organization\"},\"image\":{\"@id\":\"https:\\\/\\\/fmpatagoniamadryn.com.ar\\\/?p=16341#primaryimage\"},\"thumbnailUrl\":\"https:\\\/\\\/fmpatagoniamadryn.com.ar\\\/wp-content\\\/uploads\\\/2025\\\/06\\\/img_6855-1.jpg\",\"articleSection\":[\"Locales\"],\"inLanguage\":\"es\"},{\"@type\":\"WebPage\",\"@id\":\"https:\\\/\\\/fmpatagoniamadryn.com.ar\\\/?p=16341\",\"url\":\"https:\\\/\\\/fmpatagoniamadryn.com.ar\\\/?p=16341\",\"name\":\"Chubut | Gustavo Sastre particip\u00f3 del cierre de Energ\u00eda Chubut 2025 \u2013 Tierra de Futuro junto al Gobernador, Ignacio Torres - FM Patagonia Madryn\",\"isPartOf\":{\"@id\":\"https:\\\/\\\/fmpatagoniamadryn.com.ar\\\/#website\"},\"primaryImageOfPage\":{\"@id\":\"https:\\\/\\\/fmpatagoniamadryn.com.ar\\\/?p=16341#primaryimage\"},\"image\":{\"@id\":\"https:\\\/\\\/fmpatagoniamadryn.com.ar\\\/?p=16341#primaryimage\"},\"thumbnailUrl\":\"https:\\\/\\\/fmpatagoniamadryn.com.ar\\\/wp-content\\\/uploads\\\/2025\\\/06\\\/img_6855-1.jpg\",\"datePublished\":\"2025-06-04T14:13:06+00:00\",\"breadcrumb\":{\"@id\":\"https:\\\/\\\/fmpatagoniamadryn.com.ar\\\/?p=16341#breadcrumb\"},\"inLanguage\":\"es\",\"potentialAction\":[{\"@type\":\"ReadAction\",\"target\":[\"https:\\\/\\\/fmpatagoniamadryn.com.ar\\\/?p=16341\"]}]},{\"@type\":\"ImageObject\",\"inLanguage\":\"es\",\"@id\":\"https:\\\/\\\/fmpatagoniamadryn.com.ar\\\/?p=16341#primaryimage\",\"url\":\"https:\\\/\\\/fmpatagoniamadryn.com.ar\\\/wp-content\\\/uploads\\\/2025\\\/06\\\/img_6855-1.jpg\",\"contentUrl\":\"https:\\\/\\\/fmpatagoniamadryn.com.ar\\\/wp-content\\\/uploads\\\/2025\\\/06\\\/img_6855-1.jpg\",\"width\":870,\"height\":632},{\"@type\":\"BreadcrumbList\",\"@id\":\"https:\\\/\\\/fmpatagoniamadryn.com.ar\\\/?p=16341#breadcrumb\",\"itemListElement\":[{\"@type\":\"ListItem\",\"position\":1,\"name\":\"Portada\",\"item\":\"https:\\\/\\\/fmpatagoniamadryn.com.ar\\\/\"},{\"@type\":\"ListItem\",\"position\":2,\"name\":\"Chubut | Gustavo Sastre particip\u00f3 del cierre de Energ\u00eda Chubut 2025 \u2013 Tierra de Futuro junto al Gobernador, Ignacio Torres\"}]},{\"@type\":\"WebSite\",\"@id\":\"https:\\\/\\\/fmpatagoniamadryn.com.ar\\\/#website\",\"url\":\"https:\\\/\\\/fmpatagoniamadryn.com.ar\\\/\",\"name\":\"FM Patagonia Madryn\",\"description\":\"Radio Patagonia 105.5\",\"publisher\":{\"@id\":\"https:\\\/\\\/fmpatagoniamadryn.com.ar\\\/#organization\"},\"potentialAction\":[{\"@type\":\"SearchAction\",\"target\":{\"@type\":\"EntryPoint\",\"urlTemplate\":\"https:\\\/\\\/fmpatagoniamadryn.com.ar\\\/?s={search_term_string}\"},\"query-input\":{\"@type\":\"PropertyValueSpecification\",\"valueRequired\":true,\"valueName\":\"search_term_string\"}}],\"inLanguage\":\"es\"},{\"@type\":\"Organization\",\"@id\":\"https:\\\/\\\/fmpatagoniamadryn.com.ar\\\/#organization\",\"name\":\"FM Patagonia Madryn\",\"url\":\"https:\\\/\\\/fmpatagoniamadryn.com.ar\\\/\",\"logo\":{\"@type\":\"ImageObject\",\"inLanguage\":\"es\",\"@id\":\"https:\\\/\\\/fmpatagoniamadryn.com.ar\\\/#\\\/schema\\\/logo\\\/image\\\/\",\"url\":\"https:\\\/\\\/fmpatagoniamadryn.com.ar\\\/wp-content\\\/uploads\\\/2023\\\/01\\\/cropped-Diseno-sin-titulo.png\",\"contentUrl\":\"https:\\\/\\\/fmpatagoniamadryn.com.ar\\\/wp-content\\\/uploads\\\/2023\\\/01\\\/cropped-Diseno-sin-titulo.png\",\"width\":6911,\"height\":2657,\"caption\":\"FM Patagonia Madryn\"},\"image\":{\"@id\":\"https:\\\/\\\/fmpatagoniamadryn.com.ar\\\/#\\\/schema\\\/logo\\\/image\\\/\"}},{\"@type\":\"Person\",\"@id\":\"https:\\\/\\\/fmpatagoniamadryn.com.ar\\\/#\\\/schema\\\/person\\\/8a3de4ad7efceacab06c1641c50303b7\",\"name\":\"FM Patagonia\",\"url\":\"https:\\\/\\\/fmpatagoniamadryn.com.ar\\\/?author=2\"}]}<\/script>\n<!-- \/ Yoast SEO plugin. -->","yoast_head_json":{"title":"Chubut | Gustavo Sastre particip\u00f3 del cierre de Energ\u00eda Chubut 2025 \u2013 Tierra de Futuro junto al Gobernador, Ignacio Torres - FM Patagonia Madryn","robots":{"index":"index","follow":"follow","max-snippet":"max-snippet:-1","max-image-preview":"max-image-preview:large","max-video-preview":"max-video-preview:-1"},"canonical":"https:\/\/fmpatagoniamadryn.com.ar\/?p=16341","og_locale":"es_ES","og_type":"article","og_title":"Chubut | Gustavo Sastre particip\u00f3 del cierre de Energ\u00eda Chubut 2025 \u2013 Tierra de Futuro junto al Gobernador, Ignacio Torres - FM Patagonia Madryn","og_description":"El gobernador de Chubut, Ignacio \u201cNacho\u201d Torres, encabez\u00f3 el cierre de \u201cEnerg\u00eda Chubut 2050 \u2013 Tierra de Futuro\u201d, un evento desarrollado en la Ciudad Aut\u00f3noma de Buenos Aires que convoc\u00f3&hellip;","og_url":"https:\/\/fmpatagoniamadryn.com.ar\/?p=16341","og_site_name":"FM Patagonia Madryn","article_published_time":"2025-06-04T14:13:06+00:00","og_image":[{"width":870,"height":632,"url":"https:\/\/fmpatagoniamadryn.com.ar\/wp-content\/uploads\/2025\/06\/img_6855-1.jpg","type":"image\/jpeg"}],"author":"FM Patagonia","twitter_card":"summary_large_image","twitter_misc":{"Escrito por":"FM Patagonia","Tiempo de lectura":"6 minutos"},"schema":{"@context":"https:\/\/schema.org","@graph":[{"@type":"Article","@id":"https:\/\/fmpatagoniamadryn.com.ar\/?p=16341#article","isPartOf":{"@id":"https:\/\/fmpatagoniamadryn.com.ar\/?p=16341"},"author":{"name":"FM Patagonia","@id":"https:\/\/fmpatagoniamadryn.com.ar\/#\/schema\/person\/8a3de4ad7efceacab06c1641c50303b7"},"headline":"Chubut | Gustavo Sastre particip\u00f3 del cierre de Energ\u00eda Chubut 2025 \u2013 Tierra de Futuro junto al Gobernador, Ignacio Torres","datePublished":"2025-06-04T14:13:06+00:00","mainEntityOfPage":{"@id":"https:\/\/fmpatagoniamadryn.com.ar\/?p=16341"},"wordCount":1308,"publisher":{"@id":"https:\/\/fmpatagoniamadryn.com.ar\/#organization"},"image":{"@id":"https:\/\/fmpatagoniamadryn.com.ar\/?p=16341#primaryimage"},"thumbnailUrl":"https:\/\/fmpatagoniamadryn.com.ar\/wp-content\/uploads\/2025\/06\/img_6855-1.jpg","articleSection":["Locales"],"inLanguage":"es"},{"@type":"WebPage","@id":"https:\/\/fmpatagoniamadryn.com.ar\/?p=16341","url":"https:\/\/fmpatagoniamadryn.com.ar\/?p=16341","name":"Chubut | Gustavo Sastre particip\u00f3 del cierre de Energ\u00eda Chubut 2025 \u2013 Tierra de Futuro junto al Gobernador, Ignacio Torres - FM Patagonia Madryn","isPartOf":{"@id":"https:\/\/fmpatagoniamadryn.com.ar\/#website"},"primaryImageOfPage":{"@id":"https:\/\/fmpatagoniamadryn.com.ar\/?p=16341#primaryimage"},"image":{"@id":"https:\/\/fmpatagoniamadryn.com.ar\/?p=16341#primaryimage"},"thumbnailUrl":"https:\/\/fmpatagoniamadryn.com.ar\/wp-content\/uploads\/2025\/06\/img_6855-1.jpg","datePublished":"2025-06-04T14:13:06+00:00","breadcrumb":{"@id":"https:\/\/fmpatagoniamadryn.com.ar\/?p=16341#breadcrumb"},"inLanguage":"es","potentialAction":[{"@type":"ReadAction","target":["https:\/\/fmpatagoniamadryn.com.ar\/?p=16341"]}]},{"@type":"ImageObject","inLanguage":"es","@id":"https:\/\/fmpatagoniamadryn.com.ar\/?p=16341#primaryimage","url":"https:\/\/fmpatagoniamadryn.com.ar\/wp-content\/uploads\/2025\/06\/img_6855-1.jpg","contentUrl":"https:\/\/fmpatagoniamadryn.com.ar\/wp-content\/uploads\/2025\/06\/img_6855-1.jpg","width":870,"height":632},{"@type":"BreadcrumbList","@id":"https:\/\/fmpatagoniamadryn.com.ar\/?p=16341#breadcrumb","itemListElement":[{"@type":"ListItem","position":1,"name":"Portada","item":"https:\/\/fmpatagoniamadryn.com.ar\/"},{"@type":"ListItem","position":2,"name":"Chubut | Gustavo Sastre particip\u00f3 del cierre de Energ\u00eda Chubut 2025 \u2013 Tierra de Futuro junto al Gobernador, Ignacio Torres"}]},{"@type":"WebSite","@id":"https:\/\/fmpatagoniamadryn.com.ar\/#website","url":"https:\/\/fmpatagoniamadryn.com.ar\/","name":"FM Patagonia Madryn","description":"Radio Patagonia 105.5","publisher":{"@id":"https:\/\/fmpatagoniamadryn.com.ar\/#organization"},"potentialAction":[{"@type":"SearchAction","target":{"@type":"EntryPoint","urlTemplate":"https:\/\/fmpatagoniamadryn.com.ar\/?s={search_term_string}"},"query-input":{"@type":"PropertyValueSpecification","valueRequired":true,"valueName":"search_term_string"}}],"inLanguage":"es"},{"@type":"Organization","@id":"https:\/\/fmpatagoniamadryn.com.ar\/#organization","name":"FM Patagonia Madryn","url":"https:\/\/fmpatagoniamadryn.com.ar\/","logo":{"@type":"ImageObject","inLanguage":"es","@id":"https:\/\/fmpatagoniamadryn.com.ar\/#\/schema\/logo\/image\/","url":"https:\/\/fmpatagoniamadryn.com.ar\/wp-content\/uploads\/2023\/01\/cropped-Diseno-sin-titulo.png","contentUrl":"https:\/\/fmpatagoniamadryn.com.ar\/wp-content\/uploads\/2023\/01\/cropped-Diseno-sin-titulo.png","width":6911,"height":2657,"caption":"FM Patagonia Madryn"},"image":{"@id":"https:\/\/fmpatagoniamadryn.com.ar\/#\/schema\/logo\/image\/"}},{"@type":"Person","@id":"https:\/\/fmpatagoniamadryn.com.ar\/#\/schema\/person\/8a3de4ad7efceacab06c1641c50303b7","name":"FM Patagonia","url":"https:\/\/fmpatagoniamadryn.com.ar\/?author=2"}]}},"jetpack_featured_media_url":"https:\/\/fmpatagoniamadryn.com.ar\/wp-content\/uploads\/2025\/06\/img_6855-1.jpg","_links":{"self":[{"href":"https:\/\/fmpatagoniamadryn.com.ar\/index.php?rest_route=\/wp\/v2\/posts\/16341","targetHints":{"allow":["GET"]}}],"collection":[{"href":"https:\/\/fmpatagoniamadryn.com.ar\/index.php?rest_route=\/wp\/v2\/posts"}],"about":[{"href":"https:\/\/fmpatagoniamadryn.com.ar\/index.php?rest_route=\/wp\/v2\/types\/post"}],"author":[{"embeddable":true,"href":"https:\/\/fmpatagoniamadryn.com.ar\/index.php?rest_route=\/wp\/v2\/users\/2"}],"replies":[{"embeddable":true,"href":"https:\/\/fmpatagoniamadryn.com.ar\/index.php?rest_route=%2Fwp%2Fv2%2Fcomments&post=16341"}],"version-history":[{"count":1,"href":"https:\/\/fmpatagoniamadryn.com.ar\/index.php?rest_route=\/wp\/v2\/posts\/16341\/revisions"}],"predecessor-version":[{"id":16342,"href":"https:\/\/fmpatagoniamadryn.com.ar\/index.php?rest_route=\/wp\/v2\/posts\/16341\/revisions\/16342"}],"wp:featuredmedia":[{"embeddable":true,"href":"https:\/\/fmpatagoniamadryn.com.ar\/index.php?rest_route=\/wp\/v2\/media\/16340"}],"wp:attachment":[{"href":"https:\/\/fmpatagoniamadryn.com.ar\/index.php?rest_route=%2Fwp%2Fv2%2Fmedia&parent=16341"}],"wp:term":[{"taxonomy":"category","embeddable":true,"href":"https:\/\/fmpatagoniamadryn.com.ar\/index.php?rest_route=%2Fwp%2Fv2%2Fcategories&post=16341"},{"taxonomy":"post_tag","embeddable":true,"href":"https:\/\/fmpatagoniamadryn.com.ar\/index.php?rest_route=%2Fwp%2Fv2%2Ftags&post=16341"}],"curies":[{"name":"wp","href":"https:\/\/api.w.org\/{rel}","templated":true}]}}