{"id":1669,"date":"2023-04-11T11:31:55","date_gmt":"2023-04-11T14:31:55","guid":{"rendered":"https:\/\/fmpatagoniamadryn.com.ar\/?p=1669"},"modified":"2023-04-11T11:32:17","modified_gmt":"2023-04-11T14:32:17","slug":"influencia-aviar-arcioni-recibio-a-diana-guillen-directora-nacional-del-senasa","status":"publish","type":"post","link":"https:\/\/fmpatagoniamadryn.com.ar\/?p=1669","title":{"rendered":"Influencia Aviar: Arcioni recibi\u00f3 a Diana Guill\u00e9n, directora Nacional del SENASA"},"content":{"rendered":"\n<p>En el encuentro las autoridades realizaron un balance de las tareas realizadas hasta el momento por los casos positivos de influenza aviar detectados, en una granja comercial de gallinas en Gaiman.<br><br>El gobernador del Chubut, Mariano Arcioni, recibi\u00f3 este lunes por la tarde a la directora Nacional del Servicio Nacional de Sanidad y Calidad Agroalimentaria (SENASA), Diana Mar\u00eda Guill\u00e9n, para analizar el estado de situaci\u00f3n epidemiol\u00f3gica de Influenza Aviar (IA) en la Provincia.<br><br>Cabe recordar que, el Laboratorio del SENASA confirm\u00f3, d\u00edas atr\u00e1s, la presencia de tres casos positivos de la enfermedad, en an\u00e1lisis efectuados a muestras tomadas a aves de un predio comercial ubicado en Gaiman.<br><br>La reuni\u00f3n se desarroll\u00f3 en el despacho del Gobernador en Rawson, y cont\u00f3 adem\u00e1s con la presencia del ministro de Agricultura, Ganader\u00eda, Industria y Comercio, Leandro Cavaco; y la directora del Centro Regional Patagonia Sur del SENASA, Marina Andreau. All\u00ed, el mandatario provincial le entreg\u00f3 a la funcionaria un presente de productos regionales.<br><br>Gripe aviar en Chubut<br><br>En este contexto, la directora Nacional, Diana Guill\u00e9n, asegur\u00f3 que \u201cfuimos recibidos por el gobernador Arcioni para analizar el avance de la gripe aviar que es una situaci\u00f3n que nos preocupa mucho, lamentablemente es una enfermedad que est\u00e1 circulando en el mundo desde el 2003 y que no hab\u00eda llegado nunca a Argentina y es trasladada por las aves migratorias\u201d.<br><br>Guill\u00e9n explic\u00f3 que \u201clas aves tienen un ciclo de incubaci\u00f3n de unos 14 d\u00edas y luego comienzan a morir de a miles dentro del galp\u00f3n\u201d, y detall\u00f3 que \u201clo que nosotros organizamos es un sistema de detecci\u00f3n r\u00e1pido de sacrificio de animales para que no siga produciendo el virus y que no enfermen a otros\u201d.<br><br>En este punto aclar\u00f3 que \u201clamentablemente ingres\u00f3 en Gaiman en la empresa que produce huevos para toda la Patagonia, es decir que no solo es un problema para Gaiman, sino para Chubut, para la Patagonia y la econom\u00eda de toda la regi\u00f3n, es un tema muy preocupante, pero que es llevado por las aves silvestres, es decir, es un tema complejo\u201d.<br><br>La funcionaria nacional aclar\u00f3 adem\u00e1s que la ciudadan\u00eda \u201cno tiene problemas porque no comemos crudo y el virus es termo l\u00e1bil, por lo tanto, vos cocinas la carne, aunque los animales enfermos se sacrifican, no es un problema para la ciudadan\u00eda. El problema es para el productor\u201d.<br><br>Sobre este punto dijo que \u201cla Provincia se encuentra analizando las posibilidades de ayuda que se le puede dar a los productores; la Secretar\u00eda de Agricultura tambi\u00e9n, porque el ministro, Sergio Massa, se comprometi\u00f3 a que haya una ayuda para las granjas comerciales que tengan ese problema y para las personas de traspatio, porque sacrificamos animales de traspatio cuando los encontramos, ya que lo importante es que no siga dispers\u00e1ndose, porque las aves van llevando a la enfermedad\u201d.<br><br>Recomendaciones para evitar la diseminaci\u00f3n de la influenza aviar<br><br>\u2219Antes de acercarse a sitios de agrupamiento de aves silvestres verificar desde la distancia que no parezcan enfermas o que no haya aves muertas. En caso de que se verifique esta circunstancia notificar inmediatamente a SENASA.<br><br>\u2219Evitar visitar diferentes sitios de agrupamiento de aves o colonias de aves marinas el mismo d\u00eda, aunque las aves parezcan sanas.<br><br>\u2219Utilizar elementos de protecci\u00f3n personal para manipular las aves silvestres (guantes, gafas de protecci\u00f3n ocular, barbijos, mamelucos y botas).<br><br>\u2219Para evitar la dispersi\u00f3n del virus desinfectar o descartar los elementos utilizados a campo que hayan sido utilizado en cercan\u00eda a aves silvestres o que hayan tenido contacto con las mismas (balanzas, bolsas, dispositivos de rastreo, ropa, botas).<br><br>\u2219No visitar granjas de aves dom\u00e9sticas luego de estar en contacto con aves silvestres.<br><br>\u2219En caso de detectar aves muertas o con sintomatolog\u00eda compatible con influenza aviar no tomar contacto con las mismas y notificar de manera inmediata al SENASA.<br><br>\u2219No tocar aves muertas o que parezcan enfermas<br><br>Asimismo, la Direcci\u00f3n de Flora y Fauna Silvestre del Chubut advierte: No adquirir ejemplares de aves silvestres que no se encuentren amparadas por el debido Certificado Sanitario y Documentaci\u00f3n de origen; recordando que es una enfermedad zoon\u00f3tica.<br><br>La influenza aviar de alta patogenicidad (IAAP) es una enfermedad de alto impacto en la producci\u00f3n av\u00edcola que afecta tanto a las aves de corral (gallinas, gallos, pollos, patos, pavos y gansos) como a las aves silvestres y dom\u00e9sticas, y es transmisible a mam\u00edferos con registros de mortandad en lobos marinos en la Rep\u00fablica de Chile.<br><br>Los s\u00edntomas visibles en especies susceptibles a la enfermedad son:<br><br>\u2219Dificultad respiratoria, depresi\u00f3n e incoordinaci\u00f3n, temblores, diarrea y edema facial.<br><br>Notificaci\u00f3n a las autoridades competentes<br><br>Ante la presencia o sospecha de signos cl\u00ednicos compatible con IAAP, notificar al SENASA concurriendo a cualquiera de sus oficinas, por medio de la App \u201cNotificaciones Senasa\u201d, enviando un correo a notificaciones@senasa.gob.ar; en el apartado \u201cAvisa al Senasa\u201d de la p\u00e1gina web del organismo, o v\u00eda Whatsapp al 11-5700-5704.<\/p>\n","protected":false},"excerpt":{"rendered":"<p>En el encuentro las autoridades realizaron un balance de las tareas realizadas hasta el momento por los casos positivos de influenza aviar detectados, en una granja comercial de gallinas en&hellip; <\/p>\n","protected":false},"author":3,"featured_media":1668,"comment_status":"closed","ping_status":"closed","sticky":false,"template":"","format":"standard","meta":{"footnotes":""},"categories":[14],"tags":[],"class_list":["post-1669","post","type-post","status-publish","format-standard","has-post-thumbnail","hentry","category-provinciales"],"yoast_head":"<!-- This site is optimized with the Yoast SEO plugin v27.4 - https:\/\/yoast.com\/product\/yoast-seo-wordpress\/ -->\n<title>Influencia Aviar: Arcioni recibi\u00f3 a Diana Guill\u00e9n, directora Nacional del SENASA - FM Patagonia Madryn<\/title>\n<meta name=\"robots\" content=\"index, follow, max-snippet:-1, max-image-preview:large, max-video-preview:-1\" \/>\n<link rel=\"canonical\" href=\"https:\/\/fmpatagoniamadryn.com.ar\/?p=1669\" \/>\n<meta property=\"og:locale\" content=\"es_ES\" \/>\n<meta property=\"og:type\" content=\"article\" \/>\n<meta property=\"og:title\" content=\"Influencia Aviar: Arcioni recibi\u00f3 a Diana Guill\u00e9n, directora Nacional del SENASA - FM Patagonia Madryn\" \/>\n<meta property=\"og:description\" content=\"En el encuentro las autoridades realizaron un balance de las tareas realizadas hasta el momento por los casos positivos de influenza aviar detectados, en una granja comercial de gallinas en&hellip;\" \/>\n<meta property=\"og:url\" content=\"https:\/\/fmpatagoniamadryn.com.ar\/?p=1669\" \/>\n<meta property=\"og:site_name\" content=\"FM Patagonia Madryn\" \/>\n<meta property=\"article:published_time\" content=\"2023-04-11T14:31:55+00:00\" \/>\n<meta property=\"article:modified_time\" content=\"2023-04-11T14:32:17+00:00\" \/>\n<meta property=\"og:image\" content=\"https:\/\/fmpatagoniamadryn.com.ar\/wp-content\/uploads\/2023\/04\/Arcioni-recibio-a-Diana-Guillen-directora-Nacional-del-SENASA-4-scaled.jpg\" \/>\n\t<meta property=\"og:image:width\" content=\"2560\" \/>\n\t<meta property=\"og:image:height\" content=\"1709\" \/>\n\t<meta property=\"og:image:type\" content=\"image\/jpeg\" \/>\n<meta name=\"author\" content=\"FM Patagonia\" \/>\n<meta name=\"twitter:card\" content=\"summary_large_image\" \/>\n<meta name=\"twitter:label1\" content=\"Escrito por\" \/>\n\t<meta name=\"twitter:data1\" content=\"FM Patagonia\" \/>\n\t<meta name=\"twitter:label2\" content=\"Tiempo de lectura\" \/>\n\t<meta name=\"twitter:data2\" content=\"4 minutos\" \/>\n<script type=\"application\/ld+json\" class=\"yoast-schema-graph\">{\"@context\":\"https:\\\/\\\/schema.org\",\"@graph\":[{\"@type\":\"Article\",\"@id\":\"https:\\\/\\\/fmpatagoniamadryn.com.ar\\\/?p=1669#article\",\"isPartOf\":{\"@id\":\"https:\\\/\\\/fmpatagoniamadryn.com.ar\\\/?p=1669\"},\"author\":{\"name\":\"FM Patagonia\",\"@id\":\"https:\\\/\\\/fmpatagoniamadryn.com.ar\\\/#\\\/schema\\\/person\\\/1d968ec613613768e14b4e6420a2b125\"},\"headline\":\"Influencia Aviar: Arcioni recibi\u00f3 a Diana Guill\u00e9n, directora Nacional del SENASA\",\"datePublished\":\"2023-04-11T14:31:55+00:00\",\"dateModified\":\"2023-04-11T14:32:17+00:00\",\"mainEntityOfPage\":{\"@id\":\"https:\\\/\\\/fmpatagoniamadryn.com.ar\\\/?p=1669\"},\"wordCount\":868,\"publisher\":{\"@id\":\"https:\\\/\\\/fmpatagoniamadryn.com.ar\\\/#organization\"},\"image\":{\"@id\":\"https:\\\/\\\/fmpatagoniamadryn.com.ar\\\/?p=1669#primaryimage\"},\"thumbnailUrl\":\"https:\\\/\\\/fmpatagoniamadryn.com.ar\\\/wp-content\\\/uploads\\\/2023\\\/04\\\/Arcioni-recibio-a-Diana-Guillen-directora-Nacional-del-SENASA-4-scaled.jpg\",\"articleSection\":[\"Provinciales\"],\"inLanguage\":\"es\"},{\"@type\":\"WebPage\",\"@id\":\"https:\\\/\\\/fmpatagoniamadryn.com.ar\\\/?p=1669\",\"url\":\"https:\\\/\\\/fmpatagoniamadryn.com.ar\\\/?p=1669\",\"name\":\"Influencia Aviar: Arcioni recibi\u00f3 a Diana Guill\u00e9n, directora Nacional del SENASA - FM Patagonia Madryn\",\"isPartOf\":{\"@id\":\"https:\\\/\\\/fmpatagoniamadryn.com.ar\\\/#website\"},\"primaryImageOfPage\":{\"@id\":\"https:\\\/\\\/fmpatagoniamadryn.com.ar\\\/?p=1669#primaryimage\"},\"image\":{\"@id\":\"https:\\\/\\\/fmpatagoniamadryn.com.ar\\\/?p=1669#primaryimage\"},\"thumbnailUrl\":\"https:\\\/\\\/fmpatagoniamadryn.com.ar\\\/wp-content\\\/uploads\\\/2023\\\/04\\\/Arcioni-recibio-a-Diana-Guillen-directora-Nacional-del-SENASA-4-scaled.jpg\",\"datePublished\":\"2023-04-11T14:31:55+00:00\",\"dateModified\":\"2023-04-11T14:32:17+00:00\",\"breadcrumb\":{\"@id\":\"https:\\\/\\\/fmpatagoniamadryn.com.ar\\\/?p=1669#breadcrumb\"},\"inLanguage\":\"es\",\"potentialAction\":[{\"@type\":\"ReadAction\",\"target\":[\"https:\\\/\\\/fmpatagoniamadryn.com.ar\\\/?p=1669\"]}]},{\"@type\":\"ImageObject\",\"inLanguage\":\"es\",\"@id\":\"https:\\\/\\\/fmpatagoniamadryn.com.ar\\\/?p=1669#primaryimage\",\"url\":\"https:\\\/\\\/fmpatagoniamadryn.com.ar\\\/wp-content\\\/uploads\\\/2023\\\/04\\\/Arcioni-recibio-a-Diana-Guillen-directora-Nacional-del-SENASA-4-scaled.jpg\",\"contentUrl\":\"https:\\\/\\\/fmpatagoniamadryn.com.ar\\\/wp-content\\\/uploads\\\/2023\\\/04\\\/Arcioni-recibio-a-Diana-Guillen-directora-Nacional-del-SENASA-4-scaled.jpg\",\"width\":2560,\"height\":1709},{\"@type\":\"BreadcrumbList\",\"@id\":\"https:\\\/\\\/fmpatagoniamadryn.com.ar\\\/?p=1669#breadcrumb\",\"itemListElement\":[{\"@type\":\"ListItem\",\"position\":1,\"name\":\"Portada\",\"item\":\"https:\\\/\\\/fmpatagoniamadryn.com.ar\\\/\"},{\"@type\":\"ListItem\",\"position\":2,\"name\":\"Influencia Aviar: Arcioni recibi\u00f3 a Diana Guill\u00e9n, directora Nacional del SENASA\"}]},{\"@type\":\"WebSite\",\"@id\":\"https:\\\/\\\/fmpatagoniamadryn.com.ar\\\/#website\",\"url\":\"https:\\\/\\\/fmpatagoniamadryn.com.ar\\\/\",\"name\":\"FM Patagonia Madryn\",\"description\":\"Radio Patagonia 105.5\",\"publisher\":{\"@id\":\"https:\\\/\\\/fmpatagoniamadryn.com.ar\\\/#organization\"},\"potentialAction\":[{\"@type\":\"SearchAction\",\"target\":{\"@type\":\"EntryPoint\",\"urlTemplate\":\"https:\\\/\\\/fmpatagoniamadryn.com.ar\\\/?s={search_term_string}\"},\"query-input\":{\"@type\":\"PropertyValueSpecification\",\"valueRequired\":true,\"valueName\":\"search_term_string\"}}],\"inLanguage\":\"es\"},{\"@type\":\"Organization\",\"@id\":\"https:\\\/\\\/fmpatagoniamadryn.com.ar\\\/#organization\",\"name\":\"FM Patagonia Madryn\",\"url\":\"https:\\\/\\\/fmpatagoniamadryn.com.ar\\\/\",\"logo\":{\"@type\":\"ImageObject\",\"inLanguage\":\"es\",\"@id\":\"https:\\\/\\\/fmpatagoniamadryn.com.ar\\\/#\\\/schema\\\/logo\\\/image\\\/\",\"url\":\"https:\\\/\\\/fmpatagoniamadryn.com.ar\\\/wp-content\\\/uploads\\\/2023\\\/01\\\/cropped-Diseno-sin-titulo.png\",\"contentUrl\":\"https:\\\/\\\/fmpatagoniamadryn.com.ar\\\/wp-content\\\/uploads\\\/2023\\\/01\\\/cropped-Diseno-sin-titulo.png\",\"width\":6911,\"height\":2657,\"caption\":\"FM Patagonia Madryn\"},\"image\":{\"@id\":\"https:\\\/\\\/fmpatagoniamadryn.com.ar\\\/#\\\/schema\\\/logo\\\/image\\\/\"}},{\"@type\":\"Person\",\"@id\":\"https:\\\/\\\/fmpatagoniamadryn.com.ar\\\/#\\\/schema\\\/person\\\/1d968ec613613768e14b4e6420a2b125\",\"name\":\"FM Patagonia\",\"url\":\"https:\\\/\\\/fmpatagoniamadryn.com.ar\\\/?author=3\"}]}<\/script>\n<!-- \/ Yoast SEO plugin. -->","yoast_head_json":{"title":"Influencia Aviar: Arcioni recibi\u00f3 a Diana Guill\u00e9n, directora Nacional del SENASA - FM Patagonia Madryn","robots":{"index":"index","follow":"follow","max-snippet":"max-snippet:-1","max-image-preview":"max-image-preview:large","max-video-preview":"max-video-preview:-1"},"canonical":"https:\/\/fmpatagoniamadryn.com.ar\/?p=1669","og_locale":"es_ES","og_type":"article","og_title":"Influencia Aviar: Arcioni recibi\u00f3 a Diana Guill\u00e9n, directora Nacional del SENASA - FM Patagonia Madryn","og_description":"En el encuentro las autoridades realizaron un balance de las tareas realizadas hasta el momento por los casos positivos de influenza aviar detectados, en una granja comercial de gallinas en&hellip;","og_url":"https:\/\/fmpatagoniamadryn.com.ar\/?p=1669","og_site_name":"FM Patagonia Madryn","article_published_time":"2023-04-11T14:31:55+00:00","article_modified_time":"2023-04-11T14:32:17+00:00","og_image":[{"width":2560,"height":1709,"url":"https:\/\/fmpatagoniamadryn.com.ar\/wp-content\/uploads\/2023\/04\/Arcioni-recibio-a-Diana-Guillen-directora-Nacional-del-SENASA-4-scaled.jpg","type":"image\/jpeg"}],"author":"FM Patagonia","twitter_card":"summary_large_image","twitter_misc":{"Escrito por":"FM Patagonia","Tiempo de lectura":"4 minutos"},"schema":{"@context":"https:\/\/schema.org","@graph":[{"@type":"Article","@id":"https:\/\/fmpatagoniamadryn.com.ar\/?p=1669#article","isPartOf":{"@id":"https:\/\/fmpatagoniamadryn.com.ar\/?p=1669"},"author":{"name":"FM Patagonia","@id":"https:\/\/fmpatagoniamadryn.com.ar\/#\/schema\/person\/1d968ec613613768e14b4e6420a2b125"},"headline":"Influencia Aviar: Arcioni recibi\u00f3 a Diana Guill\u00e9n, directora Nacional del SENASA","datePublished":"2023-04-11T14:31:55+00:00","dateModified":"2023-04-11T14:32:17+00:00","mainEntityOfPage":{"@id":"https:\/\/fmpatagoniamadryn.com.ar\/?p=1669"},"wordCount":868,"publisher":{"@id":"https:\/\/fmpatagoniamadryn.com.ar\/#organization"},"image":{"@id":"https:\/\/fmpatagoniamadryn.com.ar\/?p=1669#primaryimage"},"thumbnailUrl":"https:\/\/fmpatagoniamadryn.com.ar\/wp-content\/uploads\/2023\/04\/Arcioni-recibio-a-Diana-Guillen-directora-Nacional-del-SENASA-4-scaled.jpg","articleSection":["Provinciales"],"inLanguage":"es"},{"@type":"WebPage","@id":"https:\/\/fmpatagoniamadryn.com.ar\/?p=1669","url":"https:\/\/fmpatagoniamadryn.com.ar\/?p=1669","name":"Influencia Aviar: Arcioni recibi\u00f3 a Diana Guill\u00e9n, directora Nacional del SENASA - FM Patagonia Madryn","isPartOf":{"@id":"https:\/\/fmpatagoniamadryn.com.ar\/#website"},"primaryImageOfPage":{"@id":"https:\/\/fmpatagoniamadryn.com.ar\/?p=1669#primaryimage"},"image":{"@id":"https:\/\/fmpatagoniamadryn.com.ar\/?p=1669#primaryimage"},"thumbnailUrl":"https:\/\/fmpatagoniamadryn.com.ar\/wp-content\/uploads\/2023\/04\/Arcioni-recibio-a-Diana-Guillen-directora-Nacional-del-SENASA-4-scaled.jpg","datePublished":"2023-04-11T14:31:55+00:00","dateModified":"2023-04-11T14:32:17+00:00","breadcrumb":{"@id":"https:\/\/fmpatagoniamadryn.com.ar\/?p=1669#breadcrumb"},"inLanguage":"es","potentialAction":[{"@type":"ReadAction","target":["https:\/\/fmpatagoniamadryn.com.ar\/?p=1669"]}]},{"@type":"ImageObject","inLanguage":"es","@id":"https:\/\/fmpatagoniamadryn.com.ar\/?p=1669#primaryimage","url":"https:\/\/fmpatagoniamadryn.com.ar\/wp-content\/uploads\/2023\/04\/Arcioni-recibio-a-Diana-Guillen-directora-Nacional-del-SENASA-4-scaled.jpg","contentUrl":"https:\/\/fmpatagoniamadryn.com.ar\/wp-content\/uploads\/2023\/04\/Arcioni-recibio-a-Diana-Guillen-directora-Nacional-del-SENASA-4-scaled.jpg","width":2560,"height":1709},{"@type":"BreadcrumbList","@id":"https:\/\/fmpatagoniamadryn.com.ar\/?p=1669#breadcrumb","itemListElement":[{"@type":"ListItem","position":1,"name":"Portada","item":"https:\/\/fmpatagoniamadryn.com.ar\/"},{"@type":"ListItem","position":2,"name":"Influencia Aviar: Arcioni recibi\u00f3 a Diana Guill\u00e9n, directora Nacional del SENASA"}]},{"@type":"WebSite","@id":"https:\/\/fmpatagoniamadryn.com.ar\/#website","url":"https:\/\/fmpatagoniamadryn.com.ar\/","name":"FM Patagonia Madryn","description":"Radio Patagonia 105.5","publisher":{"@id":"https:\/\/fmpatagoniamadryn.com.ar\/#organization"},"potentialAction":[{"@type":"SearchAction","target":{"@type":"EntryPoint","urlTemplate":"https:\/\/fmpatagoniamadryn.com.ar\/?s={search_term_string}"},"query-input":{"@type":"PropertyValueSpecification","valueRequired":true,"valueName":"search_term_string"}}],"inLanguage":"es"},{"@type":"Organization","@id":"https:\/\/fmpatagoniamadryn.com.ar\/#organization","name":"FM Patagonia Madryn","url":"https:\/\/fmpatagoniamadryn.com.ar\/","logo":{"@type":"ImageObject","inLanguage":"es","@id":"https:\/\/fmpatagoniamadryn.com.ar\/#\/schema\/logo\/image\/","url":"https:\/\/fmpatagoniamadryn.com.ar\/wp-content\/uploads\/2023\/01\/cropped-Diseno-sin-titulo.png","contentUrl":"https:\/\/fmpatagoniamadryn.com.ar\/wp-content\/uploads\/2023\/01\/cropped-Diseno-sin-titulo.png","width":6911,"height":2657,"caption":"FM Patagonia Madryn"},"image":{"@id":"https:\/\/fmpatagoniamadryn.com.ar\/#\/schema\/logo\/image\/"}},{"@type":"Person","@id":"https:\/\/fmpatagoniamadryn.com.ar\/#\/schema\/person\/1d968ec613613768e14b4e6420a2b125","name":"FM Patagonia","url":"https:\/\/fmpatagoniamadryn.com.ar\/?author=3"}]}},"jetpack_featured_media_url":"https:\/\/fmpatagoniamadryn.com.ar\/wp-content\/uploads\/2023\/04\/Arcioni-recibio-a-Diana-Guillen-directora-Nacional-del-SENASA-4-scaled.jpg","_links":{"self":[{"href":"https:\/\/fmpatagoniamadryn.com.ar\/index.php?rest_route=\/wp\/v2\/posts\/1669","targetHints":{"allow":["GET"]}}],"collection":[{"href":"https:\/\/fmpatagoniamadryn.com.ar\/index.php?rest_route=\/wp\/v2\/posts"}],"about":[{"href":"https:\/\/fmpatagoniamadryn.com.ar\/index.php?rest_route=\/wp\/v2\/types\/post"}],"author":[{"embeddable":true,"href":"https:\/\/fmpatagoniamadryn.com.ar\/index.php?rest_route=\/wp\/v2\/users\/3"}],"replies":[{"embeddable":true,"href":"https:\/\/fmpatagoniamadryn.com.ar\/index.php?rest_route=%2Fwp%2Fv2%2Fcomments&post=1669"}],"version-history":[{"count":1,"href":"https:\/\/fmpatagoniamadryn.com.ar\/index.php?rest_route=\/wp\/v2\/posts\/1669\/revisions"}],"predecessor-version":[{"id":1670,"href":"https:\/\/fmpatagoniamadryn.com.ar\/index.php?rest_route=\/wp\/v2\/posts\/1669\/revisions\/1670"}],"wp:featuredmedia":[{"embeddable":true,"href":"https:\/\/fmpatagoniamadryn.com.ar\/index.php?rest_route=\/wp\/v2\/media\/1668"}],"wp:attachment":[{"href":"https:\/\/fmpatagoniamadryn.com.ar\/index.php?rest_route=%2Fwp%2Fv2%2Fmedia&parent=1669"}],"wp:term":[{"taxonomy":"category","embeddable":true,"href":"https:\/\/fmpatagoniamadryn.com.ar\/index.php?rest_route=%2Fwp%2Fv2%2Fcategories&post=1669"},{"taxonomy":"post_tag","embeddable":true,"href":"https:\/\/fmpatagoniamadryn.com.ar\/index.php?rest_route=%2Fwp%2Fv2%2Ftags&post=1669"}],"curies":[{"name":"wp","href":"https:\/\/api.w.org\/{rel}","templated":true}]}}