{"id":1681,"date":"2023-04-11T14:16:51","date_gmt":"2023-04-11T17:16:51","guid":{"rendered":"https:\/\/fmpatagoniamadryn.com.ar\/?p=1681"},"modified":"2023-04-11T14:17:19","modified_gmt":"2023-04-11T17:17:19","slug":"se-viene-una-nueva-edicion-del-curso-de-simbolos-patrios","status":"publish","type":"post","link":"https:\/\/fmpatagoniamadryn.com.ar\/?p=1681","title":{"rendered":"SE VIENE UNA NUEVA EDICI\u00d3N DEL CURSO DE S\u00cdMBOLOS PATRIOS"},"content":{"rendered":"\n<p>Est\u00e1 orientado a quienes portan banderas de ceremonia en distintos establecimientos de la ciudad. Ser\u00e1 el 10 de mayo para primarias y  el 11 para secundarias, escuelas para adultos, universidades e instituciones. Las personas interesadas en participar podr\u00e1n anotarse antes del 5 de mayo<br><br><br>La Direcci\u00f3n de Ceremonial de la Municipalidad de Puerto Madryn abri\u00f3 las inscripciones para una nueva edici\u00f3n del Curso de manejo y uso de los S\u00edmbolos Patrios. El mismo se llevar\u00e1 a cabo en las instalaciones del Sal\u00f3n \u201cH\u00e9roes de Malvinas\u201d del Bingo Municipal.<br><br>Seg\u00fan informaron desde el \u00e1rea, el mi\u00e9rcoles 10 de mayo estar\u00e1 orientado a abanderados y escoltas de escuelas primarias, mientras que el jueves 11 estar\u00e1 dirigido a quienes portan la bandera en escuelas secundarias, escuelas para adultos, universidades e instituciones.<br><br>Durante las dos jornadas, que se desarrollar\u00e1n de 8.30 a 12 horas, se abordar\u00e1n los alcances de la Ley Nacional de S\u00edmbolos Patrios en forma te\u00f3rica y, posteriormente, se realizar\u00e1n las pr\u00e1cticas. Por lo tanto, se solicita que concurran provistos de las banderas de ceremonia de la instituci\u00f3n.<br><br>Es importante mencionar que la capacitaci\u00f3n gratuita estar\u00e1 a cargo del equipo de la Direcci\u00f3n de Ceremonial de la Comuna y, tal como sucedi\u00f3 en a\u00f1os anteriores, se diagram\u00f3 en una fecha previa a los actos oficiales para que todas las personas que asistan posean los conocimientos b\u00e1sicos del manejo de los s\u00edmbolos patrios y puedan representar a su escuela o entidad de manera adecuada.<br><br>Con el objetivo de preparar el material bibliogr\u00e1fico y did\u00e1ctico, las personas interesadas deben inscribirse antes del 5 de mayo al n\u00famero de tel\u00e9fono 4455752 o por Whatsapp al 2804588540 o bien al email ceremonial@madryn.gob.ar.<br><br>Cabe recordar que este curso fue Declarado de Inter\u00e9s por el Honorable Senado de la Naci\u00f3n, de Inter\u00e9s Educativo por el Ministerio de Educaci\u00f3n de la Provincia del Chubut y de Inter\u00e9s Protocolar y Educativo por este Municipio as\u00ed como por el Concejo Deliberante de Puerto Madryn.<\/p>\n","protected":false},"excerpt":{"rendered":"<p>Est\u00e1 orientado a quienes portan banderas de ceremonia en distintos establecimientos de la ciudad. Ser\u00e1 el 10 de mayo para primarias y el 11 para secundarias, escuelas para adultos, universidades&hellip; <\/p>\n","protected":false},"author":3,"featured_media":1680,"comment_status":"closed","ping_status":"closed","sticky":false,"template":"","format":"standard","meta":{"footnotes":""},"categories":[15],"tags":[],"class_list":["post-1681","post","type-post","status-publish","format-standard","has-post-thumbnail","hentry","category-locales"],"yoast_head":"<!-- This site is optimized with the Yoast SEO plugin v27.4 - https:\/\/yoast.com\/product\/yoast-seo-wordpress\/ -->\n<title>SE VIENE UNA NUEVA EDICI\u00d3N DEL CURSO DE S\u00cdMBOLOS PATRIOS - FM Patagonia Madryn<\/title>\n<meta name=\"robots\" content=\"index, follow, max-snippet:-1, max-image-preview:large, max-video-preview:-1\" \/>\n<link rel=\"canonical\" href=\"https:\/\/fmpatagoniamadryn.com.ar\/?p=1681\" \/>\n<meta property=\"og:locale\" content=\"es_ES\" \/>\n<meta property=\"og:type\" content=\"article\" \/>\n<meta property=\"og:title\" content=\"SE VIENE UNA NUEVA EDICI\u00d3N DEL CURSO DE S\u00cdMBOLOS PATRIOS - FM Patagonia Madryn\" \/>\n<meta property=\"og:description\" content=\"Est\u00e1 orientado a quienes portan banderas de ceremonia en distintos establecimientos de la ciudad. Ser\u00e1 el 10 de mayo para primarias y el 11 para secundarias, escuelas para adultos, universidades&hellip;\" \/>\n<meta property=\"og:url\" content=\"https:\/\/fmpatagoniamadryn.com.ar\/?p=1681\" \/>\n<meta property=\"og:site_name\" content=\"FM Patagonia Madryn\" \/>\n<meta property=\"article:published_time\" content=\"2023-04-11T17:16:51+00:00\" \/>\n<meta property=\"article:modified_time\" content=\"2023-04-11T17:17:19+00:00\" \/>\n<meta property=\"og:image\" content=\"https:\/\/fmpatagoniamadryn.com.ar\/wp-content\/uploads\/2023\/04\/8229adc0-bcf8-40c3-936c-16cb8b787c8f.jpeg\" \/>\n\t<meta property=\"og:image:width\" content=\"1500\" \/>\n\t<meta property=\"og:image:height\" content=\"1000\" \/>\n\t<meta property=\"og:image:type\" content=\"image\/jpeg\" \/>\n<meta name=\"author\" content=\"FM Patagonia\" \/>\n<meta name=\"twitter:card\" content=\"summary_large_image\" \/>\n<meta name=\"twitter:label1\" content=\"Escrito por\" \/>\n\t<meta name=\"twitter:data1\" content=\"FM Patagonia\" \/>\n\t<meta name=\"twitter:label2\" content=\"Tiempo de lectura\" \/>\n\t<meta name=\"twitter:data2\" content=\"2 minutos\" \/>\n<script type=\"application\/ld+json\" class=\"yoast-schema-graph\">{\"@context\":\"https:\\\/\\\/schema.org\",\"@graph\":[{\"@type\":\"Article\",\"@id\":\"https:\\\/\\\/fmpatagoniamadryn.com.ar\\\/?p=1681#article\",\"isPartOf\":{\"@id\":\"https:\\\/\\\/fmpatagoniamadryn.com.ar\\\/?p=1681\"},\"author\":{\"name\":\"FM Patagonia\",\"@id\":\"https:\\\/\\\/fmpatagoniamadryn.com.ar\\\/#\\\/schema\\\/person\\\/1d968ec613613768e14b4e6420a2b125\"},\"headline\":\"SE VIENE UNA NUEVA EDICI\u00d3N DEL CURSO DE S\u00cdMBOLOS PATRIOS\",\"datePublished\":\"2023-04-11T17:16:51+00:00\",\"dateModified\":\"2023-04-11T17:17:19+00:00\",\"mainEntityOfPage\":{\"@id\":\"https:\\\/\\\/fmpatagoniamadryn.com.ar\\\/?p=1681\"},\"wordCount\":357,\"publisher\":{\"@id\":\"https:\\\/\\\/fmpatagoniamadryn.com.ar\\\/#organization\"},\"image\":{\"@id\":\"https:\\\/\\\/fmpatagoniamadryn.com.ar\\\/?p=1681#primaryimage\"},\"thumbnailUrl\":\"https:\\\/\\\/fmpatagoniamadryn.com.ar\\\/wp-content\\\/uploads\\\/2023\\\/04\\\/8229adc0-bcf8-40c3-936c-16cb8b787c8f.jpeg\",\"articleSection\":[\"Locales\"],\"inLanguage\":\"es\"},{\"@type\":\"WebPage\",\"@id\":\"https:\\\/\\\/fmpatagoniamadryn.com.ar\\\/?p=1681\",\"url\":\"https:\\\/\\\/fmpatagoniamadryn.com.ar\\\/?p=1681\",\"name\":\"SE VIENE UNA NUEVA EDICI\u00d3N DEL CURSO DE S\u00cdMBOLOS PATRIOS - FM Patagonia Madryn\",\"isPartOf\":{\"@id\":\"https:\\\/\\\/fmpatagoniamadryn.com.ar\\\/#website\"},\"primaryImageOfPage\":{\"@id\":\"https:\\\/\\\/fmpatagoniamadryn.com.ar\\\/?p=1681#primaryimage\"},\"image\":{\"@id\":\"https:\\\/\\\/fmpatagoniamadryn.com.ar\\\/?p=1681#primaryimage\"},\"thumbnailUrl\":\"https:\\\/\\\/fmpatagoniamadryn.com.ar\\\/wp-content\\\/uploads\\\/2023\\\/04\\\/8229adc0-bcf8-40c3-936c-16cb8b787c8f.jpeg\",\"datePublished\":\"2023-04-11T17:16:51+00:00\",\"dateModified\":\"2023-04-11T17:17:19+00:00\",\"breadcrumb\":{\"@id\":\"https:\\\/\\\/fmpatagoniamadryn.com.ar\\\/?p=1681#breadcrumb\"},\"inLanguage\":\"es\",\"potentialAction\":[{\"@type\":\"ReadAction\",\"target\":[\"https:\\\/\\\/fmpatagoniamadryn.com.ar\\\/?p=1681\"]}]},{\"@type\":\"ImageObject\",\"inLanguage\":\"es\",\"@id\":\"https:\\\/\\\/fmpatagoniamadryn.com.ar\\\/?p=1681#primaryimage\",\"url\":\"https:\\\/\\\/fmpatagoniamadryn.com.ar\\\/wp-content\\\/uploads\\\/2023\\\/04\\\/8229adc0-bcf8-40c3-936c-16cb8b787c8f.jpeg\",\"contentUrl\":\"https:\\\/\\\/fmpatagoniamadryn.com.ar\\\/wp-content\\\/uploads\\\/2023\\\/04\\\/8229adc0-bcf8-40c3-936c-16cb8b787c8f.jpeg\",\"width\":1500,\"height\":1000},{\"@type\":\"BreadcrumbList\",\"@id\":\"https:\\\/\\\/fmpatagoniamadryn.com.ar\\\/?p=1681#breadcrumb\",\"itemListElement\":[{\"@type\":\"ListItem\",\"position\":1,\"name\":\"Portada\",\"item\":\"https:\\\/\\\/fmpatagoniamadryn.com.ar\\\/\"},{\"@type\":\"ListItem\",\"position\":2,\"name\":\"SE VIENE UNA NUEVA EDICI\u00d3N DEL CURSO DE S\u00cdMBOLOS PATRIOS\"}]},{\"@type\":\"WebSite\",\"@id\":\"https:\\\/\\\/fmpatagoniamadryn.com.ar\\\/#website\",\"url\":\"https:\\\/\\\/fmpatagoniamadryn.com.ar\\\/\",\"name\":\"FM Patagonia Madryn\",\"description\":\"Radio Patagonia 105.5\",\"publisher\":{\"@id\":\"https:\\\/\\\/fmpatagoniamadryn.com.ar\\\/#organization\"},\"potentialAction\":[{\"@type\":\"SearchAction\",\"target\":{\"@type\":\"EntryPoint\",\"urlTemplate\":\"https:\\\/\\\/fmpatagoniamadryn.com.ar\\\/?s={search_term_string}\"},\"query-input\":{\"@type\":\"PropertyValueSpecification\",\"valueRequired\":true,\"valueName\":\"search_term_string\"}}],\"inLanguage\":\"es\"},{\"@type\":\"Organization\",\"@id\":\"https:\\\/\\\/fmpatagoniamadryn.com.ar\\\/#organization\",\"name\":\"FM Patagonia Madryn\",\"url\":\"https:\\\/\\\/fmpatagoniamadryn.com.ar\\\/\",\"logo\":{\"@type\":\"ImageObject\",\"inLanguage\":\"es\",\"@id\":\"https:\\\/\\\/fmpatagoniamadryn.com.ar\\\/#\\\/schema\\\/logo\\\/image\\\/\",\"url\":\"https:\\\/\\\/fmpatagoniamadryn.com.ar\\\/wp-content\\\/uploads\\\/2023\\\/01\\\/cropped-Diseno-sin-titulo.png\",\"contentUrl\":\"https:\\\/\\\/fmpatagoniamadryn.com.ar\\\/wp-content\\\/uploads\\\/2023\\\/01\\\/cropped-Diseno-sin-titulo.png\",\"width\":6911,\"height\":2657,\"caption\":\"FM Patagonia Madryn\"},\"image\":{\"@id\":\"https:\\\/\\\/fmpatagoniamadryn.com.ar\\\/#\\\/schema\\\/logo\\\/image\\\/\"}},{\"@type\":\"Person\",\"@id\":\"https:\\\/\\\/fmpatagoniamadryn.com.ar\\\/#\\\/schema\\\/person\\\/1d968ec613613768e14b4e6420a2b125\",\"name\":\"FM Patagonia\",\"url\":\"https:\\\/\\\/fmpatagoniamadryn.com.ar\\\/?author=3\"}]}<\/script>\n<!-- \/ Yoast SEO plugin. -->","yoast_head_json":{"title":"SE VIENE UNA NUEVA EDICI\u00d3N DEL CURSO DE S\u00cdMBOLOS PATRIOS - FM Patagonia Madryn","robots":{"index":"index","follow":"follow","max-snippet":"max-snippet:-1","max-image-preview":"max-image-preview:large","max-video-preview":"max-video-preview:-1"},"canonical":"https:\/\/fmpatagoniamadryn.com.ar\/?p=1681","og_locale":"es_ES","og_type":"article","og_title":"SE VIENE UNA NUEVA EDICI\u00d3N DEL CURSO DE S\u00cdMBOLOS PATRIOS - FM Patagonia Madryn","og_description":"Est\u00e1 orientado a quienes portan banderas de ceremonia en distintos establecimientos de la ciudad. Ser\u00e1 el 10 de mayo para primarias y el 11 para secundarias, escuelas para adultos, universidades&hellip;","og_url":"https:\/\/fmpatagoniamadryn.com.ar\/?p=1681","og_site_name":"FM Patagonia Madryn","article_published_time":"2023-04-11T17:16:51+00:00","article_modified_time":"2023-04-11T17:17:19+00:00","og_image":[{"width":1500,"height":1000,"url":"https:\/\/fmpatagoniamadryn.com.ar\/wp-content\/uploads\/2023\/04\/8229adc0-bcf8-40c3-936c-16cb8b787c8f.jpeg","type":"image\/jpeg"}],"author":"FM Patagonia","twitter_card":"summary_large_image","twitter_misc":{"Escrito por":"FM Patagonia","Tiempo de lectura":"2 minutos"},"schema":{"@context":"https:\/\/schema.org","@graph":[{"@type":"Article","@id":"https:\/\/fmpatagoniamadryn.com.ar\/?p=1681#article","isPartOf":{"@id":"https:\/\/fmpatagoniamadryn.com.ar\/?p=1681"},"author":{"name":"FM Patagonia","@id":"https:\/\/fmpatagoniamadryn.com.ar\/#\/schema\/person\/1d968ec613613768e14b4e6420a2b125"},"headline":"SE VIENE UNA NUEVA EDICI\u00d3N DEL CURSO DE S\u00cdMBOLOS PATRIOS","datePublished":"2023-04-11T17:16:51+00:00","dateModified":"2023-04-11T17:17:19+00:00","mainEntityOfPage":{"@id":"https:\/\/fmpatagoniamadryn.com.ar\/?p=1681"},"wordCount":357,"publisher":{"@id":"https:\/\/fmpatagoniamadryn.com.ar\/#organization"},"image":{"@id":"https:\/\/fmpatagoniamadryn.com.ar\/?p=1681#primaryimage"},"thumbnailUrl":"https:\/\/fmpatagoniamadryn.com.ar\/wp-content\/uploads\/2023\/04\/8229adc0-bcf8-40c3-936c-16cb8b787c8f.jpeg","articleSection":["Locales"],"inLanguage":"es"},{"@type":"WebPage","@id":"https:\/\/fmpatagoniamadryn.com.ar\/?p=1681","url":"https:\/\/fmpatagoniamadryn.com.ar\/?p=1681","name":"SE VIENE UNA NUEVA EDICI\u00d3N DEL CURSO DE S\u00cdMBOLOS PATRIOS - FM Patagonia Madryn","isPartOf":{"@id":"https:\/\/fmpatagoniamadryn.com.ar\/#website"},"primaryImageOfPage":{"@id":"https:\/\/fmpatagoniamadryn.com.ar\/?p=1681#primaryimage"},"image":{"@id":"https:\/\/fmpatagoniamadryn.com.ar\/?p=1681#primaryimage"},"thumbnailUrl":"https:\/\/fmpatagoniamadryn.com.ar\/wp-content\/uploads\/2023\/04\/8229adc0-bcf8-40c3-936c-16cb8b787c8f.jpeg","datePublished":"2023-04-11T17:16:51+00:00","dateModified":"2023-04-11T17:17:19+00:00","breadcrumb":{"@id":"https:\/\/fmpatagoniamadryn.com.ar\/?p=1681#breadcrumb"},"inLanguage":"es","potentialAction":[{"@type":"ReadAction","target":["https:\/\/fmpatagoniamadryn.com.ar\/?p=1681"]}]},{"@type":"ImageObject","inLanguage":"es","@id":"https:\/\/fmpatagoniamadryn.com.ar\/?p=1681#primaryimage","url":"https:\/\/fmpatagoniamadryn.com.ar\/wp-content\/uploads\/2023\/04\/8229adc0-bcf8-40c3-936c-16cb8b787c8f.jpeg","contentUrl":"https:\/\/fmpatagoniamadryn.com.ar\/wp-content\/uploads\/2023\/04\/8229adc0-bcf8-40c3-936c-16cb8b787c8f.jpeg","width":1500,"height":1000},{"@type":"BreadcrumbList","@id":"https:\/\/fmpatagoniamadryn.com.ar\/?p=1681#breadcrumb","itemListElement":[{"@type":"ListItem","position":1,"name":"Portada","item":"https:\/\/fmpatagoniamadryn.com.ar\/"},{"@type":"ListItem","position":2,"name":"SE VIENE UNA NUEVA EDICI\u00d3N DEL CURSO DE S\u00cdMBOLOS PATRIOS"}]},{"@type":"WebSite","@id":"https:\/\/fmpatagoniamadryn.com.ar\/#website","url":"https:\/\/fmpatagoniamadryn.com.ar\/","name":"FM Patagonia Madryn","description":"Radio Patagonia 105.5","publisher":{"@id":"https:\/\/fmpatagoniamadryn.com.ar\/#organization"},"potentialAction":[{"@type":"SearchAction","target":{"@type":"EntryPoint","urlTemplate":"https:\/\/fmpatagoniamadryn.com.ar\/?s={search_term_string}"},"query-input":{"@type":"PropertyValueSpecification","valueRequired":true,"valueName":"search_term_string"}}],"inLanguage":"es"},{"@type":"Organization","@id":"https:\/\/fmpatagoniamadryn.com.ar\/#organization","name":"FM Patagonia Madryn","url":"https:\/\/fmpatagoniamadryn.com.ar\/","logo":{"@type":"ImageObject","inLanguage":"es","@id":"https:\/\/fmpatagoniamadryn.com.ar\/#\/schema\/logo\/image\/","url":"https:\/\/fmpatagoniamadryn.com.ar\/wp-content\/uploads\/2023\/01\/cropped-Diseno-sin-titulo.png","contentUrl":"https:\/\/fmpatagoniamadryn.com.ar\/wp-content\/uploads\/2023\/01\/cropped-Diseno-sin-titulo.png","width":6911,"height":2657,"caption":"FM Patagonia Madryn"},"image":{"@id":"https:\/\/fmpatagoniamadryn.com.ar\/#\/schema\/logo\/image\/"}},{"@type":"Person","@id":"https:\/\/fmpatagoniamadryn.com.ar\/#\/schema\/person\/1d968ec613613768e14b4e6420a2b125","name":"FM Patagonia","url":"https:\/\/fmpatagoniamadryn.com.ar\/?author=3"}]}},"jetpack_featured_media_url":"https:\/\/fmpatagoniamadryn.com.ar\/wp-content\/uploads\/2023\/04\/8229adc0-bcf8-40c3-936c-16cb8b787c8f.jpeg","_links":{"self":[{"href":"https:\/\/fmpatagoniamadryn.com.ar\/index.php?rest_route=\/wp\/v2\/posts\/1681","targetHints":{"allow":["GET"]}}],"collection":[{"href":"https:\/\/fmpatagoniamadryn.com.ar\/index.php?rest_route=\/wp\/v2\/posts"}],"about":[{"href":"https:\/\/fmpatagoniamadryn.com.ar\/index.php?rest_route=\/wp\/v2\/types\/post"}],"author":[{"embeddable":true,"href":"https:\/\/fmpatagoniamadryn.com.ar\/index.php?rest_route=\/wp\/v2\/users\/3"}],"replies":[{"embeddable":true,"href":"https:\/\/fmpatagoniamadryn.com.ar\/index.php?rest_route=%2Fwp%2Fv2%2Fcomments&post=1681"}],"version-history":[{"count":1,"href":"https:\/\/fmpatagoniamadryn.com.ar\/index.php?rest_route=\/wp\/v2\/posts\/1681\/revisions"}],"predecessor-version":[{"id":1682,"href":"https:\/\/fmpatagoniamadryn.com.ar\/index.php?rest_route=\/wp\/v2\/posts\/1681\/revisions\/1682"}],"wp:featuredmedia":[{"embeddable":true,"href":"https:\/\/fmpatagoniamadryn.com.ar\/index.php?rest_route=\/wp\/v2\/media\/1680"}],"wp:attachment":[{"href":"https:\/\/fmpatagoniamadryn.com.ar\/index.php?rest_route=%2Fwp%2Fv2%2Fmedia&parent=1681"}],"wp:term":[{"taxonomy":"category","embeddable":true,"href":"https:\/\/fmpatagoniamadryn.com.ar\/index.php?rest_route=%2Fwp%2Fv2%2Fcategories&post=1681"},{"taxonomy":"post_tag","embeddable":true,"href":"https:\/\/fmpatagoniamadryn.com.ar\/index.php?rest_route=%2Fwp%2Fv2%2Ftags&post=1681"}],"curies":[{"name":"wp","href":"https:\/\/api.w.org\/{rel}","templated":true}]}}