{"id":1687,"date":"2023-04-12T11:39:07","date_gmt":"2023-04-12T14:39:07","guid":{"rendered":"https:\/\/fmpatagoniamadryn.com.ar\/?p=1687"},"modified":"2023-04-12T11:39:20","modified_gmt":"2023-04-12T14:39:20","slug":"sastre-por-mi-experiencia-y-situaciones-vividas-yo-tendria-que-ser-candidato-a-gobernador","status":"publish","type":"post","link":"https:\/\/fmpatagoniamadryn.com.ar\/?p=1687","title":{"rendered":"Sastre: \u201cPor mi experiencia y situaciones vividas yo tendr\u00eda que ser candidato a gobernador\u00bb"},"content":{"rendered":"\n<p>Adem\u00e1s, el vicegobernador se refiri\u00f3 al adelantamiento de las elecciones pero reconoci\u00f3 que es decisi\u00f3n del gobernador.<br><br>El vicegobernador de Chubut, Ricardo Sastre, dialog\u00f3 este martes con la prensa y reconoci\u00f3 estar a favor del adelantamiento de las elecciones provinciales, al tiempo que tambi\u00e9n consider\u00f3 que tiene que ser el candidato del Frente de Todos (FdT) por la experiencia que tiene.<br><br>En primer lugar, el vicemandatario dijo que mantiene \u00abhace tiempo\u00bb conversaciones con el intendente de Comodoro Rivadavia, Juan Pablo Luque, para llegar a un acuerdo sobre qui\u00e9n debe ser el candidato principal del FdT. \u00abTodav\u00eda no han existido entendimientos ni nos hemos puesto de acuerdo\u00bb, expuso.<br><br>Ante esta situaci\u00f3n, asever\u00f3 que \u00abhoy el camino a seguir es la interna partidaria, pero todav\u00eda falta y no hay fecha establecida. Mientras los plazos est\u00e9n, el di\u00e1logo es propicio\u00bb.<br><br>Posteriormente, sostuvo que \u00abes conveniente\u00bb que se adelanten las elecciones provinciales, pero dijo que \u00abeso es una decisi\u00f3n del gobernador (Mariano) Arcioni. La faculta y potesdad la tiene \u00e9l\u00bb.<br><br>\u00abLa fecha establecida -hoy- es octubre, pero si se adelantan se tiene que definir cuanto antes por los plazos. De ser as\u00ed, deber\u00edan realizarse a fines de junio o entre agosto y septiembre\u00bb, expres\u00f3.<br><br>Tras ello, y al volver a hablar sobre su disputa con Luque para ver quien es el candidato a gobernador, explic\u00f3 que \u00ablas diferencias son de protagonismo. Hay que entender que hay que priorizar otras cosas antes que el protagonista\u00bb.<br><br>\u00abFui diputado cuatro a\u00f1os, intendente (de Puerto Madryn) ocho a\u00f1os y ahora vicegobernador\u00bb, record\u00f3, y sostuvo que ello \u00abme permite tener alguna chace m\u00e1s para poder gobernar la provincia\u00bb.<br><br>Para finalizar, Sastre remarc\u00f3 que \u00abpor experiencia y situaciones vividas\u00bb tendr\u00eda que ser el candidato a gobernador.<\/p>\n","protected":false},"excerpt":{"rendered":"<p>Adem\u00e1s, el vicegobernador se refiri\u00f3 al adelantamiento de las elecciones pero reconoci\u00f3 que es decisi\u00f3n del gobernador. El vicegobernador de Chubut, Ricardo Sastre, dialog\u00f3 este martes con la prensa y&hellip; <\/p>\n","protected":false},"author":3,"featured_media":1686,"comment_status":"closed","ping_status":"closed","sticky":false,"template":"","format":"standard","meta":{"footnotes":""},"categories":[15],"tags":[],"class_list":["post-1687","post","type-post","status-publish","format-standard","has-post-thumbnail","hentry","category-locales"],"yoast_head":"<!-- This site is optimized with the Yoast SEO plugin v27.4 - https:\/\/yoast.com\/product\/yoast-seo-wordpress\/ -->\n<title>Sastre: \u201cPor mi experiencia y situaciones vividas yo tendr\u00eda que ser candidato a gobernador&quot; - FM Patagonia Madryn<\/title>\n<meta name=\"robots\" content=\"index, follow, max-snippet:-1, max-image-preview:large, max-video-preview:-1\" \/>\n<link rel=\"canonical\" href=\"https:\/\/fmpatagoniamadryn.com.ar\/?p=1687\" \/>\n<meta property=\"og:locale\" content=\"es_ES\" \/>\n<meta property=\"og:type\" content=\"article\" \/>\n<meta property=\"og:title\" content=\"Sastre: \u201cPor mi experiencia y situaciones vividas yo tendr\u00eda que ser candidato a gobernador&quot; - FM Patagonia Madryn\" \/>\n<meta property=\"og:description\" content=\"Adem\u00e1s, el vicegobernador se refiri\u00f3 al adelantamiento de las elecciones pero reconoci\u00f3 que es decisi\u00f3n del gobernador. El vicegobernador de Chubut, Ricardo Sastre, dialog\u00f3 este martes con la prensa y&hellip;\" \/>\n<meta property=\"og:url\" content=\"https:\/\/fmpatagoniamadryn.com.ar\/?p=1687\" \/>\n<meta property=\"og:site_name\" content=\"FM Patagonia Madryn\" \/>\n<meta property=\"article:published_time\" content=\"2023-04-12T14:39:07+00:00\" \/>\n<meta property=\"article:modified_time\" content=\"2023-04-12T14:39:20+00:00\" \/>\n<meta property=\"og:image\" content=\"https:\/\/fmpatagoniamadryn.com.ar\/wp-content\/uploads\/2023\/04\/FB_IMG_1681310287775.jpg\" \/>\n\t<meta property=\"og:image:width\" content=\"652\" \/>\n\t<meta property=\"og:image:height\" content=\"403\" \/>\n\t<meta property=\"og:image:type\" content=\"image\/jpeg\" \/>\n<meta name=\"author\" content=\"FM Patagonia\" \/>\n<meta name=\"twitter:card\" content=\"summary_large_image\" \/>\n<meta name=\"twitter:label1\" content=\"Escrito por\" \/>\n\t<meta name=\"twitter:data1\" content=\"FM Patagonia\" \/>\n\t<meta name=\"twitter:label2\" content=\"Tiempo de lectura\" \/>\n\t<meta name=\"twitter:data2\" content=\"2 minutos\" \/>\n<script type=\"application\/ld+json\" class=\"yoast-schema-graph\">{\"@context\":\"https:\\\/\\\/schema.org\",\"@graph\":[{\"@type\":\"Article\",\"@id\":\"https:\\\/\\\/fmpatagoniamadryn.com.ar\\\/?p=1687#article\",\"isPartOf\":{\"@id\":\"https:\\\/\\\/fmpatagoniamadryn.com.ar\\\/?p=1687\"},\"author\":{\"name\":\"FM Patagonia\",\"@id\":\"https:\\\/\\\/fmpatagoniamadryn.com.ar\\\/#\\\/schema\\\/person\\\/1d968ec613613768e14b4e6420a2b125\"},\"headline\":\"Sastre: \u201cPor mi experiencia y situaciones vividas yo tendr\u00eda que ser candidato a gobernador\u00bb\",\"datePublished\":\"2023-04-12T14:39:07+00:00\",\"dateModified\":\"2023-04-12T14:39:20+00:00\",\"mainEntityOfPage\":{\"@id\":\"https:\\\/\\\/fmpatagoniamadryn.com.ar\\\/?p=1687\"},\"wordCount\":316,\"publisher\":{\"@id\":\"https:\\\/\\\/fmpatagoniamadryn.com.ar\\\/#organization\"},\"image\":{\"@id\":\"https:\\\/\\\/fmpatagoniamadryn.com.ar\\\/?p=1687#primaryimage\"},\"thumbnailUrl\":\"https:\\\/\\\/fmpatagoniamadryn.com.ar\\\/wp-content\\\/uploads\\\/2023\\\/04\\\/FB_IMG_1681310287775.jpg\",\"articleSection\":[\"Locales\"],\"inLanguage\":\"es\"},{\"@type\":\"WebPage\",\"@id\":\"https:\\\/\\\/fmpatagoniamadryn.com.ar\\\/?p=1687\",\"url\":\"https:\\\/\\\/fmpatagoniamadryn.com.ar\\\/?p=1687\",\"name\":\"Sastre: \u201cPor mi experiencia y situaciones vividas yo tendr\u00eda que ser candidato a gobernador\\\" - FM Patagonia Madryn\",\"isPartOf\":{\"@id\":\"https:\\\/\\\/fmpatagoniamadryn.com.ar\\\/#website\"},\"primaryImageOfPage\":{\"@id\":\"https:\\\/\\\/fmpatagoniamadryn.com.ar\\\/?p=1687#primaryimage\"},\"image\":{\"@id\":\"https:\\\/\\\/fmpatagoniamadryn.com.ar\\\/?p=1687#primaryimage\"},\"thumbnailUrl\":\"https:\\\/\\\/fmpatagoniamadryn.com.ar\\\/wp-content\\\/uploads\\\/2023\\\/04\\\/FB_IMG_1681310287775.jpg\",\"datePublished\":\"2023-04-12T14:39:07+00:00\",\"dateModified\":\"2023-04-12T14:39:20+00:00\",\"breadcrumb\":{\"@id\":\"https:\\\/\\\/fmpatagoniamadryn.com.ar\\\/?p=1687#breadcrumb\"},\"inLanguage\":\"es\",\"potentialAction\":[{\"@type\":\"ReadAction\",\"target\":[\"https:\\\/\\\/fmpatagoniamadryn.com.ar\\\/?p=1687\"]}]},{\"@type\":\"ImageObject\",\"inLanguage\":\"es\",\"@id\":\"https:\\\/\\\/fmpatagoniamadryn.com.ar\\\/?p=1687#primaryimage\",\"url\":\"https:\\\/\\\/fmpatagoniamadryn.com.ar\\\/wp-content\\\/uploads\\\/2023\\\/04\\\/FB_IMG_1681310287775.jpg\",\"contentUrl\":\"https:\\\/\\\/fmpatagoniamadryn.com.ar\\\/wp-content\\\/uploads\\\/2023\\\/04\\\/FB_IMG_1681310287775.jpg\",\"width\":652,\"height\":403},{\"@type\":\"BreadcrumbList\",\"@id\":\"https:\\\/\\\/fmpatagoniamadryn.com.ar\\\/?p=1687#breadcrumb\",\"itemListElement\":[{\"@type\":\"ListItem\",\"position\":1,\"name\":\"Portada\",\"item\":\"https:\\\/\\\/fmpatagoniamadryn.com.ar\\\/\"},{\"@type\":\"ListItem\",\"position\":2,\"name\":\"Sastre: \u201cPor mi experiencia y situaciones vividas yo tendr\u00eda que ser candidato a gobernador\u00bb\"}]},{\"@type\":\"WebSite\",\"@id\":\"https:\\\/\\\/fmpatagoniamadryn.com.ar\\\/#website\",\"url\":\"https:\\\/\\\/fmpatagoniamadryn.com.ar\\\/\",\"name\":\"FM Patagonia Madryn\",\"description\":\"Radio Patagonia 105.5\",\"publisher\":{\"@id\":\"https:\\\/\\\/fmpatagoniamadryn.com.ar\\\/#organization\"},\"potentialAction\":[{\"@type\":\"SearchAction\",\"target\":{\"@type\":\"EntryPoint\",\"urlTemplate\":\"https:\\\/\\\/fmpatagoniamadryn.com.ar\\\/?s={search_term_string}\"},\"query-input\":{\"@type\":\"PropertyValueSpecification\",\"valueRequired\":true,\"valueName\":\"search_term_string\"}}],\"inLanguage\":\"es\"},{\"@type\":\"Organization\",\"@id\":\"https:\\\/\\\/fmpatagoniamadryn.com.ar\\\/#organization\",\"name\":\"FM Patagonia Madryn\",\"url\":\"https:\\\/\\\/fmpatagoniamadryn.com.ar\\\/\",\"logo\":{\"@type\":\"ImageObject\",\"inLanguage\":\"es\",\"@id\":\"https:\\\/\\\/fmpatagoniamadryn.com.ar\\\/#\\\/schema\\\/logo\\\/image\\\/\",\"url\":\"https:\\\/\\\/fmpatagoniamadryn.com.ar\\\/wp-content\\\/uploads\\\/2023\\\/01\\\/cropped-Diseno-sin-titulo.png\",\"contentUrl\":\"https:\\\/\\\/fmpatagoniamadryn.com.ar\\\/wp-content\\\/uploads\\\/2023\\\/01\\\/cropped-Diseno-sin-titulo.png\",\"width\":6911,\"height\":2657,\"caption\":\"FM Patagonia Madryn\"},\"image\":{\"@id\":\"https:\\\/\\\/fmpatagoniamadryn.com.ar\\\/#\\\/schema\\\/logo\\\/image\\\/\"}},{\"@type\":\"Person\",\"@id\":\"https:\\\/\\\/fmpatagoniamadryn.com.ar\\\/#\\\/schema\\\/person\\\/1d968ec613613768e14b4e6420a2b125\",\"name\":\"FM Patagonia\",\"url\":\"https:\\\/\\\/fmpatagoniamadryn.com.ar\\\/?author=3\"}]}<\/script>\n<!-- \/ Yoast SEO plugin. -->","yoast_head_json":{"title":"Sastre: \u201cPor mi experiencia y situaciones vividas yo tendr\u00eda que ser candidato a gobernador\" - FM Patagonia Madryn","robots":{"index":"index","follow":"follow","max-snippet":"max-snippet:-1","max-image-preview":"max-image-preview:large","max-video-preview":"max-video-preview:-1"},"canonical":"https:\/\/fmpatagoniamadryn.com.ar\/?p=1687","og_locale":"es_ES","og_type":"article","og_title":"Sastre: \u201cPor mi experiencia y situaciones vividas yo tendr\u00eda que ser candidato a gobernador\" - FM Patagonia Madryn","og_description":"Adem\u00e1s, el vicegobernador se refiri\u00f3 al adelantamiento de las elecciones pero reconoci\u00f3 que es decisi\u00f3n del gobernador. El vicegobernador de Chubut, Ricardo Sastre, dialog\u00f3 este martes con la prensa y&hellip;","og_url":"https:\/\/fmpatagoniamadryn.com.ar\/?p=1687","og_site_name":"FM Patagonia Madryn","article_published_time":"2023-04-12T14:39:07+00:00","article_modified_time":"2023-04-12T14:39:20+00:00","og_image":[{"width":652,"height":403,"url":"https:\/\/fmpatagoniamadryn.com.ar\/wp-content\/uploads\/2023\/04\/FB_IMG_1681310287775.jpg","type":"image\/jpeg"}],"author":"FM Patagonia","twitter_card":"summary_large_image","twitter_misc":{"Escrito por":"FM Patagonia","Tiempo de lectura":"2 minutos"},"schema":{"@context":"https:\/\/schema.org","@graph":[{"@type":"Article","@id":"https:\/\/fmpatagoniamadryn.com.ar\/?p=1687#article","isPartOf":{"@id":"https:\/\/fmpatagoniamadryn.com.ar\/?p=1687"},"author":{"name":"FM Patagonia","@id":"https:\/\/fmpatagoniamadryn.com.ar\/#\/schema\/person\/1d968ec613613768e14b4e6420a2b125"},"headline":"Sastre: \u201cPor mi experiencia y situaciones vividas yo tendr\u00eda que ser candidato a gobernador\u00bb","datePublished":"2023-04-12T14:39:07+00:00","dateModified":"2023-04-12T14:39:20+00:00","mainEntityOfPage":{"@id":"https:\/\/fmpatagoniamadryn.com.ar\/?p=1687"},"wordCount":316,"publisher":{"@id":"https:\/\/fmpatagoniamadryn.com.ar\/#organization"},"image":{"@id":"https:\/\/fmpatagoniamadryn.com.ar\/?p=1687#primaryimage"},"thumbnailUrl":"https:\/\/fmpatagoniamadryn.com.ar\/wp-content\/uploads\/2023\/04\/FB_IMG_1681310287775.jpg","articleSection":["Locales"],"inLanguage":"es"},{"@type":"WebPage","@id":"https:\/\/fmpatagoniamadryn.com.ar\/?p=1687","url":"https:\/\/fmpatagoniamadryn.com.ar\/?p=1687","name":"Sastre: \u201cPor mi experiencia y situaciones vividas yo tendr\u00eda que ser candidato a gobernador\" - FM Patagonia Madryn","isPartOf":{"@id":"https:\/\/fmpatagoniamadryn.com.ar\/#website"},"primaryImageOfPage":{"@id":"https:\/\/fmpatagoniamadryn.com.ar\/?p=1687#primaryimage"},"image":{"@id":"https:\/\/fmpatagoniamadryn.com.ar\/?p=1687#primaryimage"},"thumbnailUrl":"https:\/\/fmpatagoniamadryn.com.ar\/wp-content\/uploads\/2023\/04\/FB_IMG_1681310287775.jpg","datePublished":"2023-04-12T14:39:07+00:00","dateModified":"2023-04-12T14:39:20+00:00","breadcrumb":{"@id":"https:\/\/fmpatagoniamadryn.com.ar\/?p=1687#breadcrumb"},"inLanguage":"es","potentialAction":[{"@type":"ReadAction","target":["https:\/\/fmpatagoniamadryn.com.ar\/?p=1687"]}]},{"@type":"ImageObject","inLanguage":"es","@id":"https:\/\/fmpatagoniamadryn.com.ar\/?p=1687#primaryimage","url":"https:\/\/fmpatagoniamadryn.com.ar\/wp-content\/uploads\/2023\/04\/FB_IMG_1681310287775.jpg","contentUrl":"https:\/\/fmpatagoniamadryn.com.ar\/wp-content\/uploads\/2023\/04\/FB_IMG_1681310287775.jpg","width":652,"height":403},{"@type":"BreadcrumbList","@id":"https:\/\/fmpatagoniamadryn.com.ar\/?p=1687#breadcrumb","itemListElement":[{"@type":"ListItem","position":1,"name":"Portada","item":"https:\/\/fmpatagoniamadryn.com.ar\/"},{"@type":"ListItem","position":2,"name":"Sastre: \u201cPor mi experiencia y situaciones vividas yo tendr\u00eda que ser candidato a gobernador\u00bb"}]},{"@type":"WebSite","@id":"https:\/\/fmpatagoniamadryn.com.ar\/#website","url":"https:\/\/fmpatagoniamadryn.com.ar\/","name":"FM Patagonia Madryn","description":"Radio Patagonia 105.5","publisher":{"@id":"https:\/\/fmpatagoniamadryn.com.ar\/#organization"},"potentialAction":[{"@type":"SearchAction","target":{"@type":"EntryPoint","urlTemplate":"https:\/\/fmpatagoniamadryn.com.ar\/?s={search_term_string}"},"query-input":{"@type":"PropertyValueSpecification","valueRequired":true,"valueName":"search_term_string"}}],"inLanguage":"es"},{"@type":"Organization","@id":"https:\/\/fmpatagoniamadryn.com.ar\/#organization","name":"FM Patagonia Madryn","url":"https:\/\/fmpatagoniamadryn.com.ar\/","logo":{"@type":"ImageObject","inLanguage":"es","@id":"https:\/\/fmpatagoniamadryn.com.ar\/#\/schema\/logo\/image\/","url":"https:\/\/fmpatagoniamadryn.com.ar\/wp-content\/uploads\/2023\/01\/cropped-Diseno-sin-titulo.png","contentUrl":"https:\/\/fmpatagoniamadryn.com.ar\/wp-content\/uploads\/2023\/01\/cropped-Diseno-sin-titulo.png","width":6911,"height":2657,"caption":"FM Patagonia Madryn"},"image":{"@id":"https:\/\/fmpatagoniamadryn.com.ar\/#\/schema\/logo\/image\/"}},{"@type":"Person","@id":"https:\/\/fmpatagoniamadryn.com.ar\/#\/schema\/person\/1d968ec613613768e14b4e6420a2b125","name":"FM Patagonia","url":"https:\/\/fmpatagoniamadryn.com.ar\/?author=3"}]}},"jetpack_featured_media_url":"https:\/\/fmpatagoniamadryn.com.ar\/wp-content\/uploads\/2023\/04\/FB_IMG_1681310287775.jpg","_links":{"self":[{"href":"https:\/\/fmpatagoniamadryn.com.ar\/index.php?rest_route=\/wp\/v2\/posts\/1687","targetHints":{"allow":["GET"]}}],"collection":[{"href":"https:\/\/fmpatagoniamadryn.com.ar\/index.php?rest_route=\/wp\/v2\/posts"}],"about":[{"href":"https:\/\/fmpatagoniamadryn.com.ar\/index.php?rest_route=\/wp\/v2\/types\/post"}],"author":[{"embeddable":true,"href":"https:\/\/fmpatagoniamadryn.com.ar\/index.php?rest_route=\/wp\/v2\/users\/3"}],"replies":[{"embeddable":true,"href":"https:\/\/fmpatagoniamadryn.com.ar\/index.php?rest_route=%2Fwp%2Fv2%2Fcomments&post=1687"}],"version-history":[{"count":1,"href":"https:\/\/fmpatagoniamadryn.com.ar\/index.php?rest_route=\/wp\/v2\/posts\/1687\/revisions"}],"predecessor-version":[{"id":1688,"href":"https:\/\/fmpatagoniamadryn.com.ar\/index.php?rest_route=\/wp\/v2\/posts\/1687\/revisions\/1688"}],"wp:featuredmedia":[{"embeddable":true,"href":"https:\/\/fmpatagoniamadryn.com.ar\/index.php?rest_route=\/wp\/v2\/media\/1686"}],"wp:attachment":[{"href":"https:\/\/fmpatagoniamadryn.com.ar\/index.php?rest_route=%2Fwp%2Fv2%2Fmedia&parent=1687"}],"wp:term":[{"taxonomy":"category","embeddable":true,"href":"https:\/\/fmpatagoniamadryn.com.ar\/index.php?rest_route=%2Fwp%2Fv2%2Fcategories&post=1687"},{"taxonomy":"post_tag","embeddable":true,"href":"https:\/\/fmpatagoniamadryn.com.ar\/index.php?rest_route=%2Fwp%2Fv2%2Ftags&post=1687"}],"curies":[{"name":"wp","href":"https:\/\/api.w.org\/{rel}","templated":true}]}}