{"id":16908,"date":"2025-06-30T17:41:10","date_gmt":"2025-06-30T20:41:10","guid":{"rendered":"https:\/\/fmpatagoniamadryn.com.ar\/?p=16908"},"modified":"2025-06-30T17:41:10","modified_gmt":"2025-06-30T20:41:10","slug":"marcos-rojo-prepara-su-salida-de-boca-su-representante-ya-esta-en-el-pais-para-negociar-la-rescision","status":"publish","type":"post","link":"https:\/\/fmpatagoniamadryn.com.ar\/?p=16908","title":{"rendered":"Marcos Rojo prepara su salida de Boca: su representante ya est\u00e1 en el pa\u00eds para negociar la rescisi\u00f3n"},"content":{"rendered":"\n<p class=\"p1\">El ciclo de Marcos Rojo en Boca parece estar llegando a su fin. Tras varios episodios de tensi\u00f3n interna y un cierre de semestre conflictivo, el defensor de 35 a\u00f1os tiene decidido dar un paso al costado, y su representante ya trabaja para destrabar la situaci\u00f3n.<\/p>\n\n\n\n<p class=\"p1\">Kristian Bereit, agente del jugador, aterriz\u00f3 este lunes en Buenos Aires con una misi\u00f3n clara: reunirse con la dirigencia del club en las pr\u00f3ximas horas para gestionar la desvinculaci\u00f3n del zaguero, cuyo contrato vence en diciembre. Aunque desde el entorno del futbolista aseguran que hay inter\u00e9s del Inter Miami, a\u00fan no lleg\u00f3 ninguna propuesta formal al club de la Ribera.<\/p>\n\n\n\n<p class=\"p1\">El v\u00ednculo entre Rojo y Boca atraviesa su momento m\u00e1s tenso. El defensor no jug\u00f3 ni un minuto en el reciente Mundial de Clubes y, seg\u00fan trascendi\u00f3, protagoniz\u00f3 un cruce con el t\u00e9cnico Miguel \u00c1ngel Russo durante la estad\u00eda en Miami. Este conflicto termin\u00f3 de acelerar una decisi\u00f3n que ya se ven\u00eda gestando desde hace tiempo, marcada por actitudes del ex capit\u00e1n que generaron molestia tanto en el cuerpo t\u00e9cnico como en la dirigencia.<\/p>\n\n\n\n<p class=\"p1\">Lo cierto es que en el club ya no ven con malos ojos su salida. Incluso Juan Rom\u00e1n Riquelme, que hasta hace poco lo consideraba uno de los referentes del vestuario, ya no tiene intenciones de retenerlo. A\u00fan resta definir si la rescisi\u00f3n ser\u00e1 de com\u00fan acuerdo o si Boca intentar\u00e1 recibir alguna compensaci\u00f3n econ\u00f3mica.<\/p>\n\n\n\n<p class=\"p1\">De no haber sorpresas, esta ser\u00e1 la \u00faltima semana de Marcos Rojo como jugador del Xeneize. Su presencia en la vuelta a los entrenamientos, prevista para este martes, sigue siendo una inc\u00f3gnita, y todo indica que no volver\u00e1 a vestirse de azul y oro. As\u00ed, despu\u00e9s de m\u00e1s de cuatro a\u00f1os en el club, el defensor se despide en medio de un clima cargado y un final que parec\u00eda inevitable.<\/p>\n","protected":false},"excerpt":{"rendered":"<p>El ciclo de Marcos Rojo en Boca parece estar llegando a su fin. Tras varios episodios de tensi\u00f3n interna y un cierre de semestre conflictivo, el defensor de 35 a\u00f1os&hellip; <\/p>\n","protected":false},"author":4,"featured_media":16907,"comment_status":"closed","ping_status":"closed","sticky":false,"template":"","format":"standard","meta":{"footnotes":""},"categories":[4],"tags":[],"class_list":["post-16908","post","type-post","status-publish","format-standard","has-post-thumbnail","hentry","category-deportes"],"yoast_head":"<!-- This site is optimized with the Yoast SEO plugin v27.4 - https:\/\/yoast.com\/product\/yoast-seo-wordpress\/ -->\n<title>Marcos Rojo prepara su salida de Boca: su representante ya est\u00e1 en el pa\u00eds para negociar la rescisi\u00f3n - FM Patagonia Madryn<\/title>\n<meta name=\"robots\" content=\"index, follow, max-snippet:-1, max-image-preview:large, max-video-preview:-1\" \/>\n<link rel=\"canonical\" href=\"https:\/\/fmpatagoniamadryn.com.ar\/?p=16908\" \/>\n<meta property=\"og:locale\" content=\"es_ES\" \/>\n<meta property=\"og:type\" content=\"article\" \/>\n<meta property=\"og:title\" content=\"Marcos Rojo prepara su salida de Boca: su representante ya est\u00e1 en el pa\u00eds para negociar la rescisi\u00f3n - FM Patagonia Madryn\" \/>\n<meta property=\"og:description\" content=\"El ciclo de Marcos Rojo en Boca parece estar llegando a su fin. Tras varios episodios de tensi\u00f3n interna y un cierre de semestre conflictivo, el defensor de 35 a\u00f1os&hellip;\" \/>\n<meta property=\"og:url\" content=\"https:\/\/fmpatagoniamadryn.com.ar\/?p=16908\" \/>\n<meta property=\"og:site_name\" content=\"FM Patagonia Madryn\" \/>\n<meta property=\"article:published_time\" content=\"2025-06-30T20:41:10+00:00\" \/>\n<meta property=\"og:image\" content=\"https:\/\/fmpatagoniamadryn.com.ar\/wp-content\/uploads\/2025\/06\/img_3967.jpg\" \/>\n\t<meta property=\"og:image:width\" content=\"862\" \/>\n\t<meta property=\"og:image:height\" content=\"485\" \/>\n\t<meta property=\"og:image:type\" content=\"image\/jpeg\" \/>\n<meta name=\"author\" content=\"FM Patagonia\" \/>\n<meta name=\"twitter:card\" content=\"summary_large_image\" \/>\n<meta name=\"twitter:label1\" content=\"Escrito por\" \/>\n\t<meta name=\"twitter:data1\" content=\"FM Patagonia\" \/>\n\t<meta name=\"twitter:label2\" content=\"Tiempo de lectura\" \/>\n\t<meta name=\"twitter:data2\" content=\"2 minutos\" \/>\n<script type=\"application\/ld+json\" class=\"yoast-schema-graph\">{\"@context\":\"https:\\\/\\\/schema.org\",\"@graph\":[{\"@type\":\"Article\",\"@id\":\"https:\\\/\\\/fmpatagoniamadryn.com.ar\\\/?p=16908#article\",\"isPartOf\":{\"@id\":\"https:\\\/\\\/fmpatagoniamadryn.com.ar\\\/?p=16908\"},\"author\":{\"name\":\"FM Patagonia\",\"@id\":\"https:\\\/\\\/fmpatagoniamadryn.com.ar\\\/#\\\/schema\\\/person\\\/97b1d30cb2ae311544a88a5201700571\"},\"headline\":\"Marcos Rojo prepara su salida de Boca: su representante ya est\u00e1 en el pa\u00eds para negociar la rescisi\u00f3n\",\"datePublished\":\"2025-06-30T20:41:10+00:00\",\"mainEntityOfPage\":{\"@id\":\"https:\\\/\\\/fmpatagoniamadryn.com.ar\\\/?p=16908\"},\"wordCount\":352,\"publisher\":{\"@id\":\"https:\\\/\\\/fmpatagoniamadryn.com.ar\\\/#organization\"},\"image\":{\"@id\":\"https:\\\/\\\/fmpatagoniamadryn.com.ar\\\/?p=16908#primaryimage\"},\"thumbnailUrl\":\"https:\\\/\\\/fmpatagoniamadryn.com.ar\\\/wp-content\\\/uploads\\\/2025\\\/06\\\/img_3967.jpg\",\"articleSection\":[\"Deportes\"],\"inLanguage\":\"es\"},{\"@type\":\"WebPage\",\"@id\":\"https:\\\/\\\/fmpatagoniamadryn.com.ar\\\/?p=16908\",\"url\":\"https:\\\/\\\/fmpatagoniamadryn.com.ar\\\/?p=16908\",\"name\":\"Marcos Rojo prepara su salida de Boca: su representante ya est\u00e1 en el pa\u00eds para negociar la rescisi\u00f3n - FM Patagonia Madryn\",\"isPartOf\":{\"@id\":\"https:\\\/\\\/fmpatagoniamadryn.com.ar\\\/#website\"},\"primaryImageOfPage\":{\"@id\":\"https:\\\/\\\/fmpatagoniamadryn.com.ar\\\/?p=16908#primaryimage\"},\"image\":{\"@id\":\"https:\\\/\\\/fmpatagoniamadryn.com.ar\\\/?p=16908#primaryimage\"},\"thumbnailUrl\":\"https:\\\/\\\/fmpatagoniamadryn.com.ar\\\/wp-content\\\/uploads\\\/2025\\\/06\\\/img_3967.jpg\",\"datePublished\":\"2025-06-30T20:41:10+00:00\",\"breadcrumb\":{\"@id\":\"https:\\\/\\\/fmpatagoniamadryn.com.ar\\\/?p=16908#breadcrumb\"},\"inLanguage\":\"es\",\"potentialAction\":[{\"@type\":\"ReadAction\",\"target\":[\"https:\\\/\\\/fmpatagoniamadryn.com.ar\\\/?p=16908\"]}]},{\"@type\":\"ImageObject\",\"inLanguage\":\"es\",\"@id\":\"https:\\\/\\\/fmpatagoniamadryn.com.ar\\\/?p=16908#primaryimage\",\"url\":\"https:\\\/\\\/fmpatagoniamadryn.com.ar\\\/wp-content\\\/uploads\\\/2025\\\/06\\\/img_3967.jpg\",\"contentUrl\":\"https:\\\/\\\/fmpatagoniamadryn.com.ar\\\/wp-content\\\/uploads\\\/2025\\\/06\\\/img_3967.jpg\",\"width\":862,\"height\":485},{\"@type\":\"BreadcrumbList\",\"@id\":\"https:\\\/\\\/fmpatagoniamadryn.com.ar\\\/?p=16908#breadcrumb\",\"itemListElement\":[{\"@type\":\"ListItem\",\"position\":1,\"name\":\"Portada\",\"item\":\"https:\\\/\\\/fmpatagoniamadryn.com.ar\\\/\"},{\"@type\":\"ListItem\",\"position\":2,\"name\":\"Marcos Rojo prepara su salida de Boca: su representante ya est\u00e1 en el pa\u00eds para negociar la rescisi\u00f3n\"}]},{\"@type\":\"WebSite\",\"@id\":\"https:\\\/\\\/fmpatagoniamadryn.com.ar\\\/#website\",\"url\":\"https:\\\/\\\/fmpatagoniamadryn.com.ar\\\/\",\"name\":\"FM Patagonia Madryn\",\"description\":\"Radio Patagonia 105.5\",\"publisher\":{\"@id\":\"https:\\\/\\\/fmpatagoniamadryn.com.ar\\\/#organization\"},\"potentialAction\":[{\"@type\":\"SearchAction\",\"target\":{\"@type\":\"EntryPoint\",\"urlTemplate\":\"https:\\\/\\\/fmpatagoniamadryn.com.ar\\\/?s={search_term_string}\"},\"query-input\":{\"@type\":\"PropertyValueSpecification\",\"valueRequired\":true,\"valueName\":\"search_term_string\"}}],\"inLanguage\":\"es\"},{\"@type\":\"Organization\",\"@id\":\"https:\\\/\\\/fmpatagoniamadryn.com.ar\\\/#organization\",\"name\":\"FM Patagonia Madryn\",\"url\":\"https:\\\/\\\/fmpatagoniamadryn.com.ar\\\/\",\"logo\":{\"@type\":\"ImageObject\",\"inLanguage\":\"es\",\"@id\":\"https:\\\/\\\/fmpatagoniamadryn.com.ar\\\/#\\\/schema\\\/logo\\\/image\\\/\",\"url\":\"https:\\\/\\\/fmpatagoniamadryn.com.ar\\\/wp-content\\\/uploads\\\/2023\\\/01\\\/cropped-Diseno-sin-titulo.png\",\"contentUrl\":\"https:\\\/\\\/fmpatagoniamadryn.com.ar\\\/wp-content\\\/uploads\\\/2023\\\/01\\\/cropped-Diseno-sin-titulo.png\",\"width\":6911,\"height\":2657,\"caption\":\"FM Patagonia Madryn\"},\"image\":{\"@id\":\"https:\\\/\\\/fmpatagoniamadryn.com.ar\\\/#\\\/schema\\\/logo\\\/image\\\/\"}},{\"@type\":\"Person\",\"@id\":\"https:\\\/\\\/fmpatagoniamadryn.com.ar\\\/#\\\/schema\\\/person\\\/97b1d30cb2ae311544a88a5201700571\",\"name\":\"FM Patagonia\",\"url\":\"https:\\\/\\\/fmpatagoniamadryn.com.ar\\\/?author=4\"}]}<\/script>\n<!-- \/ Yoast SEO plugin. -->","yoast_head_json":{"title":"Marcos Rojo prepara su salida de Boca: su representante ya est\u00e1 en el pa\u00eds para negociar la rescisi\u00f3n - FM Patagonia Madryn","robots":{"index":"index","follow":"follow","max-snippet":"max-snippet:-1","max-image-preview":"max-image-preview:large","max-video-preview":"max-video-preview:-1"},"canonical":"https:\/\/fmpatagoniamadryn.com.ar\/?p=16908","og_locale":"es_ES","og_type":"article","og_title":"Marcos Rojo prepara su salida de Boca: su representante ya est\u00e1 en el pa\u00eds para negociar la rescisi\u00f3n - FM Patagonia Madryn","og_description":"El ciclo de Marcos Rojo en Boca parece estar llegando a su fin. Tras varios episodios de tensi\u00f3n interna y un cierre de semestre conflictivo, el defensor de 35 a\u00f1os&hellip;","og_url":"https:\/\/fmpatagoniamadryn.com.ar\/?p=16908","og_site_name":"FM Patagonia Madryn","article_published_time":"2025-06-30T20:41:10+00:00","og_image":[{"width":862,"height":485,"url":"https:\/\/fmpatagoniamadryn.com.ar\/wp-content\/uploads\/2025\/06\/img_3967.jpg","type":"image\/jpeg"}],"author":"FM Patagonia","twitter_card":"summary_large_image","twitter_misc":{"Escrito por":"FM Patagonia","Tiempo de lectura":"2 minutos"},"schema":{"@context":"https:\/\/schema.org","@graph":[{"@type":"Article","@id":"https:\/\/fmpatagoniamadryn.com.ar\/?p=16908#article","isPartOf":{"@id":"https:\/\/fmpatagoniamadryn.com.ar\/?p=16908"},"author":{"name":"FM Patagonia","@id":"https:\/\/fmpatagoniamadryn.com.ar\/#\/schema\/person\/97b1d30cb2ae311544a88a5201700571"},"headline":"Marcos Rojo prepara su salida de Boca: su representante ya est\u00e1 en el pa\u00eds para negociar la rescisi\u00f3n","datePublished":"2025-06-30T20:41:10+00:00","mainEntityOfPage":{"@id":"https:\/\/fmpatagoniamadryn.com.ar\/?p=16908"},"wordCount":352,"publisher":{"@id":"https:\/\/fmpatagoniamadryn.com.ar\/#organization"},"image":{"@id":"https:\/\/fmpatagoniamadryn.com.ar\/?p=16908#primaryimage"},"thumbnailUrl":"https:\/\/fmpatagoniamadryn.com.ar\/wp-content\/uploads\/2025\/06\/img_3967.jpg","articleSection":["Deportes"],"inLanguage":"es"},{"@type":"WebPage","@id":"https:\/\/fmpatagoniamadryn.com.ar\/?p=16908","url":"https:\/\/fmpatagoniamadryn.com.ar\/?p=16908","name":"Marcos Rojo prepara su salida de Boca: su representante ya est\u00e1 en el pa\u00eds para negociar la rescisi\u00f3n - FM Patagonia Madryn","isPartOf":{"@id":"https:\/\/fmpatagoniamadryn.com.ar\/#website"},"primaryImageOfPage":{"@id":"https:\/\/fmpatagoniamadryn.com.ar\/?p=16908#primaryimage"},"image":{"@id":"https:\/\/fmpatagoniamadryn.com.ar\/?p=16908#primaryimage"},"thumbnailUrl":"https:\/\/fmpatagoniamadryn.com.ar\/wp-content\/uploads\/2025\/06\/img_3967.jpg","datePublished":"2025-06-30T20:41:10+00:00","breadcrumb":{"@id":"https:\/\/fmpatagoniamadryn.com.ar\/?p=16908#breadcrumb"},"inLanguage":"es","potentialAction":[{"@type":"ReadAction","target":["https:\/\/fmpatagoniamadryn.com.ar\/?p=16908"]}]},{"@type":"ImageObject","inLanguage":"es","@id":"https:\/\/fmpatagoniamadryn.com.ar\/?p=16908#primaryimage","url":"https:\/\/fmpatagoniamadryn.com.ar\/wp-content\/uploads\/2025\/06\/img_3967.jpg","contentUrl":"https:\/\/fmpatagoniamadryn.com.ar\/wp-content\/uploads\/2025\/06\/img_3967.jpg","width":862,"height":485},{"@type":"BreadcrumbList","@id":"https:\/\/fmpatagoniamadryn.com.ar\/?p=16908#breadcrumb","itemListElement":[{"@type":"ListItem","position":1,"name":"Portada","item":"https:\/\/fmpatagoniamadryn.com.ar\/"},{"@type":"ListItem","position":2,"name":"Marcos Rojo prepara su salida de Boca: su representante ya est\u00e1 en el pa\u00eds para negociar la rescisi\u00f3n"}]},{"@type":"WebSite","@id":"https:\/\/fmpatagoniamadryn.com.ar\/#website","url":"https:\/\/fmpatagoniamadryn.com.ar\/","name":"FM Patagonia Madryn","description":"Radio Patagonia 105.5","publisher":{"@id":"https:\/\/fmpatagoniamadryn.com.ar\/#organization"},"potentialAction":[{"@type":"SearchAction","target":{"@type":"EntryPoint","urlTemplate":"https:\/\/fmpatagoniamadryn.com.ar\/?s={search_term_string}"},"query-input":{"@type":"PropertyValueSpecification","valueRequired":true,"valueName":"search_term_string"}}],"inLanguage":"es"},{"@type":"Organization","@id":"https:\/\/fmpatagoniamadryn.com.ar\/#organization","name":"FM Patagonia Madryn","url":"https:\/\/fmpatagoniamadryn.com.ar\/","logo":{"@type":"ImageObject","inLanguage":"es","@id":"https:\/\/fmpatagoniamadryn.com.ar\/#\/schema\/logo\/image\/","url":"https:\/\/fmpatagoniamadryn.com.ar\/wp-content\/uploads\/2023\/01\/cropped-Diseno-sin-titulo.png","contentUrl":"https:\/\/fmpatagoniamadryn.com.ar\/wp-content\/uploads\/2023\/01\/cropped-Diseno-sin-titulo.png","width":6911,"height":2657,"caption":"FM Patagonia Madryn"},"image":{"@id":"https:\/\/fmpatagoniamadryn.com.ar\/#\/schema\/logo\/image\/"}},{"@type":"Person","@id":"https:\/\/fmpatagoniamadryn.com.ar\/#\/schema\/person\/97b1d30cb2ae311544a88a5201700571","name":"FM Patagonia","url":"https:\/\/fmpatagoniamadryn.com.ar\/?author=4"}]}},"jetpack_featured_media_url":"https:\/\/fmpatagoniamadryn.com.ar\/wp-content\/uploads\/2025\/06\/img_3967.jpg","_links":{"self":[{"href":"https:\/\/fmpatagoniamadryn.com.ar\/index.php?rest_route=\/wp\/v2\/posts\/16908","targetHints":{"allow":["GET"]}}],"collection":[{"href":"https:\/\/fmpatagoniamadryn.com.ar\/index.php?rest_route=\/wp\/v2\/posts"}],"about":[{"href":"https:\/\/fmpatagoniamadryn.com.ar\/index.php?rest_route=\/wp\/v2\/types\/post"}],"author":[{"embeddable":true,"href":"https:\/\/fmpatagoniamadryn.com.ar\/index.php?rest_route=\/wp\/v2\/users\/4"}],"replies":[{"embeddable":true,"href":"https:\/\/fmpatagoniamadryn.com.ar\/index.php?rest_route=%2Fwp%2Fv2%2Fcomments&post=16908"}],"version-history":[{"count":1,"href":"https:\/\/fmpatagoniamadryn.com.ar\/index.php?rest_route=\/wp\/v2\/posts\/16908\/revisions"}],"predecessor-version":[{"id":16909,"href":"https:\/\/fmpatagoniamadryn.com.ar\/index.php?rest_route=\/wp\/v2\/posts\/16908\/revisions\/16909"}],"wp:featuredmedia":[{"embeddable":true,"href":"https:\/\/fmpatagoniamadryn.com.ar\/index.php?rest_route=\/wp\/v2\/media\/16907"}],"wp:attachment":[{"href":"https:\/\/fmpatagoniamadryn.com.ar\/index.php?rest_route=%2Fwp%2Fv2%2Fmedia&parent=16908"}],"wp:term":[{"taxonomy":"category","embeddable":true,"href":"https:\/\/fmpatagoniamadryn.com.ar\/index.php?rest_route=%2Fwp%2Fv2%2Fcategories&post=16908"},{"taxonomy":"post_tag","embeddable":true,"href":"https:\/\/fmpatagoniamadryn.com.ar\/index.php?rest_route=%2Fwp%2Fv2%2Ftags&post=16908"}],"curies":[{"name":"wp","href":"https:\/\/api.w.org\/{rel}","templated":true}]}}