{"id":16927,"date":"2025-07-01T16:46:56","date_gmt":"2025-07-01T19:46:56","guid":{"rendered":"https:\/\/fmpatagoniamadryn.com.ar\/?p=16927"},"modified":"2025-07-01T16:46:56","modified_gmt":"2025-07-01T19:46:56","slug":"torres-diserto-en-la-primera-conferencia-climatica-internacional-y-llamo-a-impulsar-una-agenda-sostenible-que-apunte-al-futuro-para-crecer-como-pais","status":"publish","type":"post","link":"https:\/\/fmpatagoniamadryn.com.ar\/?p=16927","title":{"rendered":"Torres disert\u00f3 en la primera Conferencia Clim\u00e1tica Internacional y llam\u00f3 a impulsar \u201cuna agenda sostenible que apunte al futuro, para crecer como pa\u00eds\u00bb"},"content":{"rendered":"\n<p><\/p>\n\n\n\n<p><em>El mandatario provincial destac\u00f3 la importancia de los estados subsoberanos \u00abcomo vinculantes en decisiones estrat\u00e9gicas para los intereses de nuestra Naci\u00f3n\u00bb, y remarc\u00f3 que \u00abChubut genera la mitad de las divisas que los distintos gobiernos nacionales vienen dilapidando desde hace much\u00edsimo tiempo\u00bb, y plante\u00f3 la necesidad de \u00abno caer en trampas demag\u00f3gicas que nos hacen creer que el cambio clim\u00e1tico &#8216;es una falacia'\u00bb. Tambi\u00e9n, sostuvo que es indispensable \u00abuna pol\u00edtica de Estado sostenible, generando acuerdos y consensos\u00bb. Participaron del importante evento 60 expositores en representaci\u00f3n de m\u00e1s de 25 organismos internacionales, agencias estatales, universidades y embajadas, entre otros actores comprometidos con los desaf\u00edos que implica el cambio clim\u00e1tico, y 5.300 inscriptos.<\/em><\/p>\n\n\n\n<p>El gobernador de Chubut, Ignacio \u00abNacho\u00bb Torres, particip\u00f3 de la primera Conferencia Clim\u00e1tica Internacional \u201cCompromiso Latinoamericano hacia la COP 30\u201d y 5\u00b0 Cumbre Mundial de Econom\u00eda Circular, eventos que se desarrollan en la provincia de C\u00f3rdoba rumbo a la 30\u00b0 Conferencia de las Naciones Unidas sobre el Cambio Clim\u00e1tico, la cual tendr\u00e1 lugar en el mes de noviembre en la ciudad de Bel\u00e9m, Brasil.<\/p>\n\n\n\n<p>El mandatario disert\u00f3 en el marco de un importante encuentro que reuni\u00f3 a m\u00e1s de 5.300 inscriptos, 60 expositores y l\u00edderes ambientales de todo el mundo en representaci\u00f3n de m\u00e1s de 25 organismos internacionales, agencias estatales, universidades y embajadas, entre otros actores comprometidos con los desaf\u00edos que implica el cambio clim\u00e1tico, y con el objetivo de avanzar en la construcci\u00f3n de una agenda regional com\u00fan que sirva como insumo para la COP 30.<\/p>\n\n\n\n<p><em>\u00abEl cambio clim\u00e1tico no es una falacia\u00bb<\/em><\/p>\n\n\n\n<p>En su presentaci\u00f3n, Torres sostuvo que \u00abes importante entender que los estados subnacionales son vinculantes en decisiones estrat\u00e9gicas para los intereses de nuestra Naci\u00f3n\u00bb y advirti\u00f3 que \u00abChubut es una provincia petrolera, que genera muchas de las divisas que los distintos gobiernos nacionales vienen dilapidando desde hace tanto tiempo\u00bb.<\/p>\n\n\n\n<p>Adem\u00e1s, remarc\u00f3 que las discusiones ambientales \u00abhay que darlas con objetividad y responsabilidad, y sin caer en trampas demag\u00f3gicas que nos hacen creer que el cambio clim\u00e1tico &#8216;es una falacia'\u00bb.<\/p>\n\n\n\n<p>\u00abTodos estamos de acuerdo en que, para crecer como pa\u00eds, tenemos que producir y exportar m\u00e1s, pero tambi\u00e9n es necesario hacerlo de manera inteligencia\u00bb, se\u00f1al\u00f3 el Gobernador, sumando a ello que \u00abnuestra provincia es hoy tan caracter\u00edstica por cuestiones productivas, por ejemplo a partir del hallazgo de shale gas, como as\u00ed tambi\u00e9n por haber avanzado en una reserva natural para cuidar la fauna de todos los chubutenses, que incluso nos permite entrar en un esquema de apalancamiento financiero mucho m\u00e1s favorable para hacer infraestructura\u00bb.<\/p>\n\n\n\n<p>\u00abPensar o relativizar la importancia del cambio clim\u00e1tico, es un error\u00bb, consign\u00f3 Torres, destacando que \u00abChubut y la regi\u00f3n patag\u00f3nica son territorios bendecidos, y en medio de esta transici\u00f3n energ\u00e9tica global, tenemos lo que demanda el mundo: los mejores rindes de viento, puertos de aguas profundas, una extensi\u00f3n inmensa, y todo este potencial nos lleva a pensar estrat\u00e9gicamente en el combustible del futuro, que es el hidr\u00f3geno verde\u00bb.<\/p>\n\n\n\n<p><em>Crecimiento y nuevas inversiones<\/em><\/p>\n\n\n\n<p>\u00abHoy, la Argentina tiene la oportunidad de ser pionera en inversiones relativas al hidr\u00f3geno verde, que se est\u00e1n dando cada vez m\u00e1s r\u00e1pido con un crecimiento exponencial de cara a una demanda que crecer\u00e1 a\u00fan m\u00e1s en pocos a\u00f1os, y todav\u00eda no podemos ponernos de acuerdo en firmar un dictamen com\u00fan entre distintos espacios pol\u00edticos para tener un r\u00e9gimen espec\u00edfico para este tipo de energ\u00eda\u00bb, mencion\u00f3 el titular del Ejecutivo, advirtiendo que \u00abquienes relativizan la cuesti\u00f3n del cambio clim\u00e1tico, estar\u00edan poni\u00e9ndole el pie encima a inversiones de muchos miles de millones de d\u00f3lares\u00bb.<\/p>\n\n\n\n<p>\u00abEl cambio clim\u00e1tico tiene que ser una cuesti\u00f3n central de una pol\u00edtica de Estado sostenida en el tiempo, porque no se puede &#8216;refundar&#8217; el pa\u00eds cada cuatro a\u00f1os, y lo mismo en materia de sostenibilidad ambiental\u00bb, describi\u00f3 Torres, al tiempo que consider\u00f3 necesario \u00abgenerar acuerdos y consensos, por eso celebro el rol de los embajadores de acercarse a los estados subsoberanos; y, tambi\u00e9n, la responsabilidad de mis colegas en algo que es trascendental en la historia de nuestro pa\u00eds, que es la vinculaci\u00f3n interprovincial que nos permite generar consensos que nunca antes pudimos en la Argentina\u00bb.<\/p>\n\n\n\n<p><em>Pol\u00edticas de sostenibilidad<\/em><\/p>\n\n\n\n<p>\u00abEstamos hablando de gobernadores de distintos signos pol\u00edticos hablando de lo mismo y pidiendo que avancemos en leyes que son fundamentales, como la ley de hidr\u00f3geno verde, la de trazabilidad en la pesca, entre otros\u00bb, detall\u00f3 el Gobernador, concluyendo que \u00abeste tipo de eventos sirven para mirarnos a la cara, decirnos la verdad, reflexionar sobre la dirigencia de nuestro pa\u00eds, empezar a ponernos de acuerdo e irnos con un compromiso para una mirada sostenible sobre el medio ambiente, pero tambi\u00e9n sobre la producci\u00f3n y el crecimiento econ\u00f3mico de un pa\u00eds, y que todos podamos avanzar despojados de cualquier dogma o mezquindad\u00bb.<\/p>\n\n\n\n<p><em>Compromiso regional<\/em><\/p>\n\n\n\n<p>Asimismo, Torres junto a los gobernadores de Am\u00e9rica Latina presentes, particip\u00f3 de la r\u00fabrica de un documento a trav\u00e9s del cual, los presentes asumieron el compromiso regional para trabajar sobre las prioridades estrat\u00e9gicas y la voluntad de acci\u00f3n colectiva en materia clim\u00e1tica, fortaleciendo la gobernanza multinivel.<\/p>\n\n\n\n<p>Adem\u00e1s del Gobernador, firmaron dicho convenio los gobernadores de Santa Fe, Maximiliano Pullaro; La Pampa, Sergio Ziliotto; de Jujuy, Carlos Sadir; de C\u00f3rdoba, Mart\u00edn Llaryora; y la vicegobernadora de Entre R\u00edos, Alicia Aluani.<\/p>\n","protected":false},"excerpt":{"rendered":"<p>El mandatario provincial destac\u00f3 la importancia de los estados subsoberanos \u00abcomo vinculantes en decisiones estrat\u00e9gicas para los intereses de nuestra Naci\u00f3n\u00bb, y remarc\u00f3 que \u00abChubut genera la mitad de las&hellip; <\/p>\n","protected":false},"author":2,"featured_media":16926,"comment_status":"closed","ping_status":"closed","sticky":false,"template":"","format":"standard","meta":{"footnotes":""},"categories":[15],"tags":[],"class_list":["post-16927","post","type-post","status-publish","format-standard","has-post-thumbnail","hentry","category-locales"],"yoast_head":"<!-- This site is optimized with the Yoast SEO plugin v27.4 - https:\/\/yoast.com\/product\/yoast-seo-wordpress\/ -->\n<title>Torres disert\u00f3 en la primera Conferencia Clim\u00e1tica Internacional y llam\u00f3 a impulsar \u201cuna agenda sostenible que apunte al futuro, para crecer como pa\u00eds&quot; - FM Patagonia Madryn<\/title>\n<meta name=\"robots\" content=\"index, follow, max-snippet:-1, max-image-preview:large, max-video-preview:-1\" \/>\n<link rel=\"canonical\" href=\"https:\/\/fmpatagoniamadryn.com.ar\/?p=16927\" \/>\n<meta property=\"og:locale\" content=\"es_ES\" \/>\n<meta property=\"og:type\" content=\"article\" \/>\n<meta property=\"og:title\" content=\"Torres disert\u00f3 en la primera Conferencia Clim\u00e1tica Internacional y llam\u00f3 a impulsar \u201cuna agenda sostenible que apunte al futuro, para crecer como pa\u00eds&quot; - FM Patagonia Madryn\" \/>\n<meta property=\"og:description\" content=\"El mandatario provincial destac\u00f3 la importancia de los estados subsoberanos \u00abcomo vinculantes en decisiones estrat\u00e9gicas para los intereses de nuestra Naci\u00f3n\u00bb, y remarc\u00f3 que \u00abChubut genera la mitad de las&hellip;\" \/>\n<meta property=\"og:url\" content=\"https:\/\/fmpatagoniamadryn.com.ar\/?p=16927\" \/>\n<meta property=\"og:site_name\" content=\"FM Patagonia Madryn\" \/>\n<meta property=\"article:published_time\" content=\"2025-07-01T19:46:56+00:00\" \/>\n<meta property=\"og:image\" content=\"https:\/\/fmpatagoniamadryn.com.ar\/wp-content\/uploads\/2025\/07\/8310dc74-8d87-484c-b507-3e674d562397-1.jpg\" \/>\n\t<meta property=\"og:image:width\" content=\"1452\" \/>\n\t<meta property=\"og:image:height\" content=\"968\" \/>\n\t<meta property=\"og:image:type\" content=\"image\/jpeg\" \/>\n<meta name=\"author\" content=\"FM Patagonia\" \/>\n<meta name=\"twitter:card\" content=\"summary_large_image\" \/>\n<meta name=\"twitter:label1\" content=\"Escrito por\" \/>\n\t<meta name=\"twitter:data1\" content=\"FM Patagonia\" \/>\n\t<meta name=\"twitter:label2\" content=\"Tiempo de lectura\" \/>\n\t<meta name=\"twitter:data2\" content=\"5 minutos\" \/>\n<script type=\"application\/ld+json\" class=\"yoast-schema-graph\">{\"@context\":\"https:\\\/\\\/schema.org\",\"@graph\":[{\"@type\":\"Article\",\"@id\":\"https:\\\/\\\/fmpatagoniamadryn.com.ar\\\/?p=16927#article\",\"isPartOf\":{\"@id\":\"https:\\\/\\\/fmpatagoniamadryn.com.ar\\\/?p=16927\"},\"author\":{\"name\":\"FM Patagonia\",\"@id\":\"https:\\\/\\\/fmpatagoniamadryn.com.ar\\\/#\\\/schema\\\/person\\\/8a3de4ad7efceacab06c1641c50303b7\"},\"headline\":\"Torres disert\u00f3 en la primera Conferencia Clim\u00e1tica Internacional y llam\u00f3 a impulsar \u201cuna agenda sostenible que apunte al futuro, para crecer como pa\u00eds\u00bb\",\"datePublished\":\"2025-07-01T19:46:56+00:00\",\"mainEntityOfPage\":{\"@id\":\"https:\\\/\\\/fmpatagoniamadryn.com.ar\\\/?p=16927\"},\"wordCount\":969,\"publisher\":{\"@id\":\"https:\\\/\\\/fmpatagoniamadryn.com.ar\\\/#organization\"},\"image\":{\"@id\":\"https:\\\/\\\/fmpatagoniamadryn.com.ar\\\/?p=16927#primaryimage\"},\"thumbnailUrl\":\"https:\\\/\\\/fmpatagoniamadryn.com.ar\\\/wp-content\\\/uploads\\\/2025\\\/07\\\/8310dc74-8d87-484c-b507-3e674d562397-1.jpg\",\"articleSection\":[\"Locales\"],\"inLanguage\":\"es\"},{\"@type\":\"WebPage\",\"@id\":\"https:\\\/\\\/fmpatagoniamadryn.com.ar\\\/?p=16927\",\"url\":\"https:\\\/\\\/fmpatagoniamadryn.com.ar\\\/?p=16927\",\"name\":\"Torres disert\u00f3 en la primera Conferencia Clim\u00e1tica Internacional y llam\u00f3 a impulsar \u201cuna agenda sostenible que apunte al futuro, para crecer como pa\u00eds\\\" - FM Patagonia Madryn\",\"isPartOf\":{\"@id\":\"https:\\\/\\\/fmpatagoniamadryn.com.ar\\\/#website\"},\"primaryImageOfPage\":{\"@id\":\"https:\\\/\\\/fmpatagoniamadryn.com.ar\\\/?p=16927#primaryimage\"},\"image\":{\"@id\":\"https:\\\/\\\/fmpatagoniamadryn.com.ar\\\/?p=16927#primaryimage\"},\"thumbnailUrl\":\"https:\\\/\\\/fmpatagoniamadryn.com.ar\\\/wp-content\\\/uploads\\\/2025\\\/07\\\/8310dc74-8d87-484c-b507-3e674d562397-1.jpg\",\"datePublished\":\"2025-07-01T19:46:56+00:00\",\"breadcrumb\":{\"@id\":\"https:\\\/\\\/fmpatagoniamadryn.com.ar\\\/?p=16927#breadcrumb\"},\"inLanguage\":\"es\",\"potentialAction\":[{\"@type\":\"ReadAction\",\"target\":[\"https:\\\/\\\/fmpatagoniamadryn.com.ar\\\/?p=16927\"]}]},{\"@type\":\"ImageObject\",\"inLanguage\":\"es\",\"@id\":\"https:\\\/\\\/fmpatagoniamadryn.com.ar\\\/?p=16927#primaryimage\",\"url\":\"https:\\\/\\\/fmpatagoniamadryn.com.ar\\\/wp-content\\\/uploads\\\/2025\\\/07\\\/8310dc74-8d87-484c-b507-3e674d562397-1.jpg\",\"contentUrl\":\"https:\\\/\\\/fmpatagoniamadryn.com.ar\\\/wp-content\\\/uploads\\\/2025\\\/07\\\/8310dc74-8d87-484c-b507-3e674d562397-1.jpg\",\"width\":1452,\"height\":968},{\"@type\":\"BreadcrumbList\",\"@id\":\"https:\\\/\\\/fmpatagoniamadryn.com.ar\\\/?p=16927#breadcrumb\",\"itemListElement\":[{\"@type\":\"ListItem\",\"position\":1,\"name\":\"Portada\",\"item\":\"https:\\\/\\\/fmpatagoniamadryn.com.ar\\\/\"},{\"@type\":\"ListItem\",\"position\":2,\"name\":\"Torres disert\u00f3 en la primera Conferencia Clim\u00e1tica Internacional y llam\u00f3 a impulsar \u201cuna agenda sostenible que apunte al futuro, para crecer como pa\u00eds\u00bb\"}]},{\"@type\":\"WebSite\",\"@id\":\"https:\\\/\\\/fmpatagoniamadryn.com.ar\\\/#website\",\"url\":\"https:\\\/\\\/fmpatagoniamadryn.com.ar\\\/\",\"name\":\"FM Patagonia Madryn\",\"description\":\"Radio Patagonia 105.5\",\"publisher\":{\"@id\":\"https:\\\/\\\/fmpatagoniamadryn.com.ar\\\/#organization\"},\"potentialAction\":[{\"@type\":\"SearchAction\",\"target\":{\"@type\":\"EntryPoint\",\"urlTemplate\":\"https:\\\/\\\/fmpatagoniamadryn.com.ar\\\/?s={search_term_string}\"},\"query-input\":{\"@type\":\"PropertyValueSpecification\",\"valueRequired\":true,\"valueName\":\"search_term_string\"}}],\"inLanguage\":\"es\"},{\"@type\":\"Organization\",\"@id\":\"https:\\\/\\\/fmpatagoniamadryn.com.ar\\\/#organization\",\"name\":\"FM Patagonia Madryn\",\"url\":\"https:\\\/\\\/fmpatagoniamadryn.com.ar\\\/\",\"logo\":{\"@type\":\"ImageObject\",\"inLanguage\":\"es\",\"@id\":\"https:\\\/\\\/fmpatagoniamadryn.com.ar\\\/#\\\/schema\\\/logo\\\/image\\\/\",\"url\":\"https:\\\/\\\/fmpatagoniamadryn.com.ar\\\/wp-content\\\/uploads\\\/2023\\\/01\\\/cropped-Diseno-sin-titulo.png\",\"contentUrl\":\"https:\\\/\\\/fmpatagoniamadryn.com.ar\\\/wp-content\\\/uploads\\\/2023\\\/01\\\/cropped-Diseno-sin-titulo.png\",\"width\":6911,\"height\":2657,\"caption\":\"FM Patagonia Madryn\"},\"image\":{\"@id\":\"https:\\\/\\\/fmpatagoniamadryn.com.ar\\\/#\\\/schema\\\/logo\\\/image\\\/\"}},{\"@type\":\"Person\",\"@id\":\"https:\\\/\\\/fmpatagoniamadryn.com.ar\\\/#\\\/schema\\\/person\\\/8a3de4ad7efceacab06c1641c50303b7\",\"name\":\"FM Patagonia\",\"url\":\"https:\\\/\\\/fmpatagoniamadryn.com.ar\\\/?author=2\"}]}<\/script>\n<!-- \/ Yoast SEO plugin. -->","yoast_head_json":{"title":"Torres disert\u00f3 en la primera Conferencia Clim\u00e1tica Internacional y llam\u00f3 a impulsar \u201cuna agenda sostenible que apunte al futuro, para crecer como pa\u00eds\" - FM Patagonia Madryn","robots":{"index":"index","follow":"follow","max-snippet":"max-snippet:-1","max-image-preview":"max-image-preview:large","max-video-preview":"max-video-preview:-1"},"canonical":"https:\/\/fmpatagoniamadryn.com.ar\/?p=16927","og_locale":"es_ES","og_type":"article","og_title":"Torres disert\u00f3 en la primera Conferencia Clim\u00e1tica Internacional y llam\u00f3 a impulsar \u201cuna agenda sostenible que apunte al futuro, para crecer como pa\u00eds\" - FM Patagonia Madryn","og_description":"El mandatario provincial destac\u00f3 la importancia de los estados subsoberanos \u00abcomo vinculantes en decisiones estrat\u00e9gicas para los intereses de nuestra Naci\u00f3n\u00bb, y remarc\u00f3 que \u00abChubut genera la mitad de las&hellip;","og_url":"https:\/\/fmpatagoniamadryn.com.ar\/?p=16927","og_site_name":"FM Patagonia Madryn","article_published_time":"2025-07-01T19:46:56+00:00","og_image":[{"width":1452,"height":968,"url":"https:\/\/fmpatagoniamadryn.com.ar\/wp-content\/uploads\/2025\/07\/8310dc74-8d87-484c-b507-3e674d562397-1.jpg","type":"image\/jpeg"}],"author":"FM Patagonia","twitter_card":"summary_large_image","twitter_misc":{"Escrito por":"FM Patagonia","Tiempo de lectura":"5 minutos"},"schema":{"@context":"https:\/\/schema.org","@graph":[{"@type":"Article","@id":"https:\/\/fmpatagoniamadryn.com.ar\/?p=16927#article","isPartOf":{"@id":"https:\/\/fmpatagoniamadryn.com.ar\/?p=16927"},"author":{"name":"FM Patagonia","@id":"https:\/\/fmpatagoniamadryn.com.ar\/#\/schema\/person\/8a3de4ad7efceacab06c1641c50303b7"},"headline":"Torres disert\u00f3 en la primera Conferencia Clim\u00e1tica Internacional y llam\u00f3 a impulsar \u201cuna agenda sostenible que apunte al futuro, para crecer como pa\u00eds\u00bb","datePublished":"2025-07-01T19:46:56+00:00","mainEntityOfPage":{"@id":"https:\/\/fmpatagoniamadryn.com.ar\/?p=16927"},"wordCount":969,"publisher":{"@id":"https:\/\/fmpatagoniamadryn.com.ar\/#organization"},"image":{"@id":"https:\/\/fmpatagoniamadryn.com.ar\/?p=16927#primaryimage"},"thumbnailUrl":"https:\/\/fmpatagoniamadryn.com.ar\/wp-content\/uploads\/2025\/07\/8310dc74-8d87-484c-b507-3e674d562397-1.jpg","articleSection":["Locales"],"inLanguage":"es"},{"@type":"WebPage","@id":"https:\/\/fmpatagoniamadryn.com.ar\/?p=16927","url":"https:\/\/fmpatagoniamadryn.com.ar\/?p=16927","name":"Torres disert\u00f3 en la primera Conferencia Clim\u00e1tica Internacional y llam\u00f3 a impulsar \u201cuna agenda sostenible que apunte al futuro, para crecer como pa\u00eds\" - FM Patagonia Madryn","isPartOf":{"@id":"https:\/\/fmpatagoniamadryn.com.ar\/#website"},"primaryImageOfPage":{"@id":"https:\/\/fmpatagoniamadryn.com.ar\/?p=16927#primaryimage"},"image":{"@id":"https:\/\/fmpatagoniamadryn.com.ar\/?p=16927#primaryimage"},"thumbnailUrl":"https:\/\/fmpatagoniamadryn.com.ar\/wp-content\/uploads\/2025\/07\/8310dc74-8d87-484c-b507-3e674d562397-1.jpg","datePublished":"2025-07-01T19:46:56+00:00","breadcrumb":{"@id":"https:\/\/fmpatagoniamadryn.com.ar\/?p=16927#breadcrumb"},"inLanguage":"es","potentialAction":[{"@type":"ReadAction","target":["https:\/\/fmpatagoniamadryn.com.ar\/?p=16927"]}]},{"@type":"ImageObject","inLanguage":"es","@id":"https:\/\/fmpatagoniamadryn.com.ar\/?p=16927#primaryimage","url":"https:\/\/fmpatagoniamadryn.com.ar\/wp-content\/uploads\/2025\/07\/8310dc74-8d87-484c-b507-3e674d562397-1.jpg","contentUrl":"https:\/\/fmpatagoniamadryn.com.ar\/wp-content\/uploads\/2025\/07\/8310dc74-8d87-484c-b507-3e674d562397-1.jpg","width":1452,"height":968},{"@type":"BreadcrumbList","@id":"https:\/\/fmpatagoniamadryn.com.ar\/?p=16927#breadcrumb","itemListElement":[{"@type":"ListItem","position":1,"name":"Portada","item":"https:\/\/fmpatagoniamadryn.com.ar\/"},{"@type":"ListItem","position":2,"name":"Torres disert\u00f3 en la primera Conferencia Clim\u00e1tica Internacional y llam\u00f3 a impulsar \u201cuna agenda sostenible que apunte al futuro, para crecer como pa\u00eds\u00bb"}]},{"@type":"WebSite","@id":"https:\/\/fmpatagoniamadryn.com.ar\/#website","url":"https:\/\/fmpatagoniamadryn.com.ar\/","name":"FM Patagonia Madryn","description":"Radio Patagonia 105.5","publisher":{"@id":"https:\/\/fmpatagoniamadryn.com.ar\/#organization"},"potentialAction":[{"@type":"SearchAction","target":{"@type":"EntryPoint","urlTemplate":"https:\/\/fmpatagoniamadryn.com.ar\/?s={search_term_string}"},"query-input":{"@type":"PropertyValueSpecification","valueRequired":true,"valueName":"search_term_string"}}],"inLanguage":"es"},{"@type":"Organization","@id":"https:\/\/fmpatagoniamadryn.com.ar\/#organization","name":"FM Patagonia Madryn","url":"https:\/\/fmpatagoniamadryn.com.ar\/","logo":{"@type":"ImageObject","inLanguage":"es","@id":"https:\/\/fmpatagoniamadryn.com.ar\/#\/schema\/logo\/image\/","url":"https:\/\/fmpatagoniamadryn.com.ar\/wp-content\/uploads\/2023\/01\/cropped-Diseno-sin-titulo.png","contentUrl":"https:\/\/fmpatagoniamadryn.com.ar\/wp-content\/uploads\/2023\/01\/cropped-Diseno-sin-titulo.png","width":6911,"height":2657,"caption":"FM Patagonia Madryn"},"image":{"@id":"https:\/\/fmpatagoniamadryn.com.ar\/#\/schema\/logo\/image\/"}},{"@type":"Person","@id":"https:\/\/fmpatagoniamadryn.com.ar\/#\/schema\/person\/8a3de4ad7efceacab06c1641c50303b7","name":"FM Patagonia","url":"https:\/\/fmpatagoniamadryn.com.ar\/?author=2"}]}},"jetpack_featured_media_url":"https:\/\/fmpatagoniamadryn.com.ar\/wp-content\/uploads\/2025\/07\/8310dc74-8d87-484c-b507-3e674d562397-1.jpg","_links":{"self":[{"href":"https:\/\/fmpatagoniamadryn.com.ar\/index.php?rest_route=\/wp\/v2\/posts\/16927","targetHints":{"allow":["GET"]}}],"collection":[{"href":"https:\/\/fmpatagoniamadryn.com.ar\/index.php?rest_route=\/wp\/v2\/posts"}],"about":[{"href":"https:\/\/fmpatagoniamadryn.com.ar\/index.php?rest_route=\/wp\/v2\/types\/post"}],"author":[{"embeddable":true,"href":"https:\/\/fmpatagoniamadryn.com.ar\/index.php?rest_route=\/wp\/v2\/users\/2"}],"replies":[{"embeddable":true,"href":"https:\/\/fmpatagoniamadryn.com.ar\/index.php?rest_route=%2Fwp%2Fv2%2Fcomments&post=16927"}],"version-history":[{"count":1,"href":"https:\/\/fmpatagoniamadryn.com.ar\/index.php?rest_route=\/wp\/v2\/posts\/16927\/revisions"}],"predecessor-version":[{"id":16928,"href":"https:\/\/fmpatagoniamadryn.com.ar\/index.php?rest_route=\/wp\/v2\/posts\/16927\/revisions\/16928"}],"wp:featuredmedia":[{"embeddable":true,"href":"https:\/\/fmpatagoniamadryn.com.ar\/index.php?rest_route=\/wp\/v2\/media\/16926"}],"wp:attachment":[{"href":"https:\/\/fmpatagoniamadryn.com.ar\/index.php?rest_route=%2Fwp%2Fv2%2Fmedia&parent=16927"}],"wp:term":[{"taxonomy":"category","embeddable":true,"href":"https:\/\/fmpatagoniamadryn.com.ar\/index.php?rest_route=%2Fwp%2Fv2%2Fcategories&post=16927"},{"taxonomy":"post_tag","embeddable":true,"href":"https:\/\/fmpatagoniamadryn.com.ar\/index.php?rest_route=%2Fwp%2Fv2%2Ftags&post=16927"}],"curies":[{"name":"wp","href":"https:\/\/api.w.org\/{rel}","templated":true}]}}