{"id":16940,"date":"2025-07-02T08:38:25","date_gmt":"2025-07-02T11:38:25","guid":{"rendered":"https:\/\/fmpatagoniamadryn.com.ar\/?p=16940"},"modified":"2025-07-02T08:38:25","modified_gmt":"2025-07-02T11:38:25","slug":"marineros-y-sus-familias-marcharon-con-antorchas-en-puerto-madryn-por-el-conflicto-pesquero","status":"publish","type":"post","link":"https:\/\/fmpatagoniamadryn.com.ar\/?p=16940","title":{"rendered":"Marineros y sus familias marcharon con \u00abantorchas\u00bb en Puerto Madryn por el conflicto pesquero"},"content":{"rendered":"\n<p><\/p>\n\n\n\n<h2 class=\"wp-block-heading jet-listing-dynamic-field__content\">La movilizaci\u00f3n recorri\u00f3 el centro de la ciudad y expres\u00f3 el malestar por el conflicto que mantiene paralizada a los tangoneros congeladores.<\/h2>\n\n\n\n<p>Marineros y sus familias marcharon con \u00abantorchas\u00bb en Puerto Madryn por el conflicto pesquero.<\/p>\n\n\n\n<p>Tal como estaba previsto, este martes a la tarde noche&nbsp;<a href=\"https:\/\/canal12web.com\/localidades\/chubut\/ciudades\/puerto-madryn\/\" target=\"_blank\" rel=\"noreferrer noopener\">Puerto Madryn<\/a>&nbsp;fue escenario de lo que se denomin\u00f3 \u00abla marcha de las antorchas\u00bb, organizada el fin de semana pasado por familiares de marineros y con fuerte presencia de trabajadores de la industria pesquera, en el marco del ya conocido conflicto del sector tangonero congelador.<\/p>\n\n\n\n<p><ins class=\"adsbygoogle adsbygoogle-noablate\">https:\/\/googleads.g.doubleclick.net\/pagead\/ads?gdpr=0&amp;us_privacy=1&#8212;&amp;gpp_sid=-1&amp;client=ca-pub-1869830429749250&amp;output=html&amp;h=428&amp;adk=842752829&amp;adf=3177597953&amp;w=428&amp;abgtt=7&amp;lmt=1751456033&amp;num_ads=1&amp;rafmt=1&amp;armr=3&amp;sem=mc&amp;pwprc=3307111726&amp;ad_type=text_image&amp;format=428&#215;428&amp;url=https%3A%2F%2Fcanal12web.com%2Feconomia%2Fpesca%2Fmarineros-y-sus-familias-marcharon-con-antorchas-en-puerto-madryn%2F%3Ffbclid%3DIwZXh0bgNhZW0CMTEAAR7InREY84iz2gMaAskjs-00V-k3w7pswzCWxXMTPId5Vrp87_vlg4U6cJsZDA_aem_pZb8V1TZy5C0QpjahPB6xw&amp;host=ca-host-pub-2644536267352236&amp;fwr=1&amp;pra=3&amp;rh=327&amp;rw=392&amp;rpe=1&amp;resp_fmts=3&amp;sfro=1&amp;wgl=1&amp;fa=27&amp;dt=1751456032715&amp;bpp=1&amp;bdt=1132&amp;idt=-M&amp;shv=r20250630&amp;mjsv=m202506300201&amp;ptt=9&amp;saldr=aa&amp;abxe=1&amp;cookie=ID%3D643c14d23ba4934d%3AT%3D1749067432%3ART%3D1751456032%3AS%3DALNI_MYT6CUrYp9UC8lwXkub1Vf18DOiYA&amp;gpic=UID%3D000010d297e2edbb%3AT%3D1749067432%3ART%3D1751456032%3AS%3DALNI_MawZ6kAZ-o-dhWSkQLZ1yQa1mnqYg&amp;eo_id_str=ID%3D9370834b46cbd1da%3AT%3D1749067432%3ART%3D1751456032%3AS%3DAA-AfjZ1MvybItwOOiaqAh47K0LG&amp;prev_fmts=0x0%2C428x428%2C428x428&amp;nras=4&amp;correlator=3331167469131&amp;frm=20&amp;pv=1&amp;u_tz=-180&amp;u_his=1&amp;u_h=926&amp;u_w=428&amp;u_ah=926&amp;u_aw=428&amp;u_cd=24&amp;u_sd=3&amp;adx=0&amp;ady=2062&amp;biw=428&amp;bih=851&amp;scr_x=0&amp;scr_y=656&amp;eid=95360549%2C95353387%2C95362656%2C95363434%2C95365225%2C95365460%2C31093247%2C42533293%2C95365107%2C95359265%2C95365117&amp;oid=2&amp;pvsid=2695600666327888&amp;tmod=1335739289&amp;uas=1&amp;nvt=1&amp;ref=http%3A%2F%2Fm.facebook.com%2F&amp;fc=1408&amp;brdim=0%2C0%2C0%2C0%2C428%2C0%2C428%2C851%2C428%2C851&amp;vis=1&amp;rsz=%7C%7Cs%7C&amp;abl=NS&amp;fu=128&amp;bc=31&amp;bz=1&amp;pgls=CAEaBTYuOC4x~CAEQBBoHMS4xNTYuMA..&amp;ifi=4&amp;uci=a!4&amp;btvi=1&amp;fsb=1&amp;dtd=872<\/ins><\/p>\n\n\n\n<p>La movilizaci\u00f3n parti\u00f3 pasadas las 18:30 desde la sede local del&nbsp;<a href=\"https:\/\/somu.org.ar\/web2\/\" target=\"_blank\" rel=\"noreferrer noopener\">SOMU<\/a>, sobre Domecq Garc\u00eda al 500, y recorri\u00f3 las arterias c\u00e9ntricas, con antorchas, carteles, c\u00e1nticos y reclamos dirigidos a las c\u00e1maras empresarias y autoridades<\/p>\n\n\n\n<p>La consigna central fue&nbsp;<strong>\u201cEn defensa del trabajo, del convenio colectivo y del salario\u201d<\/strong>, en rechazo a lo que los autoconvocados califican como un lockout patronal que busca forzar una reducci\u00f3n salarial del 30%, como as\u00ed tambi\u00e9n la restauraci\u00f3n del esquema laboral para los congeladores.<\/p>\n\n\n\n<p><\/p>\n\n\n\n<p>Uno de los c\u00e1nticos que m\u00e1s reson\u00f3 durante gran parte del recorrido fue:<strong>&nbsp;\u201cSi esto no es la pesca, \u00bfla pesca d\u00f3nde est\u00e1?\u201d<\/strong>. Una frase que resumi\u00f3 el esp\u00edritu de la movilizaci\u00f3n.<\/p>\n\n\n\n<p>Con acompa\u00f1amiento de vecinos y otros sectores laborales, la movilizaci\u00f3n fue tambi\u00e9n una expresi\u00f3n del agotamiento social y econ\u00f3mico que golpea a miles de familias madrynenses, muchas de las cuales ya no pueden afrontar los gastos b\u00e1sicos y que, algunos, ya comenzaron a requerir asistencia del Municipio.<\/p>\n\n\n\n<p><\/p>\n\n\n\n<h3 class=\"wp-block-heading\">Una crisis que no da tregua<\/h3>\n\n\n\n<p>La falta de acuerdo entre las c\u00e1maras pesqueras y el SOMU mantiene amarradas en puertos a m\u00e1s de 110 unidades productivas, en un contexto donde los capitanes ya firmaron un nuevo acuerdo salarial a la baja -algo que se estar\u00eda replicando en las pr\u00f3ximas horas con conductores navales-, pero los marineros lo rechazaron de plano por considerar que implica, seg\u00fan entienden, un retroceso en derechos laborales.<\/p>\n\n\n\n<p>La marcha de este martes fue una muestra clara de que la protesta no cede, y que detr\u00e1s de cada trabajador del mar hay familias enteras tratando de sobrellevar una crisis que se intensifica con el paso de los d\u00edas<\/p>\n\n\n\n<p>Fuente: Canal 12<\/p>\n","protected":false},"excerpt":{"rendered":"<p>La movilizaci\u00f3n recorri\u00f3 el centro de la ciudad y expres\u00f3 el malestar por el conflicto que mantiene paralizada a los tangoneros congeladores. Marineros y sus familias marcharon con \u00abantorchas\u00bb en&hellip; <\/p>\n","protected":false},"author":2,"featured_media":16939,"comment_status":"closed","ping_status":"closed","sticky":false,"template":"","format":"standard","meta":{"footnotes":""},"categories":[15],"tags":[],"class_list":["post-16940","post","type-post","status-publish","format-standard","has-post-thumbnail","hentry","category-locales"],"yoast_head":"<!-- This site is optimized with the Yoast SEO plugin v27.4 - https:\/\/yoast.com\/product\/yoast-seo-wordpress\/ -->\n<title>Marineros y sus familias marcharon con &quot;antorchas&quot; en Puerto Madryn por el conflicto pesquero - FM Patagonia Madryn<\/title>\n<meta name=\"robots\" content=\"index, follow, max-snippet:-1, max-image-preview:large, max-video-preview:-1\" \/>\n<link rel=\"canonical\" href=\"https:\/\/fmpatagoniamadryn.com.ar\/?p=16940\" \/>\n<meta property=\"og:locale\" content=\"es_ES\" \/>\n<meta property=\"og:type\" content=\"article\" \/>\n<meta property=\"og:title\" content=\"Marineros y sus familias marcharon con &quot;antorchas&quot; en Puerto Madryn por el conflicto pesquero - FM Patagonia Madryn\" \/>\n<meta property=\"og:description\" content=\"La movilizaci\u00f3n recorri\u00f3 el centro de la ciudad y expres\u00f3 el malestar por el conflicto que mantiene paralizada a los tangoneros congeladores. Marineros y sus familias marcharon con \u00abantorchas\u00bb en&hellip;\" \/>\n<meta property=\"og:url\" content=\"https:\/\/fmpatagoniamadryn.com.ar\/?p=16940\" \/>\n<meta property=\"og:site_name\" content=\"FM Patagonia Madryn\" \/>\n<meta property=\"article:published_time\" content=\"2025-07-02T11:38:25+00:00\" \/>\n<meta property=\"og:image\" content=\"https:\/\/fmpatagoniamadryn.com.ar\/wp-content\/uploads\/2025\/07\/img_9206-1.jpg\" \/>\n\t<meta property=\"og:image:width\" content=\"960\" \/>\n\t<meta property=\"og:image:height\" content=\"540\" \/>\n\t<meta property=\"og:image:type\" content=\"image\/jpeg\" \/>\n<meta name=\"author\" content=\"FM Patagonia\" \/>\n<meta name=\"twitter:card\" content=\"summary_large_image\" \/>\n<meta name=\"twitter:label1\" content=\"Escrito por\" \/>\n\t<meta name=\"twitter:data1\" content=\"FM Patagonia\" \/>\n\t<meta name=\"twitter:label2\" content=\"Tiempo de lectura\" \/>\n\t<meta name=\"twitter:data2\" content=\"4 minutos\" \/>\n<script type=\"application\/ld+json\" class=\"yoast-schema-graph\">{\"@context\":\"https:\\\/\\\/schema.org\",\"@graph\":[{\"@type\":\"Article\",\"@id\":\"https:\\\/\\\/fmpatagoniamadryn.com.ar\\\/?p=16940#article\",\"isPartOf\":{\"@id\":\"https:\\\/\\\/fmpatagoniamadryn.com.ar\\\/?p=16940\"},\"author\":{\"name\":\"FM Patagonia\",\"@id\":\"https:\\\/\\\/fmpatagoniamadryn.com.ar\\\/#\\\/schema\\\/person\\\/8a3de4ad7efceacab06c1641c50303b7\"},\"headline\":\"Marineros y sus familias marcharon con \u00abantorchas\u00bb en Puerto Madryn por el conflicto pesquero\",\"datePublished\":\"2025-07-02T11:38:25+00:00\",\"mainEntityOfPage\":{\"@id\":\"https:\\\/\\\/fmpatagoniamadryn.com.ar\\\/?p=16940\"},\"wordCount\":724,\"publisher\":{\"@id\":\"https:\\\/\\\/fmpatagoniamadryn.com.ar\\\/#organization\"},\"image\":{\"@id\":\"https:\\\/\\\/fmpatagoniamadryn.com.ar\\\/?p=16940#primaryimage\"},\"thumbnailUrl\":\"https:\\\/\\\/fmpatagoniamadryn.com.ar\\\/wp-content\\\/uploads\\\/2025\\\/07\\\/img_9206-1.jpg\",\"articleSection\":[\"Locales\"],\"inLanguage\":\"es\"},{\"@type\":\"WebPage\",\"@id\":\"https:\\\/\\\/fmpatagoniamadryn.com.ar\\\/?p=16940\",\"url\":\"https:\\\/\\\/fmpatagoniamadryn.com.ar\\\/?p=16940\",\"name\":\"Marineros y sus familias marcharon con \\\"antorchas\\\" en Puerto Madryn por el conflicto pesquero - FM Patagonia Madryn\",\"isPartOf\":{\"@id\":\"https:\\\/\\\/fmpatagoniamadryn.com.ar\\\/#website\"},\"primaryImageOfPage\":{\"@id\":\"https:\\\/\\\/fmpatagoniamadryn.com.ar\\\/?p=16940#primaryimage\"},\"image\":{\"@id\":\"https:\\\/\\\/fmpatagoniamadryn.com.ar\\\/?p=16940#primaryimage\"},\"thumbnailUrl\":\"https:\\\/\\\/fmpatagoniamadryn.com.ar\\\/wp-content\\\/uploads\\\/2025\\\/07\\\/img_9206-1.jpg\",\"datePublished\":\"2025-07-02T11:38:25+00:00\",\"breadcrumb\":{\"@id\":\"https:\\\/\\\/fmpatagoniamadryn.com.ar\\\/?p=16940#breadcrumb\"},\"inLanguage\":\"es\",\"potentialAction\":[{\"@type\":\"ReadAction\",\"target\":[\"https:\\\/\\\/fmpatagoniamadryn.com.ar\\\/?p=16940\"]}]},{\"@type\":\"ImageObject\",\"inLanguage\":\"es\",\"@id\":\"https:\\\/\\\/fmpatagoniamadryn.com.ar\\\/?p=16940#primaryimage\",\"url\":\"https:\\\/\\\/fmpatagoniamadryn.com.ar\\\/wp-content\\\/uploads\\\/2025\\\/07\\\/img_9206-1.jpg\",\"contentUrl\":\"https:\\\/\\\/fmpatagoniamadryn.com.ar\\\/wp-content\\\/uploads\\\/2025\\\/07\\\/img_9206-1.jpg\",\"width\":960,\"height\":540},{\"@type\":\"BreadcrumbList\",\"@id\":\"https:\\\/\\\/fmpatagoniamadryn.com.ar\\\/?p=16940#breadcrumb\",\"itemListElement\":[{\"@type\":\"ListItem\",\"position\":1,\"name\":\"Portada\",\"item\":\"https:\\\/\\\/fmpatagoniamadryn.com.ar\\\/\"},{\"@type\":\"ListItem\",\"position\":2,\"name\":\"Marineros y sus familias marcharon con \u00abantorchas\u00bb en Puerto Madryn por el conflicto pesquero\"}]},{\"@type\":\"WebSite\",\"@id\":\"https:\\\/\\\/fmpatagoniamadryn.com.ar\\\/#website\",\"url\":\"https:\\\/\\\/fmpatagoniamadryn.com.ar\\\/\",\"name\":\"FM Patagonia Madryn\",\"description\":\"Radio Patagonia 105.5\",\"publisher\":{\"@id\":\"https:\\\/\\\/fmpatagoniamadryn.com.ar\\\/#organization\"},\"potentialAction\":[{\"@type\":\"SearchAction\",\"target\":{\"@type\":\"EntryPoint\",\"urlTemplate\":\"https:\\\/\\\/fmpatagoniamadryn.com.ar\\\/?s={search_term_string}\"},\"query-input\":{\"@type\":\"PropertyValueSpecification\",\"valueRequired\":true,\"valueName\":\"search_term_string\"}}],\"inLanguage\":\"es\"},{\"@type\":\"Organization\",\"@id\":\"https:\\\/\\\/fmpatagoniamadryn.com.ar\\\/#organization\",\"name\":\"FM Patagonia Madryn\",\"url\":\"https:\\\/\\\/fmpatagoniamadryn.com.ar\\\/\",\"logo\":{\"@type\":\"ImageObject\",\"inLanguage\":\"es\",\"@id\":\"https:\\\/\\\/fmpatagoniamadryn.com.ar\\\/#\\\/schema\\\/logo\\\/image\\\/\",\"url\":\"https:\\\/\\\/fmpatagoniamadryn.com.ar\\\/wp-content\\\/uploads\\\/2023\\\/01\\\/cropped-Diseno-sin-titulo.png\",\"contentUrl\":\"https:\\\/\\\/fmpatagoniamadryn.com.ar\\\/wp-content\\\/uploads\\\/2023\\\/01\\\/cropped-Diseno-sin-titulo.png\",\"width\":6911,\"height\":2657,\"caption\":\"FM Patagonia Madryn\"},\"image\":{\"@id\":\"https:\\\/\\\/fmpatagoniamadryn.com.ar\\\/#\\\/schema\\\/logo\\\/image\\\/\"}},{\"@type\":\"Person\",\"@id\":\"https:\\\/\\\/fmpatagoniamadryn.com.ar\\\/#\\\/schema\\\/person\\\/8a3de4ad7efceacab06c1641c50303b7\",\"name\":\"FM Patagonia\",\"url\":\"https:\\\/\\\/fmpatagoniamadryn.com.ar\\\/?author=2\"}]}<\/script>\n<!-- \/ Yoast SEO plugin. -->","yoast_head_json":{"title":"Marineros y sus familias marcharon con \"antorchas\" en Puerto Madryn por el conflicto pesquero - FM Patagonia Madryn","robots":{"index":"index","follow":"follow","max-snippet":"max-snippet:-1","max-image-preview":"max-image-preview:large","max-video-preview":"max-video-preview:-1"},"canonical":"https:\/\/fmpatagoniamadryn.com.ar\/?p=16940","og_locale":"es_ES","og_type":"article","og_title":"Marineros y sus familias marcharon con \"antorchas\" en Puerto Madryn por el conflicto pesquero - FM Patagonia Madryn","og_description":"La movilizaci\u00f3n recorri\u00f3 el centro de la ciudad y expres\u00f3 el malestar por el conflicto que mantiene paralizada a los tangoneros congeladores. Marineros y sus familias marcharon con \u00abantorchas\u00bb en&hellip;","og_url":"https:\/\/fmpatagoniamadryn.com.ar\/?p=16940","og_site_name":"FM Patagonia Madryn","article_published_time":"2025-07-02T11:38:25+00:00","og_image":[{"width":960,"height":540,"url":"https:\/\/fmpatagoniamadryn.com.ar\/wp-content\/uploads\/2025\/07\/img_9206-1.jpg","type":"image\/jpeg"}],"author":"FM Patagonia","twitter_card":"summary_large_image","twitter_misc":{"Escrito por":"FM Patagonia","Tiempo de lectura":"4 minutos"},"schema":{"@context":"https:\/\/schema.org","@graph":[{"@type":"Article","@id":"https:\/\/fmpatagoniamadryn.com.ar\/?p=16940#article","isPartOf":{"@id":"https:\/\/fmpatagoniamadryn.com.ar\/?p=16940"},"author":{"name":"FM Patagonia","@id":"https:\/\/fmpatagoniamadryn.com.ar\/#\/schema\/person\/8a3de4ad7efceacab06c1641c50303b7"},"headline":"Marineros y sus familias marcharon con \u00abantorchas\u00bb en Puerto Madryn por el conflicto pesquero","datePublished":"2025-07-02T11:38:25+00:00","mainEntityOfPage":{"@id":"https:\/\/fmpatagoniamadryn.com.ar\/?p=16940"},"wordCount":724,"publisher":{"@id":"https:\/\/fmpatagoniamadryn.com.ar\/#organization"},"image":{"@id":"https:\/\/fmpatagoniamadryn.com.ar\/?p=16940#primaryimage"},"thumbnailUrl":"https:\/\/fmpatagoniamadryn.com.ar\/wp-content\/uploads\/2025\/07\/img_9206-1.jpg","articleSection":["Locales"],"inLanguage":"es"},{"@type":"WebPage","@id":"https:\/\/fmpatagoniamadryn.com.ar\/?p=16940","url":"https:\/\/fmpatagoniamadryn.com.ar\/?p=16940","name":"Marineros y sus familias marcharon con \"antorchas\" en Puerto Madryn por el conflicto pesquero - FM Patagonia Madryn","isPartOf":{"@id":"https:\/\/fmpatagoniamadryn.com.ar\/#website"},"primaryImageOfPage":{"@id":"https:\/\/fmpatagoniamadryn.com.ar\/?p=16940#primaryimage"},"image":{"@id":"https:\/\/fmpatagoniamadryn.com.ar\/?p=16940#primaryimage"},"thumbnailUrl":"https:\/\/fmpatagoniamadryn.com.ar\/wp-content\/uploads\/2025\/07\/img_9206-1.jpg","datePublished":"2025-07-02T11:38:25+00:00","breadcrumb":{"@id":"https:\/\/fmpatagoniamadryn.com.ar\/?p=16940#breadcrumb"},"inLanguage":"es","potentialAction":[{"@type":"ReadAction","target":["https:\/\/fmpatagoniamadryn.com.ar\/?p=16940"]}]},{"@type":"ImageObject","inLanguage":"es","@id":"https:\/\/fmpatagoniamadryn.com.ar\/?p=16940#primaryimage","url":"https:\/\/fmpatagoniamadryn.com.ar\/wp-content\/uploads\/2025\/07\/img_9206-1.jpg","contentUrl":"https:\/\/fmpatagoniamadryn.com.ar\/wp-content\/uploads\/2025\/07\/img_9206-1.jpg","width":960,"height":540},{"@type":"BreadcrumbList","@id":"https:\/\/fmpatagoniamadryn.com.ar\/?p=16940#breadcrumb","itemListElement":[{"@type":"ListItem","position":1,"name":"Portada","item":"https:\/\/fmpatagoniamadryn.com.ar\/"},{"@type":"ListItem","position":2,"name":"Marineros y sus familias marcharon con \u00abantorchas\u00bb en Puerto Madryn por el conflicto pesquero"}]},{"@type":"WebSite","@id":"https:\/\/fmpatagoniamadryn.com.ar\/#website","url":"https:\/\/fmpatagoniamadryn.com.ar\/","name":"FM Patagonia Madryn","description":"Radio Patagonia 105.5","publisher":{"@id":"https:\/\/fmpatagoniamadryn.com.ar\/#organization"},"potentialAction":[{"@type":"SearchAction","target":{"@type":"EntryPoint","urlTemplate":"https:\/\/fmpatagoniamadryn.com.ar\/?s={search_term_string}"},"query-input":{"@type":"PropertyValueSpecification","valueRequired":true,"valueName":"search_term_string"}}],"inLanguage":"es"},{"@type":"Organization","@id":"https:\/\/fmpatagoniamadryn.com.ar\/#organization","name":"FM Patagonia Madryn","url":"https:\/\/fmpatagoniamadryn.com.ar\/","logo":{"@type":"ImageObject","inLanguage":"es","@id":"https:\/\/fmpatagoniamadryn.com.ar\/#\/schema\/logo\/image\/","url":"https:\/\/fmpatagoniamadryn.com.ar\/wp-content\/uploads\/2023\/01\/cropped-Diseno-sin-titulo.png","contentUrl":"https:\/\/fmpatagoniamadryn.com.ar\/wp-content\/uploads\/2023\/01\/cropped-Diseno-sin-titulo.png","width":6911,"height":2657,"caption":"FM Patagonia Madryn"},"image":{"@id":"https:\/\/fmpatagoniamadryn.com.ar\/#\/schema\/logo\/image\/"}},{"@type":"Person","@id":"https:\/\/fmpatagoniamadryn.com.ar\/#\/schema\/person\/8a3de4ad7efceacab06c1641c50303b7","name":"FM Patagonia","url":"https:\/\/fmpatagoniamadryn.com.ar\/?author=2"}]}},"jetpack_featured_media_url":"https:\/\/fmpatagoniamadryn.com.ar\/wp-content\/uploads\/2025\/07\/img_9206-1.jpg","_links":{"self":[{"href":"https:\/\/fmpatagoniamadryn.com.ar\/index.php?rest_route=\/wp\/v2\/posts\/16940","targetHints":{"allow":["GET"]}}],"collection":[{"href":"https:\/\/fmpatagoniamadryn.com.ar\/index.php?rest_route=\/wp\/v2\/posts"}],"about":[{"href":"https:\/\/fmpatagoniamadryn.com.ar\/index.php?rest_route=\/wp\/v2\/types\/post"}],"author":[{"embeddable":true,"href":"https:\/\/fmpatagoniamadryn.com.ar\/index.php?rest_route=\/wp\/v2\/users\/2"}],"replies":[{"embeddable":true,"href":"https:\/\/fmpatagoniamadryn.com.ar\/index.php?rest_route=%2Fwp%2Fv2%2Fcomments&post=16940"}],"version-history":[{"count":1,"href":"https:\/\/fmpatagoniamadryn.com.ar\/index.php?rest_route=\/wp\/v2\/posts\/16940\/revisions"}],"predecessor-version":[{"id":16941,"href":"https:\/\/fmpatagoniamadryn.com.ar\/index.php?rest_route=\/wp\/v2\/posts\/16940\/revisions\/16941"}],"wp:featuredmedia":[{"embeddable":true,"href":"https:\/\/fmpatagoniamadryn.com.ar\/index.php?rest_route=\/wp\/v2\/media\/16939"}],"wp:attachment":[{"href":"https:\/\/fmpatagoniamadryn.com.ar\/index.php?rest_route=%2Fwp%2Fv2%2Fmedia&parent=16940"}],"wp:term":[{"taxonomy":"category","embeddable":true,"href":"https:\/\/fmpatagoniamadryn.com.ar\/index.php?rest_route=%2Fwp%2Fv2%2Fcategories&post=16940"},{"taxonomy":"post_tag","embeddable":true,"href":"https:\/\/fmpatagoniamadryn.com.ar\/index.php?rest_route=%2Fwp%2Fv2%2Ftags&post=16940"}],"curies":[{"name":"wp","href":"https:\/\/api.w.org\/{rel}","templated":true}]}}