{"id":16953,"date":"2025-07-02T21:04:04","date_gmt":"2025-07-03T00:04:04","guid":{"rendered":"https:\/\/fmpatagoniamadryn.com.ar\/?p=16953"},"modified":"2025-07-02T21:04:04","modified_gmt":"2025-07-03T00:04:04","slug":"chubut-presento-su-plan-oportunidades-secundaria-en-el-consejo-federal-de-inversiones","status":"publish","type":"post","link":"https:\/\/fmpatagoniamadryn.com.ar\/?p=16953","title":{"rendered":"Chubut present\u00f3 su plan +Oportunidades Secundaria en el Consejo Federal de Inversiones"},"content":{"rendered":"\n<p><\/p>\n\n\n\n<p><em>La Subsecretar\u00eda de Instituciones Educativas expuso los lineamientos del programa ante autoridades nacionales y provinciales, en el marco de una hoja de ruta federal para vincular educaci\u00f3n, trabajo e innovaci\u00f3n.<\/em><\/p>\n\n\n\n<p>El Gobierno del Chubut, que conduce Ignacio \u00abNacho\u00bb Torres, a trav\u00e9s del Ministerio de Educaci\u00f3n particip\u00f3 del encuentro organizado por el Consejo Federal de Inversiones (CFI) con el objetivo de avanzar en una hoja de ruta federal que potencie el v\u00ednculo entre educaci\u00f3n, innovaci\u00f3n tecnol\u00f3gica e inclusi\u00f3n laboral.<\/p>\n\n\n\n<p>En representaci\u00f3n del Ministerio, estuvo presente la subsecretaria de Instituciones Educativas, Adriana Di Sarli, quien present\u00f3 el plan +Oportunidades Secundaria, una de las l\u00edneas estrat\u00e9gicas del Plan Provincial Integral de Alfabetizaci\u00f3n \u00abChubut Aprende 2024-2027\u00bb.<\/p>\n\n\n\n<p>La jornada, desarrollada con el acompa\u00f1amiento del Banco Interamericano de Desarrollo (BID), la Organizaci\u00f3n de Estados Iberoamericanos (OEI) y Argentinos por la Educaci\u00f3n, reuni\u00f3 a representantes del sector p\u00fablico de todas las provincias, referentes del sector privado y especialistas en educaci\u00f3n, con el prop\u00f3sito de consolidar pol\u00edticas que respondan a los desaf\u00edos del mundo laboral y tecnol\u00f3gico desde una mirada federal y equitativa.<\/p>\n\n\n\n<p><em>Una propuesta integral para transformar la escuela secundaria<\/em><\/p>\n\n\n\n<p>Durante su exposici\u00f3n, Adriana Di Sarli present\u00f3 los ejes del plan +Oportunidades Secundaria, una pol\u00edtica p\u00fablica orientada a mejorar los aprendizajes de los estudiantes del nivel medio, fortalecer las pr\u00e1cticas docentes y consolidar liderazgos directivos. El programa busca generar herramientas concretas para que los j\u00f3venes puedan acceder a trayectorias educativas sostenidas y ampliar sus oportunidades de inserci\u00f3n en el mundo del trabajo o de continuidad en estudios superiores.<\/p>\n\n\n\n<p>La presentaci\u00f3n incluy\u00f3 el diagn\u00f3stico territorial sobre las escuelas secundarias de Chubut y destac\u00f3 la necesidad de dise\u00f1ar respuestas flexibles, contextualizadas y accesibles para los m\u00e1s de 70.000 estudiantes del nivel. En este marco, el plan se estructura en torno a siete programas de implementaci\u00f3n, entre los que se destacan: el Programa de Alfabetizaci\u00f3n en Matem\u00e1tica y Lengua, el Programa de Desarrollo de Tecnolog\u00eda, el Programa Proyecto de Vida y el Programa de Escuelas Secundarias con Formaci\u00f3n Complementaria.<\/p>\n\n\n\n<p><em>Formaci\u00f3n complementaria y conexi\u00f3n con el mundo productivo<\/em><\/p>\n\n\n\n<p>Uno de los aspectos centrales del plan es el Programa de Escuelas Secundarias con Formaci\u00f3n Complementaria, una propuesta de implementaci\u00f3n progresiva que dio inicio en los primeros meses de 2025 con un relevamiento de perfiles laborales en las distintas regiones de la provincia, seguido por el dise\u00f1o de una oferta formativa adaptada al entramado socio-productivo local.<\/p>\n\n\n\n<p>La etapa piloto est\u00e1 prevista para 2026 en tres escuelas, con una proyecci\u00f3n de universalizaci\u00f3n a todo el sistema secundario provincial ese mismo a\u00f1o.<\/p>\n\n\n\n<p>La oferta educativa contempla trayectos formativos laborales de corta duraci\u00f3n (menos de 100 horas), acreditados por la jurisdicci\u00f3n y dirigidos a estudiantes mayores de 16 a\u00f1os. Adem\u00e1s, todos los estudiantes cursar\u00e1n un m\u00f3dulo inicial obligatorio de herramientas digitales y podr\u00e1n optar por m\u00f3dulos cuatrimestrales vinculados con las actividades productivas propias de su entorno y la orientaci\u00f3n espec\u00edfica de sus instituciones educativas.<\/p>\n\n\n\n<p>Se trata de una estrategia no obligatoria, flexible y con enfoque territorial, que busca construir puentes reales entre la educaci\u00f3n media y el futuro laboral de las juventudes chubutenses.<\/p>\n\n\n\n<p>Desde el Ministerio de Educaci\u00f3n del Chubut se valor\u00f3 especialmente la posibilidad de compartir experiencias y fortalecer el di\u00e1logo federal en torno a pol\u00edticas educativas transformadoras. La participaci\u00f3n en este espacio reafirma el compromiso de la provincia con una educaci\u00f3n p\u00fablica inclusiva, innovadora y vinculada al desarrollo local y regional.<\/p>\n","protected":false},"excerpt":{"rendered":"<p>La Subsecretar\u00eda de Instituciones Educativas expuso los lineamientos del programa ante autoridades nacionales y provinciales, en el marco de una hoja de ruta federal para vincular educaci\u00f3n, trabajo e innovaci\u00f3n.&hellip; <\/p>\n","protected":false},"author":2,"featured_media":16952,"comment_status":"closed","ping_status":"closed","sticky":false,"template":"","format":"standard","meta":{"footnotes":""},"categories":[15],"tags":[],"class_list":["post-16953","post","type-post","status-publish","format-standard","has-post-thumbnail","hentry","category-locales"],"yoast_head":"<!-- This site is optimized with the Yoast SEO plugin v27.4 - https:\/\/yoast.com\/product\/yoast-seo-wordpress\/ -->\n<title>Chubut present\u00f3 su plan +Oportunidades Secundaria en el Consejo Federal de Inversiones - FM Patagonia Madryn<\/title>\n<meta name=\"robots\" content=\"index, follow, max-snippet:-1, max-image-preview:large, max-video-preview:-1\" \/>\n<link rel=\"canonical\" href=\"https:\/\/fmpatagoniamadryn.com.ar\/?p=16953\" \/>\n<meta property=\"og:locale\" content=\"es_ES\" \/>\n<meta property=\"og:type\" content=\"article\" \/>\n<meta property=\"og:title\" content=\"Chubut present\u00f3 su plan +Oportunidades Secundaria en el Consejo Federal de Inversiones - FM Patagonia Madryn\" \/>\n<meta property=\"og:description\" content=\"La Subsecretar\u00eda de Instituciones Educativas expuso los lineamientos del programa ante autoridades nacionales y provinciales, en el marco de una hoja de ruta federal para vincular educaci\u00f3n, trabajo e innovaci\u00f3n.&hellip;\" \/>\n<meta property=\"og:url\" content=\"https:\/\/fmpatagoniamadryn.com.ar\/?p=16953\" \/>\n<meta property=\"og:site_name\" content=\"FM Patagonia Madryn\" \/>\n<meta property=\"article:published_time\" content=\"2025-07-03T00:04:04+00:00\" \/>\n<meta property=\"og:image\" content=\"https:\/\/fmpatagoniamadryn.com.ar\/wp-content\/uploads\/2025\/07\/d154512b-5882-4b7f-adf0-1b6d63ee726e-1.jpg\" \/>\n\t<meta property=\"og:image:width\" content=\"1600\" \/>\n\t<meta property=\"og:image:height\" content=\"1066\" \/>\n\t<meta property=\"og:image:type\" content=\"image\/jpeg\" \/>\n<meta name=\"author\" content=\"FM Patagonia\" \/>\n<meta name=\"twitter:card\" content=\"summary_large_image\" \/>\n<meta name=\"twitter:label1\" content=\"Escrito por\" \/>\n\t<meta name=\"twitter:data1\" content=\"FM Patagonia\" \/>\n\t<meta name=\"twitter:label2\" content=\"Tiempo de lectura\" \/>\n\t<meta name=\"twitter:data2\" content=\"3 minutos\" \/>\n<script type=\"application\/ld+json\" class=\"yoast-schema-graph\">{\"@context\":\"https:\\\/\\\/schema.org\",\"@graph\":[{\"@type\":\"Article\",\"@id\":\"https:\\\/\\\/fmpatagoniamadryn.com.ar\\\/?p=16953#article\",\"isPartOf\":{\"@id\":\"https:\\\/\\\/fmpatagoniamadryn.com.ar\\\/?p=16953\"},\"author\":{\"name\":\"FM Patagonia\",\"@id\":\"https:\\\/\\\/fmpatagoniamadryn.com.ar\\\/#\\\/schema\\\/person\\\/8a3de4ad7efceacab06c1641c50303b7\"},\"headline\":\"Chubut present\u00f3 su plan +Oportunidades Secundaria en el Consejo Federal de Inversiones\",\"datePublished\":\"2025-07-03T00:04:04+00:00\",\"mainEntityOfPage\":{\"@id\":\"https:\\\/\\\/fmpatagoniamadryn.com.ar\\\/?p=16953\"},\"wordCount\":627,\"publisher\":{\"@id\":\"https:\\\/\\\/fmpatagoniamadryn.com.ar\\\/#organization\"},\"image\":{\"@id\":\"https:\\\/\\\/fmpatagoniamadryn.com.ar\\\/?p=16953#primaryimage\"},\"thumbnailUrl\":\"https:\\\/\\\/fmpatagoniamadryn.com.ar\\\/wp-content\\\/uploads\\\/2025\\\/07\\\/d154512b-5882-4b7f-adf0-1b6d63ee726e-1.jpg\",\"articleSection\":[\"Locales\"],\"inLanguage\":\"es\"},{\"@type\":\"WebPage\",\"@id\":\"https:\\\/\\\/fmpatagoniamadryn.com.ar\\\/?p=16953\",\"url\":\"https:\\\/\\\/fmpatagoniamadryn.com.ar\\\/?p=16953\",\"name\":\"Chubut present\u00f3 su plan +Oportunidades Secundaria en el Consejo Federal de Inversiones - FM Patagonia Madryn\",\"isPartOf\":{\"@id\":\"https:\\\/\\\/fmpatagoniamadryn.com.ar\\\/#website\"},\"primaryImageOfPage\":{\"@id\":\"https:\\\/\\\/fmpatagoniamadryn.com.ar\\\/?p=16953#primaryimage\"},\"image\":{\"@id\":\"https:\\\/\\\/fmpatagoniamadryn.com.ar\\\/?p=16953#primaryimage\"},\"thumbnailUrl\":\"https:\\\/\\\/fmpatagoniamadryn.com.ar\\\/wp-content\\\/uploads\\\/2025\\\/07\\\/d154512b-5882-4b7f-adf0-1b6d63ee726e-1.jpg\",\"datePublished\":\"2025-07-03T00:04:04+00:00\",\"breadcrumb\":{\"@id\":\"https:\\\/\\\/fmpatagoniamadryn.com.ar\\\/?p=16953#breadcrumb\"},\"inLanguage\":\"es\",\"potentialAction\":[{\"@type\":\"ReadAction\",\"target\":[\"https:\\\/\\\/fmpatagoniamadryn.com.ar\\\/?p=16953\"]}]},{\"@type\":\"ImageObject\",\"inLanguage\":\"es\",\"@id\":\"https:\\\/\\\/fmpatagoniamadryn.com.ar\\\/?p=16953#primaryimage\",\"url\":\"https:\\\/\\\/fmpatagoniamadryn.com.ar\\\/wp-content\\\/uploads\\\/2025\\\/07\\\/d154512b-5882-4b7f-adf0-1b6d63ee726e-1.jpg\",\"contentUrl\":\"https:\\\/\\\/fmpatagoniamadryn.com.ar\\\/wp-content\\\/uploads\\\/2025\\\/07\\\/d154512b-5882-4b7f-adf0-1b6d63ee726e-1.jpg\",\"width\":1600,\"height\":1066},{\"@type\":\"BreadcrumbList\",\"@id\":\"https:\\\/\\\/fmpatagoniamadryn.com.ar\\\/?p=16953#breadcrumb\",\"itemListElement\":[{\"@type\":\"ListItem\",\"position\":1,\"name\":\"Portada\",\"item\":\"https:\\\/\\\/fmpatagoniamadryn.com.ar\\\/\"},{\"@type\":\"ListItem\",\"position\":2,\"name\":\"Chubut present\u00f3 su plan +Oportunidades Secundaria en el Consejo Federal de Inversiones\"}]},{\"@type\":\"WebSite\",\"@id\":\"https:\\\/\\\/fmpatagoniamadryn.com.ar\\\/#website\",\"url\":\"https:\\\/\\\/fmpatagoniamadryn.com.ar\\\/\",\"name\":\"FM Patagonia Madryn\",\"description\":\"Radio Patagonia 105.5\",\"publisher\":{\"@id\":\"https:\\\/\\\/fmpatagoniamadryn.com.ar\\\/#organization\"},\"potentialAction\":[{\"@type\":\"SearchAction\",\"target\":{\"@type\":\"EntryPoint\",\"urlTemplate\":\"https:\\\/\\\/fmpatagoniamadryn.com.ar\\\/?s={search_term_string}\"},\"query-input\":{\"@type\":\"PropertyValueSpecification\",\"valueRequired\":true,\"valueName\":\"search_term_string\"}}],\"inLanguage\":\"es\"},{\"@type\":\"Organization\",\"@id\":\"https:\\\/\\\/fmpatagoniamadryn.com.ar\\\/#organization\",\"name\":\"FM Patagonia Madryn\",\"url\":\"https:\\\/\\\/fmpatagoniamadryn.com.ar\\\/\",\"logo\":{\"@type\":\"ImageObject\",\"inLanguage\":\"es\",\"@id\":\"https:\\\/\\\/fmpatagoniamadryn.com.ar\\\/#\\\/schema\\\/logo\\\/image\\\/\",\"url\":\"https:\\\/\\\/fmpatagoniamadryn.com.ar\\\/wp-content\\\/uploads\\\/2023\\\/01\\\/cropped-Diseno-sin-titulo.png\",\"contentUrl\":\"https:\\\/\\\/fmpatagoniamadryn.com.ar\\\/wp-content\\\/uploads\\\/2023\\\/01\\\/cropped-Diseno-sin-titulo.png\",\"width\":6911,\"height\":2657,\"caption\":\"FM Patagonia Madryn\"},\"image\":{\"@id\":\"https:\\\/\\\/fmpatagoniamadryn.com.ar\\\/#\\\/schema\\\/logo\\\/image\\\/\"}},{\"@type\":\"Person\",\"@id\":\"https:\\\/\\\/fmpatagoniamadryn.com.ar\\\/#\\\/schema\\\/person\\\/8a3de4ad7efceacab06c1641c50303b7\",\"name\":\"FM Patagonia\",\"url\":\"https:\\\/\\\/fmpatagoniamadryn.com.ar\\\/?author=2\"}]}<\/script>\n<!-- \/ Yoast SEO plugin. -->","yoast_head_json":{"title":"Chubut present\u00f3 su plan +Oportunidades Secundaria en el Consejo Federal de Inversiones - FM Patagonia Madryn","robots":{"index":"index","follow":"follow","max-snippet":"max-snippet:-1","max-image-preview":"max-image-preview:large","max-video-preview":"max-video-preview:-1"},"canonical":"https:\/\/fmpatagoniamadryn.com.ar\/?p=16953","og_locale":"es_ES","og_type":"article","og_title":"Chubut present\u00f3 su plan +Oportunidades Secundaria en el Consejo Federal de Inversiones - FM Patagonia Madryn","og_description":"La Subsecretar\u00eda de Instituciones Educativas expuso los lineamientos del programa ante autoridades nacionales y provinciales, en el marco de una hoja de ruta federal para vincular educaci\u00f3n, trabajo e innovaci\u00f3n.&hellip;","og_url":"https:\/\/fmpatagoniamadryn.com.ar\/?p=16953","og_site_name":"FM Patagonia Madryn","article_published_time":"2025-07-03T00:04:04+00:00","og_image":[{"width":1600,"height":1066,"url":"https:\/\/fmpatagoniamadryn.com.ar\/wp-content\/uploads\/2025\/07\/d154512b-5882-4b7f-adf0-1b6d63ee726e-1.jpg","type":"image\/jpeg"}],"author":"FM Patagonia","twitter_card":"summary_large_image","twitter_misc":{"Escrito por":"FM Patagonia","Tiempo de lectura":"3 minutos"},"schema":{"@context":"https:\/\/schema.org","@graph":[{"@type":"Article","@id":"https:\/\/fmpatagoniamadryn.com.ar\/?p=16953#article","isPartOf":{"@id":"https:\/\/fmpatagoniamadryn.com.ar\/?p=16953"},"author":{"name":"FM Patagonia","@id":"https:\/\/fmpatagoniamadryn.com.ar\/#\/schema\/person\/8a3de4ad7efceacab06c1641c50303b7"},"headline":"Chubut present\u00f3 su plan +Oportunidades Secundaria en el Consejo Federal de Inversiones","datePublished":"2025-07-03T00:04:04+00:00","mainEntityOfPage":{"@id":"https:\/\/fmpatagoniamadryn.com.ar\/?p=16953"},"wordCount":627,"publisher":{"@id":"https:\/\/fmpatagoniamadryn.com.ar\/#organization"},"image":{"@id":"https:\/\/fmpatagoniamadryn.com.ar\/?p=16953#primaryimage"},"thumbnailUrl":"https:\/\/fmpatagoniamadryn.com.ar\/wp-content\/uploads\/2025\/07\/d154512b-5882-4b7f-adf0-1b6d63ee726e-1.jpg","articleSection":["Locales"],"inLanguage":"es"},{"@type":"WebPage","@id":"https:\/\/fmpatagoniamadryn.com.ar\/?p=16953","url":"https:\/\/fmpatagoniamadryn.com.ar\/?p=16953","name":"Chubut present\u00f3 su plan +Oportunidades Secundaria en el Consejo Federal de Inversiones - FM Patagonia Madryn","isPartOf":{"@id":"https:\/\/fmpatagoniamadryn.com.ar\/#website"},"primaryImageOfPage":{"@id":"https:\/\/fmpatagoniamadryn.com.ar\/?p=16953#primaryimage"},"image":{"@id":"https:\/\/fmpatagoniamadryn.com.ar\/?p=16953#primaryimage"},"thumbnailUrl":"https:\/\/fmpatagoniamadryn.com.ar\/wp-content\/uploads\/2025\/07\/d154512b-5882-4b7f-adf0-1b6d63ee726e-1.jpg","datePublished":"2025-07-03T00:04:04+00:00","breadcrumb":{"@id":"https:\/\/fmpatagoniamadryn.com.ar\/?p=16953#breadcrumb"},"inLanguage":"es","potentialAction":[{"@type":"ReadAction","target":["https:\/\/fmpatagoniamadryn.com.ar\/?p=16953"]}]},{"@type":"ImageObject","inLanguage":"es","@id":"https:\/\/fmpatagoniamadryn.com.ar\/?p=16953#primaryimage","url":"https:\/\/fmpatagoniamadryn.com.ar\/wp-content\/uploads\/2025\/07\/d154512b-5882-4b7f-adf0-1b6d63ee726e-1.jpg","contentUrl":"https:\/\/fmpatagoniamadryn.com.ar\/wp-content\/uploads\/2025\/07\/d154512b-5882-4b7f-adf0-1b6d63ee726e-1.jpg","width":1600,"height":1066},{"@type":"BreadcrumbList","@id":"https:\/\/fmpatagoniamadryn.com.ar\/?p=16953#breadcrumb","itemListElement":[{"@type":"ListItem","position":1,"name":"Portada","item":"https:\/\/fmpatagoniamadryn.com.ar\/"},{"@type":"ListItem","position":2,"name":"Chubut present\u00f3 su plan +Oportunidades Secundaria en el Consejo Federal de Inversiones"}]},{"@type":"WebSite","@id":"https:\/\/fmpatagoniamadryn.com.ar\/#website","url":"https:\/\/fmpatagoniamadryn.com.ar\/","name":"FM Patagonia Madryn","description":"Radio Patagonia 105.5","publisher":{"@id":"https:\/\/fmpatagoniamadryn.com.ar\/#organization"},"potentialAction":[{"@type":"SearchAction","target":{"@type":"EntryPoint","urlTemplate":"https:\/\/fmpatagoniamadryn.com.ar\/?s={search_term_string}"},"query-input":{"@type":"PropertyValueSpecification","valueRequired":true,"valueName":"search_term_string"}}],"inLanguage":"es"},{"@type":"Organization","@id":"https:\/\/fmpatagoniamadryn.com.ar\/#organization","name":"FM Patagonia Madryn","url":"https:\/\/fmpatagoniamadryn.com.ar\/","logo":{"@type":"ImageObject","inLanguage":"es","@id":"https:\/\/fmpatagoniamadryn.com.ar\/#\/schema\/logo\/image\/","url":"https:\/\/fmpatagoniamadryn.com.ar\/wp-content\/uploads\/2023\/01\/cropped-Diseno-sin-titulo.png","contentUrl":"https:\/\/fmpatagoniamadryn.com.ar\/wp-content\/uploads\/2023\/01\/cropped-Diseno-sin-titulo.png","width":6911,"height":2657,"caption":"FM Patagonia Madryn"},"image":{"@id":"https:\/\/fmpatagoniamadryn.com.ar\/#\/schema\/logo\/image\/"}},{"@type":"Person","@id":"https:\/\/fmpatagoniamadryn.com.ar\/#\/schema\/person\/8a3de4ad7efceacab06c1641c50303b7","name":"FM Patagonia","url":"https:\/\/fmpatagoniamadryn.com.ar\/?author=2"}]}},"jetpack_featured_media_url":"https:\/\/fmpatagoniamadryn.com.ar\/wp-content\/uploads\/2025\/07\/d154512b-5882-4b7f-adf0-1b6d63ee726e-1.jpg","_links":{"self":[{"href":"https:\/\/fmpatagoniamadryn.com.ar\/index.php?rest_route=\/wp\/v2\/posts\/16953","targetHints":{"allow":["GET"]}}],"collection":[{"href":"https:\/\/fmpatagoniamadryn.com.ar\/index.php?rest_route=\/wp\/v2\/posts"}],"about":[{"href":"https:\/\/fmpatagoniamadryn.com.ar\/index.php?rest_route=\/wp\/v2\/types\/post"}],"author":[{"embeddable":true,"href":"https:\/\/fmpatagoniamadryn.com.ar\/index.php?rest_route=\/wp\/v2\/users\/2"}],"replies":[{"embeddable":true,"href":"https:\/\/fmpatagoniamadryn.com.ar\/index.php?rest_route=%2Fwp%2Fv2%2Fcomments&post=16953"}],"version-history":[{"count":1,"href":"https:\/\/fmpatagoniamadryn.com.ar\/index.php?rest_route=\/wp\/v2\/posts\/16953\/revisions"}],"predecessor-version":[{"id":16954,"href":"https:\/\/fmpatagoniamadryn.com.ar\/index.php?rest_route=\/wp\/v2\/posts\/16953\/revisions\/16954"}],"wp:featuredmedia":[{"embeddable":true,"href":"https:\/\/fmpatagoniamadryn.com.ar\/index.php?rest_route=\/wp\/v2\/media\/16952"}],"wp:attachment":[{"href":"https:\/\/fmpatagoniamadryn.com.ar\/index.php?rest_route=%2Fwp%2Fv2%2Fmedia&parent=16953"}],"wp:term":[{"taxonomy":"category","embeddable":true,"href":"https:\/\/fmpatagoniamadryn.com.ar\/index.php?rest_route=%2Fwp%2Fv2%2Fcategories&post=16953"},{"taxonomy":"post_tag","embeddable":true,"href":"https:\/\/fmpatagoniamadryn.com.ar\/index.php?rest_route=%2Fwp%2Fv2%2Ftags&post=16953"}],"curies":[{"name":"wp","href":"https:\/\/api.w.org\/{rel}","templated":true}]}}