{"id":16995,"date":"2025-07-05T11:13:59","date_gmt":"2025-07-05T14:13:59","guid":{"rendered":"https:\/\/fmpatagoniamadryn.com.ar\/?p=16995"},"modified":"2025-07-05T11:13:59","modified_gmt":"2025-07-05T14:13:59","slug":"chubut-participo-del-seminario-sobre-aspectos-del-trafico-ilicito-de-bienes-culturales-patrimoniales","status":"publish","type":"post","link":"https:\/\/fmpatagoniamadryn.com.ar\/?p=16995","title":{"rendered":"Chubut particip\u00f3 del Seminario sobre aspectos del Tr\u00e1fico Il\u00edcito de bienes culturales patrimoniales"},"content":{"rendered":"\n<p><\/p>\n\n\n\n<p><em>La Provincia expuso sobre la normativa vigente y acciones tendientes a la concientizaci\u00f3n de prevenci\u00f3n del tr\u00e1fico il\u00edcito de bienes culturales, as\u00ed como pr\u00e1cticas interinstitucionales de preservaci\u00f3n y resguardo del patrimonio.<\/em><\/p>\n\n\n\n<p>La gesti\u00f3n del gobernador Ignacio \u00abNacho\u00bb Torres particip\u00f3, a trav\u00e9s de la Subsecretar\u00eda de Cultura, del Segundo Seminario sobre aspectos del Tr\u00e1fico Il\u00edcito de Bienes Culturales Patrimoniales, organizado por el Ente Cultural Patagonia que se realiz\u00f3 en la ciudad de Santa Rosa, provincia de La Pampa.<\/p>\n\n\n\n<p>C\u00f3mo continuidad de la labor iniciada en Trelew durante 2024, esta segunda edici\u00f3n cont\u00f3 con el acompa\u00f1amiento de la UNESCO y convoc\u00f3 a las m\u00e1ximas autoridades culturales de las provincias patag\u00f3nicas, junto a representantes de organismos nacionales e internacionales, de la Justicia y de instituciones acad\u00e9micas de diversos puntos de la Patagonia.<\/p>\n\n\n\n<p>Durante las jornadas, Chubut estuvo representada por funcionarios de la Subsecretar\u00eda de Cultura como \u00f3rgano de aplicaci\u00f3n, del Ministerio P\u00fablico Fiscal y del \u00e1rea de arqueolog\u00eda CENPAT CONICET.<\/p>\n\n\n\n<p>En ese marco, la provincia expuso sobre la normativa vigente. Adem\u00e1s, comparti\u00f3 experiencias en restituci\u00f3n de bienes arqueol\u00f3gicos y paleontol\u00f3gicos, as\u00ed como buenas pr\u00e1cticas y aprendizajes construidos a partir del trabajo de comit\u00e9s t\u00e9cnicos, unidades especializadas y protocolos de reconocimiento de bienes.<\/p>\n\n\n\n<p>Durante las dos jornadas de trabajo del Seminario se profundiz\u00f3 en pol\u00edticas de diversos organismos nacionales y provinciales con el fin de afianzar herramientas y estrategias frente al tr\u00e1fico il\u00edcito de bienes culturales. La iniciativa representa un paso clave en la articulaci\u00f3n institucional y la capacitaci\u00f3n permanente, en pos de preservar la identidad y la historia regional.<\/p>\n\n\n\n<p>Al cierre del encuentro, se anunci\u00f3 que la tercera edici\u00f3n se realizar\u00e1 en la provincia de Neuqu\u00e9n en 2026, con una agenda enfocada en instituciones privadas.<\/p>\n","protected":false},"excerpt":{"rendered":"<p>La Provincia expuso sobre la normativa vigente y acciones tendientes a la concientizaci\u00f3n de prevenci\u00f3n del tr\u00e1fico il\u00edcito de bienes culturales, as\u00ed como pr\u00e1cticas interinstitucionales de preservaci\u00f3n y resguardo del&hellip; <\/p>\n","protected":false},"author":2,"featured_media":16994,"comment_status":"closed","ping_status":"closed","sticky":false,"template":"","format":"standard","meta":{"footnotes":""},"categories":[14],"tags":[],"class_list":["post-16995","post","type-post","status-publish","format-standard","has-post-thumbnail","hentry","category-provinciales"],"yoast_head":"<!-- This site is optimized with the Yoast SEO plugin v27.4 - https:\/\/yoast.com\/product\/yoast-seo-wordpress\/ -->\n<title>Chubut particip\u00f3 del Seminario sobre aspectos del Tr\u00e1fico Il\u00edcito de bienes culturales patrimoniales - FM Patagonia Madryn<\/title>\n<meta name=\"robots\" content=\"index, follow, max-snippet:-1, max-image-preview:large, max-video-preview:-1\" \/>\n<link rel=\"canonical\" href=\"https:\/\/fmpatagoniamadryn.com.ar\/?p=16995\" \/>\n<meta property=\"og:locale\" content=\"es_ES\" \/>\n<meta property=\"og:type\" content=\"article\" \/>\n<meta property=\"og:title\" content=\"Chubut particip\u00f3 del Seminario sobre aspectos del Tr\u00e1fico Il\u00edcito de bienes culturales patrimoniales - FM Patagonia Madryn\" \/>\n<meta property=\"og:description\" content=\"La Provincia expuso sobre la normativa vigente y acciones tendientes a la concientizaci\u00f3n de prevenci\u00f3n del tr\u00e1fico il\u00edcito de bienes culturales, as\u00ed como pr\u00e1cticas interinstitucionales de preservaci\u00f3n y resguardo del&hellip;\" \/>\n<meta property=\"og:url\" content=\"https:\/\/fmpatagoniamadryn.com.ar\/?p=16995\" \/>\n<meta property=\"og:site_name\" content=\"FM Patagonia Madryn\" \/>\n<meta property=\"article:published_time\" content=\"2025-07-05T14:13:59+00:00\" \/>\n<meta property=\"og:image\" content=\"https:\/\/fmpatagoniamadryn.com.ar\/wp-content\/uploads\/2025\/07\/6954ff18-a4b9-4d25-b518-82b5d090b5d4-1.jpg\" \/>\n\t<meta property=\"og:image:width\" content=\"1600\" \/>\n\t<meta property=\"og:image:height\" content=\"872\" \/>\n\t<meta property=\"og:image:type\" content=\"image\/jpeg\" \/>\n<meta name=\"author\" content=\"FM Patagonia\" \/>\n<meta name=\"twitter:card\" content=\"summary_large_image\" \/>\n<meta name=\"twitter:label1\" content=\"Escrito por\" \/>\n\t<meta name=\"twitter:data1\" content=\"FM Patagonia\" \/>\n\t<meta name=\"twitter:label2\" content=\"Tiempo de lectura\" \/>\n\t<meta name=\"twitter:data2\" content=\"2 minutos\" \/>\n<script type=\"application\/ld+json\" class=\"yoast-schema-graph\">{\"@context\":\"https:\\\/\\\/schema.org\",\"@graph\":[{\"@type\":\"Article\",\"@id\":\"https:\\\/\\\/fmpatagoniamadryn.com.ar\\\/?p=16995#article\",\"isPartOf\":{\"@id\":\"https:\\\/\\\/fmpatagoniamadryn.com.ar\\\/?p=16995\"},\"author\":{\"name\":\"FM Patagonia\",\"@id\":\"https:\\\/\\\/fmpatagoniamadryn.com.ar\\\/#\\\/schema\\\/person\\\/8a3de4ad7efceacab06c1641c50303b7\"},\"headline\":\"Chubut particip\u00f3 del Seminario sobre aspectos del Tr\u00e1fico Il\u00edcito de bienes culturales patrimoniales\",\"datePublished\":\"2025-07-05T14:13:59+00:00\",\"mainEntityOfPage\":{\"@id\":\"https:\\\/\\\/fmpatagoniamadryn.com.ar\\\/?p=16995\"},\"wordCount\":330,\"publisher\":{\"@id\":\"https:\\\/\\\/fmpatagoniamadryn.com.ar\\\/#organization\"},\"image\":{\"@id\":\"https:\\\/\\\/fmpatagoniamadryn.com.ar\\\/?p=16995#primaryimage\"},\"thumbnailUrl\":\"https:\\\/\\\/fmpatagoniamadryn.com.ar\\\/wp-content\\\/uploads\\\/2025\\\/07\\\/6954ff18-a4b9-4d25-b518-82b5d090b5d4-1.jpg\",\"articleSection\":[\"Provinciales\"],\"inLanguage\":\"es\"},{\"@type\":\"WebPage\",\"@id\":\"https:\\\/\\\/fmpatagoniamadryn.com.ar\\\/?p=16995\",\"url\":\"https:\\\/\\\/fmpatagoniamadryn.com.ar\\\/?p=16995\",\"name\":\"Chubut particip\u00f3 del Seminario sobre aspectos del Tr\u00e1fico Il\u00edcito de bienes culturales patrimoniales - FM Patagonia Madryn\",\"isPartOf\":{\"@id\":\"https:\\\/\\\/fmpatagoniamadryn.com.ar\\\/#website\"},\"primaryImageOfPage\":{\"@id\":\"https:\\\/\\\/fmpatagoniamadryn.com.ar\\\/?p=16995#primaryimage\"},\"image\":{\"@id\":\"https:\\\/\\\/fmpatagoniamadryn.com.ar\\\/?p=16995#primaryimage\"},\"thumbnailUrl\":\"https:\\\/\\\/fmpatagoniamadryn.com.ar\\\/wp-content\\\/uploads\\\/2025\\\/07\\\/6954ff18-a4b9-4d25-b518-82b5d090b5d4-1.jpg\",\"datePublished\":\"2025-07-05T14:13:59+00:00\",\"breadcrumb\":{\"@id\":\"https:\\\/\\\/fmpatagoniamadryn.com.ar\\\/?p=16995#breadcrumb\"},\"inLanguage\":\"es\",\"potentialAction\":[{\"@type\":\"ReadAction\",\"target\":[\"https:\\\/\\\/fmpatagoniamadryn.com.ar\\\/?p=16995\"]}]},{\"@type\":\"ImageObject\",\"inLanguage\":\"es\",\"@id\":\"https:\\\/\\\/fmpatagoniamadryn.com.ar\\\/?p=16995#primaryimage\",\"url\":\"https:\\\/\\\/fmpatagoniamadryn.com.ar\\\/wp-content\\\/uploads\\\/2025\\\/07\\\/6954ff18-a4b9-4d25-b518-82b5d090b5d4-1.jpg\",\"contentUrl\":\"https:\\\/\\\/fmpatagoniamadryn.com.ar\\\/wp-content\\\/uploads\\\/2025\\\/07\\\/6954ff18-a4b9-4d25-b518-82b5d090b5d4-1.jpg\",\"width\":1600,\"height\":872},{\"@type\":\"BreadcrumbList\",\"@id\":\"https:\\\/\\\/fmpatagoniamadryn.com.ar\\\/?p=16995#breadcrumb\",\"itemListElement\":[{\"@type\":\"ListItem\",\"position\":1,\"name\":\"Portada\",\"item\":\"https:\\\/\\\/fmpatagoniamadryn.com.ar\\\/\"},{\"@type\":\"ListItem\",\"position\":2,\"name\":\"Chubut particip\u00f3 del Seminario sobre aspectos del Tr\u00e1fico Il\u00edcito de bienes culturales patrimoniales\"}]},{\"@type\":\"WebSite\",\"@id\":\"https:\\\/\\\/fmpatagoniamadryn.com.ar\\\/#website\",\"url\":\"https:\\\/\\\/fmpatagoniamadryn.com.ar\\\/\",\"name\":\"FM Patagonia Madryn\",\"description\":\"Radio Patagonia 105.5\",\"publisher\":{\"@id\":\"https:\\\/\\\/fmpatagoniamadryn.com.ar\\\/#organization\"},\"potentialAction\":[{\"@type\":\"SearchAction\",\"target\":{\"@type\":\"EntryPoint\",\"urlTemplate\":\"https:\\\/\\\/fmpatagoniamadryn.com.ar\\\/?s={search_term_string}\"},\"query-input\":{\"@type\":\"PropertyValueSpecification\",\"valueRequired\":true,\"valueName\":\"search_term_string\"}}],\"inLanguage\":\"es\"},{\"@type\":\"Organization\",\"@id\":\"https:\\\/\\\/fmpatagoniamadryn.com.ar\\\/#organization\",\"name\":\"FM Patagonia Madryn\",\"url\":\"https:\\\/\\\/fmpatagoniamadryn.com.ar\\\/\",\"logo\":{\"@type\":\"ImageObject\",\"inLanguage\":\"es\",\"@id\":\"https:\\\/\\\/fmpatagoniamadryn.com.ar\\\/#\\\/schema\\\/logo\\\/image\\\/\",\"url\":\"https:\\\/\\\/fmpatagoniamadryn.com.ar\\\/wp-content\\\/uploads\\\/2023\\\/01\\\/cropped-Diseno-sin-titulo.png\",\"contentUrl\":\"https:\\\/\\\/fmpatagoniamadryn.com.ar\\\/wp-content\\\/uploads\\\/2023\\\/01\\\/cropped-Diseno-sin-titulo.png\",\"width\":6911,\"height\":2657,\"caption\":\"FM Patagonia Madryn\"},\"image\":{\"@id\":\"https:\\\/\\\/fmpatagoniamadryn.com.ar\\\/#\\\/schema\\\/logo\\\/image\\\/\"}},{\"@type\":\"Person\",\"@id\":\"https:\\\/\\\/fmpatagoniamadryn.com.ar\\\/#\\\/schema\\\/person\\\/8a3de4ad7efceacab06c1641c50303b7\",\"name\":\"FM Patagonia\",\"url\":\"https:\\\/\\\/fmpatagoniamadryn.com.ar\\\/?author=2\"}]}<\/script>\n<!-- \/ Yoast SEO plugin. -->","yoast_head_json":{"title":"Chubut particip\u00f3 del Seminario sobre aspectos del Tr\u00e1fico Il\u00edcito de bienes culturales patrimoniales - FM Patagonia Madryn","robots":{"index":"index","follow":"follow","max-snippet":"max-snippet:-1","max-image-preview":"max-image-preview:large","max-video-preview":"max-video-preview:-1"},"canonical":"https:\/\/fmpatagoniamadryn.com.ar\/?p=16995","og_locale":"es_ES","og_type":"article","og_title":"Chubut particip\u00f3 del Seminario sobre aspectos del Tr\u00e1fico Il\u00edcito de bienes culturales patrimoniales - FM Patagonia Madryn","og_description":"La Provincia expuso sobre la normativa vigente y acciones tendientes a la concientizaci\u00f3n de prevenci\u00f3n del tr\u00e1fico il\u00edcito de bienes culturales, as\u00ed como pr\u00e1cticas interinstitucionales de preservaci\u00f3n y resguardo del&hellip;","og_url":"https:\/\/fmpatagoniamadryn.com.ar\/?p=16995","og_site_name":"FM Patagonia Madryn","article_published_time":"2025-07-05T14:13:59+00:00","og_image":[{"width":1600,"height":872,"url":"https:\/\/fmpatagoniamadryn.com.ar\/wp-content\/uploads\/2025\/07\/6954ff18-a4b9-4d25-b518-82b5d090b5d4-1.jpg","type":"image\/jpeg"}],"author":"FM Patagonia","twitter_card":"summary_large_image","twitter_misc":{"Escrito por":"FM Patagonia","Tiempo de lectura":"2 minutos"},"schema":{"@context":"https:\/\/schema.org","@graph":[{"@type":"Article","@id":"https:\/\/fmpatagoniamadryn.com.ar\/?p=16995#article","isPartOf":{"@id":"https:\/\/fmpatagoniamadryn.com.ar\/?p=16995"},"author":{"name":"FM Patagonia","@id":"https:\/\/fmpatagoniamadryn.com.ar\/#\/schema\/person\/8a3de4ad7efceacab06c1641c50303b7"},"headline":"Chubut particip\u00f3 del Seminario sobre aspectos del Tr\u00e1fico Il\u00edcito de bienes culturales patrimoniales","datePublished":"2025-07-05T14:13:59+00:00","mainEntityOfPage":{"@id":"https:\/\/fmpatagoniamadryn.com.ar\/?p=16995"},"wordCount":330,"publisher":{"@id":"https:\/\/fmpatagoniamadryn.com.ar\/#organization"},"image":{"@id":"https:\/\/fmpatagoniamadryn.com.ar\/?p=16995#primaryimage"},"thumbnailUrl":"https:\/\/fmpatagoniamadryn.com.ar\/wp-content\/uploads\/2025\/07\/6954ff18-a4b9-4d25-b518-82b5d090b5d4-1.jpg","articleSection":["Provinciales"],"inLanguage":"es"},{"@type":"WebPage","@id":"https:\/\/fmpatagoniamadryn.com.ar\/?p=16995","url":"https:\/\/fmpatagoniamadryn.com.ar\/?p=16995","name":"Chubut particip\u00f3 del Seminario sobre aspectos del Tr\u00e1fico Il\u00edcito de bienes culturales patrimoniales - FM Patagonia Madryn","isPartOf":{"@id":"https:\/\/fmpatagoniamadryn.com.ar\/#website"},"primaryImageOfPage":{"@id":"https:\/\/fmpatagoniamadryn.com.ar\/?p=16995#primaryimage"},"image":{"@id":"https:\/\/fmpatagoniamadryn.com.ar\/?p=16995#primaryimage"},"thumbnailUrl":"https:\/\/fmpatagoniamadryn.com.ar\/wp-content\/uploads\/2025\/07\/6954ff18-a4b9-4d25-b518-82b5d090b5d4-1.jpg","datePublished":"2025-07-05T14:13:59+00:00","breadcrumb":{"@id":"https:\/\/fmpatagoniamadryn.com.ar\/?p=16995#breadcrumb"},"inLanguage":"es","potentialAction":[{"@type":"ReadAction","target":["https:\/\/fmpatagoniamadryn.com.ar\/?p=16995"]}]},{"@type":"ImageObject","inLanguage":"es","@id":"https:\/\/fmpatagoniamadryn.com.ar\/?p=16995#primaryimage","url":"https:\/\/fmpatagoniamadryn.com.ar\/wp-content\/uploads\/2025\/07\/6954ff18-a4b9-4d25-b518-82b5d090b5d4-1.jpg","contentUrl":"https:\/\/fmpatagoniamadryn.com.ar\/wp-content\/uploads\/2025\/07\/6954ff18-a4b9-4d25-b518-82b5d090b5d4-1.jpg","width":1600,"height":872},{"@type":"BreadcrumbList","@id":"https:\/\/fmpatagoniamadryn.com.ar\/?p=16995#breadcrumb","itemListElement":[{"@type":"ListItem","position":1,"name":"Portada","item":"https:\/\/fmpatagoniamadryn.com.ar\/"},{"@type":"ListItem","position":2,"name":"Chubut particip\u00f3 del Seminario sobre aspectos del Tr\u00e1fico Il\u00edcito de bienes culturales patrimoniales"}]},{"@type":"WebSite","@id":"https:\/\/fmpatagoniamadryn.com.ar\/#website","url":"https:\/\/fmpatagoniamadryn.com.ar\/","name":"FM Patagonia Madryn","description":"Radio Patagonia 105.5","publisher":{"@id":"https:\/\/fmpatagoniamadryn.com.ar\/#organization"},"potentialAction":[{"@type":"SearchAction","target":{"@type":"EntryPoint","urlTemplate":"https:\/\/fmpatagoniamadryn.com.ar\/?s={search_term_string}"},"query-input":{"@type":"PropertyValueSpecification","valueRequired":true,"valueName":"search_term_string"}}],"inLanguage":"es"},{"@type":"Organization","@id":"https:\/\/fmpatagoniamadryn.com.ar\/#organization","name":"FM Patagonia Madryn","url":"https:\/\/fmpatagoniamadryn.com.ar\/","logo":{"@type":"ImageObject","inLanguage":"es","@id":"https:\/\/fmpatagoniamadryn.com.ar\/#\/schema\/logo\/image\/","url":"https:\/\/fmpatagoniamadryn.com.ar\/wp-content\/uploads\/2023\/01\/cropped-Diseno-sin-titulo.png","contentUrl":"https:\/\/fmpatagoniamadryn.com.ar\/wp-content\/uploads\/2023\/01\/cropped-Diseno-sin-titulo.png","width":6911,"height":2657,"caption":"FM Patagonia Madryn"},"image":{"@id":"https:\/\/fmpatagoniamadryn.com.ar\/#\/schema\/logo\/image\/"}},{"@type":"Person","@id":"https:\/\/fmpatagoniamadryn.com.ar\/#\/schema\/person\/8a3de4ad7efceacab06c1641c50303b7","name":"FM Patagonia","url":"https:\/\/fmpatagoniamadryn.com.ar\/?author=2"}]}},"jetpack_featured_media_url":"https:\/\/fmpatagoniamadryn.com.ar\/wp-content\/uploads\/2025\/07\/6954ff18-a4b9-4d25-b518-82b5d090b5d4-1.jpg","_links":{"self":[{"href":"https:\/\/fmpatagoniamadryn.com.ar\/index.php?rest_route=\/wp\/v2\/posts\/16995","targetHints":{"allow":["GET"]}}],"collection":[{"href":"https:\/\/fmpatagoniamadryn.com.ar\/index.php?rest_route=\/wp\/v2\/posts"}],"about":[{"href":"https:\/\/fmpatagoniamadryn.com.ar\/index.php?rest_route=\/wp\/v2\/types\/post"}],"author":[{"embeddable":true,"href":"https:\/\/fmpatagoniamadryn.com.ar\/index.php?rest_route=\/wp\/v2\/users\/2"}],"replies":[{"embeddable":true,"href":"https:\/\/fmpatagoniamadryn.com.ar\/index.php?rest_route=%2Fwp%2Fv2%2Fcomments&post=16995"}],"version-history":[{"count":1,"href":"https:\/\/fmpatagoniamadryn.com.ar\/index.php?rest_route=\/wp\/v2\/posts\/16995\/revisions"}],"predecessor-version":[{"id":16996,"href":"https:\/\/fmpatagoniamadryn.com.ar\/index.php?rest_route=\/wp\/v2\/posts\/16995\/revisions\/16996"}],"wp:featuredmedia":[{"embeddable":true,"href":"https:\/\/fmpatagoniamadryn.com.ar\/index.php?rest_route=\/wp\/v2\/media\/16994"}],"wp:attachment":[{"href":"https:\/\/fmpatagoniamadryn.com.ar\/index.php?rest_route=%2Fwp%2Fv2%2Fmedia&parent=16995"}],"wp:term":[{"taxonomy":"category","embeddable":true,"href":"https:\/\/fmpatagoniamadryn.com.ar\/index.php?rest_route=%2Fwp%2Fv2%2Fcategories&post=16995"},{"taxonomy":"post_tag","embeddable":true,"href":"https:\/\/fmpatagoniamadryn.com.ar\/index.php?rest_route=%2Fwp%2Fv2%2Ftags&post=16995"}],"curies":[{"name":"wp","href":"https:\/\/api.w.org\/{rel}","templated":true}]}}