{"id":17011,"date":"2025-07-06T16:31:27","date_gmt":"2025-07-06T19:31:27","guid":{"rendered":"https:\/\/fmpatagoniamadryn.com.ar\/?p=17011"},"modified":"2025-07-06T16:31:27","modified_gmt":"2025-07-06T19:31:27","slug":"provincia-y-puerto-madryn-impulsan-nuevos-talleres-de-formacion-laboral-en-la-ciudad-del-golfo-nuevo","status":"publish","type":"post","link":"https:\/\/fmpatagoniamadryn.com.ar\/?p=17011","title":{"rendered":"Provincia y Puerto Madryn impulsan nuevos talleres de formaci\u00f3n laboral en la ciudad del Golfo Nuevo"},"content":{"rendered":"\n<p><\/p>\n\n\n\n<p><em>Se trata de una propuesta que busca generar posibilidades concretas de capacitaci\u00f3n y empleo para los vecinos de la localidad portuaria. Se iniciaron capacitaciones en oficios textiles, metal\u00fargicos y de soldadura.<\/em><\/p>\n\n\n\n<p>El Gobierno del Chubut, junto con la Municipalidad de Puerto Madryn, dio inicio a capacitaciones en oficios textiles, metal\u00fargicos y de soldadura, con el objetivo de brindar herramientas reales para mejorar las oportunidades laborales y potenciar la econom\u00eda local.<\/p>\n\n\n\n<p>Las actividades incluyen formaci\u00f3n textil, metal\u00fargica y soldadura, y se llevan adelante gracias a un trabajo articulado entre el Gobierno Provincial, el municipio local, cooperativas y distintos sectores productivos.<\/p>\n\n\n\n<p>En el inicio de los talleres, el secretario de Trabajo de la Provincia, Nicol\u00e1s Z\u00e1rate junto con el intendente de Puerto Madryn, Gustavo Sastre; el secretario de Producci\u00f3n de la Municipalidad, Luis Calvo y el subsecretario de Empleo municipal, Marcelo D\u2019Angelo realizaron una recorrida remarcando la importancia de seguir generando espacios de formaci\u00f3n que impacten de manera directa en la comunidad y mejoren la inserci\u00f3n laboral.<\/p>\n\n\n\n<p>Al respecto, Z\u00e1rate se\u00f1al\u00f3 que \u00aba trav\u00e9s de estos talleres buscamos llegar con herramientas concretas a la gente para que pueda capacitarse, acceder a mejores oportunidades y proyectar un futuro con m\u00e1s estabilidad. La articulaci\u00f3n del Gobierno Provincial con los municipios es fundamental para hacerlo posible\u00bb.<\/p>\n\n\n\n<p>Por su parte, el intendente Gustavo Sastre manifest\u00f3 que \u00abcelebramos el desarrollo de este tipo de propuestas, que son el gran resultado de un trabajo conjunto con el Gobierno Provincial y con diferentes actores. Siempre es una buena noticia que vecinos de Puerto Madryn opten por avanzar con procesos formativos, ya que esto les da m\u00e1s herramientas, m\u00e1s conocimiento y m\u00e1s posibilidades en el mundo laboral, que siempre fue uno de nuestros principales objetivos\u00bb, concluy\u00f3 Sastre.<\/p>\n\n\n\n<p><em>Formar para crecer<\/em><\/p>\n\n\n\n<p>Esta propuesta forma parte de las pol\u00edticas integrales que impulsa la gesti\u00f3n del gobernador Ignacio \u201cNacho\u201d Torres, con la meta de fortalecer la capacitaci\u00f3n laboral en los barrios y acompa\u00f1ar a quienes m\u00e1s lo necesitan.<\/p>\n\n\n\n<p>Adem\u00e1s de sumar conocimientos t\u00e9cnicos, estos talleres apuntan a consolidar redes de trabajo en conjunto con organizaciones sociales y cooperativas, para dinamizar la econom\u00eda local y reforzar el entramado productivo.<\/p>\n\n\n\n<p>Est\u00e1 previsto que contin\u00faen abri\u00e9ndose nuevos espacios de formaci\u00f3n en distintos puntos de la ciudad, generando m\u00e1s oportunidades de inclusi\u00f3n laboral y desarrollo econ\u00f3mico para toda la comunidad.<\/p>\n","protected":false},"excerpt":{"rendered":"<p>Se trata de una propuesta que busca generar posibilidades concretas de capacitaci\u00f3n y empleo para los vecinos de la localidad portuaria. Se iniciaron capacitaciones en oficios textiles, metal\u00fargicos y de&hellip; <\/p>\n","protected":false},"author":2,"featured_media":17010,"comment_status":"closed","ping_status":"closed","sticky":false,"template":"","format":"standard","meta":{"footnotes":""},"categories":[14],"tags":[],"class_list":["post-17011","post","type-post","status-publish","format-standard","has-post-thumbnail","hentry","category-provinciales"],"yoast_head":"<!-- This site is optimized with the Yoast SEO plugin v27.4 - https:\/\/yoast.com\/product\/yoast-seo-wordpress\/ -->\n<title>Provincia y Puerto Madryn impulsan nuevos talleres de formaci\u00f3n laboral en la ciudad del Golfo Nuevo - FM Patagonia Madryn<\/title>\n<meta name=\"robots\" content=\"index, follow, max-snippet:-1, max-image-preview:large, max-video-preview:-1\" \/>\n<link rel=\"canonical\" href=\"https:\/\/fmpatagoniamadryn.com.ar\/?p=17011\" \/>\n<meta property=\"og:locale\" content=\"es_ES\" \/>\n<meta property=\"og:type\" content=\"article\" \/>\n<meta property=\"og:title\" content=\"Provincia y Puerto Madryn impulsan nuevos talleres de formaci\u00f3n laboral en la ciudad del Golfo Nuevo - FM Patagonia Madryn\" \/>\n<meta property=\"og:description\" content=\"Se trata de una propuesta que busca generar posibilidades concretas de capacitaci\u00f3n y empleo para los vecinos de la localidad portuaria. Se iniciaron capacitaciones en oficios textiles, metal\u00fargicos y de&hellip;\" \/>\n<meta property=\"og:url\" content=\"https:\/\/fmpatagoniamadryn.com.ar\/?p=17011\" \/>\n<meta property=\"og:site_name\" content=\"FM Patagonia Madryn\" \/>\n<meta property=\"article:published_time\" content=\"2025-07-06T19:31:27+00:00\" \/>\n<meta property=\"og:image\" content=\"https:\/\/fmpatagoniamadryn.com.ar\/wp-content\/uploads\/2025\/07\/8beb1bc3-90df-4f09-8829-380733787280-1.jpg\" \/>\n\t<meta property=\"og:image:width\" content=\"1600\" \/>\n\t<meta property=\"og:image:height\" content=\"1200\" \/>\n\t<meta property=\"og:image:type\" content=\"image\/jpeg\" \/>\n<meta name=\"author\" content=\"FM Patagonia\" \/>\n<meta name=\"twitter:card\" content=\"summary_large_image\" \/>\n<meta name=\"twitter:label1\" content=\"Escrito por\" \/>\n\t<meta name=\"twitter:data1\" content=\"FM Patagonia\" \/>\n\t<meta name=\"twitter:label2\" content=\"Tiempo de lectura\" \/>\n\t<meta name=\"twitter:data2\" content=\"2 minutos\" \/>\n<script type=\"application\/ld+json\" class=\"yoast-schema-graph\">{\"@context\":\"https:\\\/\\\/schema.org\",\"@graph\":[{\"@type\":\"Article\",\"@id\":\"https:\\\/\\\/fmpatagoniamadryn.com.ar\\\/?p=17011#article\",\"isPartOf\":{\"@id\":\"https:\\\/\\\/fmpatagoniamadryn.com.ar\\\/?p=17011\"},\"author\":{\"name\":\"FM Patagonia\",\"@id\":\"https:\\\/\\\/fmpatagoniamadryn.com.ar\\\/#\\\/schema\\\/person\\\/8a3de4ad7efceacab06c1641c50303b7\"},\"headline\":\"Provincia y Puerto Madryn impulsan nuevos talleres de formaci\u00f3n laboral en la ciudad del Golfo Nuevo\",\"datePublished\":\"2025-07-06T19:31:27+00:00\",\"mainEntityOfPage\":{\"@id\":\"https:\\\/\\\/fmpatagoniamadryn.com.ar\\\/?p=17011\"},\"wordCount\":434,\"publisher\":{\"@id\":\"https:\\\/\\\/fmpatagoniamadryn.com.ar\\\/#organization\"},\"image\":{\"@id\":\"https:\\\/\\\/fmpatagoniamadryn.com.ar\\\/?p=17011#primaryimage\"},\"thumbnailUrl\":\"https:\\\/\\\/fmpatagoniamadryn.com.ar\\\/wp-content\\\/uploads\\\/2025\\\/07\\\/8beb1bc3-90df-4f09-8829-380733787280-1.jpg\",\"articleSection\":[\"Provinciales\"],\"inLanguage\":\"es\"},{\"@type\":\"WebPage\",\"@id\":\"https:\\\/\\\/fmpatagoniamadryn.com.ar\\\/?p=17011\",\"url\":\"https:\\\/\\\/fmpatagoniamadryn.com.ar\\\/?p=17011\",\"name\":\"Provincia y Puerto Madryn impulsan nuevos talleres de formaci\u00f3n laboral en la ciudad del Golfo Nuevo - FM Patagonia Madryn\",\"isPartOf\":{\"@id\":\"https:\\\/\\\/fmpatagoniamadryn.com.ar\\\/#website\"},\"primaryImageOfPage\":{\"@id\":\"https:\\\/\\\/fmpatagoniamadryn.com.ar\\\/?p=17011#primaryimage\"},\"image\":{\"@id\":\"https:\\\/\\\/fmpatagoniamadryn.com.ar\\\/?p=17011#primaryimage\"},\"thumbnailUrl\":\"https:\\\/\\\/fmpatagoniamadryn.com.ar\\\/wp-content\\\/uploads\\\/2025\\\/07\\\/8beb1bc3-90df-4f09-8829-380733787280-1.jpg\",\"datePublished\":\"2025-07-06T19:31:27+00:00\",\"breadcrumb\":{\"@id\":\"https:\\\/\\\/fmpatagoniamadryn.com.ar\\\/?p=17011#breadcrumb\"},\"inLanguage\":\"es\",\"potentialAction\":[{\"@type\":\"ReadAction\",\"target\":[\"https:\\\/\\\/fmpatagoniamadryn.com.ar\\\/?p=17011\"]}]},{\"@type\":\"ImageObject\",\"inLanguage\":\"es\",\"@id\":\"https:\\\/\\\/fmpatagoniamadryn.com.ar\\\/?p=17011#primaryimage\",\"url\":\"https:\\\/\\\/fmpatagoniamadryn.com.ar\\\/wp-content\\\/uploads\\\/2025\\\/07\\\/8beb1bc3-90df-4f09-8829-380733787280-1.jpg\",\"contentUrl\":\"https:\\\/\\\/fmpatagoniamadryn.com.ar\\\/wp-content\\\/uploads\\\/2025\\\/07\\\/8beb1bc3-90df-4f09-8829-380733787280-1.jpg\",\"width\":1600,\"height\":1200},{\"@type\":\"BreadcrumbList\",\"@id\":\"https:\\\/\\\/fmpatagoniamadryn.com.ar\\\/?p=17011#breadcrumb\",\"itemListElement\":[{\"@type\":\"ListItem\",\"position\":1,\"name\":\"Portada\",\"item\":\"https:\\\/\\\/fmpatagoniamadryn.com.ar\\\/\"},{\"@type\":\"ListItem\",\"position\":2,\"name\":\"Provincia y Puerto Madryn impulsan nuevos talleres de formaci\u00f3n laboral en la ciudad del Golfo Nuevo\"}]},{\"@type\":\"WebSite\",\"@id\":\"https:\\\/\\\/fmpatagoniamadryn.com.ar\\\/#website\",\"url\":\"https:\\\/\\\/fmpatagoniamadryn.com.ar\\\/\",\"name\":\"FM Patagonia Madryn\",\"description\":\"Radio Patagonia 105.5\",\"publisher\":{\"@id\":\"https:\\\/\\\/fmpatagoniamadryn.com.ar\\\/#organization\"},\"potentialAction\":[{\"@type\":\"SearchAction\",\"target\":{\"@type\":\"EntryPoint\",\"urlTemplate\":\"https:\\\/\\\/fmpatagoniamadryn.com.ar\\\/?s={search_term_string}\"},\"query-input\":{\"@type\":\"PropertyValueSpecification\",\"valueRequired\":true,\"valueName\":\"search_term_string\"}}],\"inLanguage\":\"es\"},{\"@type\":\"Organization\",\"@id\":\"https:\\\/\\\/fmpatagoniamadryn.com.ar\\\/#organization\",\"name\":\"FM Patagonia Madryn\",\"url\":\"https:\\\/\\\/fmpatagoniamadryn.com.ar\\\/\",\"logo\":{\"@type\":\"ImageObject\",\"inLanguage\":\"es\",\"@id\":\"https:\\\/\\\/fmpatagoniamadryn.com.ar\\\/#\\\/schema\\\/logo\\\/image\\\/\",\"url\":\"https:\\\/\\\/fmpatagoniamadryn.com.ar\\\/wp-content\\\/uploads\\\/2023\\\/01\\\/cropped-Diseno-sin-titulo.png\",\"contentUrl\":\"https:\\\/\\\/fmpatagoniamadryn.com.ar\\\/wp-content\\\/uploads\\\/2023\\\/01\\\/cropped-Diseno-sin-titulo.png\",\"width\":6911,\"height\":2657,\"caption\":\"FM Patagonia Madryn\"},\"image\":{\"@id\":\"https:\\\/\\\/fmpatagoniamadryn.com.ar\\\/#\\\/schema\\\/logo\\\/image\\\/\"}},{\"@type\":\"Person\",\"@id\":\"https:\\\/\\\/fmpatagoniamadryn.com.ar\\\/#\\\/schema\\\/person\\\/8a3de4ad7efceacab06c1641c50303b7\",\"name\":\"FM Patagonia\",\"url\":\"https:\\\/\\\/fmpatagoniamadryn.com.ar\\\/?author=2\"}]}<\/script>\n<!-- \/ Yoast SEO plugin. -->","yoast_head_json":{"title":"Provincia y Puerto Madryn impulsan nuevos talleres de formaci\u00f3n laboral en la ciudad del Golfo Nuevo - FM Patagonia Madryn","robots":{"index":"index","follow":"follow","max-snippet":"max-snippet:-1","max-image-preview":"max-image-preview:large","max-video-preview":"max-video-preview:-1"},"canonical":"https:\/\/fmpatagoniamadryn.com.ar\/?p=17011","og_locale":"es_ES","og_type":"article","og_title":"Provincia y Puerto Madryn impulsan nuevos talleres de formaci\u00f3n laboral en la ciudad del Golfo Nuevo - FM Patagonia Madryn","og_description":"Se trata de una propuesta que busca generar posibilidades concretas de capacitaci\u00f3n y empleo para los vecinos de la localidad portuaria. Se iniciaron capacitaciones en oficios textiles, metal\u00fargicos y de&hellip;","og_url":"https:\/\/fmpatagoniamadryn.com.ar\/?p=17011","og_site_name":"FM Patagonia Madryn","article_published_time":"2025-07-06T19:31:27+00:00","og_image":[{"width":1600,"height":1200,"url":"https:\/\/fmpatagoniamadryn.com.ar\/wp-content\/uploads\/2025\/07\/8beb1bc3-90df-4f09-8829-380733787280-1.jpg","type":"image\/jpeg"}],"author":"FM Patagonia","twitter_card":"summary_large_image","twitter_misc":{"Escrito por":"FM Patagonia","Tiempo de lectura":"2 minutos"},"schema":{"@context":"https:\/\/schema.org","@graph":[{"@type":"Article","@id":"https:\/\/fmpatagoniamadryn.com.ar\/?p=17011#article","isPartOf":{"@id":"https:\/\/fmpatagoniamadryn.com.ar\/?p=17011"},"author":{"name":"FM Patagonia","@id":"https:\/\/fmpatagoniamadryn.com.ar\/#\/schema\/person\/8a3de4ad7efceacab06c1641c50303b7"},"headline":"Provincia y Puerto Madryn impulsan nuevos talleres de formaci\u00f3n laboral en la ciudad del Golfo Nuevo","datePublished":"2025-07-06T19:31:27+00:00","mainEntityOfPage":{"@id":"https:\/\/fmpatagoniamadryn.com.ar\/?p=17011"},"wordCount":434,"publisher":{"@id":"https:\/\/fmpatagoniamadryn.com.ar\/#organization"},"image":{"@id":"https:\/\/fmpatagoniamadryn.com.ar\/?p=17011#primaryimage"},"thumbnailUrl":"https:\/\/fmpatagoniamadryn.com.ar\/wp-content\/uploads\/2025\/07\/8beb1bc3-90df-4f09-8829-380733787280-1.jpg","articleSection":["Provinciales"],"inLanguage":"es"},{"@type":"WebPage","@id":"https:\/\/fmpatagoniamadryn.com.ar\/?p=17011","url":"https:\/\/fmpatagoniamadryn.com.ar\/?p=17011","name":"Provincia y Puerto Madryn impulsan nuevos talleres de formaci\u00f3n laboral en la ciudad del Golfo Nuevo - FM Patagonia Madryn","isPartOf":{"@id":"https:\/\/fmpatagoniamadryn.com.ar\/#website"},"primaryImageOfPage":{"@id":"https:\/\/fmpatagoniamadryn.com.ar\/?p=17011#primaryimage"},"image":{"@id":"https:\/\/fmpatagoniamadryn.com.ar\/?p=17011#primaryimage"},"thumbnailUrl":"https:\/\/fmpatagoniamadryn.com.ar\/wp-content\/uploads\/2025\/07\/8beb1bc3-90df-4f09-8829-380733787280-1.jpg","datePublished":"2025-07-06T19:31:27+00:00","breadcrumb":{"@id":"https:\/\/fmpatagoniamadryn.com.ar\/?p=17011#breadcrumb"},"inLanguage":"es","potentialAction":[{"@type":"ReadAction","target":["https:\/\/fmpatagoniamadryn.com.ar\/?p=17011"]}]},{"@type":"ImageObject","inLanguage":"es","@id":"https:\/\/fmpatagoniamadryn.com.ar\/?p=17011#primaryimage","url":"https:\/\/fmpatagoniamadryn.com.ar\/wp-content\/uploads\/2025\/07\/8beb1bc3-90df-4f09-8829-380733787280-1.jpg","contentUrl":"https:\/\/fmpatagoniamadryn.com.ar\/wp-content\/uploads\/2025\/07\/8beb1bc3-90df-4f09-8829-380733787280-1.jpg","width":1600,"height":1200},{"@type":"BreadcrumbList","@id":"https:\/\/fmpatagoniamadryn.com.ar\/?p=17011#breadcrumb","itemListElement":[{"@type":"ListItem","position":1,"name":"Portada","item":"https:\/\/fmpatagoniamadryn.com.ar\/"},{"@type":"ListItem","position":2,"name":"Provincia y Puerto Madryn impulsan nuevos talleres de formaci\u00f3n laboral en la ciudad del Golfo Nuevo"}]},{"@type":"WebSite","@id":"https:\/\/fmpatagoniamadryn.com.ar\/#website","url":"https:\/\/fmpatagoniamadryn.com.ar\/","name":"FM Patagonia Madryn","description":"Radio Patagonia 105.5","publisher":{"@id":"https:\/\/fmpatagoniamadryn.com.ar\/#organization"},"potentialAction":[{"@type":"SearchAction","target":{"@type":"EntryPoint","urlTemplate":"https:\/\/fmpatagoniamadryn.com.ar\/?s={search_term_string}"},"query-input":{"@type":"PropertyValueSpecification","valueRequired":true,"valueName":"search_term_string"}}],"inLanguage":"es"},{"@type":"Organization","@id":"https:\/\/fmpatagoniamadryn.com.ar\/#organization","name":"FM Patagonia Madryn","url":"https:\/\/fmpatagoniamadryn.com.ar\/","logo":{"@type":"ImageObject","inLanguage":"es","@id":"https:\/\/fmpatagoniamadryn.com.ar\/#\/schema\/logo\/image\/","url":"https:\/\/fmpatagoniamadryn.com.ar\/wp-content\/uploads\/2023\/01\/cropped-Diseno-sin-titulo.png","contentUrl":"https:\/\/fmpatagoniamadryn.com.ar\/wp-content\/uploads\/2023\/01\/cropped-Diseno-sin-titulo.png","width":6911,"height":2657,"caption":"FM Patagonia Madryn"},"image":{"@id":"https:\/\/fmpatagoniamadryn.com.ar\/#\/schema\/logo\/image\/"}},{"@type":"Person","@id":"https:\/\/fmpatagoniamadryn.com.ar\/#\/schema\/person\/8a3de4ad7efceacab06c1641c50303b7","name":"FM Patagonia","url":"https:\/\/fmpatagoniamadryn.com.ar\/?author=2"}]}},"jetpack_featured_media_url":"https:\/\/fmpatagoniamadryn.com.ar\/wp-content\/uploads\/2025\/07\/8beb1bc3-90df-4f09-8829-380733787280-1.jpg","_links":{"self":[{"href":"https:\/\/fmpatagoniamadryn.com.ar\/index.php?rest_route=\/wp\/v2\/posts\/17011","targetHints":{"allow":["GET"]}}],"collection":[{"href":"https:\/\/fmpatagoniamadryn.com.ar\/index.php?rest_route=\/wp\/v2\/posts"}],"about":[{"href":"https:\/\/fmpatagoniamadryn.com.ar\/index.php?rest_route=\/wp\/v2\/types\/post"}],"author":[{"embeddable":true,"href":"https:\/\/fmpatagoniamadryn.com.ar\/index.php?rest_route=\/wp\/v2\/users\/2"}],"replies":[{"embeddable":true,"href":"https:\/\/fmpatagoniamadryn.com.ar\/index.php?rest_route=%2Fwp%2Fv2%2Fcomments&post=17011"}],"version-history":[{"count":1,"href":"https:\/\/fmpatagoniamadryn.com.ar\/index.php?rest_route=\/wp\/v2\/posts\/17011\/revisions"}],"predecessor-version":[{"id":17012,"href":"https:\/\/fmpatagoniamadryn.com.ar\/index.php?rest_route=\/wp\/v2\/posts\/17011\/revisions\/17012"}],"wp:featuredmedia":[{"embeddable":true,"href":"https:\/\/fmpatagoniamadryn.com.ar\/index.php?rest_route=\/wp\/v2\/media\/17010"}],"wp:attachment":[{"href":"https:\/\/fmpatagoniamadryn.com.ar\/index.php?rest_route=%2Fwp%2Fv2%2Fmedia&parent=17011"}],"wp:term":[{"taxonomy":"category","embeddable":true,"href":"https:\/\/fmpatagoniamadryn.com.ar\/index.php?rest_route=%2Fwp%2Fv2%2Fcategories&post=17011"},{"taxonomy":"post_tag","embeddable":true,"href":"https:\/\/fmpatagoniamadryn.com.ar\/index.php?rest_route=%2Fwp%2Fv2%2Ftags&post=17011"}],"curies":[{"name":"wp","href":"https:\/\/api.w.org\/{rel}","templated":true}]}}