{"id":17020,"date":"2025-07-08T07:23:04","date_gmt":"2025-07-08T10:23:04","guid":{"rendered":"https:\/\/fmpatagoniamadryn.com.ar\/?p=17020"},"modified":"2025-07-08T07:23:04","modified_gmt":"2025-07-08T10:23:04","slug":"el-gobierno-oficializo-la-disolucion-de-vialidad-nacional-y-reestructuro-organismos-de-transporte","status":"publish","type":"post","link":"https:\/\/fmpatagoniamadryn.com.ar\/?p=17020","title":{"rendered":"El Gobierno oficializ\u00f3 la disoluci\u00f3n de Vialidad Nacional y reestructur\u00f3 organismos de transporte"},"content":{"rendered":"\n<p class=\"p1\"><\/p>\n\n\n\n<p class=\"p3\">El Gobierno nacional oficializ\u00f3 la disoluci\u00f3n de Vialidad Nacional y de otros organismos vinculados a la infraestructura vial y la seguridad en el transporte, a trav\u00e9s del Decreto 461\/2025 publicado en el Bolet\u00edn Oficial. La medida fue confirmada tras una jornada de protestas de trabajadores en distintas provincias del pa\u00eds.<\/p>\n\n\n\n<p class=\"p3\">El decreto lleva las firmas del presidente Javier Milei y de los ministros Guillermo Francos (Interior), Luis Caputo (Econom\u00eda) y Patricia Bullrich (Seguridad). A trav\u00e9s de este instrumento, se dispuso la disoluci\u00f3n total de tres organismos clave: la Comisi\u00f3n Nacional del Tr\u00e1nsito y la Seguridad Vial, la Agencia Nacional de Seguridad Vial (ANSV) y la Direcci\u00f3n Nacional de Vialidad (DNV).<\/p>\n\n\n\n<p class=\"p3\">Adem\u00e1s, se anunci\u00f3 una profunda reorganizaci\u00f3n de la Comisi\u00f3n Nacional de Regulaci\u00f3n del Transporte (CNRT), que pasar\u00e1 a denominarse Agencia de Control de Concesiones y Servicios P\u00fablicos de Transporte, y de la Junta de Seguridad en el Transporte, que reducir\u00e1 su alcance y funciones.<\/p>\n\n\n\n<p class=\"p3\">La nueva Agencia depender\u00e1 del Ministerio de Econom\u00eda y tendr\u00e1 amplias facultades, incluyendo la fiscalizaci\u00f3n de contratos de concesi\u00f3n vial, ferroviaria y del transporte terrestre de jurisdicci\u00f3n nacional. Tambi\u00e9n podr\u00e1 aplicar sanciones, conducir investigaciones t\u00e9cnicas y gestionar el cobro de tasas y aranceles por sus tareas de control.<\/p>\n\n\n\n<p class=\"p3\">Por su parte, la Junta de Seguridad en el Transporte se transformar\u00e1 en la Agencia de Investigaci\u00f3n de Accidentes e Incidentes de Aviaci\u00f3n, con funciones limitadas al \u00e1mbito del transporte a\u00e9reo civil, en l\u00ednea con los est\u00e1ndares de la Organizaci\u00f3n de Aviaci\u00f3n Civil Internacional (OACI).<\/p>\n\n\n\n<p class=\"p3\">Seg\u00fan el Ejecutivo, la medida busca optimizar el funcionamiento del Estado, eliminar estructuras administrativas consideradas innecesarias y reducir gastos operativos, bajo criterios de eficiencia, profesionalizaci\u00f3n y control.<\/p>\n\n\n\n<p class=\"p3\">La decisi\u00f3n se adopta a pocas horas del vencimiento de las facultades delegadas para implementar la Ley Bases, previsto para este mi\u00e9rcoles 9 de julio, lo que refuerza el car\u00e1cter urgente y prioritario que el Gobierno otorga a esta reforma<\/p>\n","protected":false},"excerpt":{"rendered":"<p>El Gobierno nacional oficializ\u00f3 la disoluci\u00f3n de Vialidad Nacional y de otros organismos vinculados a la infraestructura vial y la seguridad en el transporte, a trav\u00e9s del Decreto 461\/2025 publicado&hellip; <\/p>\n","protected":false},"author":2,"featured_media":17019,"comment_status":"closed","ping_status":"closed","sticky":false,"template":"","format":"standard","meta":{"footnotes":""},"categories":[2],"tags":[],"class_list":["post-17020","post","type-post","status-publish","format-standard","has-post-thumbnail","hentry","category-politica"],"yoast_head":"<!-- This site is optimized with the Yoast SEO plugin v27.4 - https:\/\/yoast.com\/product\/yoast-seo-wordpress\/ -->\n<title>El Gobierno oficializ\u00f3 la disoluci\u00f3n de Vialidad Nacional y reestructur\u00f3 organismos de transporte - FM Patagonia Madryn<\/title>\n<meta name=\"robots\" content=\"index, follow, max-snippet:-1, max-image-preview:large, max-video-preview:-1\" \/>\n<link rel=\"canonical\" href=\"https:\/\/fmpatagoniamadryn.com.ar\/?p=17020\" \/>\n<meta property=\"og:locale\" content=\"es_ES\" \/>\n<meta property=\"og:type\" content=\"article\" \/>\n<meta property=\"og:title\" content=\"El Gobierno oficializ\u00f3 la disoluci\u00f3n de Vialidad Nacional y reestructur\u00f3 organismos de transporte - FM Patagonia Madryn\" \/>\n<meta property=\"og:description\" content=\"El Gobierno nacional oficializ\u00f3 la disoluci\u00f3n de Vialidad Nacional y de otros organismos vinculados a la infraestructura vial y la seguridad en el transporte, a trav\u00e9s del Decreto 461\/2025 publicado&hellip;\" \/>\n<meta property=\"og:url\" content=\"https:\/\/fmpatagoniamadryn.com.ar\/?p=17020\" \/>\n<meta property=\"og:site_name\" content=\"FM Patagonia Madryn\" \/>\n<meta property=\"article:published_time\" content=\"2025-07-08T10:23:04+00:00\" \/>\n<meta property=\"og:image\" content=\"https:\/\/fmpatagoniamadryn.com.ar\/wp-content\/uploads\/2025\/07\/img_9646-1.jpg\" \/>\n\t<meta property=\"og:image:width\" content=\"470\" \/>\n\t<meta property=\"og:image:height\" content=\"313\" \/>\n\t<meta property=\"og:image:type\" content=\"image\/jpeg\" \/>\n<meta name=\"author\" content=\"FM Patagonia\" \/>\n<meta name=\"twitter:card\" content=\"summary_large_image\" \/>\n<meta name=\"twitter:label1\" content=\"Escrito por\" \/>\n\t<meta name=\"twitter:data1\" content=\"FM Patagonia\" \/>\n\t<meta name=\"twitter:label2\" content=\"Tiempo de lectura\" \/>\n\t<meta name=\"twitter:data2\" content=\"2 minutos\" \/>\n<script type=\"application\/ld+json\" class=\"yoast-schema-graph\">{\"@context\":\"https:\\\/\\\/schema.org\",\"@graph\":[{\"@type\":\"Article\",\"@id\":\"https:\\\/\\\/fmpatagoniamadryn.com.ar\\\/?p=17020#article\",\"isPartOf\":{\"@id\":\"https:\\\/\\\/fmpatagoniamadryn.com.ar\\\/?p=17020\"},\"author\":{\"name\":\"FM Patagonia\",\"@id\":\"https:\\\/\\\/fmpatagoniamadryn.com.ar\\\/#\\\/schema\\\/person\\\/8a3de4ad7efceacab06c1641c50303b7\"},\"headline\":\"El Gobierno oficializ\u00f3 la disoluci\u00f3n de Vialidad Nacional y reestructur\u00f3 organismos de transporte\",\"datePublished\":\"2025-07-08T10:23:04+00:00\",\"mainEntityOfPage\":{\"@id\":\"https:\\\/\\\/fmpatagoniamadryn.com.ar\\\/?p=17020\"},\"wordCount\":359,\"publisher\":{\"@id\":\"https:\\\/\\\/fmpatagoniamadryn.com.ar\\\/#organization\"},\"image\":{\"@id\":\"https:\\\/\\\/fmpatagoniamadryn.com.ar\\\/?p=17020#primaryimage\"},\"thumbnailUrl\":\"https:\\\/\\\/fmpatagoniamadryn.com.ar\\\/wp-content\\\/uploads\\\/2025\\\/07\\\/img_9646-1.jpg\",\"articleSection\":[\"Pol\u00edtica\"],\"inLanguage\":\"es\"},{\"@type\":\"WebPage\",\"@id\":\"https:\\\/\\\/fmpatagoniamadryn.com.ar\\\/?p=17020\",\"url\":\"https:\\\/\\\/fmpatagoniamadryn.com.ar\\\/?p=17020\",\"name\":\"El Gobierno oficializ\u00f3 la disoluci\u00f3n de Vialidad Nacional y reestructur\u00f3 organismos de transporte - FM Patagonia Madryn\",\"isPartOf\":{\"@id\":\"https:\\\/\\\/fmpatagoniamadryn.com.ar\\\/#website\"},\"primaryImageOfPage\":{\"@id\":\"https:\\\/\\\/fmpatagoniamadryn.com.ar\\\/?p=17020#primaryimage\"},\"image\":{\"@id\":\"https:\\\/\\\/fmpatagoniamadryn.com.ar\\\/?p=17020#primaryimage\"},\"thumbnailUrl\":\"https:\\\/\\\/fmpatagoniamadryn.com.ar\\\/wp-content\\\/uploads\\\/2025\\\/07\\\/img_9646-1.jpg\",\"datePublished\":\"2025-07-08T10:23:04+00:00\",\"breadcrumb\":{\"@id\":\"https:\\\/\\\/fmpatagoniamadryn.com.ar\\\/?p=17020#breadcrumb\"},\"inLanguage\":\"es\",\"potentialAction\":[{\"@type\":\"ReadAction\",\"target\":[\"https:\\\/\\\/fmpatagoniamadryn.com.ar\\\/?p=17020\"]}]},{\"@type\":\"ImageObject\",\"inLanguage\":\"es\",\"@id\":\"https:\\\/\\\/fmpatagoniamadryn.com.ar\\\/?p=17020#primaryimage\",\"url\":\"https:\\\/\\\/fmpatagoniamadryn.com.ar\\\/wp-content\\\/uploads\\\/2025\\\/07\\\/img_9646-1.jpg\",\"contentUrl\":\"https:\\\/\\\/fmpatagoniamadryn.com.ar\\\/wp-content\\\/uploads\\\/2025\\\/07\\\/img_9646-1.jpg\",\"width\":470,\"height\":313},{\"@type\":\"BreadcrumbList\",\"@id\":\"https:\\\/\\\/fmpatagoniamadryn.com.ar\\\/?p=17020#breadcrumb\",\"itemListElement\":[{\"@type\":\"ListItem\",\"position\":1,\"name\":\"Portada\",\"item\":\"https:\\\/\\\/fmpatagoniamadryn.com.ar\\\/\"},{\"@type\":\"ListItem\",\"position\":2,\"name\":\"El Gobierno oficializ\u00f3 la disoluci\u00f3n de Vialidad Nacional y reestructur\u00f3 organismos de transporte\"}]},{\"@type\":\"WebSite\",\"@id\":\"https:\\\/\\\/fmpatagoniamadryn.com.ar\\\/#website\",\"url\":\"https:\\\/\\\/fmpatagoniamadryn.com.ar\\\/\",\"name\":\"FM Patagonia Madryn\",\"description\":\"Radio Patagonia 105.5\",\"publisher\":{\"@id\":\"https:\\\/\\\/fmpatagoniamadryn.com.ar\\\/#organization\"},\"potentialAction\":[{\"@type\":\"SearchAction\",\"target\":{\"@type\":\"EntryPoint\",\"urlTemplate\":\"https:\\\/\\\/fmpatagoniamadryn.com.ar\\\/?s={search_term_string}\"},\"query-input\":{\"@type\":\"PropertyValueSpecification\",\"valueRequired\":true,\"valueName\":\"search_term_string\"}}],\"inLanguage\":\"es\"},{\"@type\":\"Organization\",\"@id\":\"https:\\\/\\\/fmpatagoniamadryn.com.ar\\\/#organization\",\"name\":\"FM Patagonia Madryn\",\"url\":\"https:\\\/\\\/fmpatagoniamadryn.com.ar\\\/\",\"logo\":{\"@type\":\"ImageObject\",\"inLanguage\":\"es\",\"@id\":\"https:\\\/\\\/fmpatagoniamadryn.com.ar\\\/#\\\/schema\\\/logo\\\/image\\\/\",\"url\":\"https:\\\/\\\/fmpatagoniamadryn.com.ar\\\/wp-content\\\/uploads\\\/2023\\\/01\\\/cropped-Diseno-sin-titulo.png\",\"contentUrl\":\"https:\\\/\\\/fmpatagoniamadryn.com.ar\\\/wp-content\\\/uploads\\\/2023\\\/01\\\/cropped-Diseno-sin-titulo.png\",\"width\":6911,\"height\":2657,\"caption\":\"FM Patagonia Madryn\"},\"image\":{\"@id\":\"https:\\\/\\\/fmpatagoniamadryn.com.ar\\\/#\\\/schema\\\/logo\\\/image\\\/\"}},{\"@type\":\"Person\",\"@id\":\"https:\\\/\\\/fmpatagoniamadryn.com.ar\\\/#\\\/schema\\\/person\\\/8a3de4ad7efceacab06c1641c50303b7\",\"name\":\"FM Patagonia\",\"url\":\"https:\\\/\\\/fmpatagoniamadryn.com.ar\\\/?author=2\"}]}<\/script>\n<!-- \/ Yoast SEO plugin. -->","yoast_head_json":{"title":"El Gobierno oficializ\u00f3 la disoluci\u00f3n de Vialidad Nacional y reestructur\u00f3 organismos de transporte - FM Patagonia Madryn","robots":{"index":"index","follow":"follow","max-snippet":"max-snippet:-1","max-image-preview":"max-image-preview:large","max-video-preview":"max-video-preview:-1"},"canonical":"https:\/\/fmpatagoniamadryn.com.ar\/?p=17020","og_locale":"es_ES","og_type":"article","og_title":"El Gobierno oficializ\u00f3 la disoluci\u00f3n de Vialidad Nacional y reestructur\u00f3 organismos de transporte - FM Patagonia Madryn","og_description":"El Gobierno nacional oficializ\u00f3 la disoluci\u00f3n de Vialidad Nacional y de otros organismos vinculados a la infraestructura vial y la seguridad en el transporte, a trav\u00e9s del Decreto 461\/2025 publicado&hellip;","og_url":"https:\/\/fmpatagoniamadryn.com.ar\/?p=17020","og_site_name":"FM Patagonia Madryn","article_published_time":"2025-07-08T10:23:04+00:00","og_image":[{"width":470,"height":313,"url":"https:\/\/fmpatagoniamadryn.com.ar\/wp-content\/uploads\/2025\/07\/img_9646-1.jpg","type":"image\/jpeg"}],"author":"FM Patagonia","twitter_card":"summary_large_image","twitter_misc":{"Escrito por":"FM Patagonia","Tiempo de lectura":"2 minutos"},"schema":{"@context":"https:\/\/schema.org","@graph":[{"@type":"Article","@id":"https:\/\/fmpatagoniamadryn.com.ar\/?p=17020#article","isPartOf":{"@id":"https:\/\/fmpatagoniamadryn.com.ar\/?p=17020"},"author":{"name":"FM Patagonia","@id":"https:\/\/fmpatagoniamadryn.com.ar\/#\/schema\/person\/8a3de4ad7efceacab06c1641c50303b7"},"headline":"El Gobierno oficializ\u00f3 la disoluci\u00f3n de Vialidad Nacional y reestructur\u00f3 organismos de transporte","datePublished":"2025-07-08T10:23:04+00:00","mainEntityOfPage":{"@id":"https:\/\/fmpatagoniamadryn.com.ar\/?p=17020"},"wordCount":359,"publisher":{"@id":"https:\/\/fmpatagoniamadryn.com.ar\/#organization"},"image":{"@id":"https:\/\/fmpatagoniamadryn.com.ar\/?p=17020#primaryimage"},"thumbnailUrl":"https:\/\/fmpatagoniamadryn.com.ar\/wp-content\/uploads\/2025\/07\/img_9646-1.jpg","articleSection":["Pol\u00edtica"],"inLanguage":"es"},{"@type":"WebPage","@id":"https:\/\/fmpatagoniamadryn.com.ar\/?p=17020","url":"https:\/\/fmpatagoniamadryn.com.ar\/?p=17020","name":"El Gobierno oficializ\u00f3 la disoluci\u00f3n de Vialidad Nacional y reestructur\u00f3 organismos de transporte - FM Patagonia Madryn","isPartOf":{"@id":"https:\/\/fmpatagoniamadryn.com.ar\/#website"},"primaryImageOfPage":{"@id":"https:\/\/fmpatagoniamadryn.com.ar\/?p=17020#primaryimage"},"image":{"@id":"https:\/\/fmpatagoniamadryn.com.ar\/?p=17020#primaryimage"},"thumbnailUrl":"https:\/\/fmpatagoniamadryn.com.ar\/wp-content\/uploads\/2025\/07\/img_9646-1.jpg","datePublished":"2025-07-08T10:23:04+00:00","breadcrumb":{"@id":"https:\/\/fmpatagoniamadryn.com.ar\/?p=17020#breadcrumb"},"inLanguage":"es","potentialAction":[{"@type":"ReadAction","target":["https:\/\/fmpatagoniamadryn.com.ar\/?p=17020"]}]},{"@type":"ImageObject","inLanguage":"es","@id":"https:\/\/fmpatagoniamadryn.com.ar\/?p=17020#primaryimage","url":"https:\/\/fmpatagoniamadryn.com.ar\/wp-content\/uploads\/2025\/07\/img_9646-1.jpg","contentUrl":"https:\/\/fmpatagoniamadryn.com.ar\/wp-content\/uploads\/2025\/07\/img_9646-1.jpg","width":470,"height":313},{"@type":"BreadcrumbList","@id":"https:\/\/fmpatagoniamadryn.com.ar\/?p=17020#breadcrumb","itemListElement":[{"@type":"ListItem","position":1,"name":"Portada","item":"https:\/\/fmpatagoniamadryn.com.ar\/"},{"@type":"ListItem","position":2,"name":"El Gobierno oficializ\u00f3 la disoluci\u00f3n de Vialidad Nacional y reestructur\u00f3 organismos de transporte"}]},{"@type":"WebSite","@id":"https:\/\/fmpatagoniamadryn.com.ar\/#website","url":"https:\/\/fmpatagoniamadryn.com.ar\/","name":"FM Patagonia Madryn","description":"Radio Patagonia 105.5","publisher":{"@id":"https:\/\/fmpatagoniamadryn.com.ar\/#organization"},"potentialAction":[{"@type":"SearchAction","target":{"@type":"EntryPoint","urlTemplate":"https:\/\/fmpatagoniamadryn.com.ar\/?s={search_term_string}"},"query-input":{"@type":"PropertyValueSpecification","valueRequired":true,"valueName":"search_term_string"}}],"inLanguage":"es"},{"@type":"Organization","@id":"https:\/\/fmpatagoniamadryn.com.ar\/#organization","name":"FM Patagonia Madryn","url":"https:\/\/fmpatagoniamadryn.com.ar\/","logo":{"@type":"ImageObject","inLanguage":"es","@id":"https:\/\/fmpatagoniamadryn.com.ar\/#\/schema\/logo\/image\/","url":"https:\/\/fmpatagoniamadryn.com.ar\/wp-content\/uploads\/2023\/01\/cropped-Diseno-sin-titulo.png","contentUrl":"https:\/\/fmpatagoniamadryn.com.ar\/wp-content\/uploads\/2023\/01\/cropped-Diseno-sin-titulo.png","width":6911,"height":2657,"caption":"FM Patagonia Madryn"},"image":{"@id":"https:\/\/fmpatagoniamadryn.com.ar\/#\/schema\/logo\/image\/"}},{"@type":"Person","@id":"https:\/\/fmpatagoniamadryn.com.ar\/#\/schema\/person\/8a3de4ad7efceacab06c1641c50303b7","name":"FM Patagonia","url":"https:\/\/fmpatagoniamadryn.com.ar\/?author=2"}]}},"jetpack_featured_media_url":"https:\/\/fmpatagoniamadryn.com.ar\/wp-content\/uploads\/2025\/07\/img_9646-1.jpg","_links":{"self":[{"href":"https:\/\/fmpatagoniamadryn.com.ar\/index.php?rest_route=\/wp\/v2\/posts\/17020","targetHints":{"allow":["GET"]}}],"collection":[{"href":"https:\/\/fmpatagoniamadryn.com.ar\/index.php?rest_route=\/wp\/v2\/posts"}],"about":[{"href":"https:\/\/fmpatagoniamadryn.com.ar\/index.php?rest_route=\/wp\/v2\/types\/post"}],"author":[{"embeddable":true,"href":"https:\/\/fmpatagoniamadryn.com.ar\/index.php?rest_route=\/wp\/v2\/users\/2"}],"replies":[{"embeddable":true,"href":"https:\/\/fmpatagoniamadryn.com.ar\/index.php?rest_route=%2Fwp%2Fv2%2Fcomments&post=17020"}],"version-history":[{"count":1,"href":"https:\/\/fmpatagoniamadryn.com.ar\/index.php?rest_route=\/wp\/v2\/posts\/17020\/revisions"}],"predecessor-version":[{"id":17021,"href":"https:\/\/fmpatagoniamadryn.com.ar\/index.php?rest_route=\/wp\/v2\/posts\/17020\/revisions\/17021"}],"wp:featuredmedia":[{"embeddable":true,"href":"https:\/\/fmpatagoniamadryn.com.ar\/index.php?rest_route=\/wp\/v2\/media\/17019"}],"wp:attachment":[{"href":"https:\/\/fmpatagoniamadryn.com.ar\/index.php?rest_route=%2Fwp%2Fv2%2Fmedia&parent=17020"}],"wp:term":[{"taxonomy":"category","embeddable":true,"href":"https:\/\/fmpatagoniamadryn.com.ar\/index.php?rest_route=%2Fwp%2Fv2%2Fcategories&post=17020"},{"taxonomy":"post_tag","embeddable":true,"href":"https:\/\/fmpatagoniamadryn.com.ar\/index.php?rest_route=%2Fwp%2Fv2%2Ftags&post=17020"}],"curies":[{"name":"wp","href":"https:\/\/api.w.org\/{rel}","templated":true}]}}