{"id":17123,"date":"2025-07-16T17:02:29","date_gmt":"2025-07-16T20:02:29","guid":{"rendered":"https:\/\/fmpatagoniamadryn.com.ar\/?p=17123"},"modified":"2025-07-16T17:02:29","modified_gmt":"2025-07-16T20:02:29","slug":"chubut-participo-del-primer-congreso-nacional-de-puntos-focales-sobre-trata-de-personas","status":"publish","type":"post","link":"https:\/\/fmpatagoniamadryn.com.ar\/?p=17123","title":{"rendered":"Chubut particip\u00f3 del Primer Congreso Nacional de Puntos Focales sobre Trata de Personas"},"content":{"rendered":"\n<p><\/p>\n\n\n\n<p><em>Se realiz\u00f3 en Chaco reuniendo a referentes de la tem\u00e1tica de todo el pa\u00eds.<\/em><\/p>\n\n\n\n<p>El Gobierno del Chubut tuvo una activa participaci\u00f3n en el Primer Encuentro Nacional de Puntos Focales sobre Trata de Personas que reuni\u00f3 en la ciudad de Resistencia, en Chaco, a referentes de la materia de todo el pa\u00eds para fortalecer el trabajo conjunto entre organismos nacionales y provinciales en lo referido a prevenci\u00f3n, asistencia y persecuci\u00f3n de este delito con el fin de resguardar los derechos humanos.<\/p>\n\n\n\n<p>El encuentro, desarrollado en el marco del D\u00eda Mundial contra la Trata que se conmemora cada 30 de julio, cont\u00f3 con la participaci\u00f3n de autoridades del Comit\u00e9 Ejecutivo de Lucha contra la Trata y Explotaci\u00f3n de Personas, as\u00ed como tambi\u00e9n con representantes de los Poderes Ejecutivo, Legislativo y Judicial.<\/p>\n\n\n\n<p>El cronograma de trabajo incluy\u00f3 palabras de apertura de la subsecretaria de G\u00e9nero y Diversidad del Chaco, Sonia Valenzuela; exponiendo adem\u00e1s el Defensor Oficial Federal de V\u00edctimas, Gustavo Vargas; y la Directora Operativa del Comit\u00e9 Ejecutivo de Lucha contra la Trata y Explotaci\u00f3n de Personas, Ver\u00f3nica Toller.<\/p>\n\n\n\n<p>Adem\u00e1s entre las disertaciones se destac\u00f3 la brindada por la jueza federal Zunilda Niremperger, quien tuvo a cargo el cierre del encuentro nacional.<\/p>\n\n\n\n<p>Asimismo se desarrollaron actividades interactivas orientadas a la resoluci\u00f3n de casos pr\u00e1cticos, incluyendo simulaciones y talleres de dilemas \u00e9ticos, con amplia participaci\u00f3n de los presentes.<\/p>\n\n\n\n<p>La gesti\u00f3n del gobernador del Chubut Ignacio \u00abNacho\u00bb Torres viene trabajando activamente en distintas capacitaciones centradas en la lucha contra la trata de personas, por lo que la participaci\u00f3n en este congreso nacional refuerza las pol\u00edticas que en ese sentido y a trav\u00e9s del Ministerio de Desarrollo Humano se vienen implementando en todo el territorio provincial.<\/p>\n\n\n\n<p>Por eso desde el \u00e1rea que conduce la ministra Florencia Papaiani se resalt\u00f3 la importancia de estos espacios para el fortalecimiento de esas pol\u00edticas orientadas a la erradicaci\u00f3n de la trata de personas en todo el territorio nacional.<\/p>\n","protected":false},"excerpt":{"rendered":"<p>Se realiz\u00f3 en Chaco reuniendo a referentes de la tem\u00e1tica de todo el pa\u00eds. El Gobierno del Chubut tuvo una activa participaci\u00f3n en el Primer Encuentro Nacional de Puntos Focales&hellip; <\/p>\n","protected":false},"author":2,"featured_media":17122,"comment_status":"closed","ping_status":"closed","sticky":false,"template":"","format":"standard","meta":{"footnotes":""},"categories":[14],"tags":[],"class_list":["post-17123","post","type-post","status-publish","format-standard","has-post-thumbnail","hentry","category-provinciales"],"yoast_head":"<!-- This site is optimized with the Yoast SEO plugin v27.4 - https:\/\/yoast.com\/product\/yoast-seo-wordpress\/ -->\n<title>Chubut particip\u00f3 del Primer Congreso Nacional de Puntos Focales sobre Trata de Personas - FM Patagonia Madryn<\/title>\n<meta name=\"robots\" content=\"index, follow, max-snippet:-1, max-image-preview:large, max-video-preview:-1\" \/>\n<link rel=\"canonical\" href=\"https:\/\/fmpatagoniamadryn.com.ar\/?p=17123\" \/>\n<meta property=\"og:locale\" content=\"es_ES\" \/>\n<meta property=\"og:type\" content=\"article\" \/>\n<meta property=\"og:title\" content=\"Chubut particip\u00f3 del Primer Congreso Nacional de Puntos Focales sobre Trata de Personas - FM Patagonia Madryn\" \/>\n<meta property=\"og:description\" content=\"Se realiz\u00f3 en Chaco reuniendo a referentes de la tem\u00e1tica de todo el pa\u00eds. El Gobierno del Chubut tuvo una activa participaci\u00f3n en el Primer Encuentro Nacional de Puntos Focales&hellip;\" \/>\n<meta property=\"og:url\" content=\"https:\/\/fmpatagoniamadryn.com.ar\/?p=17123\" \/>\n<meta property=\"og:site_name\" content=\"FM Patagonia Madryn\" \/>\n<meta property=\"article:published_time\" content=\"2025-07-16T20:02:29+00:00\" \/>\n<meta property=\"og:image\" content=\"https:\/\/fmpatagoniamadryn.com.ar\/wp-content\/uploads\/2025\/07\/a2e572cd-d8ff-4aca-9fe5-8caff0b58f37-1.jpg\" \/>\n\t<meta property=\"og:image:width\" content=\"1600\" \/>\n\t<meta property=\"og:image:height\" content=\"1066\" \/>\n\t<meta property=\"og:image:type\" content=\"image\/jpeg\" \/>\n<meta name=\"author\" content=\"FM Patagonia\" \/>\n<meta name=\"twitter:card\" content=\"summary_large_image\" \/>\n<meta name=\"twitter:label1\" content=\"Escrito por\" \/>\n\t<meta name=\"twitter:data1\" content=\"FM Patagonia\" \/>\n\t<meta name=\"twitter:label2\" content=\"Tiempo de lectura\" \/>\n\t<meta name=\"twitter:data2\" content=\"2 minutos\" \/>\n<script type=\"application\/ld+json\" class=\"yoast-schema-graph\">{\"@context\":\"https:\\\/\\\/schema.org\",\"@graph\":[{\"@type\":\"Article\",\"@id\":\"https:\\\/\\\/fmpatagoniamadryn.com.ar\\\/?p=17123#article\",\"isPartOf\":{\"@id\":\"https:\\\/\\\/fmpatagoniamadryn.com.ar\\\/?p=17123\"},\"author\":{\"name\":\"FM Patagonia\",\"@id\":\"https:\\\/\\\/fmpatagoniamadryn.com.ar\\\/#\\\/schema\\\/person\\\/8a3de4ad7efceacab06c1641c50303b7\"},\"headline\":\"Chubut particip\u00f3 del Primer Congreso Nacional de Puntos Focales sobre Trata de Personas\",\"datePublished\":\"2025-07-16T20:02:29+00:00\",\"mainEntityOfPage\":{\"@id\":\"https:\\\/\\\/fmpatagoniamadryn.com.ar\\\/?p=17123\"},\"wordCount\":356,\"publisher\":{\"@id\":\"https:\\\/\\\/fmpatagoniamadryn.com.ar\\\/#organization\"},\"image\":{\"@id\":\"https:\\\/\\\/fmpatagoniamadryn.com.ar\\\/?p=17123#primaryimage\"},\"thumbnailUrl\":\"https:\\\/\\\/fmpatagoniamadryn.com.ar\\\/wp-content\\\/uploads\\\/2025\\\/07\\\/a2e572cd-d8ff-4aca-9fe5-8caff0b58f37-1.jpg\",\"articleSection\":[\"Provinciales\"],\"inLanguage\":\"es\"},{\"@type\":\"WebPage\",\"@id\":\"https:\\\/\\\/fmpatagoniamadryn.com.ar\\\/?p=17123\",\"url\":\"https:\\\/\\\/fmpatagoniamadryn.com.ar\\\/?p=17123\",\"name\":\"Chubut particip\u00f3 del Primer Congreso Nacional de Puntos Focales sobre Trata de Personas - FM Patagonia Madryn\",\"isPartOf\":{\"@id\":\"https:\\\/\\\/fmpatagoniamadryn.com.ar\\\/#website\"},\"primaryImageOfPage\":{\"@id\":\"https:\\\/\\\/fmpatagoniamadryn.com.ar\\\/?p=17123#primaryimage\"},\"image\":{\"@id\":\"https:\\\/\\\/fmpatagoniamadryn.com.ar\\\/?p=17123#primaryimage\"},\"thumbnailUrl\":\"https:\\\/\\\/fmpatagoniamadryn.com.ar\\\/wp-content\\\/uploads\\\/2025\\\/07\\\/a2e572cd-d8ff-4aca-9fe5-8caff0b58f37-1.jpg\",\"datePublished\":\"2025-07-16T20:02:29+00:00\",\"breadcrumb\":{\"@id\":\"https:\\\/\\\/fmpatagoniamadryn.com.ar\\\/?p=17123#breadcrumb\"},\"inLanguage\":\"es\",\"potentialAction\":[{\"@type\":\"ReadAction\",\"target\":[\"https:\\\/\\\/fmpatagoniamadryn.com.ar\\\/?p=17123\"]}]},{\"@type\":\"ImageObject\",\"inLanguage\":\"es\",\"@id\":\"https:\\\/\\\/fmpatagoniamadryn.com.ar\\\/?p=17123#primaryimage\",\"url\":\"https:\\\/\\\/fmpatagoniamadryn.com.ar\\\/wp-content\\\/uploads\\\/2025\\\/07\\\/a2e572cd-d8ff-4aca-9fe5-8caff0b58f37-1.jpg\",\"contentUrl\":\"https:\\\/\\\/fmpatagoniamadryn.com.ar\\\/wp-content\\\/uploads\\\/2025\\\/07\\\/a2e572cd-d8ff-4aca-9fe5-8caff0b58f37-1.jpg\",\"width\":1600,\"height\":1066},{\"@type\":\"BreadcrumbList\",\"@id\":\"https:\\\/\\\/fmpatagoniamadryn.com.ar\\\/?p=17123#breadcrumb\",\"itemListElement\":[{\"@type\":\"ListItem\",\"position\":1,\"name\":\"Portada\",\"item\":\"https:\\\/\\\/fmpatagoniamadryn.com.ar\\\/\"},{\"@type\":\"ListItem\",\"position\":2,\"name\":\"Chubut particip\u00f3 del Primer Congreso Nacional de Puntos Focales sobre Trata de Personas\"}]},{\"@type\":\"WebSite\",\"@id\":\"https:\\\/\\\/fmpatagoniamadryn.com.ar\\\/#website\",\"url\":\"https:\\\/\\\/fmpatagoniamadryn.com.ar\\\/\",\"name\":\"FM Patagonia Madryn\",\"description\":\"Radio Patagonia 105.5\",\"publisher\":{\"@id\":\"https:\\\/\\\/fmpatagoniamadryn.com.ar\\\/#organization\"},\"potentialAction\":[{\"@type\":\"SearchAction\",\"target\":{\"@type\":\"EntryPoint\",\"urlTemplate\":\"https:\\\/\\\/fmpatagoniamadryn.com.ar\\\/?s={search_term_string}\"},\"query-input\":{\"@type\":\"PropertyValueSpecification\",\"valueRequired\":true,\"valueName\":\"search_term_string\"}}],\"inLanguage\":\"es\"},{\"@type\":\"Organization\",\"@id\":\"https:\\\/\\\/fmpatagoniamadryn.com.ar\\\/#organization\",\"name\":\"FM Patagonia Madryn\",\"url\":\"https:\\\/\\\/fmpatagoniamadryn.com.ar\\\/\",\"logo\":{\"@type\":\"ImageObject\",\"inLanguage\":\"es\",\"@id\":\"https:\\\/\\\/fmpatagoniamadryn.com.ar\\\/#\\\/schema\\\/logo\\\/image\\\/\",\"url\":\"https:\\\/\\\/fmpatagoniamadryn.com.ar\\\/wp-content\\\/uploads\\\/2023\\\/01\\\/cropped-Diseno-sin-titulo.png\",\"contentUrl\":\"https:\\\/\\\/fmpatagoniamadryn.com.ar\\\/wp-content\\\/uploads\\\/2023\\\/01\\\/cropped-Diseno-sin-titulo.png\",\"width\":6911,\"height\":2657,\"caption\":\"FM Patagonia Madryn\"},\"image\":{\"@id\":\"https:\\\/\\\/fmpatagoniamadryn.com.ar\\\/#\\\/schema\\\/logo\\\/image\\\/\"}},{\"@type\":\"Person\",\"@id\":\"https:\\\/\\\/fmpatagoniamadryn.com.ar\\\/#\\\/schema\\\/person\\\/8a3de4ad7efceacab06c1641c50303b7\",\"name\":\"FM Patagonia\",\"url\":\"https:\\\/\\\/fmpatagoniamadryn.com.ar\\\/?author=2\"}]}<\/script>\n<!-- \/ Yoast SEO plugin. -->","yoast_head_json":{"title":"Chubut particip\u00f3 del Primer Congreso Nacional de Puntos Focales sobre Trata de Personas - FM Patagonia Madryn","robots":{"index":"index","follow":"follow","max-snippet":"max-snippet:-1","max-image-preview":"max-image-preview:large","max-video-preview":"max-video-preview:-1"},"canonical":"https:\/\/fmpatagoniamadryn.com.ar\/?p=17123","og_locale":"es_ES","og_type":"article","og_title":"Chubut particip\u00f3 del Primer Congreso Nacional de Puntos Focales sobre Trata de Personas - FM Patagonia Madryn","og_description":"Se realiz\u00f3 en Chaco reuniendo a referentes de la tem\u00e1tica de todo el pa\u00eds. El Gobierno del Chubut tuvo una activa participaci\u00f3n en el Primer Encuentro Nacional de Puntos Focales&hellip;","og_url":"https:\/\/fmpatagoniamadryn.com.ar\/?p=17123","og_site_name":"FM Patagonia Madryn","article_published_time":"2025-07-16T20:02:29+00:00","og_image":[{"width":1600,"height":1066,"url":"https:\/\/fmpatagoniamadryn.com.ar\/wp-content\/uploads\/2025\/07\/a2e572cd-d8ff-4aca-9fe5-8caff0b58f37-1.jpg","type":"image\/jpeg"}],"author":"FM Patagonia","twitter_card":"summary_large_image","twitter_misc":{"Escrito por":"FM Patagonia","Tiempo de lectura":"2 minutos"},"schema":{"@context":"https:\/\/schema.org","@graph":[{"@type":"Article","@id":"https:\/\/fmpatagoniamadryn.com.ar\/?p=17123#article","isPartOf":{"@id":"https:\/\/fmpatagoniamadryn.com.ar\/?p=17123"},"author":{"name":"FM Patagonia","@id":"https:\/\/fmpatagoniamadryn.com.ar\/#\/schema\/person\/8a3de4ad7efceacab06c1641c50303b7"},"headline":"Chubut particip\u00f3 del Primer Congreso Nacional de Puntos Focales sobre Trata de Personas","datePublished":"2025-07-16T20:02:29+00:00","mainEntityOfPage":{"@id":"https:\/\/fmpatagoniamadryn.com.ar\/?p=17123"},"wordCount":356,"publisher":{"@id":"https:\/\/fmpatagoniamadryn.com.ar\/#organization"},"image":{"@id":"https:\/\/fmpatagoniamadryn.com.ar\/?p=17123#primaryimage"},"thumbnailUrl":"https:\/\/fmpatagoniamadryn.com.ar\/wp-content\/uploads\/2025\/07\/a2e572cd-d8ff-4aca-9fe5-8caff0b58f37-1.jpg","articleSection":["Provinciales"],"inLanguage":"es"},{"@type":"WebPage","@id":"https:\/\/fmpatagoniamadryn.com.ar\/?p=17123","url":"https:\/\/fmpatagoniamadryn.com.ar\/?p=17123","name":"Chubut particip\u00f3 del Primer Congreso Nacional de Puntos Focales sobre Trata de Personas - FM Patagonia Madryn","isPartOf":{"@id":"https:\/\/fmpatagoniamadryn.com.ar\/#website"},"primaryImageOfPage":{"@id":"https:\/\/fmpatagoniamadryn.com.ar\/?p=17123#primaryimage"},"image":{"@id":"https:\/\/fmpatagoniamadryn.com.ar\/?p=17123#primaryimage"},"thumbnailUrl":"https:\/\/fmpatagoniamadryn.com.ar\/wp-content\/uploads\/2025\/07\/a2e572cd-d8ff-4aca-9fe5-8caff0b58f37-1.jpg","datePublished":"2025-07-16T20:02:29+00:00","breadcrumb":{"@id":"https:\/\/fmpatagoniamadryn.com.ar\/?p=17123#breadcrumb"},"inLanguage":"es","potentialAction":[{"@type":"ReadAction","target":["https:\/\/fmpatagoniamadryn.com.ar\/?p=17123"]}]},{"@type":"ImageObject","inLanguage":"es","@id":"https:\/\/fmpatagoniamadryn.com.ar\/?p=17123#primaryimage","url":"https:\/\/fmpatagoniamadryn.com.ar\/wp-content\/uploads\/2025\/07\/a2e572cd-d8ff-4aca-9fe5-8caff0b58f37-1.jpg","contentUrl":"https:\/\/fmpatagoniamadryn.com.ar\/wp-content\/uploads\/2025\/07\/a2e572cd-d8ff-4aca-9fe5-8caff0b58f37-1.jpg","width":1600,"height":1066},{"@type":"BreadcrumbList","@id":"https:\/\/fmpatagoniamadryn.com.ar\/?p=17123#breadcrumb","itemListElement":[{"@type":"ListItem","position":1,"name":"Portada","item":"https:\/\/fmpatagoniamadryn.com.ar\/"},{"@type":"ListItem","position":2,"name":"Chubut particip\u00f3 del Primer Congreso Nacional de Puntos Focales sobre Trata de Personas"}]},{"@type":"WebSite","@id":"https:\/\/fmpatagoniamadryn.com.ar\/#website","url":"https:\/\/fmpatagoniamadryn.com.ar\/","name":"FM Patagonia Madryn","description":"Radio Patagonia 105.5","publisher":{"@id":"https:\/\/fmpatagoniamadryn.com.ar\/#organization"},"potentialAction":[{"@type":"SearchAction","target":{"@type":"EntryPoint","urlTemplate":"https:\/\/fmpatagoniamadryn.com.ar\/?s={search_term_string}"},"query-input":{"@type":"PropertyValueSpecification","valueRequired":true,"valueName":"search_term_string"}}],"inLanguage":"es"},{"@type":"Organization","@id":"https:\/\/fmpatagoniamadryn.com.ar\/#organization","name":"FM Patagonia Madryn","url":"https:\/\/fmpatagoniamadryn.com.ar\/","logo":{"@type":"ImageObject","inLanguage":"es","@id":"https:\/\/fmpatagoniamadryn.com.ar\/#\/schema\/logo\/image\/","url":"https:\/\/fmpatagoniamadryn.com.ar\/wp-content\/uploads\/2023\/01\/cropped-Diseno-sin-titulo.png","contentUrl":"https:\/\/fmpatagoniamadryn.com.ar\/wp-content\/uploads\/2023\/01\/cropped-Diseno-sin-titulo.png","width":6911,"height":2657,"caption":"FM Patagonia Madryn"},"image":{"@id":"https:\/\/fmpatagoniamadryn.com.ar\/#\/schema\/logo\/image\/"}},{"@type":"Person","@id":"https:\/\/fmpatagoniamadryn.com.ar\/#\/schema\/person\/8a3de4ad7efceacab06c1641c50303b7","name":"FM Patagonia","url":"https:\/\/fmpatagoniamadryn.com.ar\/?author=2"}]}},"jetpack_featured_media_url":"https:\/\/fmpatagoniamadryn.com.ar\/wp-content\/uploads\/2025\/07\/a2e572cd-d8ff-4aca-9fe5-8caff0b58f37-1.jpg","_links":{"self":[{"href":"https:\/\/fmpatagoniamadryn.com.ar\/index.php?rest_route=\/wp\/v2\/posts\/17123","targetHints":{"allow":["GET"]}}],"collection":[{"href":"https:\/\/fmpatagoniamadryn.com.ar\/index.php?rest_route=\/wp\/v2\/posts"}],"about":[{"href":"https:\/\/fmpatagoniamadryn.com.ar\/index.php?rest_route=\/wp\/v2\/types\/post"}],"author":[{"embeddable":true,"href":"https:\/\/fmpatagoniamadryn.com.ar\/index.php?rest_route=\/wp\/v2\/users\/2"}],"replies":[{"embeddable":true,"href":"https:\/\/fmpatagoniamadryn.com.ar\/index.php?rest_route=%2Fwp%2Fv2%2Fcomments&post=17123"}],"version-history":[{"count":1,"href":"https:\/\/fmpatagoniamadryn.com.ar\/index.php?rest_route=\/wp\/v2\/posts\/17123\/revisions"}],"predecessor-version":[{"id":17124,"href":"https:\/\/fmpatagoniamadryn.com.ar\/index.php?rest_route=\/wp\/v2\/posts\/17123\/revisions\/17124"}],"wp:featuredmedia":[{"embeddable":true,"href":"https:\/\/fmpatagoniamadryn.com.ar\/index.php?rest_route=\/wp\/v2\/media\/17122"}],"wp:attachment":[{"href":"https:\/\/fmpatagoniamadryn.com.ar\/index.php?rest_route=%2Fwp%2Fv2%2Fmedia&parent=17123"}],"wp:term":[{"taxonomy":"category","embeddable":true,"href":"https:\/\/fmpatagoniamadryn.com.ar\/index.php?rest_route=%2Fwp%2Fv2%2Fcategories&post=17123"},{"taxonomy":"post_tag","embeddable":true,"href":"https:\/\/fmpatagoniamadryn.com.ar\/index.php?rest_route=%2Fwp%2Fv2%2Ftags&post=17123"}],"curies":[{"name":"wp","href":"https:\/\/api.w.org\/{rel}","templated":true}]}}