{"id":17129,"date":"2025-07-16T21:43:06","date_gmt":"2025-07-17T00:43:06","guid":{"rendered":"https:\/\/fmpatagoniamadryn.com.ar\/?p=17129"},"modified":"2025-07-16T21:43:06","modified_gmt":"2025-07-17T00:43:06","slug":"ebene-apoyo-el-proyecto-que-preve-la-eximicion-de-iva-para-contrataciones-municipales-en-obra-publica-servicios-y-compra-de-bienes","status":"publish","type":"post","link":"https:\/\/fmpatagoniamadryn.com.ar\/?p=17129","title":{"rendered":"EBENE APOY\u00d3 EL PROYECTO QUE PREV\u00c9 LA EXIMICI\u00d3N DE IVA PARA CONTRATACIONES MUNICIPALES EN OBRA P\u00daBLICA, SERVICIOS Y COMPRA DE BIENES"},"content":{"rendered":"\n<p><br><em>El Viceintendente de Puerto Madryn dialog\u00f3 sobre esta iniciativa legislativa a nivel nacional con el diputado Mart\u00edn Aveiro, autor de la misma, en un encuentro en el que tambi\u00e9n estuvo la diputada Eugenia Alianiello<\/em><\/p>\n\n\n\n<p>En el marco de las distintas gestiones desarrolladas por el viceintendente de Puerto Madryn, Mart\u00edn Ebene, en la Ciudad Aut\u00f3noma de Buenos Aires d\u00edas atr\u00e1s, mantuvo encuentros con distintos legisladores nacionales, dialogando sobre proyectos que tendr\u00edan alcance en nuestra ciudad.&nbsp;<\/p>\n\n\n\n<p>Uno de estos encuentros fue con la diputada nacional Eugenia Alianiello y con Mart\u00edn Aveiro, representante en la C\u00e1mara Baja del Congreso de la Naci\u00f3n por Mendoza.&nbsp;<\/p>\n\n\n\n<p>En esta reuni\u00f3n se dialog\u00f3 sobre un proyecto para eximir del pago de IVA a las contrataciones que haga el Estado municipal para obra p\u00fablica, servicios o compra de bienes. Esto se traducir\u00eda directamente en un descuento del 21% en este tipo de operaciones.<\/p>\n\n\n\n<p>Adem\u00e1s, se proh\u00edbe que estos montos sean deducidos de la coparticipaci\u00f3n, protegiendo los ingresos municipales<\/p>\n","protected":false},"excerpt":{"rendered":"<p>El Viceintendente de Puerto Madryn dialog\u00f3 sobre esta iniciativa legislativa a nivel nacional con el diputado Mart\u00edn Aveiro, autor de la misma, en un encuentro en el que tambi\u00e9n estuvo&hellip; <\/p>\n","protected":false},"author":2,"featured_media":17128,"comment_status":"closed","ping_status":"closed","sticky":false,"template":"","format":"standard","meta":{"footnotes":""},"categories":[15],"tags":[],"class_list":["post-17129","post","type-post","status-publish","format-standard","has-post-thumbnail","hentry","category-locales"],"yoast_head":"<!-- This site is optimized with the Yoast SEO plugin v27.4 - https:\/\/yoast.com\/product\/yoast-seo-wordpress\/ -->\n<title>EBENE APOY\u00d3 EL PROYECTO QUE PREV\u00c9 LA EXIMICI\u00d3N DE IVA PARA CONTRATACIONES MUNICIPALES EN OBRA P\u00daBLICA, SERVICIOS Y COMPRA DE BIENES - FM Patagonia Madryn<\/title>\n<meta name=\"robots\" content=\"index, follow, max-snippet:-1, max-image-preview:large, max-video-preview:-1\" \/>\n<link rel=\"canonical\" href=\"https:\/\/fmpatagoniamadryn.com.ar\/?p=17129\" \/>\n<meta property=\"og:locale\" content=\"es_ES\" \/>\n<meta property=\"og:type\" content=\"article\" \/>\n<meta property=\"og:title\" content=\"EBENE APOY\u00d3 EL PROYECTO QUE PREV\u00c9 LA EXIMICI\u00d3N DE IVA PARA CONTRATACIONES MUNICIPALES EN OBRA P\u00daBLICA, SERVICIOS Y COMPRA DE BIENES - FM Patagonia Madryn\" \/>\n<meta property=\"og:description\" content=\"El Viceintendente de Puerto Madryn dialog\u00f3 sobre esta iniciativa legislativa a nivel nacional con el diputado Mart\u00edn Aveiro, autor de la misma, en un encuentro en el que tambi\u00e9n estuvo&hellip;\" \/>\n<meta property=\"og:url\" content=\"https:\/\/fmpatagoniamadryn.com.ar\/?p=17129\" \/>\n<meta property=\"og:site_name\" content=\"FM Patagonia Madryn\" \/>\n<meta property=\"article:published_time\" content=\"2025-07-17T00:43:06+00:00\" \/>\n<meta property=\"og:image\" content=\"https:\/\/fmpatagoniamadryn.com.ar\/wp-content\/uploads\/2025\/07\/img_0243-1.jpg\" \/>\n\t<meta property=\"og:image:width\" content=\"1600\" \/>\n\t<meta property=\"og:image:height\" content=\"1200\" \/>\n\t<meta property=\"og:image:type\" content=\"image\/jpeg\" \/>\n<meta name=\"author\" content=\"FM Patagonia\" \/>\n<meta name=\"twitter:card\" content=\"summary_large_image\" \/>\n<meta name=\"twitter:label1\" content=\"Escrito por\" \/>\n\t<meta name=\"twitter:data1\" content=\"FM Patagonia\" \/>\n\t<meta name=\"twitter:label2\" content=\"Tiempo de lectura\" \/>\n\t<meta name=\"twitter:data2\" content=\"1 minuto\" \/>\n<script type=\"application\/ld+json\" class=\"yoast-schema-graph\">{\"@context\":\"https:\\\/\\\/schema.org\",\"@graph\":[{\"@type\":\"Article\",\"@id\":\"https:\\\/\\\/fmpatagoniamadryn.com.ar\\\/?p=17129#article\",\"isPartOf\":{\"@id\":\"https:\\\/\\\/fmpatagoniamadryn.com.ar\\\/?p=17129\"},\"author\":{\"name\":\"FM Patagonia\",\"@id\":\"https:\\\/\\\/fmpatagoniamadryn.com.ar\\\/#\\\/schema\\\/person\\\/8a3de4ad7efceacab06c1641c50303b7\"},\"headline\":\"EBENE APOY\u00d3 EL PROYECTO QUE PREV\u00c9 LA EXIMICI\u00d3N DE IVA PARA CONTRATACIONES MUNICIPALES EN OBRA P\u00daBLICA, SERVICIOS Y COMPRA DE BIENES\",\"datePublished\":\"2025-07-17T00:43:06+00:00\",\"mainEntityOfPage\":{\"@id\":\"https:\\\/\\\/fmpatagoniamadryn.com.ar\\\/?p=17129\"},\"wordCount\":200,\"publisher\":{\"@id\":\"https:\\\/\\\/fmpatagoniamadryn.com.ar\\\/#organization\"},\"image\":{\"@id\":\"https:\\\/\\\/fmpatagoniamadryn.com.ar\\\/?p=17129#primaryimage\"},\"thumbnailUrl\":\"https:\\\/\\\/fmpatagoniamadryn.com.ar\\\/wp-content\\\/uploads\\\/2025\\\/07\\\/img_0243-1.jpg\",\"articleSection\":[\"Locales\"],\"inLanguage\":\"es\"},{\"@type\":\"WebPage\",\"@id\":\"https:\\\/\\\/fmpatagoniamadryn.com.ar\\\/?p=17129\",\"url\":\"https:\\\/\\\/fmpatagoniamadryn.com.ar\\\/?p=17129\",\"name\":\"EBENE APOY\u00d3 EL PROYECTO QUE PREV\u00c9 LA EXIMICI\u00d3N DE IVA PARA CONTRATACIONES MUNICIPALES EN OBRA P\u00daBLICA, SERVICIOS Y COMPRA DE BIENES - FM Patagonia Madryn\",\"isPartOf\":{\"@id\":\"https:\\\/\\\/fmpatagoniamadryn.com.ar\\\/#website\"},\"primaryImageOfPage\":{\"@id\":\"https:\\\/\\\/fmpatagoniamadryn.com.ar\\\/?p=17129#primaryimage\"},\"image\":{\"@id\":\"https:\\\/\\\/fmpatagoniamadryn.com.ar\\\/?p=17129#primaryimage\"},\"thumbnailUrl\":\"https:\\\/\\\/fmpatagoniamadryn.com.ar\\\/wp-content\\\/uploads\\\/2025\\\/07\\\/img_0243-1.jpg\",\"datePublished\":\"2025-07-17T00:43:06+00:00\",\"breadcrumb\":{\"@id\":\"https:\\\/\\\/fmpatagoniamadryn.com.ar\\\/?p=17129#breadcrumb\"},\"inLanguage\":\"es\",\"potentialAction\":[{\"@type\":\"ReadAction\",\"target\":[\"https:\\\/\\\/fmpatagoniamadryn.com.ar\\\/?p=17129\"]}]},{\"@type\":\"ImageObject\",\"inLanguage\":\"es\",\"@id\":\"https:\\\/\\\/fmpatagoniamadryn.com.ar\\\/?p=17129#primaryimage\",\"url\":\"https:\\\/\\\/fmpatagoniamadryn.com.ar\\\/wp-content\\\/uploads\\\/2025\\\/07\\\/img_0243-1.jpg\",\"contentUrl\":\"https:\\\/\\\/fmpatagoniamadryn.com.ar\\\/wp-content\\\/uploads\\\/2025\\\/07\\\/img_0243-1.jpg\",\"width\":1600,\"height\":1200},{\"@type\":\"BreadcrumbList\",\"@id\":\"https:\\\/\\\/fmpatagoniamadryn.com.ar\\\/?p=17129#breadcrumb\",\"itemListElement\":[{\"@type\":\"ListItem\",\"position\":1,\"name\":\"Portada\",\"item\":\"https:\\\/\\\/fmpatagoniamadryn.com.ar\\\/\"},{\"@type\":\"ListItem\",\"position\":2,\"name\":\"EBENE APOY\u00d3 EL PROYECTO QUE PREV\u00c9 LA EXIMICI\u00d3N DE IVA PARA CONTRATACIONES MUNICIPALES EN OBRA P\u00daBLICA, SERVICIOS Y COMPRA DE BIENES\"}]},{\"@type\":\"WebSite\",\"@id\":\"https:\\\/\\\/fmpatagoniamadryn.com.ar\\\/#website\",\"url\":\"https:\\\/\\\/fmpatagoniamadryn.com.ar\\\/\",\"name\":\"FM Patagonia Madryn\",\"description\":\"Radio Patagonia 105.5\",\"publisher\":{\"@id\":\"https:\\\/\\\/fmpatagoniamadryn.com.ar\\\/#organization\"},\"potentialAction\":[{\"@type\":\"SearchAction\",\"target\":{\"@type\":\"EntryPoint\",\"urlTemplate\":\"https:\\\/\\\/fmpatagoniamadryn.com.ar\\\/?s={search_term_string}\"},\"query-input\":{\"@type\":\"PropertyValueSpecification\",\"valueRequired\":true,\"valueName\":\"search_term_string\"}}],\"inLanguage\":\"es\"},{\"@type\":\"Organization\",\"@id\":\"https:\\\/\\\/fmpatagoniamadryn.com.ar\\\/#organization\",\"name\":\"FM Patagonia Madryn\",\"url\":\"https:\\\/\\\/fmpatagoniamadryn.com.ar\\\/\",\"logo\":{\"@type\":\"ImageObject\",\"inLanguage\":\"es\",\"@id\":\"https:\\\/\\\/fmpatagoniamadryn.com.ar\\\/#\\\/schema\\\/logo\\\/image\\\/\",\"url\":\"https:\\\/\\\/fmpatagoniamadryn.com.ar\\\/wp-content\\\/uploads\\\/2023\\\/01\\\/cropped-Diseno-sin-titulo.png\",\"contentUrl\":\"https:\\\/\\\/fmpatagoniamadryn.com.ar\\\/wp-content\\\/uploads\\\/2023\\\/01\\\/cropped-Diseno-sin-titulo.png\",\"width\":6911,\"height\":2657,\"caption\":\"FM Patagonia Madryn\"},\"image\":{\"@id\":\"https:\\\/\\\/fmpatagoniamadryn.com.ar\\\/#\\\/schema\\\/logo\\\/image\\\/\"}},{\"@type\":\"Person\",\"@id\":\"https:\\\/\\\/fmpatagoniamadryn.com.ar\\\/#\\\/schema\\\/person\\\/8a3de4ad7efceacab06c1641c50303b7\",\"name\":\"FM Patagonia\",\"url\":\"https:\\\/\\\/fmpatagoniamadryn.com.ar\\\/?author=2\"}]}<\/script>\n<!-- \/ Yoast SEO plugin. -->","yoast_head_json":{"title":"EBENE APOY\u00d3 EL PROYECTO QUE PREV\u00c9 LA EXIMICI\u00d3N DE IVA PARA CONTRATACIONES MUNICIPALES EN OBRA P\u00daBLICA, SERVICIOS Y COMPRA DE BIENES - FM Patagonia Madryn","robots":{"index":"index","follow":"follow","max-snippet":"max-snippet:-1","max-image-preview":"max-image-preview:large","max-video-preview":"max-video-preview:-1"},"canonical":"https:\/\/fmpatagoniamadryn.com.ar\/?p=17129","og_locale":"es_ES","og_type":"article","og_title":"EBENE APOY\u00d3 EL PROYECTO QUE PREV\u00c9 LA EXIMICI\u00d3N DE IVA PARA CONTRATACIONES MUNICIPALES EN OBRA P\u00daBLICA, SERVICIOS Y COMPRA DE BIENES - FM Patagonia Madryn","og_description":"El Viceintendente de Puerto Madryn dialog\u00f3 sobre esta iniciativa legislativa a nivel nacional con el diputado Mart\u00edn Aveiro, autor de la misma, en un encuentro en el que tambi\u00e9n estuvo&hellip;","og_url":"https:\/\/fmpatagoniamadryn.com.ar\/?p=17129","og_site_name":"FM Patagonia Madryn","article_published_time":"2025-07-17T00:43:06+00:00","og_image":[{"width":1600,"height":1200,"url":"https:\/\/fmpatagoniamadryn.com.ar\/wp-content\/uploads\/2025\/07\/img_0243-1.jpg","type":"image\/jpeg"}],"author":"FM Patagonia","twitter_card":"summary_large_image","twitter_misc":{"Escrito por":"FM Patagonia","Tiempo de lectura":"1 minuto"},"schema":{"@context":"https:\/\/schema.org","@graph":[{"@type":"Article","@id":"https:\/\/fmpatagoniamadryn.com.ar\/?p=17129#article","isPartOf":{"@id":"https:\/\/fmpatagoniamadryn.com.ar\/?p=17129"},"author":{"name":"FM Patagonia","@id":"https:\/\/fmpatagoniamadryn.com.ar\/#\/schema\/person\/8a3de4ad7efceacab06c1641c50303b7"},"headline":"EBENE APOY\u00d3 EL PROYECTO QUE PREV\u00c9 LA EXIMICI\u00d3N DE IVA PARA CONTRATACIONES MUNICIPALES EN OBRA P\u00daBLICA, SERVICIOS Y COMPRA DE BIENES","datePublished":"2025-07-17T00:43:06+00:00","mainEntityOfPage":{"@id":"https:\/\/fmpatagoniamadryn.com.ar\/?p=17129"},"wordCount":200,"publisher":{"@id":"https:\/\/fmpatagoniamadryn.com.ar\/#organization"},"image":{"@id":"https:\/\/fmpatagoniamadryn.com.ar\/?p=17129#primaryimage"},"thumbnailUrl":"https:\/\/fmpatagoniamadryn.com.ar\/wp-content\/uploads\/2025\/07\/img_0243-1.jpg","articleSection":["Locales"],"inLanguage":"es"},{"@type":"WebPage","@id":"https:\/\/fmpatagoniamadryn.com.ar\/?p=17129","url":"https:\/\/fmpatagoniamadryn.com.ar\/?p=17129","name":"EBENE APOY\u00d3 EL PROYECTO QUE PREV\u00c9 LA EXIMICI\u00d3N DE IVA PARA CONTRATACIONES MUNICIPALES EN OBRA P\u00daBLICA, SERVICIOS Y COMPRA DE BIENES - FM Patagonia Madryn","isPartOf":{"@id":"https:\/\/fmpatagoniamadryn.com.ar\/#website"},"primaryImageOfPage":{"@id":"https:\/\/fmpatagoniamadryn.com.ar\/?p=17129#primaryimage"},"image":{"@id":"https:\/\/fmpatagoniamadryn.com.ar\/?p=17129#primaryimage"},"thumbnailUrl":"https:\/\/fmpatagoniamadryn.com.ar\/wp-content\/uploads\/2025\/07\/img_0243-1.jpg","datePublished":"2025-07-17T00:43:06+00:00","breadcrumb":{"@id":"https:\/\/fmpatagoniamadryn.com.ar\/?p=17129#breadcrumb"},"inLanguage":"es","potentialAction":[{"@type":"ReadAction","target":["https:\/\/fmpatagoniamadryn.com.ar\/?p=17129"]}]},{"@type":"ImageObject","inLanguage":"es","@id":"https:\/\/fmpatagoniamadryn.com.ar\/?p=17129#primaryimage","url":"https:\/\/fmpatagoniamadryn.com.ar\/wp-content\/uploads\/2025\/07\/img_0243-1.jpg","contentUrl":"https:\/\/fmpatagoniamadryn.com.ar\/wp-content\/uploads\/2025\/07\/img_0243-1.jpg","width":1600,"height":1200},{"@type":"BreadcrumbList","@id":"https:\/\/fmpatagoniamadryn.com.ar\/?p=17129#breadcrumb","itemListElement":[{"@type":"ListItem","position":1,"name":"Portada","item":"https:\/\/fmpatagoniamadryn.com.ar\/"},{"@type":"ListItem","position":2,"name":"EBENE APOY\u00d3 EL PROYECTO QUE PREV\u00c9 LA EXIMICI\u00d3N DE IVA PARA CONTRATACIONES MUNICIPALES EN OBRA P\u00daBLICA, SERVICIOS Y COMPRA DE BIENES"}]},{"@type":"WebSite","@id":"https:\/\/fmpatagoniamadryn.com.ar\/#website","url":"https:\/\/fmpatagoniamadryn.com.ar\/","name":"FM Patagonia Madryn","description":"Radio Patagonia 105.5","publisher":{"@id":"https:\/\/fmpatagoniamadryn.com.ar\/#organization"},"potentialAction":[{"@type":"SearchAction","target":{"@type":"EntryPoint","urlTemplate":"https:\/\/fmpatagoniamadryn.com.ar\/?s={search_term_string}"},"query-input":{"@type":"PropertyValueSpecification","valueRequired":true,"valueName":"search_term_string"}}],"inLanguage":"es"},{"@type":"Organization","@id":"https:\/\/fmpatagoniamadryn.com.ar\/#organization","name":"FM Patagonia Madryn","url":"https:\/\/fmpatagoniamadryn.com.ar\/","logo":{"@type":"ImageObject","inLanguage":"es","@id":"https:\/\/fmpatagoniamadryn.com.ar\/#\/schema\/logo\/image\/","url":"https:\/\/fmpatagoniamadryn.com.ar\/wp-content\/uploads\/2023\/01\/cropped-Diseno-sin-titulo.png","contentUrl":"https:\/\/fmpatagoniamadryn.com.ar\/wp-content\/uploads\/2023\/01\/cropped-Diseno-sin-titulo.png","width":6911,"height":2657,"caption":"FM Patagonia Madryn"},"image":{"@id":"https:\/\/fmpatagoniamadryn.com.ar\/#\/schema\/logo\/image\/"}},{"@type":"Person","@id":"https:\/\/fmpatagoniamadryn.com.ar\/#\/schema\/person\/8a3de4ad7efceacab06c1641c50303b7","name":"FM Patagonia","url":"https:\/\/fmpatagoniamadryn.com.ar\/?author=2"}]}},"jetpack_featured_media_url":"https:\/\/fmpatagoniamadryn.com.ar\/wp-content\/uploads\/2025\/07\/img_0243-1.jpg","_links":{"self":[{"href":"https:\/\/fmpatagoniamadryn.com.ar\/index.php?rest_route=\/wp\/v2\/posts\/17129","targetHints":{"allow":["GET"]}}],"collection":[{"href":"https:\/\/fmpatagoniamadryn.com.ar\/index.php?rest_route=\/wp\/v2\/posts"}],"about":[{"href":"https:\/\/fmpatagoniamadryn.com.ar\/index.php?rest_route=\/wp\/v2\/types\/post"}],"author":[{"embeddable":true,"href":"https:\/\/fmpatagoniamadryn.com.ar\/index.php?rest_route=\/wp\/v2\/users\/2"}],"replies":[{"embeddable":true,"href":"https:\/\/fmpatagoniamadryn.com.ar\/index.php?rest_route=%2Fwp%2Fv2%2Fcomments&post=17129"}],"version-history":[{"count":1,"href":"https:\/\/fmpatagoniamadryn.com.ar\/index.php?rest_route=\/wp\/v2\/posts\/17129\/revisions"}],"predecessor-version":[{"id":17130,"href":"https:\/\/fmpatagoniamadryn.com.ar\/index.php?rest_route=\/wp\/v2\/posts\/17129\/revisions\/17130"}],"wp:featuredmedia":[{"embeddable":true,"href":"https:\/\/fmpatagoniamadryn.com.ar\/index.php?rest_route=\/wp\/v2\/media\/17128"}],"wp:attachment":[{"href":"https:\/\/fmpatagoniamadryn.com.ar\/index.php?rest_route=%2Fwp%2Fv2%2Fmedia&parent=17129"}],"wp:term":[{"taxonomy":"category","embeddable":true,"href":"https:\/\/fmpatagoniamadryn.com.ar\/index.php?rest_route=%2Fwp%2Fv2%2Fcategories&post=17129"},{"taxonomy":"post_tag","embeddable":true,"href":"https:\/\/fmpatagoniamadryn.com.ar\/index.php?rest_route=%2Fwp%2Fv2%2Ftags&post=17129"}],"curies":[{"name":"wp","href":"https:\/\/api.w.org\/{rel}","templated":true}]}}