{"id":17138,"date":"2025-07-17T09:31:29","date_gmt":"2025-07-17T12:31:29","guid":{"rendered":"https:\/\/fmpatagoniamadryn.com.ar\/?p=17138"},"modified":"2025-07-17T09:31:29","modified_gmt":"2025-07-17T12:31:29","slug":"variedad-de-actividades-para-celebrar-el-160o-aniversario-de-puerto-madryn","status":"publish","type":"post","link":"https:\/\/fmpatagoniamadryn.com.ar\/?p=17138","title":{"rendered":"VARIEDAD DE ACTIVIDADES PARA CELEBRAR EL 160\u00ba ANIVERSARIO DE PUERTO MADRYN"},"content":{"rendered":"\n<p class=\"MsoNormal\"><\/p>\n\n\n\n<p class=\"MsoNormal\"><em>Hasta el 12 de octubre&nbsp;se desarrollar\u00e1n diferentes propuestas culturales, deportivas y recreativas en el marco de un nuevo cumplea\u00f1os de la ciudad<\/em><\/p>\n\n\n\n<p class=\"MsoNormal\">&nbsp;<\/p>\n\n\n\n<p class=\"MsoNormal\">&nbsp;<\/p>\n\n\n\n<p class=\"MsoNormal\">Puerto Madryn se prepara para celebrar su 160\u00ba aniversario con una agenda cargada de actividades culturales, deportivas y recreativas. La Municipalidad, junto con instituciones y vecinos, organizaron una serie de eventos que se extender\u00e1n&nbsp;hasta el 12 de octubre&nbsp;para conmemorar este importante acontecimiento.<\/p>\n\n\n\n<p class=\"MsoNormal\">&nbsp;<\/p>\n\n\n\n<p class=\"MsoNormal\">El acto central de los festejos se llevar\u00e1 a cabo&nbsp;el 28 de julio a las 17 horas&nbsp;en el Gimnasio \u201cAlfredo Barrag\u00e1n\u201d del Club Deportivo Madryn, ubicado en&nbsp;Av. Kenneth Woodley 1647. Durante el evento, que estar\u00e1 encabezado por el intendente Gustavo Sastre, se realizar\u00e1n reconocimientos a vecinos y comercios hist\u00f3ricos de la ciudad, destacando su valiosa contribuci\u00f3n a la comunidad y habr\u00e1 distintos shows.<\/p>\n\n\n\n<p class=\"MsoNormal\">&nbsp;<\/p>\n\n\n\n<p class=\"MsoNormal\">Adem\u00e1s, el programa de ese d\u00eda contempla las actividades desde muy temprano con la Rogativa Mapuche Tehuelche y el Izamiento de Pabellones en m\u00e1stiles de Punta Cuevas. Tambi\u00e9n se desarrollar\u00e1 el homenaje a la Colonia Galesa en el Monumento ubicado en Avenida Roca y Belgrano.<\/p>\n\n\n\n<p class=\"MsoNormal\">&nbsp;<\/p>\n\n\n\n<p class=\"MsoNormal\">El cronograma comenz\u00f3 el s\u00e1bado 28 de junio con el Eisteddfod Mimosa y el certamen literario musical en la Escuela Provincial N\u00b0 789 (Villarino y Villegas). Tambi\u00e9n, el s\u00e1bado 12 de julio en el gimnasio del SEYOM (Domecq Garc\u00eda 350) se realiz\u00f3 la pe\u00f1a de la orquesta YAYAU.&nbsp;<\/p>\n\n\n\n<p class=\"MsoNormal\">&nbsp;<\/p>\n\n\n\n<p class=\"MsoNormal\">&nbsp;<\/p>\n\n\n\n<p class=\"MsoNormal\">PROGRAMA DE ACTIVIDADES DEL 160\u00ba ANIVERSARIO DE PUERTO MADRYN&nbsp;<\/p>\n\n\n\n<p class=\"MsoNormal\">Llegada de los primeros colonos galeses<\/p>\n\n\n\n<p class=\"MsoNormal\">&nbsp;<\/p>\n\n\n\n<p class=\"MsoNormal\">CONCURSO FOTOGR\u00c1FICO \u00abPOSTALES: LOS 160 A\u00d1OS Y MI BARRIO\u00bb<\/p>\n\n\n\n<p class=\"MsoNormal\">Convocatoria de la Subsecretar\u00eda de Cultura y la Oficina de Asociaciones Vecinales. Hasta el jueves 17 de julio inclusive.<\/p>\n\n\n\n<p class=\"MsoNormal\">M\u00e1s informaci\u00f3n en las redes de la Municipalidad de Puerto Madryn.&nbsp;<\/p>\n\n\n\n<p class=\"MsoNormal\">&nbsp;<\/p>\n\n\n\n<p class=\"MsoNormal\">CONCURSO DE VIDRIERAS \u201cUN DIBUJO PARA MI CIUDAD\u201d<\/p>\n\n\n\n<p class=\"MsoNormal\">Inscripciones&nbsp;hasta el 20 de julio.<\/p>\n\n\n\n<p class=\"MsoNormal\">Entrega de premios en acto central por el aniversario de Puerto Madryn.<\/p>\n\n\n\n<p class=\"MsoNormal\">M\u00e1s informaci\u00f3n:&nbsp;<a href=\"mailto:secretaria@camad.org.ar\">secretaria@camad.org.ar<\/a>&nbsp;&#8211;&nbsp;4471572&nbsp;\/&nbsp;4452999&nbsp;&#8211; WhatsApp &gt; 2805060424.<\/p>\n\n\n\n<p class=\"MsoNormal\">&nbsp;<\/p>\n\n\n\n<p class=\"MsoNormal\">S\u00e1bado 26&nbsp;y&nbsp;domingo 27 de julio&nbsp;(\u00daLTIMOS LUGARES)<\/p>\n\n\n\n<p class=\"MsoNormal\">11 horas &#8211; VISITAS GUIADAS CON CIENT\u00cdFICOS\/AS EN EL CCT CONICET \u2013 CENPAT: JARD\u00cdN BOT\u00c1NICO Y PASEO DE MURALES<\/p>\n\n\n\n<p class=\"MsoNormal\">Blvd. Almirante Brown 2915.<\/p>\n\n\n\n<p class=\"MsoNormal\">Inscripciones:&nbsp;<a href=\"mailto:cenpatconicet@gmail.com\">cenpatconicet@gmail.com<\/a><\/p>\n\n\n\n<p class=\"MsoNormal\">&nbsp;<\/p>\n\n\n\n<p class=\"MsoNormal\">Domingo 20 de julio<\/p>\n\n\n\n<p class=\"MsoNormal\">17 horas &#8211; INAUGURACI\u00d3N DE MUESTRA FOTOGR\u00c1FICA \u00abCANTEROS. MEMORIAS DE PIZARRA\u00bb del fot\u00f3grafo gal\u00e9s Carwyn Rhys Jones y Facundo Palacios con la muestra \u00abPostales Galesas\u00bb.<\/p>\n\n\n\n<p class=\"MsoNormal\">Museo del Desembarco (Blvd. Brown 3777).&nbsp;<\/p>\n\n\n\n<p class=\"MsoNormal\">&nbsp;<\/p>\n\n\n\n<p class=\"MsoNormal\">Domingo 21 al 25 de julio<\/p>\n\n\n\n<p class=\"MsoNormal\">18 horas &#8211; CHARLAS Y MUESTRA PATRIMONIO VIVO \u201cEL ARTE Y LA CULTURA\u201d &#8211; Comunidad Pu Fotum Mapu. Lugar a confirmar.<\/p>\n\n\n\n<p class=\"MsoNormal\">&nbsp;<\/p>\n\n\n\n<p class=\"MsoNormal\">Jueves 24 al lunes 28 de julio<\/p>\n\n\n\n<p class=\"MsoNormal\">IMPORTANTES PROMOCIONES Y DESCUENTOS EN COMERCIOS, GASTRONOM\u00cdA, EXCURSIONES Y HOTELER\u00cdA<\/p>\n\n\n\n<p class=\"MsoNormal\">Tarjeta 365 hasta 6 cuotas sin inter\u00e9s \u2013 30% de descuento.<\/p>\n\n\n\n<p class=\"MsoNormal\">CAMAD &#8211; AHRCOBA &#8211; AHT &#8211; FAEVyT<\/p>\n\n\n\n<p class=\"MsoNormal\">Consultas a @camadpm (Facebook \u2013 Instagram)<\/p>\n\n\n\n<p class=\"MsoNormal\">&nbsp;<\/p>\n\n\n\n<p class=\"MsoNormal\">Viernes 25 de julio<\/p>\n\n\n\n<p class=\"MsoNormal\">17 horas \u2013 APERTURA DEL PRELIMINAR DEL MUNDIAL DE TANGO BA 2025<\/p>\n\n\n\n<p class=\"MsoNormal\">Sede del Club Social y Deportivo Madryn (Avenida Roca 516).<\/p>\n\n\n\n<p class=\"MsoNormal\">&nbsp;<\/p>\n\n\n\n<p class=\"MsoNormal\">Domingo 27 de julio<\/p>\n\n\n\n<p class=\"MsoNormal\">13 horas &#8211; PASEO POR LOS NAUFRAGIOS DE PUERTO MADRYN&nbsp;<\/p>\n\n\n\n<p class=\"MsoNormal\">17 horas &#8211; TRADICIONAL T\u00c9 GAL\u00c9S DEL DESEMBARCO EN PUERTO MADRYN<\/p>\n\n\n\n<p class=\"MsoNormal\">Sal\u00f3n Mimosa.&nbsp;<\/p>\n\n\n\n<p class=\"MsoNormal\">Organiza: Asociaci\u00f3n Cultural Galesa. M\u00e1s informaci\u00f3n al&nbsp;2804515132.&nbsp;<\/p>\n\n\n\n<p class=\"MsoNormal\">&nbsp;<\/p>\n\n\n\n<p class=\"MsoNormal\">22 horas &#8211; VELADA DE GALA<\/p>\n\n\n\n<p class=\"MsoNormal\">Organiza: Concejo Deliberante de Puerto Madryn.<\/p>\n\n\n\n<p class=\"MsoNormal\">&nbsp;<\/p>\n\n\n\n<p class=\"MsoNormal\">Lunes 28 de julio<\/p>\n\n\n\n<p class=\"MsoNormal\">&nbsp;<\/p>\n\n\n\n<p class=\"MsoNormal\">FIESTA DEL DESEMBARCO<\/p>\n\n\n\n<p class=\"MsoNormal\">7.30 horas &#8211; ROGATIVA MAPUCHE TEHUELCHE (NGUILLATUN) &#8211; Punta Cuevas.<\/p>\n\n\n\n<p class=\"MsoNormal\">Coordina: Comunidad Pu Fotum Mapu.<\/p>\n\n\n\n<p class=\"MsoNormal\">&nbsp;<\/p>\n\n\n\n<p class=\"MsoNormal\">10 horas &#8211; IZAMIENTO DE PABELLONES &#8211; Punta Cuevas.<\/p>\n\n\n\n<p class=\"MsoNormal\">&nbsp;<\/p>\n\n\n\n<p class=\"MsoNormal\">10.30 horas &#8211; HOMENAJE A LA COLONIA GALESA \u2013 Monumento a los colonos galeses \u2013 Avenida Roca y Belgrano.<\/p>\n\n\n\n<p class=\"MsoNormal\">&nbsp;<\/p>\n\n\n\n<p class=\"MsoNormal\">11.15 horas &#8211; LARGADA CARRERA DEL BARRIL \u2013 \u00faltima rotonda.<\/p>\n\n\n\n<p class=\"MsoNormal\">Coordina: Subsecretar\u00eda de Cultura. A continuaci\u00f3n, LLEGADA CARRERA DEL BARRIL.<\/p>\n\n\n\n<p class=\"MsoNormal\">&nbsp;<\/p>\n\n\n\n<p class=\"MsoNormal\">11.40 horas &#8211; RECREACI\u00d3N DEL DESEMBARCO (playa).<\/p>\n\n\n\n<p class=\"MsoNormal\">&nbsp;<\/p>\n\n\n\n<p class=\"MsoNormal\">12 horas &#8211; RECREACI\u00d3N DEL ENCUENTRO DE CULTURAS, que se realiz\u00f3 en 1865 en cercan\u00edas de Rawson \u2013 zona de tamariscos, frente a Punta Cuevas.<\/p>\n\n\n\n<p class=\"MsoNormal\">Coordinan: Asociaci\u00f3n Cultural Galesa de Puerto Madryn, Comunidad Pu Fotum Mapu y Subsecretar\u00eda de Cultura del Municipio.<\/p>\n\n\n\n<p class=\"MsoNormal\">&nbsp;<\/p>\n\n\n\n<p class=\"MsoNormal\">13 horas &#8211; RECREACI\u00d3N DE LAS OLIMP\u00cdADAS DE 1867 (juegos en la playa) &#8211; zona playa frente al Museo del Desembarco. Coordina: Asociaci\u00f3n Punta Cuevas y AGP.<\/p>\n\n\n\n<p class=\"MsoNormal\">&nbsp;<\/p>\n\n\n\n<p class=\"MsoNormal\">14&nbsp;a 19 horas&nbsp;&#8211; ENTRADA LIBRE Y GRATUITA AL MUSEO DEL DESEMBARCO.<\/p>\n\n\n\n<p class=\"MsoNormal\">&nbsp;<\/p>\n\n\n\n<p class=\"MsoNormal\">17 horas &#8211; ACTO CENTRAL POR EL 160\u00ba ANIVERSARIO DE PUERTO MADRYN<\/p>\n\n\n\n<p class=\"MsoNormal\">Complejo Deportivo Madryn Gimnasio \u201cAlfredo Barrag\u00e1n\u201d (Avenida Kenneth Woodley 1647).&nbsp;<\/p>\n\n\n\n<p class=\"MsoNormal\">Organiza: Municipalidad de Puerto Madryn<\/p>\n\n\n\n<p class=\"MsoNormal\">&nbsp;<\/p>\n\n\n\n<p class=\"MsoNormal\">*CENTRO DE ESTUDIOS HIST\u00d3RICOS Y SOCIALES \u2013 MUSEO JUAN MEISEN EBENE<\/p>\n\n\n\n<p class=\"MsoNormal\">Abierto todos los d\u00edas (menos los martes)&nbsp;de 15 a 19 horas.<\/p>\n\n\n\n<p class=\"MsoNormal\">&nbsp;<\/p>\n\n\n\n<p class=\"MsoNormal\">&nbsp;*VISITAS GUIADAS GRATUITAS A LA PLANTA DE ALUMINIO DE ALUAR Y AL PARQUE E\u00d3LICO (PEAL)<\/p>\n\n\n\n<p class=\"MsoNormal\">Martes y&nbsp;jueves a las 10&nbsp;durante las vacaciones de invierno<\/p>\n\n\n\n<p class=\"MsoNormal\">Inscripci\u00f3n previa en la Secretar\u00eda de Turismo (Avenida Roca 223)&nbsp;de 8:30 a 20 horas&nbsp;o hasta agotar los cupos disponibles.<\/p>\n\n\n\n<p class=\"MsoNormal\">Para consultas, comunicarse v\u00eda WhatsApp al&nbsp;(280) 466-5688&nbsp;o&nbsp;(280) 445-3504.<\/p>\n\n\n\n<p class=\"MsoNormal\">&nbsp;<\/p>\n\n\n\n<p class=\"MsoNormal\">&nbsp;*CIRCUITO CREATIVO &#8211;&nbsp;4 de julio al 10 de agosto&nbsp;\/ entrada libre y gratuita<\/p>\n\n\n\n<p class=\"MsoNormal\">&gt; MERCADO CULTURAL &#8211; Play\u00f3n \u201cHomenaje a los Pioneros del Buceo\u201d (Avenida Roca y S\u00e1enz Pe\u00f1a). Martes a domingos &#8211; 13&nbsp;a 20 horas&nbsp;(supeditado al clima).<\/p>\n\n\n\n<p class=\"MsoNormal\">&gt; ESCAPARATE CULTURAL &#8211; Plaza San Mart\u00edn \/ mi\u00e9rcoles a s\u00e1bado &#8211; 9 a 12 y 17&nbsp;a 20 horas.<\/p>\n\n\n\n<p class=\"MsoNormal\">&gt; FERIA \u00abCON SABOR A MADRYN\u00bb &#8211; Parador Municipal &#8211; Bajada 9 (Blvd. Almirante Brown 3049).<\/p>\n\n\n\n<p class=\"MsoNormal\">5, 9, 12, 20 y&nbsp;27 de julio&nbsp;y 3, 9, 17, 24 y&nbsp;30 de agosto.<\/p>\n\n\n\n<p class=\"MsoNormal\">&gt; PASEO DE ARTESANOS \u201cMUELLE CHICO\u201d &#8211;&nbsp;Avenida Roca al 100. A partir del 4 de julio, todos los d\u00edas de 10.30 a 20.30 horas.<\/p>\n\n\n\n<p class=\"MsoNormal\">&gt; FERIA \u201cMANOS ABIERTAS\u201d &#8211;&nbsp;Avenida Roca 444.&nbsp;5 de julio al 4 de agosto&nbsp;&#8211; 10&nbsp;a 19:30&nbsp;horas.<\/p>\n\n\n\n<p class=\"MsoNormal\">&nbsp;<\/p>\n\n\n\n<p class=\"MsoNormal\">1 al 19 de septiembre<\/p>\n\n\n\n<p class=\"MsoNormal\">MUESTRA JORGE SAINT JEAN \u201cAYER. HOY&#8230; Y MA\u00d1ANA?\u201d<\/p>\n\n\n\n<p class=\"MsoNormal\">Portal de Madryn (Avenida Roca y 28&nbsp;de julio).<\/p>\n\n\n\n<p class=\"MsoNormal\">&nbsp;<\/p>\n\n\n\n<p class=\"MsoNormal\">10, 11 y&nbsp;12 de octubre<\/p>\n\n\n\n<p class=\"MsoNormal\">\u00abMADRYN 160 A\u00d1OS &#8211; 160 OBRAS\u00bb<\/p>\n\n\n\n<p class=\"MsoNormal\">Lugar y horarios a confirmar.&nbsp;<\/p>\n\n\n\n<p class=\"MsoNormal\">En el marco del cierre de la tercera edici\u00f3n de \u201cMadryn Itinerante\u201d, incluir\u00e1&nbsp;las dos&nbsp;anteriores y a artistas invitados&nbsp;de las ocholocalidades que visit\u00f3 la muestra en 2024 y 2025. Se sumar\u00e1n el Museo Municipal de Arte, otros espacios de formaci\u00f3n art\u00edstica y galer\u00edas de arte.<\/p>\n","protected":false},"excerpt":{"rendered":"<p>Hasta el 12 de octubre&nbsp;se desarrollar\u00e1n diferentes propuestas culturales, deportivas y recreativas en el marco de un nuevo cumplea\u00f1os de la ciudad &nbsp; &nbsp; Puerto Madryn se prepara para celebrar&hellip; <\/p>\n","protected":false},"author":2,"featured_media":17137,"comment_status":"closed","ping_status":"closed","sticky":false,"template":"","format":"standard","meta":{"footnotes":""},"categories":[15],"tags":[],"class_list":["post-17138","post","type-post","status-publish","format-standard","has-post-thumbnail","hentry","category-locales"],"yoast_head":"<!-- This site is optimized with the Yoast SEO plugin v27.4 - https:\/\/yoast.com\/product\/yoast-seo-wordpress\/ -->\n<title>VARIEDAD DE ACTIVIDADES PARA CELEBRAR EL 160\u00ba ANIVERSARIO DE PUERTO MADRYN - FM Patagonia Madryn<\/title>\n<meta name=\"robots\" content=\"index, follow, max-snippet:-1, max-image-preview:large, max-video-preview:-1\" \/>\n<link rel=\"canonical\" href=\"https:\/\/fmpatagoniamadryn.com.ar\/?p=17138\" \/>\n<meta property=\"og:locale\" content=\"es_ES\" \/>\n<meta property=\"og:type\" content=\"article\" \/>\n<meta property=\"og:title\" content=\"VARIEDAD DE ACTIVIDADES PARA CELEBRAR EL 160\u00ba ANIVERSARIO DE PUERTO MADRYN - FM Patagonia Madryn\" \/>\n<meta property=\"og:description\" content=\"Hasta el 12 de octubre&nbsp;se desarrollar\u00e1n diferentes propuestas culturales, deportivas y recreativas en el marco de un nuevo cumplea\u00f1os de la ciudad &nbsp; &nbsp; Puerto Madryn se prepara para celebrar&hellip;\" \/>\n<meta property=\"og:url\" content=\"https:\/\/fmpatagoniamadryn.com.ar\/?p=17138\" \/>\n<meta property=\"og:site_name\" content=\"FM Patagonia Madryn\" \/>\n<meta property=\"article:published_time\" content=\"2025-07-17T12:31:29+00:00\" \/>\n<meta property=\"og:image\" content=\"https:\/\/fmpatagoniamadryn.com.ar\/wp-content\/uploads\/2025\/07\/img_0252-1.jpg\" \/>\n\t<meta property=\"og:image:width\" content=\"2000\" \/>\n\t<meta property=\"og:image:height\" content=\"1333\" \/>\n\t<meta property=\"og:image:type\" content=\"image\/jpeg\" \/>\n<meta name=\"author\" content=\"FM Patagonia\" \/>\n<meta name=\"twitter:card\" content=\"summary_large_image\" \/>\n<meta name=\"twitter:label1\" content=\"Escrito por\" \/>\n\t<meta name=\"twitter:data1\" content=\"FM Patagonia\" \/>\n\t<meta name=\"twitter:label2\" content=\"Tiempo de lectura\" \/>\n\t<meta name=\"twitter:data2\" content=\"5 minutos\" \/>\n<script type=\"application\/ld+json\" class=\"yoast-schema-graph\">{\"@context\":\"https:\\\/\\\/schema.org\",\"@graph\":[{\"@type\":\"Article\",\"@id\":\"https:\\\/\\\/fmpatagoniamadryn.com.ar\\\/?p=17138#article\",\"isPartOf\":{\"@id\":\"https:\\\/\\\/fmpatagoniamadryn.com.ar\\\/?p=17138\"},\"author\":{\"name\":\"FM Patagonia\",\"@id\":\"https:\\\/\\\/fmpatagoniamadryn.com.ar\\\/#\\\/schema\\\/person\\\/8a3de4ad7efceacab06c1641c50303b7\"},\"headline\":\"VARIEDAD DE ACTIVIDADES PARA CELEBRAR EL 160\u00ba ANIVERSARIO DE PUERTO MADRYN\",\"datePublished\":\"2025-07-17T12:31:29+00:00\",\"mainEntityOfPage\":{\"@id\":\"https:\\\/\\\/fmpatagoniamadryn.com.ar\\\/?p=17138\"},\"wordCount\":1080,\"publisher\":{\"@id\":\"https:\\\/\\\/fmpatagoniamadryn.com.ar\\\/#organization\"},\"image\":{\"@id\":\"https:\\\/\\\/fmpatagoniamadryn.com.ar\\\/?p=17138#primaryimage\"},\"thumbnailUrl\":\"https:\\\/\\\/fmpatagoniamadryn.com.ar\\\/wp-content\\\/uploads\\\/2025\\\/07\\\/img_0252-1.jpg\",\"articleSection\":[\"Locales\"],\"inLanguage\":\"es\"},{\"@type\":\"WebPage\",\"@id\":\"https:\\\/\\\/fmpatagoniamadryn.com.ar\\\/?p=17138\",\"url\":\"https:\\\/\\\/fmpatagoniamadryn.com.ar\\\/?p=17138\",\"name\":\"VARIEDAD DE ACTIVIDADES PARA CELEBRAR EL 160\u00ba ANIVERSARIO DE PUERTO MADRYN - FM Patagonia Madryn\",\"isPartOf\":{\"@id\":\"https:\\\/\\\/fmpatagoniamadryn.com.ar\\\/#website\"},\"primaryImageOfPage\":{\"@id\":\"https:\\\/\\\/fmpatagoniamadryn.com.ar\\\/?p=17138#primaryimage\"},\"image\":{\"@id\":\"https:\\\/\\\/fmpatagoniamadryn.com.ar\\\/?p=17138#primaryimage\"},\"thumbnailUrl\":\"https:\\\/\\\/fmpatagoniamadryn.com.ar\\\/wp-content\\\/uploads\\\/2025\\\/07\\\/img_0252-1.jpg\",\"datePublished\":\"2025-07-17T12:31:29+00:00\",\"breadcrumb\":{\"@id\":\"https:\\\/\\\/fmpatagoniamadryn.com.ar\\\/?p=17138#breadcrumb\"},\"inLanguage\":\"es\",\"potentialAction\":[{\"@type\":\"ReadAction\",\"target\":[\"https:\\\/\\\/fmpatagoniamadryn.com.ar\\\/?p=17138\"]}]},{\"@type\":\"ImageObject\",\"inLanguage\":\"es\",\"@id\":\"https:\\\/\\\/fmpatagoniamadryn.com.ar\\\/?p=17138#primaryimage\",\"url\":\"https:\\\/\\\/fmpatagoniamadryn.com.ar\\\/wp-content\\\/uploads\\\/2025\\\/07\\\/img_0252-1.jpg\",\"contentUrl\":\"https:\\\/\\\/fmpatagoniamadryn.com.ar\\\/wp-content\\\/uploads\\\/2025\\\/07\\\/img_0252-1.jpg\",\"width\":2000,\"height\":1333},{\"@type\":\"BreadcrumbList\",\"@id\":\"https:\\\/\\\/fmpatagoniamadryn.com.ar\\\/?p=17138#breadcrumb\",\"itemListElement\":[{\"@type\":\"ListItem\",\"position\":1,\"name\":\"Portada\",\"item\":\"https:\\\/\\\/fmpatagoniamadryn.com.ar\\\/\"},{\"@type\":\"ListItem\",\"position\":2,\"name\":\"VARIEDAD DE ACTIVIDADES PARA CELEBRAR EL 160\u00ba ANIVERSARIO DE PUERTO MADRYN\"}]},{\"@type\":\"WebSite\",\"@id\":\"https:\\\/\\\/fmpatagoniamadryn.com.ar\\\/#website\",\"url\":\"https:\\\/\\\/fmpatagoniamadryn.com.ar\\\/\",\"name\":\"FM Patagonia Madryn\",\"description\":\"Radio Patagonia 105.5\",\"publisher\":{\"@id\":\"https:\\\/\\\/fmpatagoniamadryn.com.ar\\\/#organization\"},\"potentialAction\":[{\"@type\":\"SearchAction\",\"target\":{\"@type\":\"EntryPoint\",\"urlTemplate\":\"https:\\\/\\\/fmpatagoniamadryn.com.ar\\\/?s={search_term_string}\"},\"query-input\":{\"@type\":\"PropertyValueSpecification\",\"valueRequired\":true,\"valueName\":\"search_term_string\"}}],\"inLanguage\":\"es\"},{\"@type\":\"Organization\",\"@id\":\"https:\\\/\\\/fmpatagoniamadryn.com.ar\\\/#organization\",\"name\":\"FM Patagonia Madryn\",\"url\":\"https:\\\/\\\/fmpatagoniamadryn.com.ar\\\/\",\"logo\":{\"@type\":\"ImageObject\",\"inLanguage\":\"es\",\"@id\":\"https:\\\/\\\/fmpatagoniamadryn.com.ar\\\/#\\\/schema\\\/logo\\\/image\\\/\",\"url\":\"https:\\\/\\\/fmpatagoniamadryn.com.ar\\\/wp-content\\\/uploads\\\/2023\\\/01\\\/cropped-Diseno-sin-titulo.png\",\"contentUrl\":\"https:\\\/\\\/fmpatagoniamadryn.com.ar\\\/wp-content\\\/uploads\\\/2023\\\/01\\\/cropped-Diseno-sin-titulo.png\",\"width\":6911,\"height\":2657,\"caption\":\"FM Patagonia Madryn\"},\"image\":{\"@id\":\"https:\\\/\\\/fmpatagoniamadryn.com.ar\\\/#\\\/schema\\\/logo\\\/image\\\/\"}},{\"@type\":\"Person\",\"@id\":\"https:\\\/\\\/fmpatagoniamadryn.com.ar\\\/#\\\/schema\\\/person\\\/8a3de4ad7efceacab06c1641c50303b7\",\"name\":\"FM Patagonia\",\"url\":\"https:\\\/\\\/fmpatagoniamadryn.com.ar\\\/?author=2\"}]}<\/script>\n<!-- \/ Yoast SEO plugin. -->","yoast_head_json":{"title":"VARIEDAD DE ACTIVIDADES PARA CELEBRAR EL 160\u00ba ANIVERSARIO DE PUERTO MADRYN - FM Patagonia Madryn","robots":{"index":"index","follow":"follow","max-snippet":"max-snippet:-1","max-image-preview":"max-image-preview:large","max-video-preview":"max-video-preview:-1"},"canonical":"https:\/\/fmpatagoniamadryn.com.ar\/?p=17138","og_locale":"es_ES","og_type":"article","og_title":"VARIEDAD DE ACTIVIDADES PARA CELEBRAR EL 160\u00ba ANIVERSARIO DE PUERTO MADRYN - FM Patagonia Madryn","og_description":"Hasta el 12 de octubre&nbsp;se desarrollar\u00e1n diferentes propuestas culturales, deportivas y recreativas en el marco de un nuevo cumplea\u00f1os de la ciudad &nbsp; &nbsp; Puerto Madryn se prepara para celebrar&hellip;","og_url":"https:\/\/fmpatagoniamadryn.com.ar\/?p=17138","og_site_name":"FM Patagonia Madryn","article_published_time":"2025-07-17T12:31:29+00:00","og_image":[{"width":2000,"height":1333,"url":"https:\/\/fmpatagoniamadryn.com.ar\/wp-content\/uploads\/2025\/07\/img_0252-1.jpg","type":"image\/jpeg"}],"author":"FM Patagonia","twitter_card":"summary_large_image","twitter_misc":{"Escrito por":"FM Patagonia","Tiempo de lectura":"5 minutos"},"schema":{"@context":"https:\/\/schema.org","@graph":[{"@type":"Article","@id":"https:\/\/fmpatagoniamadryn.com.ar\/?p=17138#article","isPartOf":{"@id":"https:\/\/fmpatagoniamadryn.com.ar\/?p=17138"},"author":{"name":"FM Patagonia","@id":"https:\/\/fmpatagoniamadryn.com.ar\/#\/schema\/person\/8a3de4ad7efceacab06c1641c50303b7"},"headline":"VARIEDAD DE ACTIVIDADES PARA CELEBRAR EL 160\u00ba ANIVERSARIO DE PUERTO MADRYN","datePublished":"2025-07-17T12:31:29+00:00","mainEntityOfPage":{"@id":"https:\/\/fmpatagoniamadryn.com.ar\/?p=17138"},"wordCount":1080,"publisher":{"@id":"https:\/\/fmpatagoniamadryn.com.ar\/#organization"},"image":{"@id":"https:\/\/fmpatagoniamadryn.com.ar\/?p=17138#primaryimage"},"thumbnailUrl":"https:\/\/fmpatagoniamadryn.com.ar\/wp-content\/uploads\/2025\/07\/img_0252-1.jpg","articleSection":["Locales"],"inLanguage":"es"},{"@type":"WebPage","@id":"https:\/\/fmpatagoniamadryn.com.ar\/?p=17138","url":"https:\/\/fmpatagoniamadryn.com.ar\/?p=17138","name":"VARIEDAD DE ACTIVIDADES PARA CELEBRAR EL 160\u00ba ANIVERSARIO DE PUERTO MADRYN - FM Patagonia Madryn","isPartOf":{"@id":"https:\/\/fmpatagoniamadryn.com.ar\/#website"},"primaryImageOfPage":{"@id":"https:\/\/fmpatagoniamadryn.com.ar\/?p=17138#primaryimage"},"image":{"@id":"https:\/\/fmpatagoniamadryn.com.ar\/?p=17138#primaryimage"},"thumbnailUrl":"https:\/\/fmpatagoniamadryn.com.ar\/wp-content\/uploads\/2025\/07\/img_0252-1.jpg","datePublished":"2025-07-17T12:31:29+00:00","breadcrumb":{"@id":"https:\/\/fmpatagoniamadryn.com.ar\/?p=17138#breadcrumb"},"inLanguage":"es","potentialAction":[{"@type":"ReadAction","target":["https:\/\/fmpatagoniamadryn.com.ar\/?p=17138"]}]},{"@type":"ImageObject","inLanguage":"es","@id":"https:\/\/fmpatagoniamadryn.com.ar\/?p=17138#primaryimage","url":"https:\/\/fmpatagoniamadryn.com.ar\/wp-content\/uploads\/2025\/07\/img_0252-1.jpg","contentUrl":"https:\/\/fmpatagoniamadryn.com.ar\/wp-content\/uploads\/2025\/07\/img_0252-1.jpg","width":2000,"height":1333},{"@type":"BreadcrumbList","@id":"https:\/\/fmpatagoniamadryn.com.ar\/?p=17138#breadcrumb","itemListElement":[{"@type":"ListItem","position":1,"name":"Portada","item":"https:\/\/fmpatagoniamadryn.com.ar\/"},{"@type":"ListItem","position":2,"name":"VARIEDAD DE ACTIVIDADES PARA CELEBRAR EL 160\u00ba ANIVERSARIO DE PUERTO MADRYN"}]},{"@type":"WebSite","@id":"https:\/\/fmpatagoniamadryn.com.ar\/#website","url":"https:\/\/fmpatagoniamadryn.com.ar\/","name":"FM Patagonia Madryn","description":"Radio Patagonia 105.5","publisher":{"@id":"https:\/\/fmpatagoniamadryn.com.ar\/#organization"},"potentialAction":[{"@type":"SearchAction","target":{"@type":"EntryPoint","urlTemplate":"https:\/\/fmpatagoniamadryn.com.ar\/?s={search_term_string}"},"query-input":{"@type":"PropertyValueSpecification","valueRequired":true,"valueName":"search_term_string"}}],"inLanguage":"es"},{"@type":"Organization","@id":"https:\/\/fmpatagoniamadryn.com.ar\/#organization","name":"FM Patagonia Madryn","url":"https:\/\/fmpatagoniamadryn.com.ar\/","logo":{"@type":"ImageObject","inLanguage":"es","@id":"https:\/\/fmpatagoniamadryn.com.ar\/#\/schema\/logo\/image\/","url":"https:\/\/fmpatagoniamadryn.com.ar\/wp-content\/uploads\/2023\/01\/cropped-Diseno-sin-titulo.png","contentUrl":"https:\/\/fmpatagoniamadryn.com.ar\/wp-content\/uploads\/2023\/01\/cropped-Diseno-sin-titulo.png","width":6911,"height":2657,"caption":"FM Patagonia Madryn"},"image":{"@id":"https:\/\/fmpatagoniamadryn.com.ar\/#\/schema\/logo\/image\/"}},{"@type":"Person","@id":"https:\/\/fmpatagoniamadryn.com.ar\/#\/schema\/person\/8a3de4ad7efceacab06c1641c50303b7","name":"FM Patagonia","url":"https:\/\/fmpatagoniamadryn.com.ar\/?author=2"}]}},"jetpack_featured_media_url":"https:\/\/fmpatagoniamadryn.com.ar\/wp-content\/uploads\/2025\/07\/img_0252-1.jpg","_links":{"self":[{"href":"https:\/\/fmpatagoniamadryn.com.ar\/index.php?rest_route=\/wp\/v2\/posts\/17138","targetHints":{"allow":["GET"]}}],"collection":[{"href":"https:\/\/fmpatagoniamadryn.com.ar\/index.php?rest_route=\/wp\/v2\/posts"}],"about":[{"href":"https:\/\/fmpatagoniamadryn.com.ar\/index.php?rest_route=\/wp\/v2\/types\/post"}],"author":[{"embeddable":true,"href":"https:\/\/fmpatagoniamadryn.com.ar\/index.php?rest_route=\/wp\/v2\/users\/2"}],"replies":[{"embeddable":true,"href":"https:\/\/fmpatagoniamadryn.com.ar\/index.php?rest_route=%2Fwp%2Fv2%2Fcomments&post=17138"}],"version-history":[{"count":1,"href":"https:\/\/fmpatagoniamadryn.com.ar\/index.php?rest_route=\/wp\/v2\/posts\/17138\/revisions"}],"predecessor-version":[{"id":17139,"href":"https:\/\/fmpatagoniamadryn.com.ar\/index.php?rest_route=\/wp\/v2\/posts\/17138\/revisions\/17139"}],"wp:featuredmedia":[{"embeddable":true,"href":"https:\/\/fmpatagoniamadryn.com.ar\/index.php?rest_route=\/wp\/v2\/media\/17137"}],"wp:attachment":[{"href":"https:\/\/fmpatagoniamadryn.com.ar\/index.php?rest_route=%2Fwp%2Fv2%2Fmedia&parent=17138"}],"wp:term":[{"taxonomy":"category","embeddable":true,"href":"https:\/\/fmpatagoniamadryn.com.ar\/index.php?rest_route=%2Fwp%2Fv2%2Fcategories&post=17138"},{"taxonomy":"post_tag","embeddable":true,"href":"https:\/\/fmpatagoniamadryn.com.ar\/index.php?rest_route=%2Fwp%2Fv2%2Ftags&post=17138"}],"curies":[{"name":"wp","href":"https:\/\/api.w.org\/{rel}","templated":true}]}}