{"id":17141,"date":"2025-07-17T10:28:44","date_gmt":"2025-07-17T13:28:44","guid":{"rendered":"https:\/\/fmpatagoniamadryn.com.ar\/?p=17141"},"modified":"2025-07-17T19:59:29","modified_gmt":"2025-07-17T22:59:29","slug":"torres-pidio-celeridad-a-la-justicia-tras-la-captura-del-delincuente-sindicado-como-el-presunto-autor-del-asesinato-de-una-agente-de-policia-en-puerto-madryn","status":"publish","type":"post","link":"https:\/\/fmpatagoniamadryn.com.ar\/?p=17141","title":{"rendered":"Torres pidi\u00f3 celeridad a la Justicia tras la captura del delincuente sindicado como el presunto autor del asesinato de una agente de Polic\u00eda en Puerto Madryn"},"content":{"rendered":"\n<p><\/p>\n\n\n\n<p><em>\u00abEste es un hecho lamentable que no solamente enluta a la familia de una agente de nuestra fuerza, sino tambi\u00e9n a todos los chubutenses\u00bb, expres\u00f3 el Gobernador, a la vez que advirti\u00f3 que el detenido, \u00abque ya hab\u00eda sido beneficiado con la libertad condicional, nunca debi\u00f3 estar suelto; por eso, vamos a ir a fondo para que la Justicia act\u00fae con firmeza, sin excusas ni demoras, y para que el miserable que asesin\u00f3 a Marcela termine donde tiene que estar: condenado y pudri\u00e9ndose en la c\u00e1rcel\u00bb. Torres destac\u00f3 adem\u00e1s el r\u00e1pido accionar de la Divisi\u00f3n Policial de Investigaciones (DPI) de Puerto Madryn, que permiti\u00f3 la captura casi inmediata del sospechoso, y decret\u00f3 tres d\u00edas de duelo por el fallecimiento de la sargento, que cumpl\u00eda funciones en la Comisar\u00eda Cuarta de la ciudad. Por el hecho, se decretaron tres d\u00edas de duelo en toda la provincia.<\/em><\/p>\n\n\n\n<p>El gobernador de Chubut, Ignacio \u00abNacho\u00bb Torres, destac\u00f3 el r\u00e1pido accionar de la Polic\u00eda del Chubut, y en particular de la Divisi\u00f3n Policial de Investigaciones (DPI) de Puerto Madryn, que permiti\u00f3 la captura casi inmediata del presunto autor del crimen de la sargento Marcela Tagariello. De igual forma asegur\u00f3 que el Ministerio de Seguridad y Justicia, conjuntamente con el Ministerio P\u00fablico Fiscal, se encuentran trabajando de manera coordinada desde el primer minuto para el esclarecimiento definitivo del homicidio ocurrido este mi\u00e9rcoles por la noche en la localidad de Puerto Madryn.<\/p>\n\n\n\n<p>El mandatario anunci\u00f3 que, a trav\u00e9s del Decreto 818\/25, se establecen tres d\u00edas de duelo por el fallecimiento de la sargento Marcela Tagariello, quien prestaba funciones en la Comisar\u00eda Cuarta de la ciudad portuaria. Dicho decreto establece tambi\u00e9n el ascenso postmortem de la agente policial.<\/p>\n\n\n\n<p><em>\u00abUn crimen cobarde\u00bb<\/em><\/p>\n\n\n\n<p>\u00abEn tiempo r\u00e9cord, y gracias al r\u00e1pido accionar de nuestra Polic\u00eda, y al trabajo coordinado con el Ministerio P\u00fablico Fiscal, atrapamos ya al autor del cobarde crimen de la sargento Marcela Tagariello\u00bb, confirm\u00f3 Torres.<\/p>\n\n\n\n<p>Adem\u00e1s, el mandatario se contact\u00f3 con la familia de la v\u00edctima y asegur\u00f3 que pondr\u00e1n a disposici\u00f3n todos los recursos del Estado \u201cpara que la Justicia act\u00fae r\u00e1pido y el asesino se pudra para siempre en la c\u00e1rcel, que es donde tiene que estar\u00bb.<\/p>\n\n\n\n<p>\u00abEste asesino, que ya hab\u00eda sido beneficiado con la libertad condicional, nunca debi\u00f3 estar entre los chubutenses de bien. Por eso, vamos a ir a fondo para que esta vez la Justicia act\u00fae con firmeza, sin excusas ni demoras, y para que el miserable que asesin\u00f3 a Marcela termine donde tiene que estar: condenado, preso y sin volver a pisar nunca m\u00e1s la calle\u00bb, expres\u00f3 el titular del Ejecutivo en relaci\u00f3n al detenido y sospechado de ser el autor del disparo, Lucas Miguel \u00c1ngel Entraigas, de 26 a\u00f1os.<\/p>\n\n\n\n<p><em>\u00abHasta las \u00faltimas consecuencias\u00bb<\/em><\/p>\n\n\n\n<p>En el mismo sentido, Torres confirm\u00f3 que desde un primer momento estuvo en conversaci\u00f3n con la familia de la agente abatida \u00abpara ponerme a disposici\u00f3n y acompa\u00f1arlos en este dif\u00edcil momento, pero tambi\u00e9n para ratificar que vamos a seguir este caso hasta las \u00faltimas consecuencias\u00bb.<\/p>\n\n\n\n<p>\u00abEste es un hecho lamentable que no solamente enluta a la familia de una agente de nuestra fuerza, sino tambi\u00e9n a todos los chubutenses; por eso pedimos celeridad a la Justicia con el avance de la investigaci\u00f3n, porque en Chubut, el que mata, se pudre en la c\u00e1rcel\u00bb, concluy\u00f3 el mandatario.<\/p>\n\n\n\n<p><em>Investigaci\u00f3n<\/em><\/p>\n\n\n\n<p>El homicidio de la sargento de la Comisar\u00eda Cuarta de Puerto Madryn, Marcela Tagariello, ocurri\u00f3 este mi\u00e9rcoles 16 de julio alrededor de las 21 horas, en circunstancias en que la oficial intervino en un hecho de robo que se desarrollaba en un comercio de la calle Vito Roca, al oeste de Puerto Madryn.<\/p>\n\n\n\n<p>Seguidamente, por orden de la Justicia, la Divisi\u00f3n Policial de Investigaciones llev\u00f3 adelante una medida de allanamiento y registro domiciliario en una vivienda ubicada en las inmediaciones de las calles Manuel Alz\u00faa y Rivadavia de la localidad.<\/p>\n\n\n\n<p>All\u00ed, los agentes detuvieron a Lucas Miguel \u00c1ngel Entraigas, de 26 a\u00f1os, sospechoso de haber sido el autor del homicidio y que contaba y con un extenso prontuario y hab\u00eda sido beneficiado con la libertad condicional en 2024.<\/p>\n\n\n\n<p>Durante el procedimiento, los agentes de la DPI incautaron prendas de vestir coincidentes con improntas halladas en el lugar donde ocurri\u00f3 el homicidio de la sargento de Polic\u00eda, y una suma no especificada de dinero en efectivo. Tambi\u00e9n, recuperaron elementos que hab\u00edan sido sustra\u00eddos en otro hecho de robo ocurrido tiempo atr\u00e1s, y que se encontraban en dicho domicilio.<\/p>\n","protected":false},"excerpt":{"rendered":"<p>\u00abEste es un hecho lamentable que no solamente enluta a la familia de una agente de nuestra fuerza, sino tambi\u00e9n a todos los chubutenses\u00bb, expres\u00f3 el Gobernador, a la vez&hellip; <\/p>\n","protected":false},"author":2,"featured_media":17143,"comment_status":"closed","ping_status":"closed","sticky":false,"template":"","format":"standard","meta":{"footnotes":""},"categories":[14],"tags":[],"class_list":["post-17141","post","type-post","status-publish","format-standard","has-post-thumbnail","hentry","category-provinciales"],"yoast_head":"<!-- This site is optimized with the Yoast SEO plugin v27.4 - https:\/\/yoast.com\/product\/yoast-seo-wordpress\/ -->\n<title>Torres pidi\u00f3 celeridad a la Justicia tras la captura del delincuente sindicado como el presunto autor del asesinato de una agente de Polic\u00eda en Puerto Madryn - FM Patagonia Madryn<\/title>\n<meta name=\"robots\" content=\"index, follow, max-snippet:-1, max-image-preview:large, max-video-preview:-1\" \/>\n<link rel=\"canonical\" href=\"https:\/\/fmpatagoniamadryn.com.ar\/?p=17141\" \/>\n<meta property=\"og:locale\" content=\"es_ES\" \/>\n<meta property=\"og:type\" content=\"article\" \/>\n<meta property=\"og:title\" content=\"Torres pidi\u00f3 celeridad a la Justicia tras la captura del delincuente sindicado como el presunto autor del asesinato de una agente de Polic\u00eda en Puerto Madryn - FM Patagonia Madryn\" \/>\n<meta property=\"og:description\" content=\"\u00abEste es un hecho lamentable que no solamente enluta a la familia de una agente de nuestra fuerza, sino tambi\u00e9n a todos los chubutenses\u00bb, expres\u00f3 el Gobernador, a la vez&hellip;\" \/>\n<meta property=\"og:url\" content=\"https:\/\/fmpatagoniamadryn.com.ar\/?p=17141\" \/>\n<meta property=\"og:site_name\" content=\"FM Patagonia Madryn\" \/>\n<meta property=\"article:published_time\" content=\"2025-07-17T13:28:44+00:00\" \/>\n<meta property=\"article:modified_time\" content=\"2025-07-17T22:59:29+00:00\" \/>\n<meta property=\"og:image\" content=\"https:\/\/fmpatagoniamadryn.com.ar\/wp-content\/uploads\/2025\/07\/img_0277-1.jpg\" \/>\n\t<meta property=\"og:image:width\" content=\"1284\" \/>\n\t<meta property=\"og:image:height\" content=\"1129\" \/>\n\t<meta property=\"og:image:type\" content=\"image\/jpeg\" \/>\n<meta name=\"author\" content=\"FM Patagonia\" \/>\n<meta name=\"twitter:card\" content=\"summary_large_image\" \/>\n<meta name=\"twitter:label1\" content=\"Escrito por\" \/>\n\t<meta name=\"twitter:data1\" content=\"FM Patagonia\" \/>\n\t<meta name=\"twitter:label2\" content=\"Tiempo de lectura\" \/>\n\t<meta name=\"twitter:data2\" content=\"4 minutos\" \/>\n<script type=\"application\/ld+json\" class=\"yoast-schema-graph\">{\"@context\":\"https:\\\/\\\/schema.org\",\"@graph\":[{\"@type\":\"Article\",\"@id\":\"https:\\\/\\\/fmpatagoniamadryn.com.ar\\\/?p=17141#article\",\"isPartOf\":{\"@id\":\"https:\\\/\\\/fmpatagoniamadryn.com.ar\\\/?p=17141\"},\"author\":{\"name\":\"FM Patagonia\",\"@id\":\"https:\\\/\\\/fmpatagoniamadryn.com.ar\\\/#\\\/schema\\\/person\\\/8a3de4ad7efceacab06c1641c50303b7\"},\"headline\":\"Torres pidi\u00f3 celeridad a la Justicia tras la captura del delincuente sindicado como el presunto autor del asesinato de una agente de Polic\u00eda en Puerto Madryn\",\"datePublished\":\"2025-07-17T13:28:44+00:00\",\"dateModified\":\"2025-07-17T22:59:29+00:00\",\"mainEntityOfPage\":{\"@id\":\"https:\\\/\\\/fmpatagoniamadryn.com.ar\\\/?p=17141\"},\"wordCount\":815,\"publisher\":{\"@id\":\"https:\\\/\\\/fmpatagoniamadryn.com.ar\\\/#organization\"},\"image\":{\"@id\":\"https:\\\/\\\/fmpatagoniamadryn.com.ar\\\/?p=17141#primaryimage\"},\"thumbnailUrl\":\"https:\\\/\\\/fmpatagoniamadryn.com.ar\\\/wp-content\\\/uploads\\\/2025\\\/07\\\/img_0277-1.jpg\",\"articleSection\":[\"Provinciales\"],\"inLanguage\":\"es\"},{\"@type\":\"WebPage\",\"@id\":\"https:\\\/\\\/fmpatagoniamadryn.com.ar\\\/?p=17141\",\"url\":\"https:\\\/\\\/fmpatagoniamadryn.com.ar\\\/?p=17141\",\"name\":\"Torres pidi\u00f3 celeridad a la Justicia tras la captura del delincuente sindicado como el presunto autor del asesinato de una agente de Polic\u00eda en Puerto Madryn - FM Patagonia Madryn\",\"isPartOf\":{\"@id\":\"https:\\\/\\\/fmpatagoniamadryn.com.ar\\\/#website\"},\"primaryImageOfPage\":{\"@id\":\"https:\\\/\\\/fmpatagoniamadryn.com.ar\\\/?p=17141#primaryimage\"},\"image\":{\"@id\":\"https:\\\/\\\/fmpatagoniamadryn.com.ar\\\/?p=17141#primaryimage\"},\"thumbnailUrl\":\"https:\\\/\\\/fmpatagoniamadryn.com.ar\\\/wp-content\\\/uploads\\\/2025\\\/07\\\/img_0277-1.jpg\",\"datePublished\":\"2025-07-17T13:28:44+00:00\",\"dateModified\":\"2025-07-17T22:59:29+00:00\",\"breadcrumb\":{\"@id\":\"https:\\\/\\\/fmpatagoniamadryn.com.ar\\\/?p=17141#breadcrumb\"},\"inLanguage\":\"es\",\"potentialAction\":[{\"@type\":\"ReadAction\",\"target\":[\"https:\\\/\\\/fmpatagoniamadryn.com.ar\\\/?p=17141\"]}]},{\"@type\":\"ImageObject\",\"inLanguage\":\"es\",\"@id\":\"https:\\\/\\\/fmpatagoniamadryn.com.ar\\\/?p=17141#primaryimage\",\"url\":\"https:\\\/\\\/fmpatagoniamadryn.com.ar\\\/wp-content\\\/uploads\\\/2025\\\/07\\\/img_0277-1.jpg\",\"contentUrl\":\"https:\\\/\\\/fmpatagoniamadryn.com.ar\\\/wp-content\\\/uploads\\\/2025\\\/07\\\/img_0277-1.jpg\",\"width\":1284,\"height\":1129},{\"@type\":\"BreadcrumbList\",\"@id\":\"https:\\\/\\\/fmpatagoniamadryn.com.ar\\\/?p=17141#breadcrumb\",\"itemListElement\":[{\"@type\":\"ListItem\",\"position\":1,\"name\":\"Portada\",\"item\":\"https:\\\/\\\/fmpatagoniamadryn.com.ar\\\/\"},{\"@type\":\"ListItem\",\"position\":2,\"name\":\"Torres pidi\u00f3 celeridad a la Justicia tras la captura del delincuente sindicado como el presunto autor del asesinato de una agente de Polic\u00eda en Puerto Madryn\"}]},{\"@type\":\"WebSite\",\"@id\":\"https:\\\/\\\/fmpatagoniamadryn.com.ar\\\/#website\",\"url\":\"https:\\\/\\\/fmpatagoniamadryn.com.ar\\\/\",\"name\":\"FM Patagonia Madryn\",\"description\":\"Radio Patagonia 105.5\",\"publisher\":{\"@id\":\"https:\\\/\\\/fmpatagoniamadryn.com.ar\\\/#organization\"},\"potentialAction\":[{\"@type\":\"SearchAction\",\"target\":{\"@type\":\"EntryPoint\",\"urlTemplate\":\"https:\\\/\\\/fmpatagoniamadryn.com.ar\\\/?s={search_term_string}\"},\"query-input\":{\"@type\":\"PropertyValueSpecification\",\"valueRequired\":true,\"valueName\":\"search_term_string\"}}],\"inLanguage\":\"es\"},{\"@type\":\"Organization\",\"@id\":\"https:\\\/\\\/fmpatagoniamadryn.com.ar\\\/#organization\",\"name\":\"FM Patagonia Madryn\",\"url\":\"https:\\\/\\\/fmpatagoniamadryn.com.ar\\\/\",\"logo\":{\"@type\":\"ImageObject\",\"inLanguage\":\"es\",\"@id\":\"https:\\\/\\\/fmpatagoniamadryn.com.ar\\\/#\\\/schema\\\/logo\\\/image\\\/\",\"url\":\"https:\\\/\\\/fmpatagoniamadryn.com.ar\\\/wp-content\\\/uploads\\\/2023\\\/01\\\/cropped-Diseno-sin-titulo.png\",\"contentUrl\":\"https:\\\/\\\/fmpatagoniamadryn.com.ar\\\/wp-content\\\/uploads\\\/2023\\\/01\\\/cropped-Diseno-sin-titulo.png\",\"width\":6911,\"height\":2657,\"caption\":\"FM Patagonia Madryn\"},\"image\":{\"@id\":\"https:\\\/\\\/fmpatagoniamadryn.com.ar\\\/#\\\/schema\\\/logo\\\/image\\\/\"}},{\"@type\":\"Person\",\"@id\":\"https:\\\/\\\/fmpatagoniamadryn.com.ar\\\/#\\\/schema\\\/person\\\/8a3de4ad7efceacab06c1641c50303b7\",\"name\":\"FM Patagonia\",\"url\":\"https:\\\/\\\/fmpatagoniamadryn.com.ar\\\/?author=2\"}]}<\/script>\n<!-- \/ Yoast SEO plugin. -->","yoast_head_json":{"title":"Torres pidi\u00f3 celeridad a la Justicia tras la captura del delincuente sindicado como el presunto autor del asesinato de una agente de Polic\u00eda en Puerto Madryn - FM Patagonia Madryn","robots":{"index":"index","follow":"follow","max-snippet":"max-snippet:-1","max-image-preview":"max-image-preview:large","max-video-preview":"max-video-preview:-1"},"canonical":"https:\/\/fmpatagoniamadryn.com.ar\/?p=17141","og_locale":"es_ES","og_type":"article","og_title":"Torres pidi\u00f3 celeridad a la Justicia tras la captura del delincuente sindicado como el presunto autor del asesinato de una agente de Polic\u00eda en Puerto Madryn - FM Patagonia Madryn","og_description":"\u00abEste es un hecho lamentable que no solamente enluta a la familia de una agente de nuestra fuerza, sino tambi\u00e9n a todos los chubutenses\u00bb, expres\u00f3 el Gobernador, a la vez&hellip;","og_url":"https:\/\/fmpatagoniamadryn.com.ar\/?p=17141","og_site_name":"FM Patagonia Madryn","article_published_time":"2025-07-17T13:28:44+00:00","article_modified_time":"2025-07-17T22:59:29+00:00","og_image":[{"width":1284,"height":1129,"url":"https:\/\/fmpatagoniamadryn.com.ar\/wp-content\/uploads\/2025\/07\/img_0277-1.jpg","type":"image\/jpeg"}],"author":"FM Patagonia","twitter_card":"summary_large_image","twitter_misc":{"Escrito por":"FM Patagonia","Tiempo de lectura":"4 minutos"},"schema":{"@context":"https:\/\/schema.org","@graph":[{"@type":"Article","@id":"https:\/\/fmpatagoniamadryn.com.ar\/?p=17141#article","isPartOf":{"@id":"https:\/\/fmpatagoniamadryn.com.ar\/?p=17141"},"author":{"name":"FM Patagonia","@id":"https:\/\/fmpatagoniamadryn.com.ar\/#\/schema\/person\/8a3de4ad7efceacab06c1641c50303b7"},"headline":"Torres pidi\u00f3 celeridad a la Justicia tras la captura del delincuente sindicado como el presunto autor del asesinato de una agente de Polic\u00eda en Puerto Madryn","datePublished":"2025-07-17T13:28:44+00:00","dateModified":"2025-07-17T22:59:29+00:00","mainEntityOfPage":{"@id":"https:\/\/fmpatagoniamadryn.com.ar\/?p=17141"},"wordCount":815,"publisher":{"@id":"https:\/\/fmpatagoniamadryn.com.ar\/#organization"},"image":{"@id":"https:\/\/fmpatagoniamadryn.com.ar\/?p=17141#primaryimage"},"thumbnailUrl":"https:\/\/fmpatagoniamadryn.com.ar\/wp-content\/uploads\/2025\/07\/img_0277-1.jpg","articleSection":["Provinciales"],"inLanguage":"es"},{"@type":"WebPage","@id":"https:\/\/fmpatagoniamadryn.com.ar\/?p=17141","url":"https:\/\/fmpatagoniamadryn.com.ar\/?p=17141","name":"Torres pidi\u00f3 celeridad a la Justicia tras la captura del delincuente sindicado como el presunto autor del asesinato de una agente de Polic\u00eda en Puerto Madryn - FM Patagonia Madryn","isPartOf":{"@id":"https:\/\/fmpatagoniamadryn.com.ar\/#website"},"primaryImageOfPage":{"@id":"https:\/\/fmpatagoniamadryn.com.ar\/?p=17141#primaryimage"},"image":{"@id":"https:\/\/fmpatagoniamadryn.com.ar\/?p=17141#primaryimage"},"thumbnailUrl":"https:\/\/fmpatagoniamadryn.com.ar\/wp-content\/uploads\/2025\/07\/img_0277-1.jpg","datePublished":"2025-07-17T13:28:44+00:00","dateModified":"2025-07-17T22:59:29+00:00","breadcrumb":{"@id":"https:\/\/fmpatagoniamadryn.com.ar\/?p=17141#breadcrumb"},"inLanguage":"es","potentialAction":[{"@type":"ReadAction","target":["https:\/\/fmpatagoniamadryn.com.ar\/?p=17141"]}]},{"@type":"ImageObject","inLanguage":"es","@id":"https:\/\/fmpatagoniamadryn.com.ar\/?p=17141#primaryimage","url":"https:\/\/fmpatagoniamadryn.com.ar\/wp-content\/uploads\/2025\/07\/img_0277-1.jpg","contentUrl":"https:\/\/fmpatagoniamadryn.com.ar\/wp-content\/uploads\/2025\/07\/img_0277-1.jpg","width":1284,"height":1129},{"@type":"BreadcrumbList","@id":"https:\/\/fmpatagoniamadryn.com.ar\/?p=17141#breadcrumb","itemListElement":[{"@type":"ListItem","position":1,"name":"Portada","item":"https:\/\/fmpatagoniamadryn.com.ar\/"},{"@type":"ListItem","position":2,"name":"Torres pidi\u00f3 celeridad a la Justicia tras la captura del delincuente sindicado como el presunto autor del asesinato de una agente de Polic\u00eda en Puerto Madryn"}]},{"@type":"WebSite","@id":"https:\/\/fmpatagoniamadryn.com.ar\/#website","url":"https:\/\/fmpatagoniamadryn.com.ar\/","name":"FM Patagonia Madryn","description":"Radio Patagonia 105.5","publisher":{"@id":"https:\/\/fmpatagoniamadryn.com.ar\/#organization"},"potentialAction":[{"@type":"SearchAction","target":{"@type":"EntryPoint","urlTemplate":"https:\/\/fmpatagoniamadryn.com.ar\/?s={search_term_string}"},"query-input":{"@type":"PropertyValueSpecification","valueRequired":true,"valueName":"search_term_string"}}],"inLanguage":"es"},{"@type":"Organization","@id":"https:\/\/fmpatagoniamadryn.com.ar\/#organization","name":"FM Patagonia Madryn","url":"https:\/\/fmpatagoniamadryn.com.ar\/","logo":{"@type":"ImageObject","inLanguage":"es","@id":"https:\/\/fmpatagoniamadryn.com.ar\/#\/schema\/logo\/image\/","url":"https:\/\/fmpatagoniamadryn.com.ar\/wp-content\/uploads\/2023\/01\/cropped-Diseno-sin-titulo.png","contentUrl":"https:\/\/fmpatagoniamadryn.com.ar\/wp-content\/uploads\/2023\/01\/cropped-Diseno-sin-titulo.png","width":6911,"height":2657,"caption":"FM Patagonia Madryn"},"image":{"@id":"https:\/\/fmpatagoniamadryn.com.ar\/#\/schema\/logo\/image\/"}},{"@type":"Person","@id":"https:\/\/fmpatagoniamadryn.com.ar\/#\/schema\/person\/8a3de4ad7efceacab06c1641c50303b7","name":"FM Patagonia","url":"https:\/\/fmpatagoniamadryn.com.ar\/?author=2"}]}},"jetpack_featured_media_url":"https:\/\/fmpatagoniamadryn.com.ar\/wp-content\/uploads\/2025\/07\/img_0277-1.jpg","_links":{"self":[{"href":"https:\/\/fmpatagoniamadryn.com.ar\/index.php?rest_route=\/wp\/v2\/posts\/17141","targetHints":{"allow":["GET"]}}],"collection":[{"href":"https:\/\/fmpatagoniamadryn.com.ar\/index.php?rest_route=\/wp\/v2\/posts"}],"about":[{"href":"https:\/\/fmpatagoniamadryn.com.ar\/index.php?rest_route=\/wp\/v2\/types\/post"}],"author":[{"embeddable":true,"href":"https:\/\/fmpatagoniamadryn.com.ar\/index.php?rest_route=\/wp\/v2\/users\/2"}],"replies":[{"embeddable":true,"href":"https:\/\/fmpatagoniamadryn.com.ar\/index.php?rest_route=%2Fwp%2Fv2%2Fcomments&post=17141"}],"version-history":[{"count":1,"href":"https:\/\/fmpatagoniamadryn.com.ar\/index.php?rest_route=\/wp\/v2\/posts\/17141\/revisions"}],"predecessor-version":[{"id":17142,"href":"https:\/\/fmpatagoniamadryn.com.ar\/index.php?rest_route=\/wp\/v2\/posts\/17141\/revisions\/17142"}],"wp:featuredmedia":[{"embeddable":true,"href":"https:\/\/fmpatagoniamadryn.com.ar\/index.php?rest_route=\/wp\/v2\/media\/17143"}],"wp:attachment":[{"href":"https:\/\/fmpatagoniamadryn.com.ar\/index.php?rest_route=%2Fwp%2Fv2%2Fmedia&parent=17141"}],"wp:term":[{"taxonomy":"category","embeddable":true,"href":"https:\/\/fmpatagoniamadryn.com.ar\/index.php?rest_route=%2Fwp%2Fv2%2Fcategories&post=17141"},{"taxonomy":"post_tag","embeddable":true,"href":"https:\/\/fmpatagoniamadryn.com.ar\/index.php?rest_route=%2Fwp%2Fv2%2Ftags&post=17141"}],"curies":[{"name":"wp","href":"https:\/\/api.w.org\/{rel}","templated":true}]}}