{"id":17398,"date":"2025-08-04T19:14:11","date_gmt":"2025-08-04T22:14:11","guid":{"rendered":"https:\/\/fmpatagoniamadryn.com.ar\/?p=17398"},"modified":"2025-08-04T19:14:11","modified_gmt":"2025-08-04T22:14:11","slug":"el-arte-como-puente-de-memoria-malvinas-el-regreso-y-un-encuentro-que-une-historias","status":"publish","type":"post","link":"https:\/\/fmpatagoniamadryn.com.ar\/?p=17398","title":{"rendered":"EL ARTE COMO PUENTE DE MEMORIA: MALVINAS, EL REGRESO Y UN ENCUENTRO QUE UNE HISTORIAS"},"content":{"rendered":"\n<p class=\"MsoNormal\">&nbsp;<\/p>\n\n\n\n<p class=\"MsoNormal\"><br><em>Una docente de Mataderos, CABA, visit\u00f3 el Centro de Veteranos de Puerto Madryn luego de transformar el recuerdo del \u201cD\u00eda que Madryn se qued\u00f3 sin pan\u201d en un proyecto escolar que ya forma parte de la feria educativa porte\u00f1a<\/em><br><br><br>El pasado fin de semana, la comisi\u00f3n organizadora de \u201cEl Regreso\u201d, actividad que cada a\u00f1o conmemora el retorno de los excombatientes de la Guerra de Malvinas a Puerto Madryn en 1982, recibi\u00f3 una visita muy especial: la docente Marcela Valentino, del Instituto Misericordia del barrio de Mataderos, Ciudad Aut\u00f3noma de Buenos Aires.<br><br>La maestra, junto a sus alumnos de 4\u00b0 grado A, conoci\u00f3 la historia del mural \u201cEl Regreso\u201d el pasado&nbsp;2 de abril, cuando el Veterano de Malvinas Enrique Torres (La Matanza, Buenos Aires) comparti\u00f3 su experiencia en el aula. A partir de aquel relato, surgi\u00f3 un proyecto educativo titulado \u201cEl d\u00eda que Madryn se qued\u00f3 sin pan &#8211; El arte como puente de memoria\u201d, que hoy forma parte de la Feria de Educaci\u00f3n, Ciencia, Arte y Tecnolog\u00eda del Gobierno de la Ciudad de Buenos Aires.<br><br>El objetivo del proyecto es rescatar, visibilizar y transmitir un hecho significativo de nuestra historia reciente, muchas veces ignorado. As\u00ed, los estudiantes no solo conocieron en profundidad lo que vivi\u00f3 la ciudad de Puerto Madryn durante el regreso de los soldados, sino que comenzaron a trabajar en su propia versi\u00f3n del mural \u201cEl Regreso\u201d. Para ello, entrevistaron a uno de sus artistas originales y estudiaron t\u00e9cnicas del muralismo, inspir\u00e1ndose en referentes como Berni, Soldi y Quinquela Mart\u00edn.<br><br>Durante el encuentro en nuestra ciudad, en el que participaron autoridades de la Armada Argentina, la Administraci\u00f3n Portuaria de Puerto Madryn, el Centro de Estudios Hist\u00f3ricos y Sociales, la Direcci\u00f3n de Ceremonial y la Secretar\u00eda de Turismo de la Municipalidad, se vivi\u00f3 un momento emotivo de profundo intercambio entre generaciones. Fue una jornada cargada de historia, educaci\u00f3n, arte y memoria viva.<br><br>En agradecimiento a su labor, Marcela Valentino recibi\u00f3 presentes del Centro de Veteranos de Guerra de Puerto Madryn: una placa conmemorativa del \u201cD\u00eda que Madryn se qued\u00f3 sin pan\u201d, el libro \u201cEl Madrynazo\u201d y el compromiso compartido de seguir ense\u00f1ando y contando lo que Madryn supo abrazar con tanto amor en 1982.<\/p>\n","protected":false},"excerpt":{"rendered":"<p>&nbsp; Una docente de Mataderos, CABA, visit\u00f3 el Centro de Veteranos de Puerto Madryn luego de transformar el recuerdo del \u201cD\u00eda que Madryn se qued\u00f3 sin pan\u201d en un proyecto&hellip; <\/p>\n","protected":false},"author":2,"featured_media":17397,"comment_status":"closed","ping_status":"closed","sticky":false,"template":"","format":"standard","meta":{"footnotes":""},"categories":[15],"tags":[],"class_list":["post-17398","post","type-post","status-publish","format-standard","has-post-thumbnail","hentry","category-locales"],"yoast_head":"<!-- This site is optimized with the Yoast SEO plugin v27.4 - https:\/\/yoast.com\/product\/yoast-seo-wordpress\/ -->\n<title>EL ARTE COMO PUENTE DE MEMORIA: MALVINAS, EL REGRESO Y UN ENCUENTRO QUE UNE HISTORIAS - FM Patagonia Madryn<\/title>\n<meta name=\"robots\" content=\"index, follow, max-snippet:-1, max-image-preview:large, max-video-preview:-1\" \/>\n<link rel=\"canonical\" href=\"https:\/\/fmpatagoniamadryn.com.ar\/?p=17398\" \/>\n<meta property=\"og:locale\" content=\"es_ES\" \/>\n<meta property=\"og:type\" content=\"article\" \/>\n<meta property=\"og:title\" content=\"EL ARTE COMO PUENTE DE MEMORIA: MALVINAS, EL REGRESO Y UN ENCUENTRO QUE UNE HISTORIAS - FM Patagonia Madryn\" \/>\n<meta property=\"og:description\" content=\"&nbsp; Una docente de Mataderos, CABA, visit\u00f3 el Centro de Veteranos de Puerto Madryn luego de transformar el recuerdo del \u201cD\u00eda que Madryn se qued\u00f3 sin pan\u201d en un proyecto&hellip;\" \/>\n<meta property=\"og:url\" content=\"https:\/\/fmpatagoniamadryn.com.ar\/?p=17398\" \/>\n<meta property=\"og:site_name\" content=\"FM Patagonia Madryn\" \/>\n<meta property=\"article:published_time\" content=\"2025-08-04T22:14:11+00:00\" \/>\n<meta property=\"og:image\" content=\"https:\/\/fmpatagoniamadryn.com.ar\/wp-content\/uploads\/2025\/08\/img_1521.jpg\" \/>\n\t<meta property=\"og:image:width\" content=\"960\" \/>\n\t<meta property=\"og:image:height\" content=\"1280\" \/>\n\t<meta property=\"og:image:type\" content=\"image\/jpeg\" \/>\n<meta name=\"author\" content=\"FM Patagonia\" \/>\n<meta name=\"twitter:card\" content=\"summary_large_image\" \/>\n<meta name=\"twitter:label1\" content=\"Escrito por\" \/>\n\t<meta name=\"twitter:data1\" content=\"FM Patagonia\" \/>\n\t<meta name=\"twitter:label2\" content=\"Tiempo de lectura\" \/>\n\t<meta name=\"twitter:data2\" content=\"2 minutos\" \/>\n<script type=\"application\/ld+json\" class=\"yoast-schema-graph\">{\"@context\":\"https:\\\/\\\/schema.org\",\"@graph\":[{\"@type\":\"Article\",\"@id\":\"https:\\\/\\\/fmpatagoniamadryn.com.ar\\\/?p=17398#article\",\"isPartOf\":{\"@id\":\"https:\\\/\\\/fmpatagoniamadryn.com.ar\\\/?p=17398\"},\"author\":{\"name\":\"FM Patagonia\",\"@id\":\"https:\\\/\\\/fmpatagoniamadryn.com.ar\\\/#\\\/schema\\\/person\\\/8a3de4ad7efceacab06c1641c50303b7\"},\"headline\":\"EL ARTE COMO PUENTE DE MEMORIA: MALVINAS, EL REGRESO Y UN ENCUENTRO QUE UNE HISTORIAS\",\"datePublished\":\"2025-08-04T22:14:11+00:00\",\"mainEntityOfPage\":{\"@id\":\"https:\\\/\\\/fmpatagoniamadryn.com.ar\\\/?p=17398\"},\"wordCount\":398,\"publisher\":{\"@id\":\"https:\\\/\\\/fmpatagoniamadryn.com.ar\\\/#organization\"},\"image\":{\"@id\":\"https:\\\/\\\/fmpatagoniamadryn.com.ar\\\/?p=17398#primaryimage\"},\"thumbnailUrl\":\"https:\\\/\\\/fmpatagoniamadryn.com.ar\\\/wp-content\\\/uploads\\\/2025\\\/08\\\/img_1521.jpg\",\"articleSection\":[\"Locales\"],\"inLanguage\":\"es\"},{\"@type\":\"WebPage\",\"@id\":\"https:\\\/\\\/fmpatagoniamadryn.com.ar\\\/?p=17398\",\"url\":\"https:\\\/\\\/fmpatagoniamadryn.com.ar\\\/?p=17398\",\"name\":\"EL ARTE COMO PUENTE DE MEMORIA: MALVINAS, EL REGRESO Y UN ENCUENTRO QUE UNE HISTORIAS - FM Patagonia Madryn\",\"isPartOf\":{\"@id\":\"https:\\\/\\\/fmpatagoniamadryn.com.ar\\\/#website\"},\"primaryImageOfPage\":{\"@id\":\"https:\\\/\\\/fmpatagoniamadryn.com.ar\\\/?p=17398#primaryimage\"},\"image\":{\"@id\":\"https:\\\/\\\/fmpatagoniamadryn.com.ar\\\/?p=17398#primaryimage\"},\"thumbnailUrl\":\"https:\\\/\\\/fmpatagoniamadryn.com.ar\\\/wp-content\\\/uploads\\\/2025\\\/08\\\/img_1521.jpg\",\"datePublished\":\"2025-08-04T22:14:11+00:00\",\"breadcrumb\":{\"@id\":\"https:\\\/\\\/fmpatagoniamadryn.com.ar\\\/?p=17398#breadcrumb\"},\"inLanguage\":\"es\",\"potentialAction\":[{\"@type\":\"ReadAction\",\"target\":[\"https:\\\/\\\/fmpatagoniamadryn.com.ar\\\/?p=17398\"]}]},{\"@type\":\"ImageObject\",\"inLanguage\":\"es\",\"@id\":\"https:\\\/\\\/fmpatagoniamadryn.com.ar\\\/?p=17398#primaryimage\",\"url\":\"https:\\\/\\\/fmpatagoniamadryn.com.ar\\\/wp-content\\\/uploads\\\/2025\\\/08\\\/img_1521.jpg\",\"contentUrl\":\"https:\\\/\\\/fmpatagoniamadryn.com.ar\\\/wp-content\\\/uploads\\\/2025\\\/08\\\/img_1521.jpg\",\"width\":960,\"height\":1280},{\"@type\":\"BreadcrumbList\",\"@id\":\"https:\\\/\\\/fmpatagoniamadryn.com.ar\\\/?p=17398#breadcrumb\",\"itemListElement\":[{\"@type\":\"ListItem\",\"position\":1,\"name\":\"Portada\",\"item\":\"https:\\\/\\\/fmpatagoniamadryn.com.ar\\\/\"},{\"@type\":\"ListItem\",\"position\":2,\"name\":\"EL ARTE COMO PUENTE DE MEMORIA: MALVINAS, EL REGRESO Y UN ENCUENTRO QUE UNE HISTORIAS\"}]},{\"@type\":\"WebSite\",\"@id\":\"https:\\\/\\\/fmpatagoniamadryn.com.ar\\\/#website\",\"url\":\"https:\\\/\\\/fmpatagoniamadryn.com.ar\\\/\",\"name\":\"FM Patagonia Madryn\",\"description\":\"Radio Patagonia 105.5\",\"publisher\":{\"@id\":\"https:\\\/\\\/fmpatagoniamadryn.com.ar\\\/#organization\"},\"potentialAction\":[{\"@type\":\"SearchAction\",\"target\":{\"@type\":\"EntryPoint\",\"urlTemplate\":\"https:\\\/\\\/fmpatagoniamadryn.com.ar\\\/?s={search_term_string}\"},\"query-input\":{\"@type\":\"PropertyValueSpecification\",\"valueRequired\":true,\"valueName\":\"search_term_string\"}}],\"inLanguage\":\"es\"},{\"@type\":\"Organization\",\"@id\":\"https:\\\/\\\/fmpatagoniamadryn.com.ar\\\/#organization\",\"name\":\"FM Patagonia Madryn\",\"url\":\"https:\\\/\\\/fmpatagoniamadryn.com.ar\\\/\",\"logo\":{\"@type\":\"ImageObject\",\"inLanguage\":\"es\",\"@id\":\"https:\\\/\\\/fmpatagoniamadryn.com.ar\\\/#\\\/schema\\\/logo\\\/image\\\/\",\"url\":\"https:\\\/\\\/fmpatagoniamadryn.com.ar\\\/wp-content\\\/uploads\\\/2023\\\/01\\\/cropped-Diseno-sin-titulo.png\",\"contentUrl\":\"https:\\\/\\\/fmpatagoniamadryn.com.ar\\\/wp-content\\\/uploads\\\/2023\\\/01\\\/cropped-Diseno-sin-titulo.png\",\"width\":6911,\"height\":2657,\"caption\":\"FM Patagonia Madryn\"},\"image\":{\"@id\":\"https:\\\/\\\/fmpatagoniamadryn.com.ar\\\/#\\\/schema\\\/logo\\\/image\\\/\"}},{\"@type\":\"Person\",\"@id\":\"https:\\\/\\\/fmpatagoniamadryn.com.ar\\\/#\\\/schema\\\/person\\\/8a3de4ad7efceacab06c1641c50303b7\",\"name\":\"FM Patagonia\",\"url\":\"https:\\\/\\\/fmpatagoniamadryn.com.ar\\\/?author=2\"}]}<\/script>\n<!-- \/ Yoast SEO plugin. -->","yoast_head_json":{"title":"EL ARTE COMO PUENTE DE MEMORIA: MALVINAS, EL REGRESO Y UN ENCUENTRO QUE UNE HISTORIAS - FM Patagonia Madryn","robots":{"index":"index","follow":"follow","max-snippet":"max-snippet:-1","max-image-preview":"max-image-preview:large","max-video-preview":"max-video-preview:-1"},"canonical":"https:\/\/fmpatagoniamadryn.com.ar\/?p=17398","og_locale":"es_ES","og_type":"article","og_title":"EL ARTE COMO PUENTE DE MEMORIA: MALVINAS, EL REGRESO Y UN ENCUENTRO QUE UNE HISTORIAS - FM Patagonia Madryn","og_description":"&nbsp; Una docente de Mataderos, CABA, visit\u00f3 el Centro de Veteranos de Puerto Madryn luego de transformar el recuerdo del \u201cD\u00eda que Madryn se qued\u00f3 sin pan\u201d en un proyecto&hellip;","og_url":"https:\/\/fmpatagoniamadryn.com.ar\/?p=17398","og_site_name":"FM Patagonia Madryn","article_published_time":"2025-08-04T22:14:11+00:00","og_image":[{"width":960,"height":1280,"url":"https:\/\/fmpatagoniamadryn.com.ar\/wp-content\/uploads\/2025\/08\/img_1521.jpg","type":"image\/jpeg"}],"author":"FM Patagonia","twitter_card":"summary_large_image","twitter_misc":{"Escrito por":"FM Patagonia","Tiempo de lectura":"2 minutos"},"schema":{"@context":"https:\/\/schema.org","@graph":[{"@type":"Article","@id":"https:\/\/fmpatagoniamadryn.com.ar\/?p=17398#article","isPartOf":{"@id":"https:\/\/fmpatagoniamadryn.com.ar\/?p=17398"},"author":{"name":"FM Patagonia","@id":"https:\/\/fmpatagoniamadryn.com.ar\/#\/schema\/person\/8a3de4ad7efceacab06c1641c50303b7"},"headline":"EL ARTE COMO PUENTE DE MEMORIA: MALVINAS, EL REGRESO Y UN ENCUENTRO QUE UNE HISTORIAS","datePublished":"2025-08-04T22:14:11+00:00","mainEntityOfPage":{"@id":"https:\/\/fmpatagoniamadryn.com.ar\/?p=17398"},"wordCount":398,"publisher":{"@id":"https:\/\/fmpatagoniamadryn.com.ar\/#organization"},"image":{"@id":"https:\/\/fmpatagoniamadryn.com.ar\/?p=17398#primaryimage"},"thumbnailUrl":"https:\/\/fmpatagoniamadryn.com.ar\/wp-content\/uploads\/2025\/08\/img_1521.jpg","articleSection":["Locales"],"inLanguage":"es"},{"@type":"WebPage","@id":"https:\/\/fmpatagoniamadryn.com.ar\/?p=17398","url":"https:\/\/fmpatagoniamadryn.com.ar\/?p=17398","name":"EL ARTE COMO PUENTE DE MEMORIA: MALVINAS, EL REGRESO Y UN ENCUENTRO QUE UNE HISTORIAS - FM Patagonia Madryn","isPartOf":{"@id":"https:\/\/fmpatagoniamadryn.com.ar\/#website"},"primaryImageOfPage":{"@id":"https:\/\/fmpatagoniamadryn.com.ar\/?p=17398#primaryimage"},"image":{"@id":"https:\/\/fmpatagoniamadryn.com.ar\/?p=17398#primaryimage"},"thumbnailUrl":"https:\/\/fmpatagoniamadryn.com.ar\/wp-content\/uploads\/2025\/08\/img_1521.jpg","datePublished":"2025-08-04T22:14:11+00:00","breadcrumb":{"@id":"https:\/\/fmpatagoniamadryn.com.ar\/?p=17398#breadcrumb"},"inLanguage":"es","potentialAction":[{"@type":"ReadAction","target":["https:\/\/fmpatagoniamadryn.com.ar\/?p=17398"]}]},{"@type":"ImageObject","inLanguage":"es","@id":"https:\/\/fmpatagoniamadryn.com.ar\/?p=17398#primaryimage","url":"https:\/\/fmpatagoniamadryn.com.ar\/wp-content\/uploads\/2025\/08\/img_1521.jpg","contentUrl":"https:\/\/fmpatagoniamadryn.com.ar\/wp-content\/uploads\/2025\/08\/img_1521.jpg","width":960,"height":1280},{"@type":"BreadcrumbList","@id":"https:\/\/fmpatagoniamadryn.com.ar\/?p=17398#breadcrumb","itemListElement":[{"@type":"ListItem","position":1,"name":"Portada","item":"https:\/\/fmpatagoniamadryn.com.ar\/"},{"@type":"ListItem","position":2,"name":"EL ARTE COMO PUENTE DE MEMORIA: MALVINAS, EL REGRESO Y UN ENCUENTRO QUE UNE HISTORIAS"}]},{"@type":"WebSite","@id":"https:\/\/fmpatagoniamadryn.com.ar\/#website","url":"https:\/\/fmpatagoniamadryn.com.ar\/","name":"FM Patagonia Madryn","description":"Radio Patagonia 105.5","publisher":{"@id":"https:\/\/fmpatagoniamadryn.com.ar\/#organization"},"potentialAction":[{"@type":"SearchAction","target":{"@type":"EntryPoint","urlTemplate":"https:\/\/fmpatagoniamadryn.com.ar\/?s={search_term_string}"},"query-input":{"@type":"PropertyValueSpecification","valueRequired":true,"valueName":"search_term_string"}}],"inLanguage":"es"},{"@type":"Organization","@id":"https:\/\/fmpatagoniamadryn.com.ar\/#organization","name":"FM Patagonia Madryn","url":"https:\/\/fmpatagoniamadryn.com.ar\/","logo":{"@type":"ImageObject","inLanguage":"es","@id":"https:\/\/fmpatagoniamadryn.com.ar\/#\/schema\/logo\/image\/","url":"https:\/\/fmpatagoniamadryn.com.ar\/wp-content\/uploads\/2023\/01\/cropped-Diseno-sin-titulo.png","contentUrl":"https:\/\/fmpatagoniamadryn.com.ar\/wp-content\/uploads\/2023\/01\/cropped-Diseno-sin-titulo.png","width":6911,"height":2657,"caption":"FM Patagonia Madryn"},"image":{"@id":"https:\/\/fmpatagoniamadryn.com.ar\/#\/schema\/logo\/image\/"}},{"@type":"Person","@id":"https:\/\/fmpatagoniamadryn.com.ar\/#\/schema\/person\/8a3de4ad7efceacab06c1641c50303b7","name":"FM Patagonia","url":"https:\/\/fmpatagoniamadryn.com.ar\/?author=2"}]}},"jetpack_featured_media_url":"https:\/\/fmpatagoniamadryn.com.ar\/wp-content\/uploads\/2025\/08\/img_1521.jpg","_links":{"self":[{"href":"https:\/\/fmpatagoniamadryn.com.ar\/index.php?rest_route=\/wp\/v2\/posts\/17398","targetHints":{"allow":["GET"]}}],"collection":[{"href":"https:\/\/fmpatagoniamadryn.com.ar\/index.php?rest_route=\/wp\/v2\/posts"}],"about":[{"href":"https:\/\/fmpatagoniamadryn.com.ar\/index.php?rest_route=\/wp\/v2\/types\/post"}],"author":[{"embeddable":true,"href":"https:\/\/fmpatagoniamadryn.com.ar\/index.php?rest_route=\/wp\/v2\/users\/2"}],"replies":[{"embeddable":true,"href":"https:\/\/fmpatagoniamadryn.com.ar\/index.php?rest_route=%2Fwp%2Fv2%2Fcomments&post=17398"}],"version-history":[{"count":1,"href":"https:\/\/fmpatagoniamadryn.com.ar\/index.php?rest_route=\/wp\/v2\/posts\/17398\/revisions"}],"predecessor-version":[{"id":17399,"href":"https:\/\/fmpatagoniamadryn.com.ar\/index.php?rest_route=\/wp\/v2\/posts\/17398\/revisions\/17399"}],"wp:featuredmedia":[{"embeddable":true,"href":"https:\/\/fmpatagoniamadryn.com.ar\/index.php?rest_route=\/wp\/v2\/media\/17397"}],"wp:attachment":[{"href":"https:\/\/fmpatagoniamadryn.com.ar\/index.php?rest_route=%2Fwp%2Fv2%2Fmedia&parent=17398"}],"wp:term":[{"taxonomy":"category","embeddable":true,"href":"https:\/\/fmpatagoniamadryn.com.ar\/index.php?rest_route=%2Fwp%2Fv2%2Fcategories&post=17398"},{"taxonomy":"post_tag","embeddable":true,"href":"https:\/\/fmpatagoniamadryn.com.ar\/index.php?rest_route=%2Fwp%2Fv2%2Ftags&post=17398"}],"curies":[{"name":"wp","href":"https:\/\/api.w.org\/{rel}","templated":true}]}}