{"id":17404,"date":"2025-08-04T22:37:41","date_gmt":"2025-08-05T01:37:41","guid":{"rendered":"https:\/\/fmpatagoniamadryn.com.ar\/?p=17404"},"modified":"2025-08-04T22:37:41","modified_gmt":"2025-08-05T01:37:41","slug":"madryn-demoran-a-dos-menores-y-les-secuestran-armas","status":"publish","type":"post","link":"https:\/\/fmpatagoniamadryn.com.ar\/?p=17404","title":{"rendered":"Madryn | Demoran a dos menores y les secuestran armas"},"content":{"rendered":"\n<h1 class=\"wp-block-heading\"><\/h1>\n\n\n\n<p>El Personal policial que realizaba patrullaje preventivo en Intersecci\u00f3n de calles Thomas Espora y Pedro Derbes demor\u00f3 a dos menores y secuestr\u00f3 armas de fuego.<\/p>\n\n\n\n<p>El hecho ocurri\u00f3 en la v\u00eda p\u00fablica cuando un grupo de tres sujetos intentaron eludir la identificaci\u00f3n de los efectivos policiales. Los sujetos al advertir la presencia del m\u00f3vil policial aceleran el paso y comienzan a correr con el fin de darse a la fuga.<br \/>Durante la huida, uno de ellos deja caer un arma de fuego al suelo, sin poder identificar con certeza al portador. El intento por darse a la fuga no logra tener \u00e9xito porque se pudo aprehender a dos de los individuos: uno vestido completamente de negro y otro con pantal\u00f3n negro y campera roja. El tercer sujeto logra darse a la fuga por calle Thomas Espora, perdi\u00e9ndose de vista.<\/p>\n\n\n\n<p>En la identificaci\u00f3n de los interceptados, se constat\u00f3 que eran menores de edad. Asimismo, al momento de realizarle la requisa a uno de ellos se le secuestro un arma tipo rev\u00f3lver que llevaba entre sus ropas.<br \/>La Fiscal de turno, Dra. Florencia Bianchi, dispuso el secuestro de las armas y la entrega de los menores a sus progenitores.<\/p>\n\n\n\n<p>Pmy<\/p>\n","protected":false},"excerpt":{"rendered":"<p>El Personal policial que realizaba patrullaje preventivo en Intersecci\u00f3n de calles Thomas Espora y Pedro Derbes demor\u00f3 a dos menores y secuestr\u00f3 armas de fuego. El hecho ocurri\u00f3 en la&hellip; <\/p>\n","protected":false},"author":2,"featured_media":17403,"comment_status":"closed","ping_status":"closed","sticky":false,"template":"","format":"standard","meta":{"footnotes":""},"categories":[11],"tags":[],"class_list":["post-17404","post","type-post","status-publish","format-standard","has-post-thumbnail","hentry","category-policiales"],"yoast_head":"<!-- This site is optimized with the Yoast SEO plugin v27.4 - https:\/\/yoast.com\/product\/yoast-seo-wordpress\/ -->\n<title>Madryn | Demoran a dos menores y les secuestran armas - FM Patagonia Madryn<\/title>\n<meta name=\"robots\" content=\"index, follow, max-snippet:-1, max-image-preview:large, max-video-preview:-1\" \/>\n<link rel=\"canonical\" href=\"https:\/\/fmpatagoniamadryn.com.ar\/?p=17404\" \/>\n<meta property=\"og:locale\" content=\"es_ES\" \/>\n<meta property=\"og:type\" content=\"article\" \/>\n<meta property=\"og:title\" content=\"Madryn | Demoran a dos menores y les secuestran armas - FM Patagonia Madryn\" \/>\n<meta property=\"og:description\" content=\"El Personal policial que realizaba patrullaje preventivo en Intersecci\u00f3n de calles Thomas Espora y Pedro Derbes demor\u00f3 a dos menores y secuestr\u00f3 armas de fuego. El hecho ocurri\u00f3 en la&hellip;\" \/>\n<meta property=\"og:url\" content=\"https:\/\/fmpatagoniamadryn.com.ar\/?p=17404\" \/>\n<meta property=\"og:site_name\" content=\"FM Patagonia Madryn\" \/>\n<meta property=\"article:published_time\" content=\"2025-08-05T01:37:41+00:00\" \/>\n<meta property=\"og:image\" content=\"https:\/\/fmpatagoniamadryn.com.ar\/wp-content\/uploads\/2025\/08\/img_1545.jpg\" \/>\n\t<meta property=\"og:image:width\" content=\"1024\" \/>\n\t<meta property=\"og:image:height\" content=\"1280\" \/>\n\t<meta property=\"og:image:type\" content=\"image\/jpeg\" \/>\n<meta name=\"author\" content=\"FM Patagonia\" \/>\n<meta name=\"twitter:card\" content=\"summary_large_image\" \/>\n<meta name=\"twitter:label1\" content=\"Escrito por\" \/>\n\t<meta name=\"twitter:data1\" content=\"FM Patagonia\" \/>\n\t<meta name=\"twitter:label2\" content=\"Tiempo de lectura\" \/>\n\t<meta name=\"twitter:data2\" content=\"1 minuto\" \/>\n<script type=\"application\/ld+json\" class=\"yoast-schema-graph\">{\"@context\":\"https:\\\/\\\/schema.org\",\"@graph\":[{\"@type\":\"Article\",\"@id\":\"https:\\\/\\\/fmpatagoniamadryn.com.ar\\\/?p=17404#article\",\"isPartOf\":{\"@id\":\"https:\\\/\\\/fmpatagoniamadryn.com.ar\\\/?p=17404\"},\"author\":{\"name\":\"FM Patagonia\",\"@id\":\"https:\\\/\\\/fmpatagoniamadryn.com.ar\\\/#\\\/schema\\\/person\\\/8a3de4ad7efceacab06c1641c50303b7\"},\"headline\":\"Madryn | Demoran a dos menores y les secuestran armas\",\"datePublished\":\"2025-08-05T01:37:41+00:00\",\"mainEntityOfPage\":{\"@id\":\"https:\\\/\\\/fmpatagoniamadryn.com.ar\\\/?p=17404\"},\"wordCount\":216,\"publisher\":{\"@id\":\"https:\\\/\\\/fmpatagoniamadryn.com.ar\\\/#organization\"},\"image\":{\"@id\":\"https:\\\/\\\/fmpatagoniamadryn.com.ar\\\/?p=17404#primaryimage\"},\"thumbnailUrl\":\"https:\\\/\\\/fmpatagoniamadryn.com.ar\\\/wp-content\\\/uploads\\\/2025\\\/08\\\/img_1545.jpg\",\"articleSection\":[\"Policiales\"],\"inLanguage\":\"es\"},{\"@type\":\"WebPage\",\"@id\":\"https:\\\/\\\/fmpatagoniamadryn.com.ar\\\/?p=17404\",\"url\":\"https:\\\/\\\/fmpatagoniamadryn.com.ar\\\/?p=17404\",\"name\":\"Madryn | Demoran a dos menores y les secuestran armas - FM Patagonia Madryn\",\"isPartOf\":{\"@id\":\"https:\\\/\\\/fmpatagoniamadryn.com.ar\\\/#website\"},\"primaryImageOfPage\":{\"@id\":\"https:\\\/\\\/fmpatagoniamadryn.com.ar\\\/?p=17404#primaryimage\"},\"image\":{\"@id\":\"https:\\\/\\\/fmpatagoniamadryn.com.ar\\\/?p=17404#primaryimage\"},\"thumbnailUrl\":\"https:\\\/\\\/fmpatagoniamadryn.com.ar\\\/wp-content\\\/uploads\\\/2025\\\/08\\\/img_1545.jpg\",\"datePublished\":\"2025-08-05T01:37:41+00:00\",\"breadcrumb\":{\"@id\":\"https:\\\/\\\/fmpatagoniamadryn.com.ar\\\/?p=17404#breadcrumb\"},\"inLanguage\":\"es\",\"potentialAction\":[{\"@type\":\"ReadAction\",\"target\":[\"https:\\\/\\\/fmpatagoniamadryn.com.ar\\\/?p=17404\"]}]},{\"@type\":\"ImageObject\",\"inLanguage\":\"es\",\"@id\":\"https:\\\/\\\/fmpatagoniamadryn.com.ar\\\/?p=17404#primaryimage\",\"url\":\"https:\\\/\\\/fmpatagoniamadryn.com.ar\\\/wp-content\\\/uploads\\\/2025\\\/08\\\/img_1545.jpg\",\"contentUrl\":\"https:\\\/\\\/fmpatagoniamadryn.com.ar\\\/wp-content\\\/uploads\\\/2025\\\/08\\\/img_1545.jpg\",\"width\":1024,\"height\":1280},{\"@type\":\"BreadcrumbList\",\"@id\":\"https:\\\/\\\/fmpatagoniamadryn.com.ar\\\/?p=17404#breadcrumb\",\"itemListElement\":[{\"@type\":\"ListItem\",\"position\":1,\"name\":\"Portada\",\"item\":\"https:\\\/\\\/fmpatagoniamadryn.com.ar\\\/\"},{\"@type\":\"ListItem\",\"position\":2,\"name\":\"Madryn | Demoran a dos menores y les secuestran armas\"}]},{\"@type\":\"WebSite\",\"@id\":\"https:\\\/\\\/fmpatagoniamadryn.com.ar\\\/#website\",\"url\":\"https:\\\/\\\/fmpatagoniamadryn.com.ar\\\/\",\"name\":\"FM Patagonia Madryn\",\"description\":\"Radio Patagonia 105.5\",\"publisher\":{\"@id\":\"https:\\\/\\\/fmpatagoniamadryn.com.ar\\\/#organization\"},\"potentialAction\":[{\"@type\":\"SearchAction\",\"target\":{\"@type\":\"EntryPoint\",\"urlTemplate\":\"https:\\\/\\\/fmpatagoniamadryn.com.ar\\\/?s={search_term_string}\"},\"query-input\":{\"@type\":\"PropertyValueSpecification\",\"valueRequired\":true,\"valueName\":\"search_term_string\"}}],\"inLanguage\":\"es\"},{\"@type\":\"Organization\",\"@id\":\"https:\\\/\\\/fmpatagoniamadryn.com.ar\\\/#organization\",\"name\":\"FM Patagonia Madryn\",\"url\":\"https:\\\/\\\/fmpatagoniamadryn.com.ar\\\/\",\"logo\":{\"@type\":\"ImageObject\",\"inLanguage\":\"es\",\"@id\":\"https:\\\/\\\/fmpatagoniamadryn.com.ar\\\/#\\\/schema\\\/logo\\\/image\\\/\",\"url\":\"https:\\\/\\\/fmpatagoniamadryn.com.ar\\\/wp-content\\\/uploads\\\/2023\\\/01\\\/cropped-Diseno-sin-titulo.png\",\"contentUrl\":\"https:\\\/\\\/fmpatagoniamadryn.com.ar\\\/wp-content\\\/uploads\\\/2023\\\/01\\\/cropped-Diseno-sin-titulo.png\",\"width\":6911,\"height\":2657,\"caption\":\"FM Patagonia Madryn\"},\"image\":{\"@id\":\"https:\\\/\\\/fmpatagoniamadryn.com.ar\\\/#\\\/schema\\\/logo\\\/image\\\/\"}},{\"@type\":\"Person\",\"@id\":\"https:\\\/\\\/fmpatagoniamadryn.com.ar\\\/#\\\/schema\\\/person\\\/8a3de4ad7efceacab06c1641c50303b7\",\"name\":\"FM Patagonia\",\"url\":\"https:\\\/\\\/fmpatagoniamadryn.com.ar\\\/?author=2\"}]}<\/script>\n<!-- \/ Yoast SEO plugin. -->","yoast_head_json":{"title":"Madryn | Demoran a dos menores y les secuestran armas - FM Patagonia Madryn","robots":{"index":"index","follow":"follow","max-snippet":"max-snippet:-1","max-image-preview":"max-image-preview:large","max-video-preview":"max-video-preview:-1"},"canonical":"https:\/\/fmpatagoniamadryn.com.ar\/?p=17404","og_locale":"es_ES","og_type":"article","og_title":"Madryn | Demoran a dos menores y les secuestran armas - FM Patagonia Madryn","og_description":"El Personal policial que realizaba patrullaje preventivo en Intersecci\u00f3n de calles Thomas Espora y Pedro Derbes demor\u00f3 a dos menores y secuestr\u00f3 armas de fuego. El hecho ocurri\u00f3 en la&hellip;","og_url":"https:\/\/fmpatagoniamadryn.com.ar\/?p=17404","og_site_name":"FM Patagonia Madryn","article_published_time":"2025-08-05T01:37:41+00:00","og_image":[{"width":1024,"height":1280,"url":"https:\/\/fmpatagoniamadryn.com.ar\/wp-content\/uploads\/2025\/08\/img_1545.jpg","type":"image\/jpeg"}],"author":"FM Patagonia","twitter_card":"summary_large_image","twitter_misc":{"Escrito por":"FM Patagonia","Tiempo de lectura":"1 minuto"},"schema":{"@context":"https:\/\/schema.org","@graph":[{"@type":"Article","@id":"https:\/\/fmpatagoniamadryn.com.ar\/?p=17404#article","isPartOf":{"@id":"https:\/\/fmpatagoniamadryn.com.ar\/?p=17404"},"author":{"name":"FM Patagonia","@id":"https:\/\/fmpatagoniamadryn.com.ar\/#\/schema\/person\/8a3de4ad7efceacab06c1641c50303b7"},"headline":"Madryn | Demoran a dos menores y les secuestran armas","datePublished":"2025-08-05T01:37:41+00:00","mainEntityOfPage":{"@id":"https:\/\/fmpatagoniamadryn.com.ar\/?p=17404"},"wordCount":216,"publisher":{"@id":"https:\/\/fmpatagoniamadryn.com.ar\/#organization"},"image":{"@id":"https:\/\/fmpatagoniamadryn.com.ar\/?p=17404#primaryimage"},"thumbnailUrl":"https:\/\/fmpatagoniamadryn.com.ar\/wp-content\/uploads\/2025\/08\/img_1545.jpg","articleSection":["Policiales"],"inLanguage":"es"},{"@type":"WebPage","@id":"https:\/\/fmpatagoniamadryn.com.ar\/?p=17404","url":"https:\/\/fmpatagoniamadryn.com.ar\/?p=17404","name":"Madryn | Demoran a dos menores y les secuestran armas - FM Patagonia Madryn","isPartOf":{"@id":"https:\/\/fmpatagoniamadryn.com.ar\/#website"},"primaryImageOfPage":{"@id":"https:\/\/fmpatagoniamadryn.com.ar\/?p=17404#primaryimage"},"image":{"@id":"https:\/\/fmpatagoniamadryn.com.ar\/?p=17404#primaryimage"},"thumbnailUrl":"https:\/\/fmpatagoniamadryn.com.ar\/wp-content\/uploads\/2025\/08\/img_1545.jpg","datePublished":"2025-08-05T01:37:41+00:00","breadcrumb":{"@id":"https:\/\/fmpatagoniamadryn.com.ar\/?p=17404#breadcrumb"},"inLanguage":"es","potentialAction":[{"@type":"ReadAction","target":["https:\/\/fmpatagoniamadryn.com.ar\/?p=17404"]}]},{"@type":"ImageObject","inLanguage":"es","@id":"https:\/\/fmpatagoniamadryn.com.ar\/?p=17404#primaryimage","url":"https:\/\/fmpatagoniamadryn.com.ar\/wp-content\/uploads\/2025\/08\/img_1545.jpg","contentUrl":"https:\/\/fmpatagoniamadryn.com.ar\/wp-content\/uploads\/2025\/08\/img_1545.jpg","width":1024,"height":1280},{"@type":"BreadcrumbList","@id":"https:\/\/fmpatagoniamadryn.com.ar\/?p=17404#breadcrumb","itemListElement":[{"@type":"ListItem","position":1,"name":"Portada","item":"https:\/\/fmpatagoniamadryn.com.ar\/"},{"@type":"ListItem","position":2,"name":"Madryn | Demoran a dos menores y les secuestran armas"}]},{"@type":"WebSite","@id":"https:\/\/fmpatagoniamadryn.com.ar\/#website","url":"https:\/\/fmpatagoniamadryn.com.ar\/","name":"FM Patagonia Madryn","description":"Radio Patagonia 105.5","publisher":{"@id":"https:\/\/fmpatagoniamadryn.com.ar\/#organization"},"potentialAction":[{"@type":"SearchAction","target":{"@type":"EntryPoint","urlTemplate":"https:\/\/fmpatagoniamadryn.com.ar\/?s={search_term_string}"},"query-input":{"@type":"PropertyValueSpecification","valueRequired":true,"valueName":"search_term_string"}}],"inLanguage":"es"},{"@type":"Organization","@id":"https:\/\/fmpatagoniamadryn.com.ar\/#organization","name":"FM Patagonia Madryn","url":"https:\/\/fmpatagoniamadryn.com.ar\/","logo":{"@type":"ImageObject","inLanguage":"es","@id":"https:\/\/fmpatagoniamadryn.com.ar\/#\/schema\/logo\/image\/","url":"https:\/\/fmpatagoniamadryn.com.ar\/wp-content\/uploads\/2023\/01\/cropped-Diseno-sin-titulo.png","contentUrl":"https:\/\/fmpatagoniamadryn.com.ar\/wp-content\/uploads\/2023\/01\/cropped-Diseno-sin-titulo.png","width":6911,"height":2657,"caption":"FM Patagonia Madryn"},"image":{"@id":"https:\/\/fmpatagoniamadryn.com.ar\/#\/schema\/logo\/image\/"}},{"@type":"Person","@id":"https:\/\/fmpatagoniamadryn.com.ar\/#\/schema\/person\/8a3de4ad7efceacab06c1641c50303b7","name":"FM Patagonia","url":"https:\/\/fmpatagoniamadryn.com.ar\/?author=2"}]}},"jetpack_featured_media_url":"https:\/\/fmpatagoniamadryn.com.ar\/wp-content\/uploads\/2025\/08\/img_1545.jpg","_links":{"self":[{"href":"https:\/\/fmpatagoniamadryn.com.ar\/index.php?rest_route=\/wp\/v2\/posts\/17404","targetHints":{"allow":["GET"]}}],"collection":[{"href":"https:\/\/fmpatagoniamadryn.com.ar\/index.php?rest_route=\/wp\/v2\/posts"}],"about":[{"href":"https:\/\/fmpatagoniamadryn.com.ar\/index.php?rest_route=\/wp\/v2\/types\/post"}],"author":[{"embeddable":true,"href":"https:\/\/fmpatagoniamadryn.com.ar\/index.php?rest_route=\/wp\/v2\/users\/2"}],"replies":[{"embeddable":true,"href":"https:\/\/fmpatagoniamadryn.com.ar\/index.php?rest_route=%2Fwp%2Fv2%2Fcomments&post=17404"}],"version-history":[{"count":1,"href":"https:\/\/fmpatagoniamadryn.com.ar\/index.php?rest_route=\/wp\/v2\/posts\/17404\/revisions"}],"predecessor-version":[{"id":17405,"href":"https:\/\/fmpatagoniamadryn.com.ar\/index.php?rest_route=\/wp\/v2\/posts\/17404\/revisions\/17405"}],"wp:featuredmedia":[{"embeddable":true,"href":"https:\/\/fmpatagoniamadryn.com.ar\/index.php?rest_route=\/wp\/v2\/media\/17403"}],"wp:attachment":[{"href":"https:\/\/fmpatagoniamadryn.com.ar\/index.php?rest_route=%2Fwp%2Fv2%2Fmedia&parent=17404"}],"wp:term":[{"taxonomy":"category","embeddable":true,"href":"https:\/\/fmpatagoniamadryn.com.ar\/index.php?rest_route=%2Fwp%2Fv2%2Fcategories&post=17404"},{"taxonomy":"post_tag","embeddable":true,"href":"https:\/\/fmpatagoniamadryn.com.ar\/index.php?rest_route=%2Fwp%2Fv2%2Ftags&post=17404"}],"curies":[{"name":"wp","href":"https:\/\/api.w.org\/{rel}","templated":true}]}}