{"id":17433,"date":"2025-08-06T13:34:34","date_gmt":"2025-08-06T16:34:34","guid":{"rendered":"https:\/\/fmpatagoniamadryn.com.ar\/?p=17433"},"modified":"2025-08-06T13:34:34","modified_gmt":"2025-08-06T16:34:34","slug":"se-viene-el-madryn-juega-con-una-gran-selva-para-celebrar-el-dia-de-las-infancias","status":"publish","type":"post","link":"https:\/\/fmpatagoniamadryn.com.ar\/?p=17433","title":{"rendered":"SE VIENE EL \u201cMADRYN JUEGA\u201d CON UNA GRAN SELVA PARA CELEBRAR EL D\u00cdA DE LAS INFANCIAS"},"content":{"rendered":"\n<p class=\"MsoNormal\"><\/p>\n\n\n\n<p class=\"MsoNormal\"><em>Se llevar\u00e1 a cabo&nbsp;el domingo 24 de agosto a partir de las 14 horas<\/em><\/p>\n\n\n\n<p class=\"MsoNormal\">La ciudad se prepara para celebrar el D\u00eda de las Infancias con una nueva edici\u00f3n del \u201cMadryn Juega\u201d. El evento, organizado por la Municipalidad de Puerto Madryn, se llevar\u00e1 a cabo&nbsp;el domingo 24 de agosto a partir de las 14 horas&nbsp;en el Gimnasio Municipal N\u00ba1, ubicado en Sarmiento 1235.&nbsp;<\/p>\n\n\n\n<p class=\"MsoNormal\">Este a\u00f1o, el gimnasio se transformar\u00e1 en una gran selva, donde los m\u00e1s peque\u00f1os podr\u00e1n disfrutar de una jornada cargada de diversi\u00f3n. Habr\u00e1 juegos, deportes, propuestas recreativas, educativas y culturales.<\/p>\n\n\n\n<p class=\"MsoNormal\">Entre las actividades destacadas habr\u00e1 inflables, una estaci\u00f3n de juegos con ladrillos, un jenga gigante y shows de globos. Adem\u00e1s, quienes asistan podr\u00e1n encontrarse con sus personajes favoritos como Mickey, el Pato Donald, Olaf, la princesa de Frozen, Spiderman, Marshall de la Patrulla Canina, Minions, Capibara, Stitch y hasta con Messi y El Dibu.&nbsp;<\/p>\n\n\n\n<p class=\"MsoNormal\">La jornada contar\u00e1 con stands de maquillaje art\u00edstico y glitter, una plaza blanda y tambi\u00e9n se ofrecer\u00e1 chocolate caliente y facturas.<\/p>\n\n\n\n<p class=\"MsoNormal\">Asimismo, los&nbsp;chicos y chicas podr\u00e1n experimentar ser bomberos por un rato, conocer los trajes y simular trabajar en un incendio. En definitiva, conocer a estos h\u00e9roes an\u00f3nimos que est\u00e1n al servicio de la comunidad ante una contingencia.<\/p>\n\n\n\n<p class=\"MsoNormal\">El evento culminar\u00e1 con un gran show espectacular de \u201cLos Gigantes de Catch\u201d.<\/p>\n\n\n\n<p class=\"MsoNormal\">Cabe destacar que todas las \u00e1reas de la Comuna se sumar\u00e1n al festejo, ofreciendo numerosas y variadas propuestas para que los ni\u00f1os y ni\u00f1as de todos los barrios puedan vivir una tarde inolvidable.&nbsp;<\/p>\n\n\n\n<p><\/p>\n","protected":false},"excerpt":{"rendered":"<p>Se llevar\u00e1 a cabo&nbsp;el domingo 24 de agosto a partir de las 14 horas La ciudad se prepara para celebrar el D\u00eda de las Infancias con una nueva edici\u00f3n del&hellip; <\/p>\n","protected":false},"author":2,"featured_media":17432,"comment_status":"closed","ping_status":"closed","sticky":false,"template":"","format":"standard","meta":{"footnotes":""},"categories":[15],"tags":[],"class_list":["post-17433","post","type-post","status-publish","format-standard","has-post-thumbnail","hentry","category-locales"],"yoast_head":"<!-- This site is optimized with the Yoast SEO plugin v27.4 - https:\/\/yoast.com\/product\/yoast-seo-wordpress\/ -->\n<title>SE VIENE EL \u201cMADRYN JUEGA\u201d CON UNA GRAN SELVA PARA CELEBRAR EL D\u00cdA DE LAS INFANCIAS - FM Patagonia Madryn<\/title>\n<meta name=\"robots\" content=\"index, follow, max-snippet:-1, max-image-preview:large, max-video-preview:-1\" \/>\n<link rel=\"canonical\" href=\"https:\/\/fmpatagoniamadryn.com.ar\/?p=17433\" \/>\n<meta property=\"og:locale\" content=\"es_ES\" \/>\n<meta property=\"og:type\" content=\"article\" \/>\n<meta property=\"og:title\" content=\"SE VIENE EL \u201cMADRYN JUEGA\u201d CON UNA GRAN SELVA PARA CELEBRAR EL D\u00cdA DE LAS INFANCIAS - FM Patagonia Madryn\" \/>\n<meta property=\"og:description\" content=\"Se llevar\u00e1 a cabo&nbsp;el domingo 24 de agosto a partir de las 14 horas La ciudad se prepara para celebrar el D\u00eda de las Infancias con una nueva edici\u00f3n del&hellip;\" \/>\n<meta property=\"og:url\" content=\"https:\/\/fmpatagoniamadryn.com.ar\/?p=17433\" \/>\n<meta property=\"og:site_name\" content=\"FM Patagonia Madryn\" \/>\n<meta property=\"article:published_time\" content=\"2025-08-06T16:34:34+00:00\" \/>\n<meta property=\"og:image\" content=\"https:\/\/fmpatagoniamadryn.com.ar\/wp-content\/uploads\/2025\/08\/img_1602.jpg\" \/>\n\t<meta property=\"og:image:width\" content=\"2000\" \/>\n\t<meta property=\"og:image:height\" content=\"1250\" \/>\n\t<meta property=\"og:image:type\" content=\"image\/jpeg\" \/>\n<meta name=\"author\" content=\"FM Patagonia\" \/>\n<meta name=\"twitter:card\" content=\"summary_large_image\" \/>\n<meta name=\"twitter:label1\" content=\"Escrito por\" \/>\n\t<meta name=\"twitter:data1\" content=\"FM Patagonia\" \/>\n\t<meta name=\"twitter:label2\" content=\"Tiempo de lectura\" \/>\n\t<meta name=\"twitter:data2\" content=\"1 minuto\" \/>\n<script type=\"application\/ld+json\" class=\"yoast-schema-graph\">{\"@context\":\"https:\\\/\\\/schema.org\",\"@graph\":[{\"@type\":\"Article\",\"@id\":\"https:\\\/\\\/fmpatagoniamadryn.com.ar\\\/?p=17433#article\",\"isPartOf\":{\"@id\":\"https:\\\/\\\/fmpatagoniamadryn.com.ar\\\/?p=17433\"},\"author\":{\"name\":\"FM Patagonia\",\"@id\":\"https:\\\/\\\/fmpatagoniamadryn.com.ar\\\/#\\\/schema\\\/person\\\/8a3de4ad7efceacab06c1641c50303b7\"},\"headline\":\"SE VIENE EL \u201cMADRYN JUEGA\u201d CON UNA GRAN SELVA PARA CELEBRAR EL D\u00cdA DE LAS INFANCIAS\",\"datePublished\":\"2025-08-06T16:34:34+00:00\",\"mainEntityOfPage\":{\"@id\":\"https:\\\/\\\/fmpatagoniamadryn.com.ar\\\/?p=17433\"},\"wordCount\":293,\"publisher\":{\"@id\":\"https:\\\/\\\/fmpatagoniamadryn.com.ar\\\/#organization\"},\"image\":{\"@id\":\"https:\\\/\\\/fmpatagoniamadryn.com.ar\\\/?p=17433#primaryimage\"},\"thumbnailUrl\":\"https:\\\/\\\/fmpatagoniamadryn.com.ar\\\/wp-content\\\/uploads\\\/2025\\\/08\\\/img_1602.jpg\",\"articleSection\":[\"Locales\"],\"inLanguage\":\"es\"},{\"@type\":\"WebPage\",\"@id\":\"https:\\\/\\\/fmpatagoniamadryn.com.ar\\\/?p=17433\",\"url\":\"https:\\\/\\\/fmpatagoniamadryn.com.ar\\\/?p=17433\",\"name\":\"SE VIENE EL \u201cMADRYN JUEGA\u201d CON UNA GRAN SELVA PARA CELEBRAR EL D\u00cdA DE LAS INFANCIAS - FM Patagonia Madryn\",\"isPartOf\":{\"@id\":\"https:\\\/\\\/fmpatagoniamadryn.com.ar\\\/#website\"},\"primaryImageOfPage\":{\"@id\":\"https:\\\/\\\/fmpatagoniamadryn.com.ar\\\/?p=17433#primaryimage\"},\"image\":{\"@id\":\"https:\\\/\\\/fmpatagoniamadryn.com.ar\\\/?p=17433#primaryimage\"},\"thumbnailUrl\":\"https:\\\/\\\/fmpatagoniamadryn.com.ar\\\/wp-content\\\/uploads\\\/2025\\\/08\\\/img_1602.jpg\",\"datePublished\":\"2025-08-06T16:34:34+00:00\",\"breadcrumb\":{\"@id\":\"https:\\\/\\\/fmpatagoniamadryn.com.ar\\\/?p=17433#breadcrumb\"},\"inLanguage\":\"es\",\"potentialAction\":[{\"@type\":\"ReadAction\",\"target\":[\"https:\\\/\\\/fmpatagoniamadryn.com.ar\\\/?p=17433\"]}]},{\"@type\":\"ImageObject\",\"inLanguage\":\"es\",\"@id\":\"https:\\\/\\\/fmpatagoniamadryn.com.ar\\\/?p=17433#primaryimage\",\"url\":\"https:\\\/\\\/fmpatagoniamadryn.com.ar\\\/wp-content\\\/uploads\\\/2025\\\/08\\\/img_1602.jpg\",\"contentUrl\":\"https:\\\/\\\/fmpatagoniamadryn.com.ar\\\/wp-content\\\/uploads\\\/2025\\\/08\\\/img_1602.jpg\",\"width\":2000,\"height\":1250},{\"@type\":\"BreadcrumbList\",\"@id\":\"https:\\\/\\\/fmpatagoniamadryn.com.ar\\\/?p=17433#breadcrumb\",\"itemListElement\":[{\"@type\":\"ListItem\",\"position\":1,\"name\":\"Portada\",\"item\":\"https:\\\/\\\/fmpatagoniamadryn.com.ar\\\/\"},{\"@type\":\"ListItem\",\"position\":2,\"name\":\"SE VIENE EL \u201cMADRYN JUEGA\u201d CON UNA GRAN SELVA PARA CELEBRAR EL D\u00cdA DE LAS INFANCIAS\"}]},{\"@type\":\"WebSite\",\"@id\":\"https:\\\/\\\/fmpatagoniamadryn.com.ar\\\/#website\",\"url\":\"https:\\\/\\\/fmpatagoniamadryn.com.ar\\\/\",\"name\":\"FM Patagonia Madryn\",\"description\":\"Radio Patagonia 105.5\",\"publisher\":{\"@id\":\"https:\\\/\\\/fmpatagoniamadryn.com.ar\\\/#organization\"},\"potentialAction\":[{\"@type\":\"SearchAction\",\"target\":{\"@type\":\"EntryPoint\",\"urlTemplate\":\"https:\\\/\\\/fmpatagoniamadryn.com.ar\\\/?s={search_term_string}\"},\"query-input\":{\"@type\":\"PropertyValueSpecification\",\"valueRequired\":true,\"valueName\":\"search_term_string\"}}],\"inLanguage\":\"es\"},{\"@type\":\"Organization\",\"@id\":\"https:\\\/\\\/fmpatagoniamadryn.com.ar\\\/#organization\",\"name\":\"FM Patagonia Madryn\",\"url\":\"https:\\\/\\\/fmpatagoniamadryn.com.ar\\\/\",\"logo\":{\"@type\":\"ImageObject\",\"inLanguage\":\"es\",\"@id\":\"https:\\\/\\\/fmpatagoniamadryn.com.ar\\\/#\\\/schema\\\/logo\\\/image\\\/\",\"url\":\"https:\\\/\\\/fmpatagoniamadryn.com.ar\\\/wp-content\\\/uploads\\\/2023\\\/01\\\/cropped-Diseno-sin-titulo.png\",\"contentUrl\":\"https:\\\/\\\/fmpatagoniamadryn.com.ar\\\/wp-content\\\/uploads\\\/2023\\\/01\\\/cropped-Diseno-sin-titulo.png\",\"width\":6911,\"height\":2657,\"caption\":\"FM Patagonia Madryn\"},\"image\":{\"@id\":\"https:\\\/\\\/fmpatagoniamadryn.com.ar\\\/#\\\/schema\\\/logo\\\/image\\\/\"}},{\"@type\":\"Person\",\"@id\":\"https:\\\/\\\/fmpatagoniamadryn.com.ar\\\/#\\\/schema\\\/person\\\/8a3de4ad7efceacab06c1641c50303b7\",\"name\":\"FM Patagonia\",\"url\":\"https:\\\/\\\/fmpatagoniamadryn.com.ar\\\/?author=2\"}]}<\/script>\n<!-- \/ Yoast SEO plugin. -->","yoast_head_json":{"title":"SE VIENE EL \u201cMADRYN JUEGA\u201d CON UNA GRAN SELVA PARA CELEBRAR EL D\u00cdA DE LAS INFANCIAS - FM Patagonia Madryn","robots":{"index":"index","follow":"follow","max-snippet":"max-snippet:-1","max-image-preview":"max-image-preview:large","max-video-preview":"max-video-preview:-1"},"canonical":"https:\/\/fmpatagoniamadryn.com.ar\/?p=17433","og_locale":"es_ES","og_type":"article","og_title":"SE VIENE EL \u201cMADRYN JUEGA\u201d CON UNA GRAN SELVA PARA CELEBRAR EL D\u00cdA DE LAS INFANCIAS - FM Patagonia Madryn","og_description":"Se llevar\u00e1 a cabo&nbsp;el domingo 24 de agosto a partir de las 14 horas La ciudad se prepara para celebrar el D\u00eda de las Infancias con una nueva edici\u00f3n del&hellip;","og_url":"https:\/\/fmpatagoniamadryn.com.ar\/?p=17433","og_site_name":"FM Patagonia Madryn","article_published_time":"2025-08-06T16:34:34+00:00","og_image":[{"width":2000,"height":1250,"url":"https:\/\/fmpatagoniamadryn.com.ar\/wp-content\/uploads\/2025\/08\/img_1602.jpg","type":"image\/jpeg"}],"author":"FM Patagonia","twitter_card":"summary_large_image","twitter_misc":{"Escrito por":"FM Patagonia","Tiempo de lectura":"1 minuto"},"schema":{"@context":"https:\/\/schema.org","@graph":[{"@type":"Article","@id":"https:\/\/fmpatagoniamadryn.com.ar\/?p=17433#article","isPartOf":{"@id":"https:\/\/fmpatagoniamadryn.com.ar\/?p=17433"},"author":{"name":"FM Patagonia","@id":"https:\/\/fmpatagoniamadryn.com.ar\/#\/schema\/person\/8a3de4ad7efceacab06c1641c50303b7"},"headline":"SE VIENE EL \u201cMADRYN JUEGA\u201d CON UNA GRAN SELVA PARA CELEBRAR EL D\u00cdA DE LAS INFANCIAS","datePublished":"2025-08-06T16:34:34+00:00","mainEntityOfPage":{"@id":"https:\/\/fmpatagoniamadryn.com.ar\/?p=17433"},"wordCount":293,"publisher":{"@id":"https:\/\/fmpatagoniamadryn.com.ar\/#organization"},"image":{"@id":"https:\/\/fmpatagoniamadryn.com.ar\/?p=17433#primaryimage"},"thumbnailUrl":"https:\/\/fmpatagoniamadryn.com.ar\/wp-content\/uploads\/2025\/08\/img_1602.jpg","articleSection":["Locales"],"inLanguage":"es"},{"@type":"WebPage","@id":"https:\/\/fmpatagoniamadryn.com.ar\/?p=17433","url":"https:\/\/fmpatagoniamadryn.com.ar\/?p=17433","name":"SE VIENE EL \u201cMADRYN JUEGA\u201d CON UNA GRAN SELVA PARA CELEBRAR EL D\u00cdA DE LAS INFANCIAS - FM Patagonia Madryn","isPartOf":{"@id":"https:\/\/fmpatagoniamadryn.com.ar\/#website"},"primaryImageOfPage":{"@id":"https:\/\/fmpatagoniamadryn.com.ar\/?p=17433#primaryimage"},"image":{"@id":"https:\/\/fmpatagoniamadryn.com.ar\/?p=17433#primaryimage"},"thumbnailUrl":"https:\/\/fmpatagoniamadryn.com.ar\/wp-content\/uploads\/2025\/08\/img_1602.jpg","datePublished":"2025-08-06T16:34:34+00:00","breadcrumb":{"@id":"https:\/\/fmpatagoniamadryn.com.ar\/?p=17433#breadcrumb"},"inLanguage":"es","potentialAction":[{"@type":"ReadAction","target":["https:\/\/fmpatagoniamadryn.com.ar\/?p=17433"]}]},{"@type":"ImageObject","inLanguage":"es","@id":"https:\/\/fmpatagoniamadryn.com.ar\/?p=17433#primaryimage","url":"https:\/\/fmpatagoniamadryn.com.ar\/wp-content\/uploads\/2025\/08\/img_1602.jpg","contentUrl":"https:\/\/fmpatagoniamadryn.com.ar\/wp-content\/uploads\/2025\/08\/img_1602.jpg","width":2000,"height":1250},{"@type":"BreadcrumbList","@id":"https:\/\/fmpatagoniamadryn.com.ar\/?p=17433#breadcrumb","itemListElement":[{"@type":"ListItem","position":1,"name":"Portada","item":"https:\/\/fmpatagoniamadryn.com.ar\/"},{"@type":"ListItem","position":2,"name":"SE VIENE EL \u201cMADRYN JUEGA\u201d CON UNA GRAN SELVA PARA CELEBRAR EL D\u00cdA DE LAS INFANCIAS"}]},{"@type":"WebSite","@id":"https:\/\/fmpatagoniamadryn.com.ar\/#website","url":"https:\/\/fmpatagoniamadryn.com.ar\/","name":"FM Patagonia Madryn","description":"Radio Patagonia 105.5","publisher":{"@id":"https:\/\/fmpatagoniamadryn.com.ar\/#organization"},"potentialAction":[{"@type":"SearchAction","target":{"@type":"EntryPoint","urlTemplate":"https:\/\/fmpatagoniamadryn.com.ar\/?s={search_term_string}"},"query-input":{"@type":"PropertyValueSpecification","valueRequired":true,"valueName":"search_term_string"}}],"inLanguage":"es"},{"@type":"Organization","@id":"https:\/\/fmpatagoniamadryn.com.ar\/#organization","name":"FM Patagonia Madryn","url":"https:\/\/fmpatagoniamadryn.com.ar\/","logo":{"@type":"ImageObject","inLanguage":"es","@id":"https:\/\/fmpatagoniamadryn.com.ar\/#\/schema\/logo\/image\/","url":"https:\/\/fmpatagoniamadryn.com.ar\/wp-content\/uploads\/2023\/01\/cropped-Diseno-sin-titulo.png","contentUrl":"https:\/\/fmpatagoniamadryn.com.ar\/wp-content\/uploads\/2023\/01\/cropped-Diseno-sin-titulo.png","width":6911,"height":2657,"caption":"FM Patagonia Madryn"},"image":{"@id":"https:\/\/fmpatagoniamadryn.com.ar\/#\/schema\/logo\/image\/"}},{"@type":"Person","@id":"https:\/\/fmpatagoniamadryn.com.ar\/#\/schema\/person\/8a3de4ad7efceacab06c1641c50303b7","name":"FM Patagonia","url":"https:\/\/fmpatagoniamadryn.com.ar\/?author=2"}]}},"jetpack_featured_media_url":"https:\/\/fmpatagoniamadryn.com.ar\/wp-content\/uploads\/2025\/08\/img_1602.jpg","_links":{"self":[{"href":"https:\/\/fmpatagoniamadryn.com.ar\/index.php?rest_route=\/wp\/v2\/posts\/17433","targetHints":{"allow":["GET"]}}],"collection":[{"href":"https:\/\/fmpatagoniamadryn.com.ar\/index.php?rest_route=\/wp\/v2\/posts"}],"about":[{"href":"https:\/\/fmpatagoniamadryn.com.ar\/index.php?rest_route=\/wp\/v2\/types\/post"}],"author":[{"embeddable":true,"href":"https:\/\/fmpatagoniamadryn.com.ar\/index.php?rest_route=\/wp\/v2\/users\/2"}],"replies":[{"embeddable":true,"href":"https:\/\/fmpatagoniamadryn.com.ar\/index.php?rest_route=%2Fwp%2Fv2%2Fcomments&post=17433"}],"version-history":[{"count":1,"href":"https:\/\/fmpatagoniamadryn.com.ar\/index.php?rest_route=\/wp\/v2\/posts\/17433\/revisions"}],"predecessor-version":[{"id":17434,"href":"https:\/\/fmpatagoniamadryn.com.ar\/index.php?rest_route=\/wp\/v2\/posts\/17433\/revisions\/17434"}],"wp:featuredmedia":[{"embeddable":true,"href":"https:\/\/fmpatagoniamadryn.com.ar\/index.php?rest_route=\/wp\/v2\/media\/17432"}],"wp:attachment":[{"href":"https:\/\/fmpatagoniamadryn.com.ar\/index.php?rest_route=%2Fwp%2Fv2%2Fmedia&parent=17433"}],"wp:term":[{"taxonomy":"category","embeddable":true,"href":"https:\/\/fmpatagoniamadryn.com.ar\/index.php?rest_route=%2Fwp%2Fv2%2Fcategories&post=17433"},{"taxonomy":"post_tag","embeddable":true,"href":"https:\/\/fmpatagoniamadryn.com.ar\/index.php?rest_route=%2Fwp%2Fv2%2Ftags&post=17433"}],"curies":[{"name":"wp","href":"https:\/\/api.w.org\/{rel}","templated":true}]}}