{"id":17449,"date":"2025-08-07T07:39:32","date_gmt":"2025-08-07T10:39:32","guid":{"rendered":"https:\/\/fmpatagoniamadryn.com.ar\/?p=17449"},"modified":"2025-08-07T07:39:32","modified_gmt":"2025-08-07T10:39:32","slug":"puerto-madryn-se-consolida-como-la-ciudad-universitaria-de-la-patagonia","status":"publish","type":"post","link":"https:\/\/fmpatagoniamadryn.com.ar\/?p=17449","title":{"rendered":"PUERTO MADRYN SE CONSOLIDA COMO LA CIUDAD UNIVERSITARIA DE LA PATAGONIA"},"content":{"rendered":"\n<p><br><em>El Intendente destac\u00f3 las acciones que se realizan en nuestra ciudad, en el marco de la apertura de la Expo Educativa 2025<\/em><\/p>\n\n\n\n<p>El intendente de Puerto Madryn, Gustavo Sastre, encabez\u00f3 la apertura de la Expo Educativa 2025, en la que se lanz\u00f3 \u201cMadryn Ciudad Universitaria\u201d, una propuesta para consolidar a nuestra ciudad como polo en esta tem\u00e1tica para toda la Patagonia. Cabe recordar que dicha iniciativa tiene como objetivo mostrar a los estudiantes de \u00faltimo a\u00f1o de la secundaria toda la oferta acad\u00e9mica de nivel superior, terciario y no formal que existe a nivel local.<\/p>\n\n\n\n<p>As\u00ed, los j\u00f3venes pueden contar con m\u00e1s informaci\u00f3n para planificar su futuro acad\u00e9mico y profesional, ofreci\u00e9ndoles informaci\u00f3n y asesoramiento sobre las diferentes opciones disponibles.<\/p>\n\n\n\n<p>Con el objetivo de que Puerto Madryn se transforme en la Ciudad Universitaria de la Patagonia, se articularon pol\u00edticas de gesti\u00f3n con la C\u00e1mara Inmobiliaria, la C\u00e1mara de Industria, Comercio, Producci\u00f3n y Turismo, la Uni\u00f3n de Docentes Argentinos,&nbsp;las tres&nbsp;universidades con sede a nivel local y los Institutos de Formaci\u00f3n.<\/p>\n\n\n\n<p>En dicha oportunidad se firm\u00f3 una carta de intenci\u00f3n con dichas instituciones, en la que las partes acordaron promover acciones conjuntas. As\u00ed, a trav\u00e9s del Centro de Gesti\u00f3n Universitario Municipal se brindar\u00e1 informaci\u00f3n centralizada sobre toda la oferta acad\u00e9mica de la ciudad; asesoramiento sobre becas, programas de apoyo y orientaci\u00f3n educativa; acceso a datos \u00fatiles sobre alquileres, descuentos y servicios; promociones de actividades deportivas, culturales y recreativas y dem\u00e1s acciones.<\/p>\n\n\n\n<p><strong>Puerto Madryn, Ciudad Universitaria de la Patagonia<br \/><\/strong><br \/>Al respecto, el Intendente dijo: \u201cVolvimos a disfrutar de una excelente edici\u00f3n de la Expo Educativa, en la que ratificamos las pol\u00edticas que continuaremos ejecutando para que Puerto Madryn se consolide como la Ciudad Universitaria de la Patagonia, algo que logramos gracias a un gran trabajo conjunto con el sector privado, que es fundamental y que lo vamos a mantener hasta el \u00faltimo d\u00eda\u201d.<\/p>\n\n\n\n<p>En este mismo sentido, el Jefe Comunal remarc\u00f3: \u201cEste es un objetivo en el que venimos trabajando desde hace muchos a\u00f1os y nos llena de orgullo poder cumplirlo, generando posibilidades y alternativas para nuestros j\u00f3venes\u201d.<\/p>\n","protected":false},"excerpt":{"rendered":"<p>El Intendente destac\u00f3 las acciones que se realizan en nuestra ciudad, en el marco de la apertura de la Expo Educativa 2025 El intendente de Puerto Madryn, Gustavo Sastre, encabez\u00f3&hellip; <\/p>\n","protected":false},"author":2,"featured_media":17448,"comment_status":"closed","ping_status":"closed","sticky":false,"template":"","format":"standard","meta":{"footnotes":""},"categories":[15],"tags":[],"class_list":["post-17449","post","type-post","status-publish","format-standard","has-post-thumbnail","hentry","category-locales"],"yoast_head":"<!-- This site is optimized with the Yoast SEO plugin v27.4 - https:\/\/yoast.com\/product\/yoast-seo-wordpress\/ -->\n<title>PUERTO MADRYN SE CONSOLIDA COMO LA CIUDAD UNIVERSITARIA DE LA PATAGONIA - FM Patagonia Madryn<\/title>\n<meta name=\"robots\" content=\"index, follow, max-snippet:-1, max-image-preview:large, max-video-preview:-1\" \/>\n<link rel=\"canonical\" href=\"https:\/\/fmpatagoniamadryn.com.ar\/?p=17449\" \/>\n<meta property=\"og:locale\" content=\"es_ES\" \/>\n<meta property=\"og:type\" content=\"article\" \/>\n<meta property=\"og:title\" content=\"PUERTO MADRYN SE CONSOLIDA COMO LA CIUDAD UNIVERSITARIA DE LA PATAGONIA - FM Patagonia Madryn\" \/>\n<meta property=\"og:description\" content=\"El Intendente destac\u00f3 las acciones que se realizan en nuestra ciudad, en el marco de la apertura de la Expo Educativa 2025 El intendente de Puerto Madryn, Gustavo Sastre, encabez\u00f3&hellip;\" \/>\n<meta property=\"og:url\" content=\"https:\/\/fmpatagoniamadryn.com.ar\/?p=17449\" \/>\n<meta property=\"og:site_name\" content=\"FM Patagonia Madryn\" \/>\n<meta property=\"article:published_time\" content=\"2025-08-07T10:39:32+00:00\" \/>\n<meta property=\"og:image\" content=\"https:\/\/fmpatagoniamadryn.com.ar\/wp-content\/uploads\/2025\/08\/img_1643.jpg\" \/>\n\t<meta property=\"og:image:width\" content=\"2000\" \/>\n\t<meta property=\"og:image:height\" content=\"1333\" \/>\n\t<meta property=\"og:image:type\" content=\"image\/jpeg\" \/>\n<meta name=\"author\" content=\"FM Patagonia\" \/>\n<meta name=\"twitter:card\" content=\"summary_large_image\" \/>\n<meta name=\"twitter:label1\" content=\"Escrito por\" \/>\n\t<meta name=\"twitter:data1\" content=\"FM Patagonia\" \/>\n\t<meta name=\"twitter:label2\" content=\"Tiempo de lectura\" \/>\n\t<meta name=\"twitter:data2\" content=\"2 minutos\" \/>\n<script type=\"application\/ld+json\" class=\"yoast-schema-graph\">{\"@context\":\"https:\\\/\\\/schema.org\",\"@graph\":[{\"@type\":\"Article\",\"@id\":\"https:\\\/\\\/fmpatagoniamadryn.com.ar\\\/?p=17449#article\",\"isPartOf\":{\"@id\":\"https:\\\/\\\/fmpatagoniamadryn.com.ar\\\/?p=17449\"},\"author\":{\"name\":\"FM Patagonia\",\"@id\":\"https:\\\/\\\/fmpatagoniamadryn.com.ar\\\/#\\\/schema\\\/person\\\/8a3de4ad7efceacab06c1641c50303b7\"},\"headline\":\"PUERTO MADRYN SE CONSOLIDA COMO LA CIUDAD UNIVERSITARIA DE LA PATAGONIA\",\"datePublished\":\"2025-08-07T10:39:32+00:00\",\"mainEntityOfPage\":{\"@id\":\"https:\\\/\\\/fmpatagoniamadryn.com.ar\\\/?p=17449\"},\"wordCount\":385,\"publisher\":{\"@id\":\"https:\\\/\\\/fmpatagoniamadryn.com.ar\\\/#organization\"},\"image\":{\"@id\":\"https:\\\/\\\/fmpatagoniamadryn.com.ar\\\/?p=17449#primaryimage\"},\"thumbnailUrl\":\"https:\\\/\\\/fmpatagoniamadryn.com.ar\\\/wp-content\\\/uploads\\\/2025\\\/08\\\/img_1643.jpg\",\"articleSection\":[\"Locales\"],\"inLanguage\":\"es\"},{\"@type\":\"WebPage\",\"@id\":\"https:\\\/\\\/fmpatagoniamadryn.com.ar\\\/?p=17449\",\"url\":\"https:\\\/\\\/fmpatagoniamadryn.com.ar\\\/?p=17449\",\"name\":\"PUERTO MADRYN SE CONSOLIDA COMO LA CIUDAD UNIVERSITARIA DE LA PATAGONIA - FM Patagonia Madryn\",\"isPartOf\":{\"@id\":\"https:\\\/\\\/fmpatagoniamadryn.com.ar\\\/#website\"},\"primaryImageOfPage\":{\"@id\":\"https:\\\/\\\/fmpatagoniamadryn.com.ar\\\/?p=17449#primaryimage\"},\"image\":{\"@id\":\"https:\\\/\\\/fmpatagoniamadryn.com.ar\\\/?p=17449#primaryimage\"},\"thumbnailUrl\":\"https:\\\/\\\/fmpatagoniamadryn.com.ar\\\/wp-content\\\/uploads\\\/2025\\\/08\\\/img_1643.jpg\",\"datePublished\":\"2025-08-07T10:39:32+00:00\",\"breadcrumb\":{\"@id\":\"https:\\\/\\\/fmpatagoniamadryn.com.ar\\\/?p=17449#breadcrumb\"},\"inLanguage\":\"es\",\"potentialAction\":[{\"@type\":\"ReadAction\",\"target\":[\"https:\\\/\\\/fmpatagoniamadryn.com.ar\\\/?p=17449\"]}]},{\"@type\":\"ImageObject\",\"inLanguage\":\"es\",\"@id\":\"https:\\\/\\\/fmpatagoniamadryn.com.ar\\\/?p=17449#primaryimage\",\"url\":\"https:\\\/\\\/fmpatagoniamadryn.com.ar\\\/wp-content\\\/uploads\\\/2025\\\/08\\\/img_1643.jpg\",\"contentUrl\":\"https:\\\/\\\/fmpatagoniamadryn.com.ar\\\/wp-content\\\/uploads\\\/2025\\\/08\\\/img_1643.jpg\",\"width\":2000,\"height\":1333},{\"@type\":\"BreadcrumbList\",\"@id\":\"https:\\\/\\\/fmpatagoniamadryn.com.ar\\\/?p=17449#breadcrumb\",\"itemListElement\":[{\"@type\":\"ListItem\",\"position\":1,\"name\":\"Portada\",\"item\":\"https:\\\/\\\/fmpatagoniamadryn.com.ar\\\/\"},{\"@type\":\"ListItem\",\"position\":2,\"name\":\"PUERTO MADRYN SE CONSOLIDA COMO LA CIUDAD UNIVERSITARIA DE LA PATAGONIA\"}]},{\"@type\":\"WebSite\",\"@id\":\"https:\\\/\\\/fmpatagoniamadryn.com.ar\\\/#website\",\"url\":\"https:\\\/\\\/fmpatagoniamadryn.com.ar\\\/\",\"name\":\"FM Patagonia Madryn\",\"description\":\"Radio Patagonia 105.5\",\"publisher\":{\"@id\":\"https:\\\/\\\/fmpatagoniamadryn.com.ar\\\/#organization\"},\"potentialAction\":[{\"@type\":\"SearchAction\",\"target\":{\"@type\":\"EntryPoint\",\"urlTemplate\":\"https:\\\/\\\/fmpatagoniamadryn.com.ar\\\/?s={search_term_string}\"},\"query-input\":{\"@type\":\"PropertyValueSpecification\",\"valueRequired\":true,\"valueName\":\"search_term_string\"}}],\"inLanguage\":\"es\"},{\"@type\":\"Organization\",\"@id\":\"https:\\\/\\\/fmpatagoniamadryn.com.ar\\\/#organization\",\"name\":\"FM Patagonia Madryn\",\"url\":\"https:\\\/\\\/fmpatagoniamadryn.com.ar\\\/\",\"logo\":{\"@type\":\"ImageObject\",\"inLanguage\":\"es\",\"@id\":\"https:\\\/\\\/fmpatagoniamadryn.com.ar\\\/#\\\/schema\\\/logo\\\/image\\\/\",\"url\":\"https:\\\/\\\/fmpatagoniamadryn.com.ar\\\/wp-content\\\/uploads\\\/2023\\\/01\\\/cropped-Diseno-sin-titulo.png\",\"contentUrl\":\"https:\\\/\\\/fmpatagoniamadryn.com.ar\\\/wp-content\\\/uploads\\\/2023\\\/01\\\/cropped-Diseno-sin-titulo.png\",\"width\":6911,\"height\":2657,\"caption\":\"FM Patagonia Madryn\"},\"image\":{\"@id\":\"https:\\\/\\\/fmpatagoniamadryn.com.ar\\\/#\\\/schema\\\/logo\\\/image\\\/\"}},{\"@type\":\"Person\",\"@id\":\"https:\\\/\\\/fmpatagoniamadryn.com.ar\\\/#\\\/schema\\\/person\\\/8a3de4ad7efceacab06c1641c50303b7\",\"name\":\"FM Patagonia\",\"url\":\"https:\\\/\\\/fmpatagoniamadryn.com.ar\\\/?author=2\"}]}<\/script>\n<!-- \/ Yoast SEO plugin. -->","yoast_head_json":{"title":"PUERTO MADRYN SE CONSOLIDA COMO LA CIUDAD UNIVERSITARIA DE LA PATAGONIA - FM Patagonia Madryn","robots":{"index":"index","follow":"follow","max-snippet":"max-snippet:-1","max-image-preview":"max-image-preview:large","max-video-preview":"max-video-preview:-1"},"canonical":"https:\/\/fmpatagoniamadryn.com.ar\/?p=17449","og_locale":"es_ES","og_type":"article","og_title":"PUERTO MADRYN SE CONSOLIDA COMO LA CIUDAD UNIVERSITARIA DE LA PATAGONIA - FM Patagonia Madryn","og_description":"El Intendente destac\u00f3 las acciones que se realizan en nuestra ciudad, en el marco de la apertura de la Expo Educativa 2025 El intendente de Puerto Madryn, Gustavo Sastre, encabez\u00f3&hellip;","og_url":"https:\/\/fmpatagoniamadryn.com.ar\/?p=17449","og_site_name":"FM Patagonia Madryn","article_published_time":"2025-08-07T10:39:32+00:00","og_image":[{"width":2000,"height":1333,"url":"https:\/\/fmpatagoniamadryn.com.ar\/wp-content\/uploads\/2025\/08\/img_1643.jpg","type":"image\/jpeg"}],"author":"FM Patagonia","twitter_card":"summary_large_image","twitter_misc":{"Escrito por":"FM Patagonia","Tiempo de lectura":"2 minutos"},"schema":{"@context":"https:\/\/schema.org","@graph":[{"@type":"Article","@id":"https:\/\/fmpatagoniamadryn.com.ar\/?p=17449#article","isPartOf":{"@id":"https:\/\/fmpatagoniamadryn.com.ar\/?p=17449"},"author":{"name":"FM Patagonia","@id":"https:\/\/fmpatagoniamadryn.com.ar\/#\/schema\/person\/8a3de4ad7efceacab06c1641c50303b7"},"headline":"PUERTO MADRYN SE CONSOLIDA COMO LA CIUDAD UNIVERSITARIA DE LA PATAGONIA","datePublished":"2025-08-07T10:39:32+00:00","mainEntityOfPage":{"@id":"https:\/\/fmpatagoniamadryn.com.ar\/?p=17449"},"wordCount":385,"publisher":{"@id":"https:\/\/fmpatagoniamadryn.com.ar\/#organization"},"image":{"@id":"https:\/\/fmpatagoniamadryn.com.ar\/?p=17449#primaryimage"},"thumbnailUrl":"https:\/\/fmpatagoniamadryn.com.ar\/wp-content\/uploads\/2025\/08\/img_1643.jpg","articleSection":["Locales"],"inLanguage":"es"},{"@type":"WebPage","@id":"https:\/\/fmpatagoniamadryn.com.ar\/?p=17449","url":"https:\/\/fmpatagoniamadryn.com.ar\/?p=17449","name":"PUERTO MADRYN SE CONSOLIDA COMO LA CIUDAD UNIVERSITARIA DE LA PATAGONIA - FM Patagonia Madryn","isPartOf":{"@id":"https:\/\/fmpatagoniamadryn.com.ar\/#website"},"primaryImageOfPage":{"@id":"https:\/\/fmpatagoniamadryn.com.ar\/?p=17449#primaryimage"},"image":{"@id":"https:\/\/fmpatagoniamadryn.com.ar\/?p=17449#primaryimage"},"thumbnailUrl":"https:\/\/fmpatagoniamadryn.com.ar\/wp-content\/uploads\/2025\/08\/img_1643.jpg","datePublished":"2025-08-07T10:39:32+00:00","breadcrumb":{"@id":"https:\/\/fmpatagoniamadryn.com.ar\/?p=17449#breadcrumb"},"inLanguage":"es","potentialAction":[{"@type":"ReadAction","target":["https:\/\/fmpatagoniamadryn.com.ar\/?p=17449"]}]},{"@type":"ImageObject","inLanguage":"es","@id":"https:\/\/fmpatagoniamadryn.com.ar\/?p=17449#primaryimage","url":"https:\/\/fmpatagoniamadryn.com.ar\/wp-content\/uploads\/2025\/08\/img_1643.jpg","contentUrl":"https:\/\/fmpatagoniamadryn.com.ar\/wp-content\/uploads\/2025\/08\/img_1643.jpg","width":2000,"height":1333},{"@type":"BreadcrumbList","@id":"https:\/\/fmpatagoniamadryn.com.ar\/?p=17449#breadcrumb","itemListElement":[{"@type":"ListItem","position":1,"name":"Portada","item":"https:\/\/fmpatagoniamadryn.com.ar\/"},{"@type":"ListItem","position":2,"name":"PUERTO MADRYN SE CONSOLIDA COMO LA CIUDAD UNIVERSITARIA DE LA PATAGONIA"}]},{"@type":"WebSite","@id":"https:\/\/fmpatagoniamadryn.com.ar\/#website","url":"https:\/\/fmpatagoniamadryn.com.ar\/","name":"FM Patagonia Madryn","description":"Radio Patagonia 105.5","publisher":{"@id":"https:\/\/fmpatagoniamadryn.com.ar\/#organization"},"potentialAction":[{"@type":"SearchAction","target":{"@type":"EntryPoint","urlTemplate":"https:\/\/fmpatagoniamadryn.com.ar\/?s={search_term_string}"},"query-input":{"@type":"PropertyValueSpecification","valueRequired":true,"valueName":"search_term_string"}}],"inLanguage":"es"},{"@type":"Organization","@id":"https:\/\/fmpatagoniamadryn.com.ar\/#organization","name":"FM Patagonia Madryn","url":"https:\/\/fmpatagoniamadryn.com.ar\/","logo":{"@type":"ImageObject","inLanguage":"es","@id":"https:\/\/fmpatagoniamadryn.com.ar\/#\/schema\/logo\/image\/","url":"https:\/\/fmpatagoniamadryn.com.ar\/wp-content\/uploads\/2023\/01\/cropped-Diseno-sin-titulo.png","contentUrl":"https:\/\/fmpatagoniamadryn.com.ar\/wp-content\/uploads\/2023\/01\/cropped-Diseno-sin-titulo.png","width":6911,"height":2657,"caption":"FM Patagonia Madryn"},"image":{"@id":"https:\/\/fmpatagoniamadryn.com.ar\/#\/schema\/logo\/image\/"}},{"@type":"Person","@id":"https:\/\/fmpatagoniamadryn.com.ar\/#\/schema\/person\/8a3de4ad7efceacab06c1641c50303b7","name":"FM Patagonia","url":"https:\/\/fmpatagoniamadryn.com.ar\/?author=2"}]}},"jetpack_featured_media_url":"https:\/\/fmpatagoniamadryn.com.ar\/wp-content\/uploads\/2025\/08\/img_1643.jpg","_links":{"self":[{"href":"https:\/\/fmpatagoniamadryn.com.ar\/index.php?rest_route=\/wp\/v2\/posts\/17449","targetHints":{"allow":["GET"]}}],"collection":[{"href":"https:\/\/fmpatagoniamadryn.com.ar\/index.php?rest_route=\/wp\/v2\/posts"}],"about":[{"href":"https:\/\/fmpatagoniamadryn.com.ar\/index.php?rest_route=\/wp\/v2\/types\/post"}],"author":[{"embeddable":true,"href":"https:\/\/fmpatagoniamadryn.com.ar\/index.php?rest_route=\/wp\/v2\/users\/2"}],"replies":[{"embeddable":true,"href":"https:\/\/fmpatagoniamadryn.com.ar\/index.php?rest_route=%2Fwp%2Fv2%2Fcomments&post=17449"}],"version-history":[{"count":1,"href":"https:\/\/fmpatagoniamadryn.com.ar\/index.php?rest_route=\/wp\/v2\/posts\/17449\/revisions"}],"predecessor-version":[{"id":17450,"href":"https:\/\/fmpatagoniamadryn.com.ar\/index.php?rest_route=\/wp\/v2\/posts\/17449\/revisions\/17450"}],"wp:featuredmedia":[{"embeddable":true,"href":"https:\/\/fmpatagoniamadryn.com.ar\/index.php?rest_route=\/wp\/v2\/media\/17448"}],"wp:attachment":[{"href":"https:\/\/fmpatagoniamadryn.com.ar\/index.php?rest_route=%2Fwp%2Fv2%2Fmedia&parent=17449"}],"wp:term":[{"taxonomy":"category","embeddable":true,"href":"https:\/\/fmpatagoniamadryn.com.ar\/index.php?rest_route=%2Fwp%2Fv2%2Fcategories&post=17449"},{"taxonomy":"post_tag","embeddable":true,"href":"https:\/\/fmpatagoniamadryn.com.ar\/index.php?rest_route=%2Fwp%2Fv2%2Ftags&post=17449"}],"curies":[{"name":"wp","href":"https:\/\/api.w.org\/{rel}","templated":true}]}}