{"id":17458,"date":"2025-08-07T17:32:27","date_gmt":"2025-08-07T20:32:27","guid":{"rendered":"https:\/\/fmpatagoniamadryn.com.ar\/?p=17458"},"modified":"2025-08-07T17:32:27","modified_gmt":"2025-08-07T20:32:27","slug":"chubut-sastre-la-interna-del-pj-se-sobrellevo-bien-pero-no-veo-chances-de-un-acuerdo-con-beliz","status":"publish","type":"post","link":"https:\/\/fmpatagoniamadryn.com.ar\/?p=17458","title":{"rendered":"Chubut | Sastre: \u00abLa interna del PJ se sobrellev\u00f3 bien, pero no veo chances de un acuerdo con B\u00e9liz\u00bb"},"content":{"rendered":"\n<h1 class=\"wp-block-heading\"><\/h1>\n\n\n\n<p>El ex vicegobernador y ex intendente de Puerto Madryn, Ricardo Sastre, analiz\u00f3 la actualidad pol\u00edtica de Chubut tras las elecciones internas de Unidos Podemos, que el pasado domingo confirmaron a Juan Pablo Luque como candidato del Partido Justicialista para las elecciones provinciales del 26 de octubre y se refiri\u00f3 a c\u00f3mo queda hoy el escenario pol\u00edtico en la provicia.<\/p>\n\n\n\n<p>Sastre: \u00abLa interna del PJ se sobrellev\u00f3 bien, pero no veo chances de un acuerdo con B\u00e9liz\u00bb<\/p>\n\n\n\n<p>Sastre destac\u00f3 que el escenario electoral se encamina a ser una competencia entre \u00abfuerzas importantes\u00bb: la l\u00ednea nacional, el oficialismo provincial y el frente que lidera Alfredo B\u00e9liz. En ese sentido, mencion\u00f3 que dentro del propio justicialismo conviven varias expresiones que deber\u00e1n definir su estrategia en los pr\u00f3ximos meses.<\/p>\n\n\n\n<p>\u00abCreo que hoy por hoy, si una analiza, son cuatro fuerzas que van a ser protagonistas importantes. Alfredo (B\u00e9liz) representa tambi\u00e9n una porci\u00f3n importante de lo que es justicialismo, lo mismo que lo puede hacer Juan Pablo Luque, pero hay que ver que tampoco se fraccionen los votos para que termine afectando la participaci\u00f3n del justicialismo\u00bb, afirm\u00f3.<\/p>\n\n\n\n<p>BELIZ Y LA POSIBILIDAD DE UNIFICAR AL PERONISMO<\/p>\n\n\n\n<p>Consultado sobre la chance de que exista una unidad peronista, Sastre consider\u00f3 que las posibilidades son bajas, sobre todo por las diferencias entre los sectores sindicales y pol\u00edticos que integran ese espacio. \u00abLo de la rama sindical creo que no hay muchas posibilidades de alg\u00fan tipo de acercamiento. Lo veo muy posicionado y en campa\u00f1a permanente a Alfredo B\u00e9liz\u00bb, se\u00f1al\u00f3, destacando el acuerdo que el dirigente mantiene con gremios como Camioneros y UTHGRA.<\/p>\n\n\n\n<p>Sobre el recorrido pol\u00edtico de B\u00e9liz, Sastre record\u00f3 que el dirigente mercantil \u00abtrabaj\u00f3 mucho tiempo para poder ser candidato y no se le dio o no tuvo la posibilidad; se le neg\u00f3 la posibilidad y hoy que tiene esa chance creo que la est\u00e1 aprovechando y tratando de ir hablando con distintos sectores y recorriendo la provincia\u00bb.<\/p>\n\n\n\n<p>Al referirse a Luque, sostuvo que se trata de \u00abuna persona capaz\u00bb que ya gobern\u00f3 la ciudad m\u00e1s importante de Chubut. \u00abEs bueno que participen otras generaciones y lo importante es que los chubutenses puedan vivir en un contexto digno. A veces las disputas no contribuyen absolutamente a nada\u00bb, apunt\u00f3, en relaci\u00f3n a la necesidad de dejar de lado enfrentamientos internos que puedan perjudicar el desempe\u00f1o electoral.<\/p>\n\n\n\n<p>REPRESENTACION Y FUTURO POLITICO<\/p>\n\n\n\n<p>Sastre tambi\u00e9n hizo referencia a la representaci\u00f3n territorial en el Congreso y consider\u00f3 que debe evitarse una visi\u00f3n centralista: \u00abSoy partidario de que siempre de que haya representatividad de distintos sectores de la provincia. A veces no sucede, pero tambi\u00e9n es importante a veces; lo mismo que la cuesti\u00f3n de g\u00e9nero; a m\u00ed me gusta m\u00e1s elegir las personas por la capacidad que puedan tener para ejecutar o estar en el lugar ideal que tienen que desempe\u00f1ar sus funciones\u00bb.<\/p>\n\n\n\n<p>Sobre la proyecci\u00f3n hacia 2027, opin\u00f3 que deber\u00eda repensarse la distribuci\u00f3n de bancas y analizar proyectos que permitan garantizar representaci\u00f3n de todos los departamentos de la provincia: \u00abNadie mejor que los lugare\u00f1os sabe cu\u00e1l es la idiosincrasia y las necesidades que tiene un sector para ir a hacer los planteos correspondientes\u00bb.<\/p>\n\n\n\n<p>RELACION CON LA POLITICA Y POSTURA FRENTE A ALIANZAS<\/p>\n\n\n\n<p>Si bien aclar\u00f3 que en la actualidad est\u00e1 \u00abm\u00e1s abocado a la actividad privada\u00bb, Sastre reconoci\u00f3 que mantiene un v\u00ednculo estrecho con el presente pol\u00edtico debido a su relaci\u00f3n familiar con el intendente de Madryn, Gustavo Sastre.<br \/>Respecto a eventuales acercamientos entre Despierta Chubut y La Libertad Avanza, fue tajante: \u00abYo no comparto con La Libertad Avanza absolutamente en los criterios de gobernabilidad, de hacer pol\u00edtica. Creo que Despierta Chubut tampoco comulga con ese tipo de expectativas\u00bb.<\/p>\n\n\n\n<p>Asimismo, explic\u00f3 que la relaci\u00f3n institucional entre distintos niveles de gobierno no debe interpretarse como un alineamiento pol\u00edtico: \u00abEl sentarse y sacarse una foto con una autoridad nacional no significa que todas sean rosas ni flores de colores. La responsabilidad de cada uno es gestionar por lo que le toca gobernar y eso es lo que deben hacer\u00bb.<\/p>\n\n\n\n<p>Elchubut<\/p>\n","protected":false},"excerpt":{"rendered":"<p>El ex vicegobernador y ex intendente de Puerto Madryn, Ricardo Sastre, analiz\u00f3 la actualidad pol\u00edtica de Chubut tras las elecciones internas de Unidos Podemos, que el pasado domingo confirmaron a&hellip; <\/p>\n","protected":false},"author":2,"featured_media":17457,"comment_status":"closed","ping_status":"closed","sticky":false,"template":"","format":"standard","meta":{"footnotes":""},"categories":[15],"tags":[],"class_list":["post-17458","post","type-post","status-publish","format-standard","has-post-thumbnail","hentry","category-locales"],"yoast_head":"<!-- This site is optimized with the Yoast SEO plugin v27.4 - https:\/\/yoast.com\/product\/yoast-seo-wordpress\/ -->\n<title>Chubut | Sastre: \u00abLa interna del PJ se sobrellev\u00f3 bien, pero no veo chances de un acuerdo con B\u00e9liz\u00bb - FM Patagonia Madryn<\/title>\n<meta name=\"robots\" content=\"index, follow, max-snippet:-1, max-image-preview:large, max-video-preview:-1\" \/>\n<link rel=\"canonical\" href=\"https:\/\/fmpatagoniamadryn.com.ar\/?p=17458\" \/>\n<meta property=\"og:locale\" content=\"es_ES\" \/>\n<meta property=\"og:type\" content=\"article\" \/>\n<meta property=\"og:title\" content=\"Chubut | Sastre: \u00abLa interna del PJ se sobrellev\u00f3 bien, pero no veo chances de un acuerdo con B\u00e9liz\u00bb - FM Patagonia Madryn\" \/>\n<meta property=\"og:description\" content=\"El ex vicegobernador y ex intendente de Puerto Madryn, Ricardo Sastre, analiz\u00f3 la actualidad pol\u00edtica de Chubut tras las elecciones internas de Unidos Podemos, que el pasado domingo confirmaron a&hellip;\" \/>\n<meta property=\"og:url\" content=\"https:\/\/fmpatagoniamadryn.com.ar\/?p=17458\" \/>\n<meta property=\"og:site_name\" content=\"FM Patagonia Madryn\" \/>\n<meta property=\"article:published_time\" content=\"2025-08-07T20:32:27+00:00\" \/>\n<meta property=\"og:image\" content=\"https:\/\/fmpatagoniamadryn.com.ar\/wp-content\/uploads\/2025\/08\/img_1675.jpg\" \/>\n\t<meta property=\"og:image:width\" content=\"1284\" \/>\n\t<meta property=\"og:image:height\" content=\"774\" \/>\n\t<meta property=\"og:image:type\" content=\"image\/jpeg\" \/>\n<meta name=\"author\" content=\"FM Patagonia\" \/>\n<meta name=\"twitter:card\" content=\"summary_large_image\" \/>\n<meta name=\"twitter:label1\" content=\"Escrito por\" \/>\n\t<meta name=\"twitter:data1\" content=\"FM Patagonia\" \/>\n\t<meta name=\"twitter:label2\" content=\"Tiempo de lectura\" \/>\n\t<meta name=\"twitter:data2\" content=\"4 minutos\" \/>\n<script type=\"application\/ld+json\" class=\"yoast-schema-graph\">{\"@context\":\"https:\\\/\\\/schema.org\",\"@graph\":[{\"@type\":\"Article\",\"@id\":\"https:\\\/\\\/fmpatagoniamadryn.com.ar\\\/?p=17458#article\",\"isPartOf\":{\"@id\":\"https:\\\/\\\/fmpatagoniamadryn.com.ar\\\/?p=17458\"},\"author\":{\"name\":\"FM Patagonia\",\"@id\":\"https:\\\/\\\/fmpatagoniamadryn.com.ar\\\/#\\\/schema\\\/person\\\/8a3de4ad7efceacab06c1641c50303b7\"},\"headline\":\"Chubut | Sastre: \u00abLa interna del PJ se sobrellev\u00f3 bien, pero no veo chances de un acuerdo con B\u00e9liz\u00bb\",\"datePublished\":\"2025-08-07T20:32:27+00:00\",\"mainEntityOfPage\":{\"@id\":\"https:\\\/\\\/fmpatagoniamadryn.com.ar\\\/?p=17458\"},\"wordCount\":726,\"publisher\":{\"@id\":\"https:\\\/\\\/fmpatagoniamadryn.com.ar\\\/#organization\"},\"image\":{\"@id\":\"https:\\\/\\\/fmpatagoniamadryn.com.ar\\\/?p=17458#primaryimage\"},\"thumbnailUrl\":\"https:\\\/\\\/fmpatagoniamadryn.com.ar\\\/wp-content\\\/uploads\\\/2025\\\/08\\\/img_1675.jpg\",\"articleSection\":[\"Locales\"],\"inLanguage\":\"es\"},{\"@type\":\"WebPage\",\"@id\":\"https:\\\/\\\/fmpatagoniamadryn.com.ar\\\/?p=17458\",\"url\":\"https:\\\/\\\/fmpatagoniamadryn.com.ar\\\/?p=17458\",\"name\":\"Chubut | Sastre: \u00abLa interna del PJ se sobrellev\u00f3 bien, pero no veo chances de un acuerdo con B\u00e9liz\u00bb - FM Patagonia Madryn\",\"isPartOf\":{\"@id\":\"https:\\\/\\\/fmpatagoniamadryn.com.ar\\\/#website\"},\"primaryImageOfPage\":{\"@id\":\"https:\\\/\\\/fmpatagoniamadryn.com.ar\\\/?p=17458#primaryimage\"},\"image\":{\"@id\":\"https:\\\/\\\/fmpatagoniamadryn.com.ar\\\/?p=17458#primaryimage\"},\"thumbnailUrl\":\"https:\\\/\\\/fmpatagoniamadryn.com.ar\\\/wp-content\\\/uploads\\\/2025\\\/08\\\/img_1675.jpg\",\"datePublished\":\"2025-08-07T20:32:27+00:00\",\"breadcrumb\":{\"@id\":\"https:\\\/\\\/fmpatagoniamadryn.com.ar\\\/?p=17458#breadcrumb\"},\"inLanguage\":\"es\",\"potentialAction\":[{\"@type\":\"ReadAction\",\"target\":[\"https:\\\/\\\/fmpatagoniamadryn.com.ar\\\/?p=17458\"]}]},{\"@type\":\"ImageObject\",\"inLanguage\":\"es\",\"@id\":\"https:\\\/\\\/fmpatagoniamadryn.com.ar\\\/?p=17458#primaryimage\",\"url\":\"https:\\\/\\\/fmpatagoniamadryn.com.ar\\\/wp-content\\\/uploads\\\/2025\\\/08\\\/img_1675.jpg\",\"contentUrl\":\"https:\\\/\\\/fmpatagoniamadryn.com.ar\\\/wp-content\\\/uploads\\\/2025\\\/08\\\/img_1675.jpg\",\"width\":1284,\"height\":774},{\"@type\":\"BreadcrumbList\",\"@id\":\"https:\\\/\\\/fmpatagoniamadryn.com.ar\\\/?p=17458#breadcrumb\",\"itemListElement\":[{\"@type\":\"ListItem\",\"position\":1,\"name\":\"Portada\",\"item\":\"https:\\\/\\\/fmpatagoniamadryn.com.ar\\\/\"},{\"@type\":\"ListItem\",\"position\":2,\"name\":\"Chubut | Sastre: \u00abLa interna del PJ se sobrellev\u00f3 bien, pero no veo chances de un acuerdo con B\u00e9liz\u00bb\"}]},{\"@type\":\"WebSite\",\"@id\":\"https:\\\/\\\/fmpatagoniamadryn.com.ar\\\/#website\",\"url\":\"https:\\\/\\\/fmpatagoniamadryn.com.ar\\\/\",\"name\":\"FM Patagonia Madryn\",\"description\":\"Radio Patagonia 105.5\",\"publisher\":{\"@id\":\"https:\\\/\\\/fmpatagoniamadryn.com.ar\\\/#organization\"},\"potentialAction\":[{\"@type\":\"SearchAction\",\"target\":{\"@type\":\"EntryPoint\",\"urlTemplate\":\"https:\\\/\\\/fmpatagoniamadryn.com.ar\\\/?s={search_term_string}\"},\"query-input\":{\"@type\":\"PropertyValueSpecification\",\"valueRequired\":true,\"valueName\":\"search_term_string\"}}],\"inLanguage\":\"es\"},{\"@type\":\"Organization\",\"@id\":\"https:\\\/\\\/fmpatagoniamadryn.com.ar\\\/#organization\",\"name\":\"FM Patagonia Madryn\",\"url\":\"https:\\\/\\\/fmpatagoniamadryn.com.ar\\\/\",\"logo\":{\"@type\":\"ImageObject\",\"inLanguage\":\"es\",\"@id\":\"https:\\\/\\\/fmpatagoniamadryn.com.ar\\\/#\\\/schema\\\/logo\\\/image\\\/\",\"url\":\"https:\\\/\\\/fmpatagoniamadryn.com.ar\\\/wp-content\\\/uploads\\\/2023\\\/01\\\/cropped-Diseno-sin-titulo.png\",\"contentUrl\":\"https:\\\/\\\/fmpatagoniamadryn.com.ar\\\/wp-content\\\/uploads\\\/2023\\\/01\\\/cropped-Diseno-sin-titulo.png\",\"width\":6911,\"height\":2657,\"caption\":\"FM Patagonia Madryn\"},\"image\":{\"@id\":\"https:\\\/\\\/fmpatagoniamadryn.com.ar\\\/#\\\/schema\\\/logo\\\/image\\\/\"}},{\"@type\":\"Person\",\"@id\":\"https:\\\/\\\/fmpatagoniamadryn.com.ar\\\/#\\\/schema\\\/person\\\/8a3de4ad7efceacab06c1641c50303b7\",\"name\":\"FM Patagonia\",\"url\":\"https:\\\/\\\/fmpatagoniamadryn.com.ar\\\/?author=2\"}]}<\/script>\n<!-- \/ Yoast SEO plugin. -->","yoast_head_json":{"title":"Chubut | Sastre: \u00abLa interna del PJ se sobrellev\u00f3 bien, pero no veo chances de un acuerdo con B\u00e9liz\u00bb - FM Patagonia Madryn","robots":{"index":"index","follow":"follow","max-snippet":"max-snippet:-1","max-image-preview":"max-image-preview:large","max-video-preview":"max-video-preview:-1"},"canonical":"https:\/\/fmpatagoniamadryn.com.ar\/?p=17458","og_locale":"es_ES","og_type":"article","og_title":"Chubut | Sastre: \u00abLa interna del PJ se sobrellev\u00f3 bien, pero no veo chances de un acuerdo con B\u00e9liz\u00bb - FM Patagonia Madryn","og_description":"El ex vicegobernador y ex intendente de Puerto Madryn, Ricardo Sastre, analiz\u00f3 la actualidad pol\u00edtica de Chubut tras las elecciones internas de Unidos Podemos, que el pasado domingo confirmaron a&hellip;","og_url":"https:\/\/fmpatagoniamadryn.com.ar\/?p=17458","og_site_name":"FM Patagonia Madryn","article_published_time":"2025-08-07T20:32:27+00:00","og_image":[{"width":1284,"height":774,"url":"https:\/\/fmpatagoniamadryn.com.ar\/wp-content\/uploads\/2025\/08\/img_1675.jpg","type":"image\/jpeg"}],"author":"FM Patagonia","twitter_card":"summary_large_image","twitter_misc":{"Escrito por":"FM Patagonia","Tiempo de lectura":"4 minutos"},"schema":{"@context":"https:\/\/schema.org","@graph":[{"@type":"Article","@id":"https:\/\/fmpatagoniamadryn.com.ar\/?p=17458#article","isPartOf":{"@id":"https:\/\/fmpatagoniamadryn.com.ar\/?p=17458"},"author":{"name":"FM Patagonia","@id":"https:\/\/fmpatagoniamadryn.com.ar\/#\/schema\/person\/8a3de4ad7efceacab06c1641c50303b7"},"headline":"Chubut | Sastre: \u00abLa interna del PJ se sobrellev\u00f3 bien, pero no veo chances de un acuerdo con B\u00e9liz\u00bb","datePublished":"2025-08-07T20:32:27+00:00","mainEntityOfPage":{"@id":"https:\/\/fmpatagoniamadryn.com.ar\/?p=17458"},"wordCount":726,"publisher":{"@id":"https:\/\/fmpatagoniamadryn.com.ar\/#organization"},"image":{"@id":"https:\/\/fmpatagoniamadryn.com.ar\/?p=17458#primaryimage"},"thumbnailUrl":"https:\/\/fmpatagoniamadryn.com.ar\/wp-content\/uploads\/2025\/08\/img_1675.jpg","articleSection":["Locales"],"inLanguage":"es"},{"@type":"WebPage","@id":"https:\/\/fmpatagoniamadryn.com.ar\/?p=17458","url":"https:\/\/fmpatagoniamadryn.com.ar\/?p=17458","name":"Chubut | Sastre: \u00abLa interna del PJ se sobrellev\u00f3 bien, pero no veo chances de un acuerdo con B\u00e9liz\u00bb - FM Patagonia Madryn","isPartOf":{"@id":"https:\/\/fmpatagoniamadryn.com.ar\/#website"},"primaryImageOfPage":{"@id":"https:\/\/fmpatagoniamadryn.com.ar\/?p=17458#primaryimage"},"image":{"@id":"https:\/\/fmpatagoniamadryn.com.ar\/?p=17458#primaryimage"},"thumbnailUrl":"https:\/\/fmpatagoniamadryn.com.ar\/wp-content\/uploads\/2025\/08\/img_1675.jpg","datePublished":"2025-08-07T20:32:27+00:00","breadcrumb":{"@id":"https:\/\/fmpatagoniamadryn.com.ar\/?p=17458#breadcrumb"},"inLanguage":"es","potentialAction":[{"@type":"ReadAction","target":["https:\/\/fmpatagoniamadryn.com.ar\/?p=17458"]}]},{"@type":"ImageObject","inLanguage":"es","@id":"https:\/\/fmpatagoniamadryn.com.ar\/?p=17458#primaryimage","url":"https:\/\/fmpatagoniamadryn.com.ar\/wp-content\/uploads\/2025\/08\/img_1675.jpg","contentUrl":"https:\/\/fmpatagoniamadryn.com.ar\/wp-content\/uploads\/2025\/08\/img_1675.jpg","width":1284,"height":774},{"@type":"BreadcrumbList","@id":"https:\/\/fmpatagoniamadryn.com.ar\/?p=17458#breadcrumb","itemListElement":[{"@type":"ListItem","position":1,"name":"Portada","item":"https:\/\/fmpatagoniamadryn.com.ar\/"},{"@type":"ListItem","position":2,"name":"Chubut | Sastre: \u00abLa interna del PJ se sobrellev\u00f3 bien, pero no veo chances de un acuerdo con B\u00e9liz\u00bb"}]},{"@type":"WebSite","@id":"https:\/\/fmpatagoniamadryn.com.ar\/#website","url":"https:\/\/fmpatagoniamadryn.com.ar\/","name":"FM Patagonia Madryn","description":"Radio Patagonia 105.5","publisher":{"@id":"https:\/\/fmpatagoniamadryn.com.ar\/#organization"},"potentialAction":[{"@type":"SearchAction","target":{"@type":"EntryPoint","urlTemplate":"https:\/\/fmpatagoniamadryn.com.ar\/?s={search_term_string}"},"query-input":{"@type":"PropertyValueSpecification","valueRequired":true,"valueName":"search_term_string"}}],"inLanguage":"es"},{"@type":"Organization","@id":"https:\/\/fmpatagoniamadryn.com.ar\/#organization","name":"FM Patagonia Madryn","url":"https:\/\/fmpatagoniamadryn.com.ar\/","logo":{"@type":"ImageObject","inLanguage":"es","@id":"https:\/\/fmpatagoniamadryn.com.ar\/#\/schema\/logo\/image\/","url":"https:\/\/fmpatagoniamadryn.com.ar\/wp-content\/uploads\/2023\/01\/cropped-Diseno-sin-titulo.png","contentUrl":"https:\/\/fmpatagoniamadryn.com.ar\/wp-content\/uploads\/2023\/01\/cropped-Diseno-sin-titulo.png","width":6911,"height":2657,"caption":"FM Patagonia Madryn"},"image":{"@id":"https:\/\/fmpatagoniamadryn.com.ar\/#\/schema\/logo\/image\/"}},{"@type":"Person","@id":"https:\/\/fmpatagoniamadryn.com.ar\/#\/schema\/person\/8a3de4ad7efceacab06c1641c50303b7","name":"FM Patagonia","url":"https:\/\/fmpatagoniamadryn.com.ar\/?author=2"}]}},"jetpack_featured_media_url":"https:\/\/fmpatagoniamadryn.com.ar\/wp-content\/uploads\/2025\/08\/img_1675.jpg","_links":{"self":[{"href":"https:\/\/fmpatagoniamadryn.com.ar\/index.php?rest_route=\/wp\/v2\/posts\/17458","targetHints":{"allow":["GET"]}}],"collection":[{"href":"https:\/\/fmpatagoniamadryn.com.ar\/index.php?rest_route=\/wp\/v2\/posts"}],"about":[{"href":"https:\/\/fmpatagoniamadryn.com.ar\/index.php?rest_route=\/wp\/v2\/types\/post"}],"author":[{"embeddable":true,"href":"https:\/\/fmpatagoniamadryn.com.ar\/index.php?rest_route=\/wp\/v2\/users\/2"}],"replies":[{"embeddable":true,"href":"https:\/\/fmpatagoniamadryn.com.ar\/index.php?rest_route=%2Fwp%2Fv2%2Fcomments&post=17458"}],"version-history":[{"count":1,"href":"https:\/\/fmpatagoniamadryn.com.ar\/index.php?rest_route=\/wp\/v2\/posts\/17458\/revisions"}],"predecessor-version":[{"id":17459,"href":"https:\/\/fmpatagoniamadryn.com.ar\/index.php?rest_route=\/wp\/v2\/posts\/17458\/revisions\/17459"}],"wp:featuredmedia":[{"embeddable":true,"href":"https:\/\/fmpatagoniamadryn.com.ar\/index.php?rest_route=\/wp\/v2\/media\/17457"}],"wp:attachment":[{"href":"https:\/\/fmpatagoniamadryn.com.ar\/index.php?rest_route=%2Fwp%2Fv2%2Fmedia&parent=17458"}],"wp:term":[{"taxonomy":"category","embeddable":true,"href":"https:\/\/fmpatagoniamadryn.com.ar\/index.php?rest_route=%2Fwp%2Fv2%2Fcategories&post=17458"},{"taxonomy":"post_tag","embeddable":true,"href":"https:\/\/fmpatagoniamadryn.com.ar\/index.php?rest_route=%2Fwp%2Fv2%2Ftags&post=17458"}],"curies":[{"name":"wp","href":"https:\/\/api.w.org\/{rel}","templated":true}]}}