{"id":17477,"date":"2025-08-08T17:13:59","date_gmt":"2025-08-08T20:13:59","guid":{"rendered":"https:\/\/fmpatagoniamadryn.com.ar\/?p=17477"},"modified":"2025-08-08T17:13:59","modified_gmt":"2025-08-08T20:13:59","slug":"torres-recorrio-las-nuevas-aulas-del-centro-arturo-roberts-de-gaiman-y-destaco-la-importancia-de-los-talleres-para-transformar-decadas-de-asistencialismo-en-desarrollo-y-tra","status":"publish","type":"post","link":"https:\/\/fmpatagoniamadryn.com.ar\/?p=17477","title":{"rendered":"Torres recorri\u00f3 las nuevas aulas del Centro \u201cArturo Roberts\u201d de Gaiman y destac\u00f3 la importancia de los talleres para \u201ctransformar d\u00e9cadas de asistencialismo en desarrollo y trabajo\u201d"},"content":{"rendered":"\n<p><\/p>\n\n\n\n<p><em>Acompa\u00f1ado por el vicegobernador Gustavo Menna, el intendente local y funcionarios del Ejecutivo, el mandatario visit\u00f3 la instituci\u00f3n valletana orientada al desarrollo comunitario, a la generaci\u00f3n de espacios formativos y a garantizar la inclusi\u00f3n laboral. \u201cEn Chubut estamos cambiando asistencialismo por capacitaci\u00f3n y nuevos emprendimientos\u201d, destac\u00f3 Torres durante la actividad que encabez\u00f3 en la localidad valletana.<\/em><\/p>\n\n\n\n<p>El gobernador de la provincia, Ignacio \u201cNacho\u201d Torres, encabez\u00f3 este viernes una recorrida por el Centro Productivo y Recreativo \u201cArturo Roberts\u201d de Gaiman donde dialog\u00f3 con personal de la instituci\u00f3n, supervis\u00f3 el funcionamiento de los distintos emprendimientos productivos y visit\u00f3 las nuevas aulas inauguradas recientemente por el Ejecutivo para la \u201cformaci\u00f3n profesional e inclusi\u00f3n laboral de los chubutenses\u201d.<\/p>\n\n\n\n<p>La actividad del mandatario en la localidad tuvo lugar a lo largo de esta ma\u00f1ana en el marco de una recorrida que realiz\u00f3 junto al vicegobernador Gustavo Menna y funcionarios del Gabinete por diversas zonas del Valle Inferior del R\u00edo Chubut (VIRCh).<\/p>\n\n\n\n<p><em>Inversi\u00f3n en capacitaci\u00f3n y trabajo<\/em><\/p>\n\n\n\n<p>Acompa\u00f1ado adem\u00e1s por el intendente Dar\u00edo James y la ministra de Desarrollo Humano, Florencia Papaiani, el gobernador visit\u00f3 en primer t\u00e9rmino las nuevas salas de capacitaci\u00f3n que fueron equipadas y habilitadas recientemente por el Gobierno de la Provincia para el fortalecimiento de los espacios formativos y la generaci\u00f3n de verdaderas herramientas de inclusi\u00f3n laboral.<\/p>\n\n\n\n<p>Como parte de un acuerdo celebrado entre la Secretar\u00eda de Trabajo y el Centro de Formaci\u00f3n Profesional, en el lugar se desarrollan hoy un total de once talleres gratuitos de los que participan m\u00e1s de 200 personas. Se trata de capacitaciones en cocina joven; reparaci\u00f3n de celulares; auxiliar panadero y repostero; cocina sin TACC; cocina galesa; elaboraci\u00f3n de pastas; colocaci\u00f3n de adoquines urbanos; herrer\u00eda, tapicer\u00eda; cerrajer\u00eda y operador en elaboraci\u00f3n de alimentos.<\/p>\n\n\n\n<p>En ese contexto, el mandatario puso en valor el rol central de la cartera laboral de la provincia para dotar de equipamiento a la instituci\u00f3n e hizo hincapi\u00e9 en la importancia de generar instancias de formaci\u00f3n vinculadas con el uso de nuevas herramientas tecnol\u00f3gicas y la programaci\u00f3n. \u201cInvertir en capacitaci\u00f3n es invertir en m\u00e1s trabajo y desarrollo\u201d, expres\u00f3 Torres en el marco de la recorrida y asegur\u00f3 que \u201cen Chubut estamos cambiando asistencialismo por emprendedorismo\u201d.<\/p>\n\n\n\n<p><em>Desarrollo Comunitario<\/em><\/p>\n\n\n\n<p>Durante su actividad, Torres tambi\u00e9n recorri\u00f3 los distintos proyectos productivos y sociales que se llevan adelante en la instituci\u00f3n para el desarrollo comunitario.<\/p>\n\n\n\n<p>En la actualidad, el Centro alberga una importante cantidad de emprendimientos destac\u00e1ndose la producci\u00f3n de verduras org\u00e1nicas para instituciones; un vi\u00f1edo educativo con 160 plantas certificadas y una producci\u00f3n estimada anual de 300 botellas; una huerta bajo cubierta compuesta por dos naves de 1.000 metros cuadrados cada una y un invern\u00e1culo para plantines; un apiario educativo que incluye 10 colmenas; una sala de extracci\u00f3n de miel cedida gratuitamente a peque\u00f1os productores y briquetas ecol\u00f3gicas para calefaccionar hogares.<\/p>\n\n\n\n<p>Cabe se\u00f1alar que el Centro \u201cArturo Roberts\u201d, dependiente del Ministerio de Desarrollo Humano, tiene una capacidad total de 70 plazas, alojando en lo que va de este a\u00f1o a m\u00e1s de 2.000 personas pertenecientes a delegaciones sociales, tur\u00edsticas, deportivas, educativas y grupos sin posibilidad de financiar hoteler\u00eda.<\/p>\n","protected":false},"excerpt":{"rendered":"<p>Acompa\u00f1ado por el vicegobernador Gustavo Menna, el intendente local y funcionarios del Ejecutivo, el mandatario visit\u00f3 la instituci\u00f3n valletana orientada al desarrollo comunitario, a la generaci\u00f3n de espacios formativos y&hellip; <\/p>\n","protected":false},"author":2,"featured_media":17476,"comment_status":"closed","ping_status":"closed","sticky":false,"template":"","format":"standard","meta":{"footnotes":""},"categories":[14],"tags":[],"class_list":["post-17477","post","type-post","status-publish","format-standard","has-post-thumbnail","hentry","category-provinciales"],"yoast_head":"<!-- This site is optimized with the Yoast SEO plugin v27.4 - https:\/\/yoast.com\/product\/yoast-seo-wordpress\/ -->\n<title>Torres recorri\u00f3 las nuevas aulas del Centro \u201cArturo Roberts\u201d de Gaiman y destac\u00f3 la importancia de los talleres para \u201ctransformar d\u00e9cadas de asistencialismo en desarrollo y trabajo\u201d - FM Patagonia Madryn<\/title>\n<meta name=\"robots\" content=\"index, follow, max-snippet:-1, max-image-preview:large, max-video-preview:-1\" \/>\n<link rel=\"canonical\" href=\"https:\/\/fmpatagoniamadryn.com.ar\/?p=17477\" \/>\n<meta property=\"og:locale\" content=\"es_ES\" \/>\n<meta property=\"og:type\" content=\"article\" \/>\n<meta property=\"og:title\" content=\"Torres recorri\u00f3 las nuevas aulas del Centro \u201cArturo Roberts\u201d de Gaiman y destac\u00f3 la importancia de los talleres para \u201ctransformar d\u00e9cadas de asistencialismo en desarrollo y trabajo\u201d - FM Patagonia Madryn\" \/>\n<meta property=\"og:description\" content=\"Acompa\u00f1ado por el vicegobernador Gustavo Menna, el intendente local y funcionarios del Ejecutivo, el mandatario visit\u00f3 la instituci\u00f3n valletana orientada al desarrollo comunitario, a la generaci\u00f3n de espacios formativos y&hellip;\" \/>\n<meta property=\"og:url\" content=\"https:\/\/fmpatagoniamadryn.com.ar\/?p=17477\" \/>\n<meta property=\"og:site_name\" content=\"FM Patagonia Madryn\" \/>\n<meta property=\"article:published_time\" content=\"2025-08-08T20:13:59+00:00\" \/>\n<meta property=\"og:image\" content=\"https:\/\/fmpatagoniamadryn.com.ar\/wp-content\/uploads\/2025\/08\/e6d64305-44ae-4ced-8e7b-5cf80fb2c333.jpg\" \/>\n\t<meta property=\"og:image:width\" content=\"2000\" \/>\n\t<meta property=\"og:image:height\" content=\"1125\" \/>\n\t<meta property=\"og:image:type\" content=\"image\/jpeg\" \/>\n<meta name=\"author\" content=\"FM Patagonia\" \/>\n<meta name=\"twitter:card\" content=\"summary_large_image\" \/>\n<meta name=\"twitter:label1\" content=\"Escrito por\" \/>\n\t<meta name=\"twitter:data1\" content=\"FM Patagonia\" \/>\n\t<meta name=\"twitter:label2\" content=\"Tiempo de lectura\" \/>\n\t<meta name=\"twitter:data2\" content=\"3 minutos\" \/>\n<script type=\"application\/ld+json\" class=\"yoast-schema-graph\">{\"@context\":\"https:\\\/\\\/schema.org\",\"@graph\":[{\"@type\":\"Article\",\"@id\":\"https:\\\/\\\/fmpatagoniamadryn.com.ar\\\/?p=17477#article\",\"isPartOf\":{\"@id\":\"https:\\\/\\\/fmpatagoniamadryn.com.ar\\\/?p=17477\"},\"author\":{\"name\":\"FM Patagonia\",\"@id\":\"https:\\\/\\\/fmpatagoniamadryn.com.ar\\\/#\\\/schema\\\/person\\\/8a3de4ad7efceacab06c1641c50303b7\"},\"headline\":\"Torres recorri\u00f3 las nuevas aulas del Centro \u201cArturo Roberts\u201d de Gaiman y destac\u00f3 la importancia de los talleres para \u201ctransformar d\u00e9cadas de asistencialismo en desarrollo y trabajo\u201d\",\"datePublished\":\"2025-08-08T20:13:59+00:00\",\"mainEntityOfPage\":{\"@id\":\"https:\\\/\\\/fmpatagoniamadryn.com.ar\\\/?p=17477\"},\"wordCount\":583,\"publisher\":{\"@id\":\"https:\\\/\\\/fmpatagoniamadryn.com.ar\\\/#organization\"},\"image\":{\"@id\":\"https:\\\/\\\/fmpatagoniamadryn.com.ar\\\/?p=17477#primaryimage\"},\"thumbnailUrl\":\"https:\\\/\\\/fmpatagoniamadryn.com.ar\\\/wp-content\\\/uploads\\\/2025\\\/08\\\/e6d64305-44ae-4ced-8e7b-5cf80fb2c333.jpg\",\"articleSection\":[\"Provinciales\"],\"inLanguage\":\"es\"},{\"@type\":\"WebPage\",\"@id\":\"https:\\\/\\\/fmpatagoniamadryn.com.ar\\\/?p=17477\",\"url\":\"https:\\\/\\\/fmpatagoniamadryn.com.ar\\\/?p=17477\",\"name\":\"Torres recorri\u00f3 las nuevas aulas del Centro \u201cArturo Roberts\u201d de Gaiman y destac\u00f3 la importancia de los talleres para \u201ctransformar d\u00e9cadas de asistencialismo en desarrollo y trabajo\u201d - FM Patagonia Madryn\",\"isPartOf\":{\"@id\":\"https:\\\/\\\/fmpatagoniamadryn.com.ar\\\/#website\"},\"primaryImageOfPage\":{\"@id\":\"https:\\\/\\\/fmpatagoniamadryn.com.ar\\\/?p=17477#primaryimage\"},\"image\":{\"@id\":\"https:\\\/\\\/fmpatagoniamadryn.com.ar\\\/?p=17477#primaryimage\"},\"thumbnailUrl\":\"https:\\\/\\\/fmpatagoniamadryn.com.ar\\\/wp-content\\\/uploads\\\/2025\\\/08\\\/e6d64305-44ae-4ced-8e7b-5cf80fb2c333.jpg\",\"datePublished\":\"2025-08-08T20:13:59+00:00\",\"breadcrumb\":{\"@id\":\"https:\\\/\\\/fmpatagoniamadryn.com.ar\\\/?p=17477#breadcrumb\"},\"inLanguage\":\"es\",\"potentialAction\":[{\"@type\":\"ReadAction\",\"target\":[\"https:\\\/\\\/fmpatagoniamadryn.com.ar\\\/?p=17477\"]}]},{\"@type\":\"ImageObject\",\"inLanguage\":\"es\",\"@id\":\"https:\\\/\\\/fmpatagoniamadryn.com.ar\\\/?p=17477#primaryimage\",\"url\":\"https:\\\/\\\/fmpatagoniamadryn.com.ar\\\/wp-content\\\/uploads\\\/2025\\\/08\\\/e6d64305-44ae-4ced-8e7b-5cf80fb2c333.jpg\",\"contentUrl\":\"https:\\\/\\\/fmpatagoniamadryn.com.ar\\\/wp-content\\\/uploads\\\/2025\\\/08\\\/e6d64305-44ae-4ced-8e7b-5cf80fb2c333.jpg\",\"width\":2000,\"height\":1125},{\"@type\":\"BreadcrumbList\",\"@id\":\"https:\\\/\\\/fmpatagoniamadryn.com.ar\\\/?p=17477#breadcrumb\",\"itemListElement\":[{\"@type\":\"ListItem\",\"position\":1,\"name\":\"Portada\",\"item\":\"https:\\\/\\\/fmpatagoniamadryn.com.ar\\\/\"},{\"@type\":\"ListItem\",\"position\":2,\"name\":\"Torres recorri\u00f3 las nuevas aulas del Centro \u201cArturo Roberts\u201d de Gaiman y destac\u00f3 la importancia de los talleres para \u201ctransformar d\u00e9cadas de asistencialismo en desarrollo y trabajo\u201d\"}]},{\"@type\":\"WebSite\",\"@id\":\"https:\\\/\\\/fmpatagoniamadryn.com.ar\\\/#website\",\"url\":\"https:\\\/\\\/fmpatagoniamadryn.com.ar\\\/\",\"name\":\"FM Patagonia Madryn\",\"description\":\"Radio Patagonia 105.5\",\"publisher\":{\"@id\":\"https:\\\/\\\/fmpatagoniamadryn.com.ar\\\/#organization\"},\"potentialAction\":[{\"@type\":\"SearchAction\",\"target\":{\"@type\":\"EntryPoint\",\"urlTemplate\":\"https:\\\/\\\/fmpatagoniamadryn.com.ar\\\/?s={search_term_string}\"},\"query-input\":{\"@type\":\"PropertyValueSpecification\",\"valueRequired\":true,\"valueName\":\"search_term_string\"}}],\"inLanguage\":\"es\"},{\"@type\":\"Organization\",\"@id\":\"https:\\\/\\\/fmpatagoniamadryn.com.ar\\\/#organization\",\"name\":\"FM Patagonia Madryn\",\"url\":\"https:\\\/\\\/fmpatagoniamadryn.com.ar\\\/\",\"logo\":{\"@type\":\"ImageObject\",\"inLanguage\":\"es\",\"@id\":\"https:\\\/\\\/fmpatagoniamadryn.com.ar\\\/#\\\/schema\\\/logo\\\/image\\\/\",\"url\":\"https:\\\/\\\/fmpatagoniamadryn.com.ar\\\/wp-content\\\/uploads\\\/2023\\\/01\\\/cropped-Diseno-sin-titulo.png\",\"contentUrl\":\"https:\\\/\\\/fmpatagoniamadryn.com.ar\\\/wp-content\\\/uploads\\\/2023\\\/01\\\/cropped-Diseno-sin-titulo.png\",\"width\":6911,\"height\":2657,\"caption\":\"FM Patagonia Madryn\"},\"image\":{\"@id\":\"https:\\\/\\\/fmpatagoniamadryn.com.ar\\\/#\\\/schema\\\/logo\\\/image\\\/\"}},{\"@type\":\"Person\",\"@id\":\"https:\\\/\\\/fmpatagoniamadryn.com.ar\\\/#\\\/schema\\\/person\\\/8a3de4ad7efceacab06c1641c50303b7\",\"name\":\"FM Patagonia\",\"url\":\"https:\\\/\\\/fmpatagoniamadryn.com.ar\\\/?author=2\"}]}<\/script>\n<!-- \/ Yoast SEO plugin. -->","yoast_head_json":{"title":"Torres recorri\u00f3 las nuevas aulas del Centro \u201cArturo Roberts\u201d de Gaiman y destac\u00f3 la importancia de los talleres para \u201ctransformar d\u00e9cadas de asistencialismo en desarrollo y trabajo\u201d - FM Patagonia Madryn","robots":{"index":"index","follow":"follow","max-snippet":"max-snippet:-1","max-image-preview":"max-image-preview:large","max-video-preview":"max-video-preview:-1"},"canonical":"https:\/\/fmpatagoniamadryn.com.ar\/?p=17477","og_locale":"es_ES","og_type":"article","og_title":"Torres recorri\u00f3 las nuevas aulas del Centro \u201cArturo Roberts\u201d de Gaiman y destac\u00f3 la importancia de los talleres para \u201ctransformar d\u00e9cadas de asistencialismo en desarrollo y trabajo\u201d - FM Patagonia Madryn","og_description":"Acompa\u00f1ado por el vicegobernador Gustavo Menna, el intendente local y funcionarios del Ejecutivo, el mandatario visit\u00f3 la instituci\u00f3n valletana orientada al desarrollo comunitario, a la generaci\u00f3n de espacios formativos y&hellip;","og_url":"https:\/\/fmpatagoniamadryn.com.ar\/?p=17477","og_site_name":"FM Patagonia Madryn","article_published_time":"2025-08-08T20:13:59+00:00","og_image":[{"width":2000,"height":1125,"url":"https:\/\/fmpatagoniamadryn.com.ar\/wp-content\/uploads\/2025\/08\/e6d64305-44ae-4ced-8e7b-5cf80fb2c333.jpg","type":"image\/jpeg"}],"author":"FM Patagonia","twitter_card":"summary_large_image","twitter_misc":{"Escrito por":"FM Patagonia","Tiempo de lectura":"3 minutos"},"schema":{"@context":"https:\/\/schema.org","@graph":[{"@type":"Article","@id":"https:\/\/fmpatagoniamadryn.com.ar\/?p=17477#article","isPartOf":{"@id":"https:\/\/fmpatagoniamadryn.com.ar\/?p=17477"},"author":{"name":"FM Patagonia","@id":"https:\/\/fmpatagoniamadryn.com.ar\/#\/schema\/person\/8a3de4ad7efceacab06c1641c50303b7"},"headline":"Torres recorri\u00f3 las nuevas aulas del Centro \u201cArturo Roberts\u201d de Gaiman y destac\u00f3 la importancia de los talleres para \u201ctransformar d\u00e9cadas de asistencialismo en desarrollo y trabajo\u201d","datePublished":"2025-08-08T20:13:59+00:00","mainEntityOfPage":{"@id":"https:\/\/fmpatagoniamadryn.com.ar\/?p=17477"},"wordCount":583,"publisher":{"@id":"https:\/\/fmpatagoniamadryn.com.ar\/#organization"},"image":{"@id":"https:\/\/fmpatagoniamadryn.com.ar\/?p=17477#primaryimage"},"thumbnailUrl":"https:\/\/fmpatagoniamadryn.com.ar\/wp-content\/uploads\/2025\/08\/e6d64305-44ae-4ced-8e7b-5cf80fb2c333.jpg","articleSection":["Provinciales"],"inLanguage":"es"},{"@type":"WebPage","@id":"https:\/\/fmpatagoniamadryn.com.ar\/?p=17477","url":"https:\/\/fmpatagoniamadryn.com.ar\/?p=17477","name":"Torres recorri\u00f3 las nuevas aulas del Centro \u201cArturo Roberts\u201d de Gaiman y destac\u00f3 la importancia de los talleres para \u201ctransformar d\u00e9cadas de asistencialismo en desarrollo y trabajo\u201d - FM Patagonia Madryn","isPartOf":{"@id":"https:\/\/fmpatagoniamadryn.com.ar\/#website"},"primaryImageOfPage":{"@id":"https:\/\/fmpatagoniamadryn.com.ar\/?p=17477#primaryimage"},"image":{"@id":"https:\/\/fmpatagoniamadryn.com.ar\/?p=17477#primaryimage"},"thumbnailUrl":"https:\/\/fmpatagoniamadryn.com.ar\/wp-content\/uploads\/2025\/08\/e6d64305-44ae-4ced-8e7b-5cf80fb2c333.jpg","datePublished":"2025-08-08T20:13:59+00:00","breadcrumb":{"@id":"https:\/\/fmpatagoniamadryn.com.ar\/?p=17477#breadcrumb"},"inLanguage":"es","potentialAction":[{"@type":"ReadAction","target":["https:\/\/fmpatagoniamadryn.com.ar\/?p=17477"]}]},{"@type":"ImageObject","inLanguage":"es","@id":"https:\/\/fmpatagoniamadryn.com.ar\/?p=17477#primaryimage","url":"https:\/\/fmpatagoniamadryn.com.ar\/wp-content\/uploads\/2025\/08\/e6d64305-44ae-4ced-8e7b-5cf80fb2c333.jpg","contentUrl":"https:\/\/fmpatagoniamadryn.com.ar\/wp-content\/uploads\/2025\/08\/e6d64305-44ae-4ced-8e7b-5cf80fb2c333.jpg","width":2000,"height":1125},{"@type":"BreadcrumbList","@id":"https:\/\/fmpatagoniamadryn.com.ar\/?p=17477#breadcrumb","itemListElement":[{"@type":"ListItem","position":1,"name":"Portada","item":"https:\/\/fmpatagoniamadryn.com.ar\/"},{"@type":"ListItem","position":2,"name":"Torres recorri\u00f3 las nuevas aulas del Centro \u201cArturo Roberts\u201d de Gaiman y destac\u00f3 la importancia de los talleres para \u201ctransformar d\u00e9cadas de asistencialismo en desarrollo y trabajo\u201d"}]},{"@type":"WebSite","@id":"https:\/\/fmpatagoniamadryn.com.ar\/#website","url":"https:\/\/fmpatagoniamadryn.com.ar\/","name":"FM Patagonia Madryn","description":"Radio Patagonia 105.5","publisher":{"@id":"https:\/\/fmpatagoniamadryn.com.ar\/#organization"},"potentialAction":[{"@type":"SearchAction","target":{"@type":"EntryPoint","urlTemplate":"https:\/\/fmpatagoniamadryn.com.ar\/?s={search_term_string}"},"query-input":{"@type":"PropertyValueSpecification","valueRequired":true,"valueName":"search_term_string"}}],"inLanguage":"es"},{"@type":"Organization","@id":"https:\/\/fmpatagoniamadryn.com.ar\/#organization","name":"FM Patagonia Madryn","url":"https:\/\/fmpatagoniamadryn.com.ar\/","logo":{"@type":"ImageObject","inLanguage":"es","@id":"https:\/\/fmpatagoniamadryn.com.ar\/#\/schema\/logo\/image\/","url":"https:\/\/fmpatagoniamadryn.com.ar\/wp-content\/uploads\/2023\/01\/cropped-Diseno-sin-titulo.png","contentUrl":"https:\/\/fmpatagoniamadryn.com.ar\/wp-content\/uploads\/2023\/01\/cropped-Diseno-sin-titulo.png","width":6911,"height":2657,"caption":"FM Patagonia Madryn"},"image":{"@id":"https:\/\/fmpatagoniamadryn.com.ar\/#\/schema\/logo\/image\/"}},{"@type":"Person","@id":"https:\/\/fmpatagoniamadryn.com.ar\/#\/schema\/person\/8a3de4ad7efceacab06c1641c50303b7","name":"FM Patagonia","url":"https:\/\/fmpatagoniamadryn.com.ar\/?author=2"}]}},"jetpack_featured_media_url":"https:\/\/fmpatagoniamadryn.com.ar\/wp-content\/uploads\/2025\/08\/e6d64305-44ae-4ced-8e7b-5cf80fb2c333.jpg","_links":{"self":[{"href":"https:\/\/fmpatagoniamadryn.com.ar\/index.php?rest_route=\/wp\/v2\/posts\/17477","targetHints":{"allow":["GET"]}}],"collection":[{"href":"https:\/\/fmpatagoniamadryn.com.ar\/index.php?rest_route=\/wp\/v2\/posts"}],"about":[{"href":"https:\/\/fmpatagoniamadryn.com.ar\/index.php?rest_route=\/wp\/v2\/types\/post"}],"author":[{"embeddable":true,"href":"https:\/\/fmpatagoniamadryn.com.ar\/index.php?rest_route=\/wp\/v2\/users\/2"}],"replies":[{"embeddable":true,"href":"https:\/\/fmpatagoniamadryn.com.ar\/index.php?rest_route=%2Fwp%2Fv2%2Fcomments&post=17477"}],"version-history":[{"count":1,"href":"https:\/\/fmpatagoniamadryn.com.ar\/index.php?rest_route=\/wp\/v2\/posts\/17477\/revisions"}],"predecessor-version":[{"id":17478,"href":"https:\/\/fmpatagoniamadryn.com.ar\/index.php?rest_route=\/wp\/v2\/posts\/17477\/revisions\/17478"}],"wp:featuredmedia":[{"embeddable":true,"href":"https:\/\/fmpatagoniamadryn.com.ar\/index.php?rest_route=\/wp\/v2\/media\/17476"}],"wp:attachment":[{"href":"https:\/\/fmpatagoniamadryn.com.ar\/index.php?rest_route=%2Fwp%2Fv2%2Fmedia&parent=17477"}],"wp:term":[{"taxonomy":"category","embeddable":true,"href":"https:\/\/fmpatagoniamadryn.com.ar\/index.php?rest_route=%2Fwp%2Fv2%2Fcategories&post=17477"},{"taxonomy":"post_tag","embeddable":true,"href":"https:\/\/fmpatagoniamadryn.com.ar\/index.php?rest_route=%2Fwp%2Fv2%2Ftags&post=17477"}],"curies":[{"name":"wp","href":"https:\/\/api.w.org\/{rel}","templated":true}]}}