{"id":17481,"date":"2025-08-08T19:33:33","date_gmt":"2025-08-08T22:33:33","guid":{"rendered":"https:\/\/fmpatagoniamadryn.com.ar\/?p=17481"},"modified":"2025-08-08T19:33:33","modified_gmt":"2025-08-08T22:33:33","slug":"torres-entrego-equipamiento-a-personal-de-la-apsv-para-fortalecer-el-trabajo-preventivo-en-toda-la-provincia","status":"publish","type":"post","link":"https:\/\/fmpatagoniamadryn.com.ar\/?p=17481","title":{"rendered":"Torres entreg\u00f3 equipamiento a personal de la APSV para fortalecer el trabajo preventivo en toda la provincia"},"content":{"rendered":"\n<p><\/p>\n\n\n\n<p><em>En su discurso, el mandatario destac\u00f3 el esquema colaborativo que lleva adelante la Provincia para el mejoramiento de la infraestructura de la Polic\u00eda y del personal de Seguridad Vial. \u201cLos intendentes se comprometieron a acompa\u00f1arnos, y en este sentido, el 50% de todas las multas y contravenciones ser\u00e1n destinadas, pura y exclusivamente, con asignaci\u00f3n espec\u00edfica, a la infraestructura para la seguridad de todos los chubutenses\u201d, indic\u00f3 Torres, quien describi\u00f3 el esquema como \u201cun c\u00edrculo virtuoso e inteligente, donde hacemos un buen uso de los recursos, adem\u00e1s de controlar y cuidar a quienes nos cuidan\u201d.<\/em><\/p>\n\n\n\n<p>El gobernador del Chubut, Ignacio \u201cNacho\u201d Torres, encabez\u00f3 el acto de entrega de equipamiento para la Agencia Provincial de Seguridad Vial (APSV).<\/p>\n\n\n\n<p>La actividad en cuesti\u00f3n se desarroll\u00f3 este viernes por la tarde, en la Sala de Situaci\u00f3n \u201cCrio. Insp. Jos\u00e9 Mar\u00eda Mac\u00edas\u201d de la Jefatura de Polic\u00eda, y acompa\u00f1aron al mandatario el ministro de Seguridad y Justicia de Chubut, H\u00e9ctor Iturrioz; el jefe de la Plana Mayor, comisario general Andr\u00e9s Garc\u00eda; el subsecretario de Seguridad Vial, C\u00e9sar Vargas; y el subsecretario de Protecci\u00f3n Civil, Eduardo \u201cLalo\u201d P\u00e9rez.<\/p>\n\n\n\n<p><em>Inversi\u00f3n en infraestructura<\/em><\/p>\n\n\n\n<p>En su discurso, Torres asegur\u00f3 que \u201cestamos entrando en una etapa nueva en la que el Ministerio de Seguridad y la Agencia Provincial de Seguridad Vial est\u00e1n trabajando de manera conjunta para poder financiar la infraestructura que necesita la Polic\u00eda\u201d y destac\u00f3 que \u201cen este contexto, hay un actor fundamental, que son los municipios\u201d.<\/p>\n\n\n\n<p>Sobre este punto, el mandatario sostuvo que \u201clos intendentes se comprometieron a acompa\u00f1arnos, y en este sentido, el 50% de todas las multas y contravenciones ser\u00e1n destinadas, pura y exclusivamente, con asignaci\u00f3n espec\u00edfica, a la infraestructura para la seguridad de todos los chubutenses, tanto en el \u00e1mbito policial como en el vial\u201d.<\/p>\n\n\n\n<p>\u201cEste es un esquema totalmente innovador, donde no hay partidismos ni regionalismos: todos los intendentes firmaron el convenio que hoy ratificamos, y esta es una de las muchas entregas que vamos a hacer, gracias a este c\u00edrculo virtuoso e inteligente, donde optimizamos el uso de los recursos, adem\u00e1s de controlar y cuidar a quienes nos cuidan\u201d, expres\u00f3 el titular del Ejecutivo, celebrando \u201cla labor de quienes, muchas veces en situaciones hostiles, realizan un trabajo admirable que nos enorgullece a todos los chubutenses\u201d.<\/p>\n\n\n\n<p>\u201cVamos a seguir invirtiendo para tener la mejor seguridad vial de toda la Argentina\u201d, concluy\u00f3 Torres.<\/p>\n\n\n\n<p>Por su parte, el ministro de Seguridad y Justicia, H\u00e9ctor Iturrioz, puso en relieve que \u201cdesde el inicio de la gesti\u00f3n hasta este momento, con compromiso y esfuerzo, hemos logrado mejorar el funcionamiento de un \u00e1rea fundamental como lo es la Seguridad Vial\u201d y valor\u00f3 el rol de quienes cumplen funciones dentro de la Agencia, \u201cen muchas ocasiones con hostilidad por parte de la sociedad y en medio de inclemencias clim\u00e1ticas\u201d.<\/p>\n\n\n\n<p><em>Inversi\u00f3n en insumos y equipamiento<\/em><\/p>\n\n\n\n<p>El equipamiento entregado por el Gobernador a personal de la APSV consisti\u00f3 en 30 camperas impermeables de tela Taslon Softshell con fajas refractarias; 30 pantalones t\u00e9rmicos de tela Softshell; 30 camisetas t\u00e9rmicas primera piel; 30 pares de medias t\u00e9rmicas; borcegu\u00edes t\u00e1cticos; pantalones de fajina; chombas para personal policial; bastones lum\u00ednicos recargables con autonom\u00eda de 4 horas; balizas port\u00e1tiles con autonom\u00eda de 6 horas; conos refractarios; 32 equipos de comunicaci\u00f3n port\u00e1til tipo HT con frecuencia VHF, y un equipo para test de alcoholemia.<\/p>\n\n\n\n<p>Se trata de una inversi\u00f3n provincial de $35 millones, que se replic\u00f3 en las distintas delegaciones del interior con un total de $60 millones. La indumentaria tiene como objetivo preservar la seguridad del personal y garantizar que cuenten con la ropa adecuada para llevar adelante la tarea diaria de control, fiscalizaci\u00f3n y prevenci\u00f3n que se realiza en todas las rutas y ciudades de la provincia.<\/p>\n\n\n\n<p>El resto del equipamiento garantiza la eficacia y eficiencia del servicio que brinda a la comunidad la APSV. Desde la Agencia se destaca la vocaci\u00f3n de servicio y el profesionalismo del personal de preventores y polic\u00edas que diariamente resguardan rutas y calles de las distintas comunidades, as\u00ed como tambi\u00e9n en eventos deportivos, fiestas populares y siniestros viales, garantizando la transitabilidad.<\/p>\n\n\n\n<p><\/p>\n","protected":false},"excerpt":{"rendered":"<p>En su discurso, el mandatario destac\u00f3 el esquema colaborativo que lleva adelante la Provincia para el mejoramiento de la infraestructura de la Polic\u00eda y del personal de Seguridad Vial. \u201cLos&hellip; <\/p>\n","protected":false},"author":2,"featured_media":17480,"comment_status":"closed","ping_status":"closed","sticky":false,"template":"","format":"standard","meta":{"footnotes":""},"categories":[15],"tags":[],"class_list":["post-17481","post","type-post","status-publish","format-standard","has-post-thumbnail","hentry","category-locales"],"yoast_head":"<!-- This site is optimized with the Yoast SEO plugin v27.4 - https:\/\/yoast.com\/product\/yoast-seo-wordpress\/ -->\n<title>Torres entreg\u00f3 equipamiento a personal de la APSV para fortalecer el trabajo preventivo en toda la provincia - FM Patagonia Madryn<\/title>\n<meta name=\"robots\" content=\"index, follow, max-snippet:-1, max-image-preview:large, max-video-preview:-1\" \/>\n<link rel=\"canonical\" href=\"https:\/\/fmpatagoniamadryn.com.ar\/?p=17481\" \/>\n<meta property=\"og:locale\" content=\"es_ES\" \/>\n<meta property=\"og:type\" content=\"article\" \/>\n<meta property=\"og:title\" content=\"Torres entreg\u00f3 equipamiento a personal de la APSV para fortalecer el trabajo preventivo en toda la provincia - FM Patagonia Madryn\" \/>\n<meta property=\"og:description\" content=\"En su discurso, el mandatario destac\u00f3 el esquema colaborativo que lleva adelante la Provincia para el mejoramiento de la infraestructura de la Polic\u00eda y del personal de Seguridad Vial. \u201cLos&hellip;\" \/>\n<meta property=\"og:url\" content=\"https:\/\/fmpatagoniamadryn.com.ar\/?p=17481\" \/>\n<meta property=\"og:site_name\" content=\"FM Patagonia Madryn\" \/>\n<meta property=\"article:published_time\" content=\"2025-08-08T22:33:33+00:00\" \/>\n<meta property=\"og:image\" content=\"https:\/\/fmpatagoniamadryn.com.ar\/wp-content\/uploads\/2025\/08\/bff99464-af1a-4cde-b0c3-ad117fe2778b.jpg\" \/>\n\t<meta property=\"og:image:width\" content=\"2000\" \/>\n\t<meta property=\"og:image:height\" content=\"1330\" \/>\n\t<meta property=\"og:image:type\" content=\"image\/jpeg\" \/>\n<meta name=\"author\" content=\"FM Patagonia\" \/>\n<meta name=\"twitter:card\" content=\"summary_large_image\" \/>\n<meta name=\"twitter:label1\" content=\"Escrito por\" \/>\n\t<meta name=\"twitter:data1\" content=\"FM Patagonia\" \/>\n\t<meta name=\"twitter:label2\" content=\"Tiempo de lectura\" \/>\n\t<meta name=\"twitter:data2\" content=\"4 minutos\" \/>\n<script type=\"application\/ld+json\" class=\"yoast-schema-graph\">{\"@context\":\"https:\\\/\\\/schema.org\",\"@graph\":[{\"@type\":\"Article\",\"@id\":\"https:\\\/\\\/fmpatagoniamadryn.com.ar\\\/?p=17481#article\",\"isPartOf\":{\"@id\":\"https:\\\/\\\/fmpatagoniamadryn.com.ar\\\/?p=17481\"},\"author\":{\"name\":\"FM Patagonia\",\"@id\":\"https:\\\/\\\/fmpatagoniamadryn.com.ar\\\/#\\\/schema\\\/person\\\/8a3de4ad7efceacab06c1641c50303b7\"},\"headline\":\"Torres entreg\u00f3 equipamiento a personal de la APSV para fortalecer el trabajo preventivo en toda la provincia\",\"datePublished\":\"2025-08-08T22:33:33+00:00\",\"mainEntityOfPage\":{\"@id\":\"https:\\\/\\\/fmpatagoniamadryn.com.ar\\\/?p=17481\"},\"wordCount\":727,\"publisher\":{\"@id\":\"https:\\\/\\\/fmpatagoniamadryn.com.ar\\\/#organization\"},\"image\":{\"@id\":\"https:\\\/\\\/fmpatagoniamadryn.com.ar\\\/?p=17481#primaryimage\"},\"thumbnailUrl\":\"https:\\\/\\\/fmpatagoniamadryn.com.ar\\\/wp-content\\\/uploads\\\/2025\\\/08\\\/bff99464-af1a-4cde-b0c3-ad117fe2778b.jpg\",\"articleSection\":[\"Locales\"],\"inLanguage\":\"es\"},{\"@type\":\"WebPage\",\"@id\":\"https:\\\/\\\/fmpatagoniamadryn.com.ar\\\/?p=17481\",\"url\":\"https:\\\/\\\/fmpatagoniamadryn.com.ar\\\/?p=17481\",\"name\":\"Torres entreg\u00f3 equipamiento a personal de la APSV para fortalecer el trabajo preventivo en toda la provincia - FM Patagonia Madryn\",\"isPartOf\":{\"@id\":\"https:\\\/\\\/fmpatagoniamadryn.com.ar\\\/#website\"},\"primaryImageOfPage\":{\"@id\":\"https:\\\/\\\/fmpatagoniamadryn.com.ar\\\/?p=17481#primaryimage\"},\"image\":{\"@id\":\"https:\\\/\\\/fmpatagoniamadryn.com.ar\\\/?p=17481#primaryimage\"},\"thumbnailUrl\":\"https:\\\/\\\/fmpatagoniamadryn.com.ar\\\/wp-content\\\/uploads\\\/2025\\\/08\\\/bff99464-af1a-4cde-b0c3-ad117fe2778b.jpg\",\"datePublished\":\"2025-08-08T22:33:33+00:00\",\"breadcrumb\":{\"@id\":\"https:\\\/\\\/fmpatagoniamadryn.com.ar\\\/?p=17481#breadcrumb\"},\"inLanguage\":\"es\",\"potentialAction\":[{\"@type\":\"ReadAction\",\"target\":[\"https:\\\/\\\/fmpatagoniamadryn.com.ar\\\/?p=17481\"]}]},{\"@type\":\"ImageObject\",\"inLanguage\":\"es\",\"@id\":\"https:\\\/\\\/fmpatagoniamadryn.com.ar\\\/?p=17481#primaryimage\",\"url\":\"https:\\\/\\\/fmpatagoniamadryn.com.ar\\\/wp-content\\\/uploads\\\/2025\\\/08\\\/bff99464-af1a-4cde-b0c3-ad117fe2778b.jpg\",\"contentUrl\":\"https:\\\/\\\/fmpatagoniamadryn.com.ar\\\/wp-content\\\/uploads\\\/2025\\\/08\\\/bff99464-af1a-4cde-b0c3-ad117fe2778b.jpg\",\"width\":2000,\"height\":1330},{\"@type\":\"BreadcrumbList\",\"@id\":\"https:\\\/\\\/fmpatagoniamadryn.com.ar\\\/?p=17481#breadcrumb\",\"itemListElement\":[{\"@type\":\"ListItem\",\"position\":1,\"name\":\"Portada\",\"item\":\"https:\\\/\\\/fmpatagoniamadryn.com.ar\\\/\"},{\"@type\":\"ListItem\",\"position\":2,\"name\":\"Torres entreg\u00f3 equipamiento a personal de la APSV para fortalecer el trabajo preventivo en toda la provincia\"}]},{\"@type\":\"WebSite\",\"@id\":\"https:\\\/\\\/fmpatagoniamadryn.com.ar\\\/#website\",\"url\":\"https:\\\/\\\/fmpatagoniamadryn.com.ar\\\/\",\"name\":\"FM Patagonia Madryn\",\"description\":\"Radio Patagonia 105.5\",\"publisher\":{\"@id\":\"https:\\\/\\\/fmpatagoniamadryn.com.ar\\\/#organization\"},\"potentialAction\":[{\"@type\":\"SearchAction\",\"target\":{\"@type\":\"EntryPoint\",\"urlTemplate\":\"https:\\\/\\\/fmpatagoniamadryn.com.ar\\\/?s={search_term_string}\"},\"query-input\":{\"@type\":\"PropertyValueSpecification\",\"valueRequired\":true,\"valueName\":\"search_term_string\"}}],\"inLanguage\":\"es\"},{\"@type\":\"Organization\",\"@id\":\"https:\\\/\\\/fmpatagoniamadryn.com.ar\\\/#organization\",\"name\":\"FM Patagonia Madryn\",\"url\":\"https:\\\/\\\/fmpatagoniamadryn.com.ar\\\/\",\"logo\":{\"@type\":\"ImageObject\",\"inLanguage\":\"es\",\"@id\":\"https:\\\/\\\/fmpatagoniamadryn.com.ar\\\/#\\\/schema\\\/logo\\\/image\\\/\",\"url\":\"https:\\\/\\\/fmpatagoniamadryn.com.ar\\\/wp-content\\\/uploads\\\/2023\\\/01\\\/cropped-Diseno-sin-titulo.png\",\"contentUrl\":\"https:\\\/\\\/fmpatagoniamadryn.com.ar\\\/wp-content\\\/uploads\\\/2023\\\/01\\\/cropped-Diseno-sin-titulo.png\",\"width\":6911,\"height\":2657,\"caption\":\"FM Patagonia Madryn\"},\"image\":{\"@id\":\"https:\\\/\\\/fmpatagoniamadryn.com.ar\\\/#\\\/schema\\\/logo\\\/image\\\/\"}},{\"@type\":\"Person\",\"@id\":\"https:\\\/\\\/fmpatagoniamadryn.com.ar\\\/#\\\/schema\\\/person\\\/8a3de4ad7efceacab06c1641c50303b7\",\"name\":\"FM Patagonia\",\"url\":\"https:\\\/\\\/fmpatagoniamadryn.com.ar\\\/?author=2\"}]}<\/script>\n<!-- \/ Yoast SEO plugin. -->","yoast_head_json":{"title":"Torres entreg\u00f3 equipamiento a personal de la APSV para fortalecer el trabajo preventivo en toda la provincia - FM Patagonia Madryn","robots":{"index":"index","follow":"follow","max-snippet":"max-snippet:-1","max-image-preview":"max-image-preview:large","max-video-preview":"max-video-preview:-1"},"canonical":"https:\/\/fmpatagoniamadryn.com.ar\/?p=17481","og_locale":"es_ES","og_type":"article","og_title":"Torres entreg\u00f3 equipamiento a personal de la APSV para fortalecer el trabajo preventivo en toda la provincia - FM Patagonia Madryn","og_description":"En su discurso, el mandatario destac\u00f3 el esquema colaborativo que lleva adelante la Provincia para el mejoramiento de la infraestructura de la Polic\u00eda y del personal de Seguridad Vial. \u201cLos&hellip;","og_url":"https:\/\/fmpatagoniamadryn.com.ar\/?p=17481","og_site_name":"FM Patagonia Madryn","article_published_time":"2025-08-08T22:33:33+00:00","og_image":[{"width":2000,"height":1330,"url":"https:\/\/fmpatagoniamadryn.com.ar\/wp-content\/uploads\/2025\/08\/bff99464-af1a-4cde-b0c3-ad117fe2778b.jpg","type":"image\/jpeg"}],"author":"FM Patagonia","twitter_card":"summary_large_image","twitter_misc":{"Escrito por":"FM Patagonia","Tiempo de lectura":"4 minutos"},"schema":{"@context":"https:\/\/schema.org","@graph":[{"@type":"Article","@id":"https:\/\/fmpatagoniamadryn.com.ar\/?p=17481#article","isPartOf":{"@id":"https:\/\/fmpatagoniamadryn.com.ar\/?p=17481"},"author":{"name":"FM Patagonia","@id":"https:\/\/fmpatagoniamadryn.com.ar\/#\/schema\/person\/8a3de4ad7efceacab06c1641c50303b7"},"headline":"Torres entreg\u00f3 equipamiento a personal de la APSV para fortalecer el trabajo preventivo en toda la provincia","datePublished":"2025-08-08T22:33:33+00:00","mainEntityOfPage":{"@id":"https:\/\/fmpatagoniamadryn.com.ar\/?p=17481"},"wordCount":727,"publisher":{"@id":"https:\/\/fmpatagoniamadryn.com.ar\/#organization"},"image":{"@id":"https:\/\/fmpatagoniamadryn.com.ar\/?p=17481#primaryimage"},"thumbnailUrl":"https:\/\/fmpatagoniamadryn.com.ar\/wp-content\/uploads\/2025\/08\/bff99464-af1a-4cde-b0c3-ad117fe2778b.jpg","articleSection":["Locales"],"inLanguage":"es"},{"@type":"WebPage","@id":"https:\/\/fmpatagoniamadryn.com.ar\/?p=17481","url":"https:\/\/fmpatagoniamadryn.com.ar\/?p=17481","name":"Torres entreg\u00f3 equipamiento a personal de la APSV para fortalecer el trabajo preventivo en toda la provincia - FM Patagonia Madryn","isPartOf":{"@id":"https:\/\/fmpatagoniamadryn.com.ar\/#website"},"primaryImageOfPage":{"@id":"https:\/\/fmpatagoniamadryn.com.ar\/?p=17481#primaryimage"},"image":{"@id":"https:\/\/fmpatagoniamadryn.com.ar\/?p=17481#primaryimage"},"thumbnailUrl":"https:\/\/fmpatagoniamadryn.com.ar\/wp-content\/uploads\/2025\/08\/bff99464-af1a-4cde-b0c3-ad117fe2778b.jpg","datePublished":"2025-08-08T22:33:33+00:00","breadcrumb":{"@id":"https:\/\/fmpatagoniamadryn.com.ar\/?p=17481#breadcrumb"},"inLanguage":"es","potentialAction":[{"@type":"ReadAction","target":["https:\/\/fmpatagoniamadryn.com.ar\/?p=17481"]}]},{"@type":"ImageObject","inLanguage":"es","@id":"https:\/\/fmpatagoniamadryn.com.ar\/?p=17481#primaryimage","url":"https:\/\/fmpatagoniamadryn.com.ar\/wp-content\/uploads\/2025\/08\/bff99464-af1a-4cde-b0c3-ad117fe2778b.jpg","contentUrl":"https:\/\/fmpatagoniamadryn.com.ar\/wp-content\/uploads\/2025\/08\/bff99464-af1a-4cde-b0c3-ad117fe2778b.jpg","width":2000,"height":1330},{"@type":"BreadcrumbList","@id":"https:\/\/fmpatagoniamadryn.com.ar\/?p=17481#breadcrumb","itemListElement":[{"@type":"ListItem","position":1,"name":"Portada","item":"https:\/\/fmpatagoniamadryn.com.ar\/"},{"@type":"ListItem","position":2,"name":"Torres entreg\u00f3 equipamiento a personal de la APSV para fortalecer el trabajo preventivo en toda la provincia"}]},{"@type":"WebSite","@id":"https:\/\/fmpatagoniamadryn.com.ar\/#website","url":"https:\/\/fmpatagoniamadryn.com.ar\/","name":"FM Patagonia Madryn","description":"Radio Patagonia 105.5","publisher":{"@id":"https:\/\/fmpatagoniamadryn.com.ar\/#organization"},"potentialAction":[{"@type":"SearchAction","target":{"@type":"EntryPoint","urlTemplate":"https:\/\/fmpatagoniamadryn.com.ar\/?s={search_term_string}"},"query-input":{"@type":"PropertyValueSpecification","valueRequired":true,"valueName":"search_term_string"}}],"inLanguage":"es"},{"@type":"Organization","@id":"https:\/\/fmpatagoniamadryn.com.ar\/#organization","name":"FM Patagonia Madryn","url":"https:\/\/fmpatagoniamadryn.com.ar\/","logo":{"@type":"ImageObject","inLanguage":"es","@id":"https:\/\/fmpatagoniamadryn.com.ar\/#\/schema\/logo\/image\/","url":"https:\/\/fmpatagoniamadryn.com.ar\/wp-content\/uploads\/2023\/01\/cropped-Diseno-sin-titulo.png","contentUrl":"https:\/\/fmpatagoniamadryn.com.ar\/wp-content\/uploads\/2023\/01\/cropped-Diseno-sin-titulo.png","width":6911,"height":2657,"caption":"FM Patagonia Madryn"},"image":{"@id":"https:\/\/fmpatagoniamadryn.com.ar\/#\/schema\/logo\/image\/"}},{"@type":"Person","@id":"https:\/\/fmpatagoniamadryn.com.ar\/#\/schema\/person\/8a3de4ad7efceacab06c1641c50303b7","name":"FM Patagonia","url":"https:\/\/fmpatagoniamadryn.com.ar\/?author=2"}]}},"jetpack_featured_media_url":"https:\/\/fmpatagoniamadryn.com.ar\/wp-content\/uploads\/2025\/08\/bff99464-af1a-4cde-b0c3-ad117fe2778b.jpg","_links":{"self":[{"href":"https:\/\/fmpatagoniamadryn.com.ar\/index.php?rest_route=\/wp\/v2\/posts\/17481","targetHints":{"allow":["GET"]}}],"collection":[{"href":"https:\/\/fmpatagoniamadryn.com.ar\/index.php?rest_route=\/wp\/v2\/posts"}],"about":[{"href":"https:\/\/fmpatagoniamadryn.com.ar\/index.php?rest_route=\/wp\/v2\/types\/post"}],"author":[{"embeddable":true,"href":"https:\/\/fmpatagoniamadryn.com.ar\/index.php?rest_route=\/wp\/v2\/users\/2"}],"replies":[{"embeddable":true,"href":"https:\/\/fmpatagoniamadryn.com.ar\/index.php?rest_route=%2Fwp%2Fv2%2Fcomments&post=17481"}],"version-history":[{"count":1,"href":"https:\/\/fmpatagoniamadryn.com.ar\/index.php?rest_route=\/wp\/v2\/posts\/17481\/revisions"}],"predecessor-version":[{"id":17482,"href":"https:\/\/fmpatagoniamadryn.com.ar\/index.php?rest_route=\/wp\/v2\/posts\/17481\/revisions\/17482"}],"wp:featuredmedia":[{"embeddable":true,"href":"https:\/\/fmpatagoniamadryn.com.ar\/index.php?rest_route=\/wp\/v2\/media\/17480"}],"wp:attachment":[{"href":"https:\/\/fmpatagoniamadryn.com.ar\/index.php?rest_route=%2Fwp%2Fv2%2Fmedia&parent=17481"}],"wp:term":[{"taxonomy":"category","embeddable":true,"href":"https:\/\/fmpatagoniamadryn.com.ar\/index.php?rest_route=%2Fwp%2Fv2%2Fcategories&post=17481"},{"taxonomy":"post_tag","embeddable":true,"href":"https:\/\/fmpatagoniamadryn.com.ar\/index.php?rest_route=%2Fwp%2Fv2%2Ftags&post=17481"}],"curies":[{"name":"wp","href":"https:\/\/api.w.org\/{rel}","templated":true}]}}