{"id":17487,"date":"2025-08-09T17:36:44","date_gmt":"2025-08-09T20:36:44","guid":{"rendered":"https:\/\/fmpatagoniamadryn.com.ar\/?p=17487"},"modified":"2025-08-09T17:36:44","modified_gmt":"2025-08-09T20:36:44","slug":"con-el-acompanamiento-de-provincia-se-realizo-el-encuentro-patagonico-guitarristas-del-sur","status":"publish","type":"post","link":"https:\/\/fmpatagoniamadryn.com.ar\/?p=17487","title":{"rendered":"Con el acompa\u00f1amiento de Provincia, se realiz\u00f3 el Encuentro Patag\u00f3nico \u201cGuitarristas del Sur\u201d"},"content":{"rendered":"\n<p><\/p>\n\n\n\n<p><em>La ciudad de Trelew fue sede de una jornada que combin\u00f3 capacitaci\u00f3n gratuita y conciertos en vivo con artistas de Chubut, Santa Cruz y R\u00edo Negro. La propuesta busc\u00f3 fortalecer la circulaci\u00f3n cultural patag\u00f3nica.<\/em><\/p>\n\n\n\n<p>A trav\u00e9s de la Subsecretar\u00eda de Cultura, el Gobierno del Chubut que conduce Ignacio \u201cNacho\u201d Torres, acompa\u00f1\u00f3 la realizaci\u00f3n del Encuentro Patag\u00f3nico de formaci\u00f3n y m\u00fasica en vivo \u201cGuitarristas del Sur\u201d, que tuvo lugar este viernes 8 de agosto en la ciudad de Trelew. La actividad incluy\u00f3 una instancia de capacitaci\u00f3n abierta a todo el p\u00fablico y un concierto con destacados artistas de Chubut, Santa Cruz y R\u00edo Negro.<\/p>\n\n\n\n<p>La propuesta, de car\u00e1cter formativo y art\u00edstico, celebr\u00f3 la identidad sonora del sur argentino, impulsando la circulaci\u00f3n cultural entre provincias y posicionando a Trelew como un espacio clave para el desarrollo de propuestas musicales federales. La iniciativa fue organizada por la Coordinaci\u00f3n de Cultura de la Municipalidad de Trelew, con producci\u00f3n de Francisco Toninello, y el acompa\u00f1amiento del Ente Cultural Patagonia y el Gobierno del Chubut, que garantizaron su acceso libre y gratuito.<\/p>\n\n\n\n<p>El encuentro fue concebido con esp\u00edritu itinerante, con la intenci\u00f3n de replicarse en otras localidades de la regi\u00f3n en futuras ediciones.<\/p>\n\n\n\n<p>La jornada comenz\u00f3 a las 18:30 en el Centro de Promoci\u00f3n Social, donde se llev\u00f3 a cabo un Taller de Guitarra dictado por los reconocidos guitarristas Juan Ignacio Barrena y Luciano Palacios. La capacitaci\u00f3n estuvo destinada a m\u00fasicos de todos los niveles y cont\u00f3 con la participaci\u00f3n de m\u00e1s de 30 guitarristas y aficionados.<\/p>\n\n\n\n<p>M\u00e1s tarde, a partir de las 21:00, con un gran marco de p\u00fablico en el Auditorio del Instituto Superior de Formaci\u00f3n Docente Art\u00edstica N\u00b0 805 se disfrut\u00f3 del Concierto en vivo que reuni\u00f3 a talentosos guitarristas de la regi\u00f3n. Participaron como artistas invitados Juan Ignacio Barrena y Mariela Ram\u00edrez P\u00e9rez de Trelew, Enrique Payllalef y Luciano Palacios de Puerto Madryn, Mart\u00edn Contreras de R\u00edo Gallegos (Santa Cruz) y Juan Curay\u00e1n de Valcheta (R\u00edo Negro), en un repertorio que atraves\u00f3 diversos g\u00e9neros musicales.<\/p>\n\n\n\n<p>Durante la velada se interpretaron obras de Juan Fal\u00fa, Antonio Lauro, Leo Brouwer, Jorge Fofusa y Astor Piazzolla, entre otros referentes nacionales e internacionales, con arreglos propios y una selecci\u00f3n que abarc\u00f3 desde el tango y la m\u00fasica cl\u00e1sica hasta el folklore, el jazz y la m\u00fasica latinoamericana.<\/p>\n\n\n\n<p>El Ente Cultural Patagonia, que hoy cuenta con la vicepresidencia a cargo de Chubut, tambi\u00e9n fue parte activa de esta experiencia, fortaleciendo el car\u00e1cter regional del encuentro y aportando a la consolidaci\u00f3n de una identidad cultural com\u00fan en el sur del pa\u00eds. El trabajo articulado entre provincias contin\u00faa reafirmando una visi\u00f3n compartida, basada en la diversidad, la integraci\u00f3n y la proyecci\u00f3n federal del arte patag\u00f3nico.<\/p>\n","protected":false},"excerpt":{"rendered":"<p>La ciudad de Trelew fue sede de una jornada que combin\u00f3 capacitaci\u00f3n gratuita y conciertos en vivo con artistas de Chubut, Santa Cruz y R\u00edo Negro. La propuesta busc\u00f3 fortalecer&hellip; <\/p>\n","protected":false},"author":2,"featured_media":17486,"comment_status":"closed","ping_status":"closed","sticky":false,"template":"","format":"standard","meta":{"footnotes":""},"categories":[15],"tags":[],"class_list":["post-17487","post","type-post","status-publish","format-standard","has-post-thumbnail","hentry","category-locales"],"yoast_head":"<!-- This site is optimized with the Yoast SEO plugin v27.4 - https:\/\/yoast.com\/product\/yoast-seo-wordpress\/ -->\n<title>Con el acompa\u00f1amiento de Provincia, se realiz\u00f3 el Encuentro Patag\u00f3nico \u201cGuitarristas del Sur\u201d - FM Patagonia Madryn<\/title>\n<meta name=\"robots\" content=\"index, follow, max-snippet:-1, max-image-preview:large, max-video-preview:-1\" \/>\n<link rel=\"canonical\" href=\"https:\/\/fmpatagoniamadryn.com.ar\/?p=17487\" \/>\n<meta property=\"og:locale\" content=\"es_ES\" \/>\n<meta property=\"og:type\" content=\"article\" \/>\n<meta property=\"og:title\" content=\"Con el acompa\u00f1amiento de Provincia, se realiz\u00f3 el Encuentro Patag\u00f3nico \u201cGuitarristas del Sur\u201d - FM Patagonia Madryn\" \/>\n<meta property=\"og:description\" content=\"La ciudad de Trelew fue sede de una jornada que combin\u00f3 capacitaci\u00f3n gratuita y conciertos en vivo con artistas de Chubut, Santa Cruz y R\u00edo Negro. La propuesta busc\u00f3 fortalecer&hellip;\" \/>\n<meta property=\"og:url\" content=\"https:\/\/fmpatagoniamadryn.com.ar\/?p=17487\" \/>\n<meta property=\"og:site_name\" content=\"FM Patagonia Madryn\" \/>\n<meta property=\"article:published_time\" content=\"2025-08-09T20:36:44+00:00\" \/>\n<meta property=\"og:image\" content=\"https:\/\/fmpatagoniamadryn.com.ar\/wp-content\/uploads\/2025\/08\/fd5c112c-379c-4722-887a-ef2740db934f.jpg\" \/>\n\t<meta property=\"og:image:width\" content=\"1280\" \/>\n\t<meta property=\"og:image:height\" content=\"854\" \/>\n\t<meta property=\"og:image:type\" content=\"image\/jpeg\" \/>\n<meta name=\"author\" content=\"FM Patagonia\" \/>\n<meta name=\"twitter:card\" content=\"summary_large_image\" \/>\n<meta name=\"twitter:label1\" content=\"Escrito por\" \/>\n\t<meta name=\"twitter:data1\" content=\"FM Patagonia\" \/>\n\t<meta name=\"twitter:label2\" content=\"Tiempo de lectura\" \/>\n\t<meta name=\"twitter:data2\" content=\"2 minutos\" \/>\n<script type=\"application\/ld+json\" class=\"yoast-schema-graph\">{\"@context\":\"https:\\\/\\\/schema.org\",\"@graph\":[{\"@type\":\"Article\",\"@id\":\"https:\\\/\\\/fmpatagoniamadryn.com.ar\\\/?p=17487#article\",\"isPartOf\":{\"@id\":\"https:\\\/\\\/fmpatagoniamadryn.com.ar\\\/?p=17487\"},\"author\":{\"name\":\"FM Patagonia\",\"@id\":\"https:\\\/\\\/fmpatagoniamadryn.com.ar\\\/#\\\/schema\\\/person\\\/8a3de4ad7efceacab06c1641c50303b7\"},\"headline\":\"Con el acompa\u00f1amiento de Provincia, se realiz\u00f3 el Encuentro Patag\u00f3nico \u201cGuitarristas del Sur\u201d\",\"datePublished\":\"2025-08-09T20:36:44+00:00\",\"mainEntityOfPage\":{\"@id\":\"https:\\\/\\\/fmpatagoniamadryn.com.ar\\\/?p=17487\"},\"wordCount\":509,\"publisher\":{\"@id\":\"https:\\\/\\\/fmpatagoniamadryn.com.ar\\\/#organization\"},\"image\":{\"@id\":\"https:\\\/\\\/fmpatagoniamadryn.com.ar\\\/?p=17487#primaryimage\"},\"thumbnailUrl\":\"https:\\\/\\\/fmpatagoniamadryn.com.ar\\\/wp-content\\\/uploads\\\/2025\\\/08\\\/fd5c112c-379c-4722-887a-ef2740db934f.jpg\",\"articleSection\":[\"Locales\"],\"inLanguage\":\"es\"},{\"@type\":\"WebPage\",\"@id\":\"https:\\\/\\\/fmpatagoniamadryn.com.ar\\\/?p=17487\",\"url\":\"https:\\\/\\\/fmpatagoniamadryn.com.ar\\\/?p=17487\",\"name\":\"Con el acompa\u00f1amiento de Provincia, se realiz\u00f3 el Encuentro Patag\u00f3nico \u201cGuitarristas del Sur\u201d - FM Patagonia Madryn\",\"isPartOf\":{\"@id\":\"https:\\\/\\\/fmpatagoniamadryn.com.ar\\\/#website\"},\"primaryImageOfPage\":{\"@id\":\"https:\\\/\\\/fmpatagoniamadryn.com.ar\\\/?p=17487#primaryimage\"},\"image\":{\"@id\":\"https:\\\/\\\/fmpatagoniamadryn.com.ar\\\/?p=17487#primaryimage\"},\"thumbnailUrl\":\"https:\\\/\\\/fmpatagoniamadryn.com.ar\\\/wp-content\\\/uploads\\\/2025\\\/08\\\/fd5c112c-379c-4722-887a-ef2740db934f.jpg\",\"datePublished\":\"2025-08-09T20:36:44+00:00\",\"breadcrumb\":{\"@id\":\"https:\\\/\\\/fmpatagoniamadryn.com.ar\\\/?p=17487#breadcrumb\"},\"inLanguage\":\"es\",\"potentialAction\":[{\"@type\":\"ReadAction\",\"target\":[\"https:\\\/\\\/fmpatagoniamadryn.com.ar\\\/?p=17487\"]}]},{\"@type\":\"ImageObject\",\"inLanguage\":\"es\",\"@id\":\"https:\\\/\\\/fmpatagoniamadryn.com.ar\\\/?p=17487#primaryimage\",\"url\":\"https:\\\/\\\/fmpatagoniamadryn.com.ar\\\/wp-content\\\/uploads\\\/2025\\\/08\\\/fd5c112c-379c-4722-887a-ef2740db934f.jpg\",\"contentUrl\":\"https:\\\/\\\/fmpatagoniamadryn.com.ar\\\/wp-content\\\/uploads\\\/2025\\\/08\\\/fd5c112c-379c-4722-887a-ef2740db934f.jpg\",\"width\":1280,\"height\":854},{\"@type\":\"BreadcrumbList\",\"@id\":\"https:\\\/\\\/fmpatagoniamadryn.com.ar\\\/?p=17487#breadcrumb\",\"itemListElement\":[{\"@type\":\"ListItem\",\"position\":1,\"name\":\"Portada\",\"item\":\"https:\\\/\\\/fmpatagoniamadryn.com.ar\\\/\"},{\"@type\":\"ListItem\",\"position\":2,\"name\":\"Con el acompa\u00f1amiento de Provincia, se realiz\u00f3 el Encuentro Patag\u00f3nico \u201cGuitarristas del Sur\u201d\"}]},{\"@type\":\"WebSite\",\"@id\":\"https:\\\/\\\/fmpatagoniamadryn.com.ar\\\/#website\",\"url\":\"https:\\\/\\\/fmpatagoniamadryn.com.ar\\\/\",\"name\":\"FM Patagonia Madryn\",\"description\":\"Radio Patagonia 105.5\",\"publisher\":{\"@id\":\"https:\\\/\\\/fmpatagoniamadryn.com.ar\\\/#organization\"},\"potentialAction\":[{\"@type\":\"SearchAction\",\"target\":{\"@type\":\"EntryPoint\",\"urlTemplate\":\"https:\\\/\\\/fmpatagoniamadryn.com.ar\\\/?s={search_term_string}\"},\"query-input\":{\"@type\":\"PropertyValueSpecification\",\"valueRequired\":true,\"valueName\":\"search_term_string\"}}],\"inLanguage\":\"es\"},{\"@type\":\"Organization\",\"@id\":\"https:\\\/\\\/fmpatagoniamadryn.com.ar\\\/#organization\",\"name\":\"FM Patagonia Madryn\",\"url\":\"https:\\\/\\\/fmpatagoniamadryn.com.ar\\\/\",\"logo\":{\"@type\":\"ImageObject\",\"inLanguage\":\"es\",\"@id\":\"https:\\\/\\\/fmpatagoniamadryn.com.ar\\\/#\\\/schema\\\/logo\\\/image\\\/\",\"url\":\"https:\\\/\\\/fmpatagoniamadryn.com.ar\\\/wp-content\\\/uploads\\\/2023\\\/01\\\/cropped-Diseno-sin-titulo.png\",\"contentUrl\":\"https:\\\/\\\/fmpatagoniamadryn.com.ar\\\/wp-content\\\/uploads\\\/2023\\\/01\\\/cropped-Diseno-sin-titulo.png\",\"width\":6911,\"height\":2657,\"caption\":\"FM Patagonia Madryn\"},\"image\":{\"@id\":\"https:\\\/\\\/fmpatagoniamadryn.com.ar\\\/#\\\/schema\\\/logo\\\/image\\\/\"}},{\"@type\":\"Person\",\"@id\":\"https:\\\/\\\/fmpatagoniamadryn.com.ar\\\/#\\\/schema\\\/person\\\/8a3de4ad7efceacab06c1641c50303b7\",\"name\":\"FM Patagonia\",\"url\":\"https:\\\/\\\/fmpatagoniamadryn.com.ar\\\/?author=2\"}]}<\/script>\n<!-- \/ Yoast SEO plugin. -->","yoast_head_json":{"title":"Con el acompa\u00f1amiento de Provincia, se realiz\u00f3 el Encuentro Patag\u00f3nico \u201cGuitarristas del Sur\u201d - FM Patagonia Madryn","robots":{"index":"index","follow":"follow","max-snippet":"max-snippet:-1","max-image-preview":"max-image-preview:large","max-video-preview":"max-video-preview:-1"},"canonical":"https:\/\/fmpatagoniamadryn.com.ar\/?p=17487","og_locale":"es_ES","og_type":"article","og_title":"Con el acompa\u00f1amiento de Provincia, se realiz\u00f3 el Encuentro Patag\u00f3nico \u201cGuitarristas del Sur\u201d - FM Patagonia Madryn","og_description":"La ciudad de Trelew fue sede de una jornada que combin\u00f3 capacitaci\u00f3n gratuita y conciertos en vivo con artistas de Chubut, Santa Cruz y R\u00edo Negro. La propuesta busc\u00f3 fortalecer&hellip;","og_url":"https:\/\/fmpatagoniamadryn.com.ar\/?p=17487","og_site_name":"FM Patagonia Madryn","article_published_time":"2025-08-09T20:36:44+00:00","og_image":[{"width":1280,"height":854,"url":"https:\/\/fmpatagoniamadryn.com.ar\/wp-content\/uploads\/2025\/08\/fd5c112c-379c-4722-887a-ef2740db934f.jpg","type":"image\/jpeg"}],"author":"FM Patagonia","twitter_card":"summary_large_image","twitter_misc":{"Escrito por":"FM Patagonia","Tiempo de lectura":"2 minutos"},"schema":{"@context":"https:\/\/schema.org","@graph":[{"@type":"Article","@id":"https:\/\/fmpatagoniamadryn.com.ar\/?p=17487#article","isPartOf":{"@id":"https:\/\/fmpatagoniamadryn.com.ar\/?p=17487"},"author":{"name":"FM Patagonia","@id":"https:\/\/fmpatagoniamadryn.com.ar\/#\/schema\/person\/8a3de4ad7efceacab06c1641c50303b7"},"headline":"Con el acompa\u00f1amiento de Provincia, se realiz\u00f3 el Encuentro Patag\u00f3nico \u201cGuitarristas del Sur\u201d","datePublished":"2025-08-09T20:36:44+00:00","mainEntityOfPage":{"@id":"https:\/\/fmpatagoniamadryn.com.ar\/?p=17487"},"wordCount":509,"publisher":{"@id":"https:\/\/fmpatagoniamadryn.com.ar\/#organization"},"image":{"@id":"https:\/\/fmpatagoniamadryn.com.ar\/?p=17487#primaryimage"},"thumbnailUrl":"https:\/\/fmpatagoniamadryn.com.ar\/wp-content\/uploads\/2025\/08\/fd5c112c-379c-4722-887a-ef2740db934f.jpg","articleSection":["Locales"],"inLanguage":"es"},{"@type":"WebPage","@id":"https:\/\/fmpatagoniamadryn.com.ar\/?p=17487","url":"https:\/\/fmpatagoniamadryn.com.ar\/?p=17487","name":"Con el acompa\u00f1amiento de Provincia, se realiz\u00f3 el Encuentro Patag\u00f3nico \u201cGuitarristas del Sur\u201d - FM Patagonia Madryn","isPartOf":{"@id":"https:\/\/fmpatagoniamadryn.com.ar\/#website"},"primaryImageOfPage":{"@id":"https:\/\/fmpatagoniamadryn.com.ar\/?p=17487#primaryimage"},"image":{"@id":"https:\/\/fmpatagoniamadryn.com.ar\/?p=17487#primaryimage"},"thumbnailUrl":"https:\/\/fmpatagoniamadryn.com.ar\/wp-content\/uploads\/2025\/08\/fd5c112c-379c-4722-887a-ef2740db934f.jpg","datePublished":"2025-08-09T20:36:44+00:00","breadcrumb":{"@id":"https:\/\/fmpatagoniamadryn.com.ar\/?p=17487#breadcrumb"},"inLanguage":"es","potentialAction":[{"@type":"ReadAction","target":["https:\/\/fmpatagoniamadryn.com.ar\/?p=17487"]}]},{"@type":"ImageObject","inLanguage":"es","@id":"https:\/\/fmpatagoniamadryn.com.ar\/?p=17487#primaryimage","url":"https:\/\/fmpatagoniamadryn.com.ar\/wp-content\/uploads\/2025\/08\/fd5c112c-379c-4722-887a-ef2740db934f.jpg","contentUrl":"https:\/\/fmpatagoniamadryn.com.ar\/wp-content\/uploads\/2025\/08\/fd5c112c-379c-4722-887a-ef2740db934f.jpg","width":1280,"height":854},{"@type":"BreadcrumbList","@id":"https:\/\/fmpatagoniamadryn.com.ar\/?p=17487#breadcrumb","itemListElement":[{"@type":"ListItem","position":1,"name":"Portada","item":"https:\/\/fmpatagoniamadryn.com.ar\/"},{"@type":"ListItem","position":2,"name":"Con el acompa\u00f1amiento de Provincia, se realiz\u00f3 el Encuentro Patag\u00f3nico \u201cGuitarristas del Sur\u201d"}]},{"@type":"WebSite","@id":"https:\/\/fmpatagoniamadryn.com.ar\/#website","url":"https:\/\/fmpatagoniamadryn.com.ar\/","name":"FM Patagonia Madryn","description":"Radio Patagonia 105.5","publisher":{"@id":"https:\/\/fmpatagoniamadryn.com.ar\/#organization"},"potentialAction":[{"@type":"SearchAction","target":{"@type":"EntryPoint","urlTemplate":"https:\/\/fmpatagoniamadryn.com.ar\/?s={search_term_string}"},"query-input":{"@type":"PropertyValueSpecification","valueRequired":true,"valueName":"search_term_string"}}],"inLanguage":"es"},{"@type":"Organization","@id":"https:\/\/fmpatagoniamadryn.com.ar\/#organization","name":"FM Patagonia Madryn","url":"https:\/\/fmpatagoniamadryn.com.ar\/","logo":{"@type":"ImageObject","inLanguage":"es","@id":"https:\/\/fmpatagoniamadryn.com.ar\/#\/schema\/logo\/image\/","url":"https:\/\/fmpatagoniamadryn.com.ar\/wp-content\/uploads\/2023\/01\/cropped-Diseno-sin-titulo.png","contentUrl":"https:\/\/fmpatagoniamadryn.com.ar\/wp-content\/uploads\/2023\/01\/cropped-Diseno-sin-titulo.png","width":6911,"height":2657,"caption":"FM Patagonia Madryn"},"image":{"@id":"https:\/\/fmpatagoniamadryn.com.ar\/#\/schema\/logo\/image\/"}},{"@type":"Person","@id":"https:\/\/fmpatagoniamadryn.com.ar\/#\/schema\/person\/8a3de4ad7efceacab06c1641c50303b7","name":"FM Patagonia","url":"https:\/\/fmpatagoniamadryn.com.ar\/?author=2"}]}},"jetpack_featured_media_url":"https:\/\/fmpatagoniamadryn.com.ar\/wp-content\/uploads\/2025\/08\/fd5c112c-379c-4722-887a-ef2740db934f.jpg","_links":{"self":[{"href":"https:\/\/fmpatagoniamadryn.com.ar\/index.php?rest_route=\/wp\/v2\/posts\/17487","targetHints":{"allow":["GET"]}}],"collection":[{"href":"https:\/\/fmpatagoniamadryn.com.ar\/index.php?rest_route=\/wp\/v2\/posts"}],"about":[{"href":"https:\/\/fmpatagoniamadryn.com.ar\/index.php?rest_route=\/wp\/v2\/types\/post"}],"author":[{"embeddable":true,"href":"https:\/\/fmpatagoniamadryn.com.ar\/index.php?rest_route=\/wp\/v2\/users\/2"}],"replies":[{"embeddable":true,"href":"https:\/\/fmpatagoniamadryn.com.ar\/index.php?rest_route=%2Fwp%2Fv2%2Fcomments&post=17487"}],"version-history":[{"count":1,"href":"https:\/\/fmpatagoniamadryn.com.ar\/index.php?rest_route=\/wp\/v2\/posts\/17487\/revisions"}],"predecessor-version":[{"id":17488,"href":"https:\/\/fmpatagoniamadryn.com.ar\/index.php?rest_route=\/wp\/v2\/posts\/17487\/revisions\/17488"}],"wp:featuredmedia":[{"embeddable":true,"href":"https:\/\/fmpatagoniamadryn.com.ar\/index.php?rest_route=\/wp\/v2\/media\/17486"}],"wp:attachment":[{"href":"https:\/\/fmpatagoniamadryn.com.ar\/index.php?rest_route=%2Fwp%2Fv2%2Fmedia&parent=17487"}],"wp:term":[{"taxonomy":"category","embeddable":true,"href":"https:\/\/fmpatagoniamadryn.com.ar\/index.php?rest_route=%2Fwp%2Fv2%2Fcategories&post=17487"},{"taxonomy":"post_tag","embeddable":true,"href":"https:\/\/fmpatagoniamadryn.com.ar\/index.php?rest_route=%2Fwp%2Fv2%2Ftags&post=17487"}],"curies":[{"name":"wp","href":"https:\/\/api.w.org\/{rel}","templated":true}]}}