{"id":17493,"date":"2025-08-10T17:10:33","date_gmt":"2025-08-10T20:10:33","guid":{"rendered":"https:\/\/fmpatagoniamadryn.com.ar\/?p=17493"},"modified":"2025-08-10T17:10:33","modified_gmt":"2025-08-10T20:10:33","slug":"agosto-llego-una-agenda-imperdible-en-el-teatro-del-muelle","status":"publish","type":"post","link":"https:\/\/fmpatagoniamadryn.com.ar\/?p=17493","title":{"rendered":"AGOSTO LLEG\u00d3 UNA AGENDA IMPERDIBLE EN EL TEATRO DEL MUELLE"},"content":{"rendered":"\n<p class=\"MsoNormal\"><\/p>\n\n\n\n<p class=\"MsoNormal\"><em>Durante todo el mes, la sala de Av. Rawson 60 ser\u00e1 escenario de espect\u00e1culos nacionales e internacionales, talleres y propuestas para todas las edades<\/em><\/p>\n\n\n\n<p class=\"MsoNormal\">La Subsecretar\u00eda de Cultura de la Municipalidad de Puerto Madryn invita a disfrutar de una variada programaci\u00f3n durante agosto en el Teatro del Muelle. Las actividades comenzar\u00e1n con funciones del X Festival Internacional \u201cLa Patagonia al Teatro\u201d y se extender\u00e1n con espect\u00e1culos de m\u00fasica, danza, teatro, humor y propuestas formativas.<\/p>\n\n\n\n<p class=\"MsoNormal\">La agenda incluye obras internacionales como \u201cYo, Judit, Juditha\u201d de la compa\u00f1\u00eda La Sibila (Espa\u00f1a), que se presentar\u00e1 el s\u00e1bado 9 a las 21 horas, dirigida a mayores de 14 a\u00f1os. Al d\u00eda siguiente, el domingo 10 a las 17 horas, ser\u00e1 el turno de \u201cUn trozo de pan\u201d, un espect\u00e1culo sensorial para las infancias a cargo de Les Pinyes.<\/p>\n\n\n\n<p class=\"MsoNormal\">Por otra parte, del 15 al 17 de agosto, el reconocido artista Marcelo Katz brindar\u00e1 el taller intensivo \u201cEl cuerpo es la clave\u201d, con cupos limitados y entrega de certificados. Adem\u00e1s, el s\u00e1bado 16 a las 21 horas presentar\u00e1 su espect\u00e1culo \u201cGaspet\u201d, una propuesta de clown, m\u00e1scaras y humor para todo p\u00fablico.<\/p>\n\n\n\n<p class=\"MsoNormal\"><strong>PROPUESTAS PARA TODOS LOS GUSTOS<\/strong><\/p>\n\n\n\n<p class=\"MsoNormal\">El s\u00e1bado 23 a las 21 horas, el Ballet Agitando Pa\u00f1uelos celebrar\u00e1 sus 29 a\u00f1os con el show \u201cHasta la ra\u00edz\u201d, acompa\u00f1ado por el grupo Los Fogoneros y m\u00e1s de 90 bailarines en escena. Las entradas anticipadas tendr\u00e1n un valor &nbsp;$8.000 y en puerta a $10.000.<\/p>\n\n\n\n<p class=\"MsoNormal\">Las propuestas para las infancias continuar\u00e1n el domingo 24 a las 17 horas con el espect\u00e1culo de danza del estudio Star Studio &amp; Gym, dirigido por la profesora Tania Calvo. La entrada general tendr\u00e1 un costo de $5.000.<\/p>\n\n\n\n<p class=\"MsoNormal\">El s\u00e1bado 30 habr\u00e1 dos funciones. Por un lado, a las 18 horas, el taller de canto de Sandra Jaider presentar\u00e1 la comedia musical \u201cHab\u00eda una vez\u2026\u201d con la presencia en escena de j\u00f3venes talentos locales. Las entradas tienen un costo de&nbsp; $8.000 y pueden reservarse al 2804199177.&nbsp;<\/p>\n\n\n\n<p class=\"MsoNormal\">A las 20 horas, llegar\u00e1 \u201cRojo Carmes\u00ed\u201d, una impactante propuesta musical y visual que aborda el femicidio, con canciones y una exposici\u00f3n de arte a cargo de Nancy Micheltorena.<\/p>\n\n\n\n<p class=\"MsoNormal\">Finalmente, el mes cerrar\u00e1 el domingo 31 a las 20.30 horas con \u201cHabitar el l\u00edmite\u201d, una obra del taller de direcci\u00f3n de Lorena Castro, que contar\u00e1 con la participaci\u00f3n del m\u00fasico El\u00edas Jofr\u00e9. La entrada tendr\u00e1 un valor de $6.000<\/p>\n","protected":false},"excerpt":{"rendered":"<p>Durante todo el mes, la sala de Av. Rawson 60 ser\u00e1 escenario de espect\u00e1culos nacionales e internacionales, talleres y propuestas para todas las edades La Subsecretar\u00eda de Cultura de la&hellip; <\/p>\n","protected":false},"author":2,"featured_media":17492,"comment_status":"closed","ping_status":"closed","sticky":false,"template":"","format":"standard","meta":{"footnotes":""},"categories":[15],"tags":[],"class_list":["post-17493","post","type-post","status-publish","format-standard","has-post-thumbnail","hentry","category-locales"],"yoast_head":"<!-- This site is optimized with the Yoast SEO plugin v27.4 - https:\/\/yoast.com\/product\/yoast-seo-wordpress\/ -->\n<title>AGOSTO LLEG\u00d3 UNA AGENDA IMPERDIBLE EN EL TEATRO DEL MUELLE - FM Patagonia Madryn<\/title>\n<meta name=\"robots\" content=\"index, follow, max-snippet:-1, max-image-preview:large, max-video-preview:-1\" \/>\n<link rel=\"canonical\" href=\"https:\/\/fmpatagoniamadryn.com.ar\/?p=17493\" \/>\n<meta property=\"og:locale\" content=\"es_ES\" \/>\n<meta property=\"og:type\" content=\"article\" \/>\n<meta property=\"og:title\" content=\"AGOSTO LLEG\u00d3 UNA AGENDA IMPERDIBLE EN EL TEATRO DEL MUELLE - FM Patagonia Madryn\" \/>\n<meta property=\"og:description\" content=\"Durante todo el mes, la sala de Av. Rawson 60 ser\u00e1 escenario de espect\u00e1culos nacionales e internacionales, talleres y propuestas para todas las edades La Subsecretar\u00eda de Cultura de la&hellip;\" \/>\n<meta property=\"og:url\" content=\"https:\/\/fmpatagoniamadryn.com.ar\/?p=17493\" \/>\n<meta property=\"og:site_name\" content=\"FM Patagonia Madryn\" \/>\n<meta property=\"article:published_time\" content=\"2025-08-10T20:10:33+00:00\" \/>\n<meta property=\"og:image\" content=\"https:\/\/fmpatagoniamadryn.com.ar\/wp-content\/uploads\/2025\/08\/img_1589-1.jpg\" \/>\n\t<meta property=\"og:image:width\" content=\"1280\" \/>\n\t<meta property=\"og:image:height\" content=\"882\" \/>\n\t<meta property=\"og:image:type\" content=\"image\/jpeg\" \/>\n<meta name=\"author\" content=\"FM Patagonia\" \/>\n<meta name=\"twitter:card\" content=\"summary_large_image\" \/>\n<meta name=\"twitter:label1\" content=\"Escrito por\" \/>\n\t<meta name=\"twitter:data1\" content=\"FM Patagonia\" \/>\n\t<meta name=\"twitter:label2\" content=\"Tiempo de lectura\" \/>\n\t<meta name=\"twitter:data2\" content=\"2 minutos\" \/>\n<script type=\"application\/ld+json\" class=\"yoast-schema-graph\">{\"@context\":\"https:\\\/\\\/schema.org\",\"@graph\":[{\"@type\":\"Article\",\"@id\":\"https:\\\/\\\/fmpatagoniamadryn.com.ar\\\/?p=17493#article\",\"isPartOf\":{\"@id\":\"https:\\\/\\\/fmpatagoniamadryn.com.ar\\\/?p=17493\"},\"author\":{\"name\":\"FM Patagonia\",\"@id\":\"https:\\\/\\\/fmpatagoniamadryn.com.ar\\\/#\\\/schema\\\/person\\\/8a3de4ad7efceacab06c1641c50303b7\"},\"headline\":\"AGOSTO LLEG\u00d3 UNA AGENDA IMPERDIBLE EN EL TEATRO DEL MUELLE\",\"datePublished\":\"2025-08-10T20:10:33+00:00\",\"mainEntityOfPage\":{\"@id\":\"https:\\\/\\\/fmpatagoniamadryn.com.ar\\\/?p=17493\"},\"wordCount\":414,\"publisher\":{\"@id\":\"https:\\\/\\\/fmpatagoniamadryn.com.ar\\\/#organization\"},\"image\":{\"@id\":\"https:\\\/\\\/fmpatagoniamadryn.com.ar\\\/?p=17493#primaryimage\"},\"thumbnailUrl\":\"https:\\\/\\\/fmpatagoniamadryn.com.ar\\\/wp-content\\\/uploads\\\/2025\\\/08\\\/img_1589-1.jpg\",\"articleSection\":[\"Locales\"],\"inLanguage\":\"es\"},{\"@type\":\"WebPage\",\"@id\":\"https:\\\/\\\/fmpatagoniamadryn.com.ar\\\/?p=17493\",\"url\":\"https:\\\/\\\/fmpatagoniamadryn.com.ar\\\/?p=17493\",\"name\":\"AGOSTO LLEG\u00d3 UNA AGENDA IMPERDIBLE EN EL TEATRO DEL MUELLE - FM Patagonia Madryn\",\"isPartOf\":{\"@id\":\"https:\\\/\\\/fmpatagoniamadryn.com.ar\\\/#website\"},\"primaryImageOfPage\":{\"@id\":\"https:\\\/\\\/fmpatagoniamadryn.com.ar\\\/?p=17493#primaryimage\"},\"image\":{\"@id\":\"https:\\\/\\\/fmpatagoniamadryn.com.ar\\\/?p=17493#primaryimage\"},\"thumbnailUrl\":\"https:\\\/\\\/fmpatagoniamadryn.com.ar\\\/wp-content\\\/uploads\\\/2025\\\/08\\\/img_1589-1.jpg\",\"datePublished\":\"2025-08-10T20:10:33+00:00\",\"breadcrumb\":{\"@id\":\"https:\\\/\\\/fmpatagoniamadryn.com.ar\\\/?p=17493#breadcrumb\"},\"inLanguage\":\"es\",\"potentialAction\":[{\"@type\":\"ReadAction\",\"target\":[\"https:\\\/\\\/fmpatagoniamadryn.com.ar\\\/?p=17493\"]}]},{\"@type\":\"ImageObject\",\"inLanguage\":\"es\",\"@id\":\"https:\\\/\\\/fmpatagoniamadryn.com.ar\\\/?p=17493#primaryimage\",\"url\":\"https:\\\/\\\/fmpatagoniamadryn.com.ar\\\/wp-content\\\/uploads\\\/2025\\\/08\\\/img_1589-1.jpg\",\"contentUrl\":\"https:\\\/\\\/fmpatagoniamadryn.com.ar\\\/wp-content\\\/uploads\\\/2025\\\/08\\\/img_1589-1.jpg\",\"width\":1280,\"height\":882},{\"@type\":\"BreadcrumbList\",\"@id\":\"https:\\\/\\\/fmpatagoniamadryn.com.ar\\\/?p=17493#breadcrumb\",\"itemListElement\":[{\"@type\":\"ListItem\",\"position\":1,\"name\":\"Portada\",\"item\":\"https:\\\/\\\/fmpatagoniamadryn.com.ar\\\/\"},{\"@type\":\"ListItem\",\"position\":2,\"name\":\"AGOSTO LLEG\u00d3 UNA AGENDA IMPERDIBLE EN EL TEATRO DEL MUELLE\"}]},{\"@type\":\"WebSite\",\"@id\":\"https:\\\/\\\/fmpatagoniamadryn.com.ar\\\/#website\",\"url\":\"https:\\\/\\\/fmpatagoniamadryn.com.ar\\\/\",\"name\":\"FM Patagonia Madryn\",\"description\":\"Radio Patagonia 105.5\",\"publisher\":{\"@id\":\"https:\\\/\\\/fmpatagoniamadryn.com.ar\\\/#organization\"},\"potentialAction\":[{\"@type\":\"SearchAction\",\"target\":{\"@type\":\"EntryPoint\",\"urlTemplate\":\"https:\\\/\\\/fmpatagoniamadryn.com.ar\\\/?s={search_term_string}\"},\"query-input\":{\"@type\":\"PropertyValueSpecification\",\"valueRequired\":true,\"valueName\":\"search_term_string\"}}],\"inLanguage\":\"es\"},{\"@type\":\"Organization\",\"@id\":\"https:\\\/\\\/fmpatagoniamadryn.com.ar\\\/#organization\",\"name\":\"FM Patagonia Madryn\",\"url\":\"https:\\\/\\\/fmpatagoniamadryn.com.ar\\\/\",\"logo\":{\"@type\":\"ImageObject\",\"inLanguage\":\"es\",\"@id\":\"https:\\\/\\\/fmpatagoniamadryn.com.ar\\\/#\\\/schema\\\/logo\\\/image\\\/\",\"url\":\"https:\\\/\\\/fmpatagoniamadryn.com.ar\\\/wp-content\\\/uploads\\\/2023\\\/01\\\/cropped-Diseno-sin-titulo.png\",\"contentUrl\":\"https:\\\/\\\/fmpatagoniamadryn.com.ar\\\/wp-content\\\/uploads\\\/2023\\\/01\\\/cropped-Diseno-sin-titulo.png\",\"width\":6911,\"height\":2657,\"caption\":\"FM Patagonia Madryn\"},\"image\":{\"@id\":\"https:\\\/\\\/fmpatagoniamadryn.com.ar\\\/#\\\/schema\\\/logo\\\/image\\\/\"}},{\"@type\":\"Person\",\"@id\":\"https:\\\/\\\/fmpatagoniamadryn.com.ar\\\/#\\\/schema\\\/person\\\/8a3de4ad7efceacab06c1641c50303b7\",\"name\":\"FM Patagonia\",\"url\":\"https:\\\/\\\/fmpatagoniamadryn.com.ar\\\/?author=2\"}]}<\/script>\n<!-- \/ Yoast SEO plugin. -->","yoast_head_json":{"title":"AGOSTO LLEG\u00d3 UNA AGENDA IMPERDIBLE EN EL TEATRO DEL MUELLE - FM Patagonia Madryn","robots":{"index":"index","follow":"follow","max-snippet":"max-snippet:-1","max-image-preview":"max-image-preview:large","max-video-preview":"max-video-preview:-1"},"canonical":"https:\/\/fmpatagoniamadryn.com.ar\/?p=17493","og_locale":"es_ES","og_type":"article","og_title":"AGOSTO LLEG\u00d3 UNA AGENDA IMPERDIBLE EN EL TEATRO DEL MUELLE - FM Patagonia Madryn","og_description":"Durante todo el mes, la sala de Av. Rawson 60 ser\u00e1 escenario de espect\u00e1culos nacionales e internacionales, talleres y propuestas para todas las edades La Subsecretar\u00eda de Cultura de la&hellip;","og_url":"https:\/\/fmpatagoniamadryn.com.ar\/?p=17493","og_site_name":"FM Patagonia Madryn","article_published_time":"2025-08-10T20:10:33+00:00","og_image":[{"width":1280,"height":882,"url":"https:\/\/fmpatagoniamadryn.com.ar\/wp-content\/uploads\/2025\/08\/img_1589-1.jpg","type":"image\/jpeg"}],"author":"FM Patagonia","twitter_card":"summary_large_image","twitter_misc":{"Escrito por":"FM Patagonia","Tiempo de lectura":"2 minutos"},"schema":{"@context":"https:\/\/schema.org","@graph":[{"@type":"Article","@id":"https:\/\/fmpatagoniamadryn.com.ar\/?p=17493#article","isPartOf":{"@id":"https:\/\/fmpatagoniamadryn.com.ar\/?p=17493"},"author":{"name":"FM Patagonia","@id":"https:\/\/fmpatagoniamadryn.com.ar\/#\/schema\/person\/8a3de4ad7efceacab06c1641c50303b7"},"headline":"AGOSTO LLEG\u00d3 UNA AGENDA IMPERDIBLE EN EL TEATRO DEL MUELLE","datePublished":"2025-08-10T20:10:33+00:00","mainEntityOfPage":{"@id":"https:\/\/fmpatagoniamadryn.com.ar\/?p=17493"},"wordCount":414,"publisher":{"@id":"https:\/\/fmpatagoniamadryn.com.ar\/#organization"},"image":{"@id":"https:\/\/fmpatagoniamadryn.com.ar\/?p=17493#primaryimage"},"thumbnailUrl":"https:\/\/fmpatagoniamadryn.com.ar\/wp-content\/uploads\/2025\/08\/img_1589-1.jpg","articleSection":["Locales"],"inLanguage":"es"},{"@type":"WebPage","@id":"https:\/\/fmpatagoniamadryn.com.ar\/?p=17493","url":"https:\/\/fmpatagoniamadryn.com.ar\/?p=17493","name":"AGOSTO LLEG\u00d3 UNA AGENDA IMPERDIBLE EN EL TEATRO DEL MUELLE - FM Patagonia Madryn","isPartOf":{"@id":"https:\/\/fmpatagoniamadryn.com.ar\/#website"},"primaryImageOfPage":{"@id":"https:\/\/fmpatagoniamadryn.com.ar\/?p=17493#primaryimage"},"image":{"@id":"https:\/\/fmpatagoniamadryn.com.ar\/?p=17493#primaryimage"},"thumbnailUrl":"https:\/\/fmpatagoniamadryn.com.ar\/wp-content\/uploads\/2025\/08\/img_1589-1.jpg","datePublished":"2025-08-10T20:10:33+00:00","breadcrumb":{"@id":"https:\/\/fmpatagoniamadryn.com.ar\/?p=17493#breadcrumb"},"inLanguage":"es","potentialAction":[{"@type":"ReadAction","target":["https:\/\/fmpatagoniamadryn.com.ar\/?p=17493"]}]},{"@type":"ImageObject","inLanguage":"es","@id":"https:\/\/fmpatagoniamadryn.com.ar\/?p=17493#primaryimage","url":"https:\/\/fmpatagoniamadryn.com.ar\/wp-content\/uploads\/2025\/08\/img_1589-1.jpg","contentUrl":"https:\/\/fmpatagoniamadryn.com.ar\/wp-content\/uploads\/2025\/08\/img_1589-1.jpg","width":1280,"height":882},{"@type":"BreadcrumbList","@id":"https:\/\/fmpatagoniamadryn.com.ar\/?p=17493#breadcrumb","itemListElement":[{"@type":"ListItem","position":1,"name":"Portada","item":"https:\/\/fmpatagoniamadryn.com.ar\/"},{"@type":"ListItem","position":2,"name":"AGOSTO LLEG\u00d3 UNA AGENDA IMPERDIBLE EN EL TEATRO DEL MUELLE"}]},{"@type":"WebSite","@id":"https:\/\/fmpatagoniamadryn.com.ar\/#website","url":"https:\/\/fmpatagoniamadryn.com.ar\/","name":"FM Patagonia Madryn","description":"Radio Patagonia 105.5","publisher":{"@id":"https:\/\/fmpatagoniamadryn.com.ar\/#organization"},"potentialAction":[{"@type":"SearchAction","target":{"@type":"EntryPoint","urlTemplate":"https:\/\/fmpatagoniamadryn.com.ar\/?s={search_term_string}"},"query-input":{"@type":"PropertyValueSpecification","valueRequired":true,"valueName":"search_term_string"}}],"inLanguage":"es"},{"@type":"Organization","@id":"https:\/\/fmpatagoniamadryn.com.ar\/#organization","name":"FM Patagonia Madryn","url":"https:\/\/fmpatagoniamadryn.com.ar\/","logo":{"@type":"ImageObject","inLanguage":"es","@id":"https:\/\/fmpatagoniamadryn.com.ar\/#\/schema\/logo\/image\/","url":"https:\/\/fmpatagoniamadryn.com.ar\/wp-content\/uploads\/2023\/01\/cropped-Diseno-sin-titulo.png","contentUrl":"https:\/\/fmpatagoniamadryn.com.ar\/wp-content\/uploads\/2023\/01\/cropped-Diseno-sin-titulo.png","width":6911,"height":2657,"caption":"FM Patagonia Madryn"},"image":{"@id":"https:\/\/fmpatagoniamadryn.com.ar\/#\/schema\/logo\/image\/"}},{"@type":"Person","@id":"https:\/\/fmpatagoniamadryn.com.ar\/#\/schema\/person\/8a3de4ad7efceacab06c1641c50303b7","name":"FM Patagonia","url":"https:\/\/fmpatagoniamadryn.com.ar\/?author=2"}]}},"jetpack_featured_media_url":"https:\/\/fmpatagoniamadryn.com.ar\/wp-content\/uploads\/2025\/08\/img_1589-1.jpg","_links":{"self":[{"href":"https:\/\/fmpatagoniamadryn.com.ar\/index.php?rest_route=\/wp\/v2\/posts\/17493","targetHints":{"allow":["GET"]}}],"collection":[{"href":"https:\/\/fmpatagoniamadryn.com.ar\/index.php?rest_route=\/wp\/v2\/posts"}],"about":[{"href":"https:\/\/fmpatagoniamadryn.com.ar\/index.php?rest_route=\/wp\/v2\/types\/post"}],"author":[{"embeddable":true,"href":"https:\/\/fmpatagoniamadryn.com.ar\/index.php?rest_route=\/wp\/v2\/users\/2"}],"replies":[{"embeddable":true,"href":"https:\/\/fmpatagoniamadryn.com.ar\/index.php?rest_route=%2Fwp%2Fv2%2Fcomments&post=17493"}],"version-history":[{"count":1,"href":"https:\/\/fmpatagoniamadryn.com.ar\/index.php?rest_route=\/wp\/v2\/posts\/17493\/revisions"}],"predecessor-version":[{"id":17494,"href":"https:\/\/fmpatagoniamadryn.com.ar\/index.php?rest_route=\/wp\/v2\/posts\/17493\/revisions\/17494"}],"wp:featuredmedia":[{"embeddable":true,"href":"https:\/\/fmpatagoniamadryn.com.ar\/index.php?rest_route=\/wp\/v2\/media\/17492"}],"wp:attachment":[{"href":"https:\/\/fmpatagoniamadryn.com.ar\/index.php?rest_route=%2Fwp%2Fv2%2Fmedia&parent=17493"}],"wp:term":[{"taxonomy":"category","embeddable":true,"href":"https:\/\/fmpatagoniamadryn.com.ar\/index.php?rest_route=%2Fwp%2Fv2%2Fcategories&post=17493"},{"taxonomy":"post_tag","embeddable":true,"href":"https:\/\/fmpatagoniamadryn.com.ar\/index.php?rest_route=%2Fwp%2Fv2%2Ftags&post=17493"}],"curies":[{"name":"wp","href":"https:\/\/api.w.org\/{rel}","templated":true}]}}