{"id":17500,"date":"2025-08-11T07:41:54","date_gmt":"2025-08-11T10:41:54","guid":{"rendered":"https:\/\/fmpatagoniamadryn.com.ar\/?p=17500"},"modified":"2025-08-11T07:41:54","modified_gmt":"2025-08-11T10:41:54","slug":"dolar-blue-hoy-y-dolar-oficial-minuto-a-minuto-a-cuanto-estan-este-lunes-11-de-agosto","status":"publish","type":"post","link":"https:\/\/fmpatagoniamadryn.com.ar\/?p=17500","title":{"rendered":"D\u00f3lar blue hoy y d\u00f3lar oficial minuto a minuto: a cu\u00e1nto est\u00e1n este lunes 11 de agosto"},"content":{"rendered":"\n<p><\/p>\n\n\n\n<h2 class=\"wp-block-heading\">D\u00f3lar hoy oficial: a cu\u00e1nto cotiza en el Banco Naci\u00f3n<\/h2>\n\n\n\n<p>El&nbsp;<strong>d\u00f3lar hoy<\/strong>&nbsp;oficial cotiza este lunes 11 de agosto a:<\/p>\n\n\n\n<ul class=\"wp-block-list\">\n<li>\u00a0<strong>Compra<\/strong>: $1285.<\/li>\n\n\n\n<li>\u00a0<strong>Venta<\/strong>: $1335.<\/li>\n<\/ul>\n\n\n\n<h2 class=\"wp-block-heading\">Cotizaci\u00f3n del d\u00f3lar blue<\/h2>\n\n\n\n<p>Durante&nbsp;<strong>2024,<\/strong>&nbsp;experiment\u00f3 una significativa escalada, cerrando el a\u00f1o con una cotizaci\u00f3n de aproximadamente $1.230, lo que representa un aumento de $205 en el a\u00f1o (+16,7%) con respecto a los $1025 de inicio<\/p>\n\n\n\n<p>En&nbsp;<strong>2023<\/strong>,&nbsp;<strong>acumul\u00f3 una suba de $654&nbsp;<\/strong>despu\u00e9s de cerrar el 2022 a&nbsp;<strong>$346.&nbsp;<\/strong>Durante 2022,&nbsp;<strong>avanz\u00f3 $138 (+66,4%) despu\u00e9s de cerrar el 2021 en los $208.<\/strong><\/p>\n\n\n\n<p>Pero en 2021, registr\u00f3 un alza de 25,3% ($42), la mitad respecto de la inflaci\u00f3n del per\u00edodo (50,9%). No obstante, vale recordar que en 2020 hab\u00eda mostrado un brusco salto de 111% (frente a una inflaci\u00f3n de 36%).<\/p>\n\n\n\n<h2 class=\"wp-block-heading\">Qu\u00e9 es el d\u00f3lar blue<\/h2>\n\n\n\n<p>La venta del&nbsp;<strong>D\u00d3LAR BLUE<\/strong>&nbsp;es solo en el mercado paralelo, el informal, donde los l\u00edmites y precios se acuerdan entre las personas, con una valor de referencia pero que podr\u00eda ser diferente cuando se va a una \u00abcueva\u00bb a comprar o a vender. No tiene l\u00edmites como el oficial.<\/p>\n\n\n\n<h2 class=\"wp-block-heading\">Desde cu\u00e1ndo existe y por qu\u00e9 se llama d\u00f3lar blue<\/h2>\n\n\n\n<p>Hay varias explicaciones: una refiere sobre su denominaci\u00f3n&nbsp;<strong>marcando que se llama as\u00ed porque en ingl\u00e9s, \u00abblue\u00bb,<\/strong>adem\u00e1s de nombrar al color azul, remite a algo \u00aboscuro\u00bb.<\/p>\n\n\n\n<p>Otra afirma que se lo relaciona con las operaciones de compra a trav\u00e9s de bonos o acciones de compa\u00f1\u00edas conocidas como<strong>&nbsp;\u00abblue chips\u00bb.<\/strong>&nbsp;Tambi\u00e9n lo vinculan con el color aproximado que aparece cuando se aplica un fibr\u00f3n para detectar billetes falsos<\/p>\n","protected":false},"excerpt":{"rendered":"<p>D\u00f3lar hoy oficial: a cu\u00e1nto cotiza en el Banco Naci\u00f3n El&nbsp;d\u00f3lar hoy&nbsp;oficial cotiza este lunes 11 de agosto a: Cotizaci\u00f3n del d\u00f3lar blue Durante&nbsp;2024,&nbsp;experiment\u00f3 una significativa escalada, cerrando el a\u00f1o&hellip; <\/p>\n","protected":false},"author":2,"featured_media":17499,"comment_status":"closed","ping_status":"closed","sticky":false,"template":"","format":"standard","meta":{"footnotes":""},"categories":[2],"tags":[],"class_list":["post-17500","post","type-post","status-publish","format-standard","has-post-thumbnail","hentry","category-politica"],"yoast_head":"<!-- This site is optimized with the Yoast SEO plugin v27.4 - https:\/\/yoast.com\/product\/yoast-seo-wordpress\/ -->\n<title>D\u00f3lar blue hoy y d\u00f3lar oficial minuto a minuto: a cu\u00e1nto est\u00e1n este lunes 11 de agosto - FM Patagonia Madryn<\/title>\n<meta name=\"robots\" content=\"index, follow, max-snippet:-1, max-image-preview:large, max-video-preview:-1\" \/>\n<link rel=\"canonical\" href=\"https:\/\/fmpatagoniamadryn.com.ar\/?p=17500\" \/>\n<meta property=\"og:locale\" content=\"es_ES\" \/>\n<meta property=\"og:type\" content=\"article\" \/>\n<meta property=\"og:title\" content=\"D\u00f3lar blue hoy y d\u00f3lar oficial minuto a minuto: a cu\u00e1nto est\u00e1n este lunes 11 de agosto - FM Patagonia Madryn\" \/>\n<meta property=\"og:description\" content=\"D\u00f3lar hoy oficial: a cu\u00e1nto cotiza en el Banco Naci\u00f3n El&nbsp;d\u00f3lar hoy&nbsp;oficial cotiza este lunes 11 de agosto a: Cotizaci\u00f3n del d\u00f3lar blue Durante&nbsp;2024,&nbsp;experiment\u00f3 una significativa escalada, cerrando el a\u00f1o&hellip;\" \/>\n<meta property=\"og:url\" content=\"https:\/\/fmpatagoniamadryn.com.ar\/?p=17500\" \/>\n<meta property=\"og:site_name\" content=\"FM Patagonia Madryn\" \/>\n<meta property=\"article:published_time\" content=\"2025-08-11T10:41:54+00:00\" \/>\n<meta property=\"og:image\" content=\"https:\/\/fmpatagoniamadryn.com.ar\/wp-content\/uploads\/2025\/08\/img_2092.jpg\" \/>\n\t<meta property=\"og:image:width\" content=\"610\" \/>\n\t<meta property=\"og:image:height\" content=\"369\" \/>\n\t<meta property=\"og:image:type\" content=\"image\/jpeg\" \/>\n<meta name=\"author\" content=\"FM Patagonia\" \/>\n<meta name=\"twitter:card\" content=\"summary_large_image\" \/>\n<meta name=\"twitter:label1\" content=\"Escrito por\" \/>\n\t<meta name=\"twitter:data1\" content=\"FM Patagonia\" \/>\n\t<meta name=\"twitter:label2\" content=\"Tiempo de lectura\" \/>\n\t<meta name=\"twitter:data2\" content=\"1 minuto\" \/>\n<script type=\"application\/ld+json\" class=\"yoast-schema-graph\">{\"@context\":\"https:\\\/\\\/schema.org\",\"@graph\":[{\"@type\":\"Article\",\"@id\":\"https:\\\/\\\/fmpatagoniamadryn.com.ar\\\/?p=17500#article\",\"isPartOf\":{\"@id\":\"https:\\\/\\\/fmpatagoniamadryn.com.ar\\\/?p=17500\"},\"author\":{\"name\":\"FM Patagonia\",\"@id\":\"https:\\\/\\\/fmpatagoniamadryn.com.ar\\\/#\\\/schema\\\/person\\\/8a3de4ad7efceacab06c1641c50303b7\"},\"headline\":\"D\u00f3lar blue hoy y d\u00f3lar oficial minuto a minuto: a cu\u00e1nto est\u00e1n este lunes 11 de agosto\",\"datePublished\":\"2025-08-11T10:41:54+00:00\",\"mainEntityOfPage\":{\"@id\":\"https:\\\/\\\/fmpatagoniamadryn.com.ar\\\/?p=17500\"},\"wordCount\":300,\"publisher\":{\"@id\":\"https:\\\/\\\/fmpatagoniamadryn.com.ar\\\/#organization\"},\"image\":{\"@id\":\"https:\\\/\\\/fmpatagoniamadryn.com.ar\\\/?p=17500#primaryimage\"},\"thumbnailUrl\":\"https:\\\/\\\/fmpatagoniamadryn.com.ar\\\/wp-content\\\/uploads\\\/2025\\\/08\\\/img_2092.jpg\",\"articleSection\":[\"Pol\u00edtica\"],\"inLanguage\":\"es\"},{\"@type\":\"WebPage\",\"@id\":\"https:\\\/\\\/fmpatagoniamadryn.com.ar\\\/?p=17500\",\"url\":\"https:\\\/\\\/fmpatagoniamadryn.com.ar\\\/?p=17500\",\"name\":\"D\u00f3lar blue hoy y d\u00f3lar oficial minuto a minuto: a cu\u00e1nto est\u00e1n este lunes 11 de agosto - FM Patagonia Madryn\",\"isPartOf\":{\"@id\":\"https:\\\/\\\/fmpatagoniamadryn.com.ar\\\/#website\"},\"primaryImageOfPage\":{\"@id\":\"https:\\\/\\\/fmpatagoniamadryn.com.ar\\\/?p=17500#primaryimage\"},\"image\":{\"@id\":\"https:\\\/\\\/fmpatagoniamadryn.com.ar\\\/?p=17500#primaryimage\"},\"thumbnailUrl\":\"https:\\\/\\\/fmpatagoniamadryn.com.ar\\\/wp-content\\\/uploads\\\/2025\\\/08\\\/img_2092.jpg\",\"datePublished\":\"2025-08-11T10:41:54+00:00\",\"breadcrumb\":{\"@id\":\"https:\\\/\\\/fmpatagoniamadryn.com.ar\\\/?p=17500#breadcrumb\"},\"inLanguage\":\"es\",\"potentialAction\":[{\"@type\":\"ReadAction\",\"target\":[\"https:\\\/\\\/fmpatagoniamadryn.com.ar\\\/?p=17500\"]}]},{\"@type\":\"ImageObject\",\"inLanguage\":\"es\",\"@id\":\"https:\\\/\\\/fmpatagoniamadryn.com.ar\\\/?p=17500#primaryimage\",\"url\":\"https:\\\/\\\/fmpatagoniamadryn.com.ar\\\/wp-content\\\/uploads\\\/2025\\\/08\\\/img_2092.jpg\",\"contentUrl\":\"https:\\\/\\\/fmpatagoniamadryn.com.ar\\\/wp-content\\\/uploads\\\/2025\\\/08\\\/img_2092.jpg\",\"width\":610,\"height\":369},{\"@type\":\"BreadcrumbList\",\"@id\":\"https:\\\/\\\/fmpatagoniamadryn.com.ar\\\/?p=17500#breadcrumb\",\"itemListElement\":[{\"@type\":\"ListItem\",\"position\":1,\"name\":\"Portada\",\"item\":\"https:\\\/\\\/fmpatagoniamadryn.com.ar\\\/\"},{\"@type\":\"ListItem\",\"position\":2,\"name\":\"D\u00f3lar blue hoy y d\u00f3lar oficial minuto a minuto: a cu\u00e1nto est\u00e1n este lunes 11 de agosto\"}]},{\"@type\":\"WebSite\",\"@id\":\"https:\\\/\\\/fmpatagoniamadryn.com.ar\\\/#website\",\"url\":\"https:\\\/\\\/fmpatagoniamadryn.com.ar\\\/\",\"name\":\"FM Patagonia Madryn\",\"description\":\"Radio Patagonia 105.5\",\"publisher\":{\"@id\":\"https:\\\/\\\/fmpatagoniamadryn.com.ar\\\/#organization\"},\"potentialAction\":[{\"@type\":\"SearchAction\",\"target\":{\"@type\":\"EntryPoint\",\"urlTemplate\":\"https:\\\/\\\/fmpatagoniamadryn.com.ar\\\/?s={search_term_string}\"},\"query-input\":{\"@type\":\"PropertyValueSpecification\",\"valueRequired\":true,\"valueName\":\"search_term_string\"}}],\"inLanguage\":\"es\"},{\"@type\":\"Organization\",\"@id\":\"https:\\\/\\\/fmpatagoniamadryn.com.ar\\\/#organization\",\"name\":\"FM Patagonia Madryn\",\"url\":\"https:\\\/\\\/fmpatagoniamadryn.com.ar\\\/\",\"logo\":{\"@type\":\"ImageObject\",\"inLanguage\":\"es\",\"@id\":\"https:\\\/\\\/fmpatagoniamadryn.com.ar\\\/#\\\/schema\\\/logo\\\/image\\\/\",\"url\":\"https:\\\/\\\/fmpatagoniamadryn.com.ar\\\/wp-content\\\/uploads\\\/2023\\\/01\\\/cropped-Diseno-sin-titulo.png\",\"contentUrl\":\"https:\\\/\\\/fmpatagoniamadryn.com.ar\\\/wp-content\\\/uploads\\\/2023\\\/01\\\/cropped-Diseno-sin-titulo.png\",\"width\":6911,\"height\":2657,\"caption\":\"FM Patagonia Madryn\"},\"image\":{\"@id\":\"https:\\\/\\\/fmpatagoniamadryn.com.ar\\\/#\\\/schema\\\/logo\\\/image\\\/\"}},{\"@type\":\"Person\",\"@id\":\"https:\\\/\\\/fmpatagoniamadryn.com.ar\\\/#\\\/schema\\\/person\\\/8a3de4ad7efceacab06c1641c50303b7\",\"name\":\"FM Patagonia\",\"url\":\"https:\\\/\\\/fmpatagoniamadryn.com.ar\\\/?author=2\"}]}<\/script>\n<!-- \/ Yoast SEO plugin. -->","yoast_head_json":{"title":"D\u00f3lar blue hoy y d\u00f3lar oficial minuto a minuto: a cu\u00e1nto est\u00e1n este lunes 11 de agosto - FM Patagonia Madryn","robots":{"index":"index","follow":"follow","max-snippet":"max-snippet:-1","max-image-preview":"max-image-preview:large","max-video-preview":"max-video-preview:-1"},"canonical":"https:\/\/fmpatagoniamadryn.com.ar\/?p=17500","og_locale":"es_ES","og_type":"article","og_title":"D\u00f3lar blue hoy y d\u00f3lar oficial minuto a minuto: a cu\u00e1nto est\u00e1n este lunes 11 de agosto - FM Patagonia Madryn","og_description":"D\u00f3lar hoy oficial: a cu\u00e1nto cotiza en el Banco Naci\u00f3n El&nbsp;d\u00f3lar hoy&nbsp;oficial cotiza este lunes 11 de agosto a: Cotizaci\u00f3n del d\u00f3lar blue Durante&nbsp;2024,&nbsp;experiment\u00f3 una significativa escalada, cerrando el a\u00f1o&hellip;","og_url":"https:\/\/fmpatagoniamadryn.com.ar\/?p=17500","og_site_name":"FM Patagonia Madryn","article_published_time":"2025-08-11T10:41:54+00:00","og_image":[{"width":610,"height":369,"url":"https:\/\/fmpatagoniamadryn.com.ar\/wp-content\/uploads\/2025\/08\/img_2092.jpg","type":"image\/jpeg"}],"author":"FM Patagonia","twitter_card":"summary_large_image","twitter_misc":{"Escrito por":"FM Patagonia","Tiempo de lectura":"1 minuto"},"schema":{"@context":"https:\/\/schema.org","@graph":[{"@type":"Article","@id":"https:\/\/fmpatagoniamadryn.com.ar\/?p=17500#article","isPartOf":{"@id":"https:\/\/fmpatagoniamadryn.com.ar\/?p=17500"},"author":{"name":"FM Patagonia","@id":"https:\/\/fmpatagoniamadryn.com.ar\/#\/schema\/person\/8a3de4ad7efceacab06c1641c50303b7"},"headline":"D\u00f3lar blue hoy y d\u00f3lar oficial minuto a minuto: a cu\u00e1nto est\u00e1n este lunes 11 de agosto","datePublished":"2025-08-11T10:41:54+00:00","mainEntityOfPage":{"@id":"https:\/\/fmpatagoniamadryn.com.ar\/?p=17500"},"wordCount":300,"publisher":{"@id":"https:\/\/fmpatagoniamadryn.com.ar\/#organization"},"image":{"@id":"https:\/\/fmpatagoniamadryn.com.ar\/?p=17500#primaryimage"},"thumbnailUrl":"https:\/\/fmpatagoniamadryn.com.ar\/wp-content\/uploads\/2025\/08\/img_2092.jpg","articleSection":["Pol\u00edtica"],"inLanguage":"es"},{"@type":"WebPage","@id":"https:\/\/fmpatagoniamadryn.com.ar\/?p=17500","url":"https:\/\/fmpatagoniamadryn.com.ar\/?p=17500","name":"D\u00f3lar blue hoy y d\u00f3lar oficial minuto a minuto: a cu\u00e1nto est\u00e1n este lunes 11 de agosto - FM Patagonia Madryn","isPartOf":{"@id":"https:\/\/fmpatagoniamadryn.com.ar\/#website"},"primaryImageOfPage":{"@id":"https:\/\/fmpatagoniamadryn.com.ar\/?p=17500#primaryimage"},"image":{"@id":"https:\/\/fmpatagoniamadryn.com.ar\/?p=17500#primaryimage"},"thumbnailUrl":"https:\/\/fmpatagoniamadryn.com.ar\/wp-content\/uploads\/2025\/08\/img_2092.jpg","datePublished":"2025-08-11T10:41:54+00:00","breadcrumb":{"@id":"https:\/\/fmpatagoniamadryn.com.ar\/?p=17500#breadcrumb"},"inLanguage":"es","potentialAction":[{"@type":"ReadAction","target":["https:\/\/fmpatagoniamadryn.com.ar\/?p=17500"]}]},{"@type":"ImageObject","inLanguage":"es","@id":"https:\/\/fmpatagoniamadryn.com.ar\/?p=17500#primaryimage","url":"https:\/\/fmpatagoniamadryn.com.ar\/wp-content\/uploads\/2025\/08\/img_2092.jpg","contentUrl":"https:\/\/fmpatagoniamadryn.com.ar\/wp-content\/uploads\/2025\/08\/img_2092.jpg","width":610,"height":369},{"@type":"BreadcrumbList","@id":"https:\/\/fmpatagoniamadryn.com.ar\/?p=17500#breadcrumb","itemListElement":[{"@type":"ListItem","position":1,"name":"Portada","item":"https:\/\/fmpatagoniamadryn.com.ar\/"},{"@type":"ListItem","position":2,"name":"D\u00f3lar blue hoy y d\u00f3lar oficial minuto a minuto: a cu\u00e1nto est\u00e1n este lunes 11 de agosto"}]},{"@type":"WebSite","@id":"https:\/\/fmpatagoniamadryn.com.ar\/#website","url":"https:\/\/fmpatagoniamadryn.com.ar\/","name":"FM Patagonia Madryn","description":"Radio Patagonia 105.5","publisher":{"@id":"https:\/\/fmpatagoniamadryn.com.ar\/#organization"},"potentialAction":[{"@type":"SearchAction","target":{"@type":"EntryPoint","urlTemplate":"https:\/\/fmpatagoniamadryn.com.ar\/?s={search_term_string}"},"query-input":{"@type":"PropertyValueSpecification","valueRequired":true,"valueName":"search_term_string"}}],"inLanguage":"es"},{"@type":"Organization","@id":"https:\/\/fmpatagoniamadryn.com.ar\/#organization","name":"FM Patagonia Madryn","url":"https:\/\/fmpatagoniamadryn.com.ar\/","logo":{"@type":"ImageObject","inLanguage":"es","@id":"https:\/\/fmpatagoniamadryn.com.ar\/#\/schema\/logo\/image\/","url":"https:\/\/fmpatagoniamadryn.com.ar\/wp-content\/uploads\/2023\/01\/cropped-Diseno-sin-titulo.png","contentUrl":"https:\/\/fmpatagoniamadryn.com.ar\/wp-content\/uploads\/2023\/01\/cropped-Diseno-sin-titulo.png","width":6911,"height":2657,"caption":"FM Patagonia Madryn"},"image":{"@id":"https:\/\/fmpatagoniamadryn.com.ar\/#\/schema\/logo\/image\/"}},{"@type":"Person","@id":"https:\/\/fmpatagoniamadryn.com.ar\/#\/schema\/person\/8a3de4ad7efceacab06c1641c50303b7","name":"FM Patagonia","url":"https:\/\/fmpatagoniamadryn.com.ar\/?author=2"}]}},"jetpack_featured_media_url":"https:\/\/fmpatagoniamadryn.com.ar\/wp-content\/uploads\/2025\/08\/img_2092.jpg","_links":{"self":[{"href":"https:\/\/fmpatagoniamadryn.com.ar\/index.php?rest_route=\/wp\/v2\/posts\/17500","targetHints":{"allow":["GET"]}}],"collection":[{"href":"https:\/\/fmpatagoniamadryn.com.ar\/index.php?rest_route=\/wp\/v2\/posts"}],"about":[{"href":"https:\/\/fmpatagoniamadryn.com.ar\/index.php?rest_route=\/wp\/v2\/types\/post"}],"author":[{"embeddable":true,"href":"https:\/\/fmpatagoniamadryn.com.ar\/index.php?rest_route=\/wp\/v2\/users\/2"}],"replies":[{"embeddable":true,"href":"https:\/\/fmpatagoniamadryn.com.ar\/index.php?rest_route=%2Fwp%2Fv2%2Fcomments&post=17500"}],"version-history":[{"count":1,"href":"https:\/\/fmpatagoniamadryn.com.ar\/index.php?rest_route=\/wp\/v2\/posts\/17500\/revisions"}],"predecessor-version":[{"id":17501,"href":"https:\/\/fmpatagoniamadryn.com.ar\/index.php?rest_route=\/wp\/v2\/posts\/17500\/revisions\/17501"}],"wp:featuredmedia":[{"embeddable":true,"href":"https:\/\/fmpatagoniamadryn.com.ar\/index.php?rest_route=\/wp\/v2\/media\/17499"}],"wp:attachment":[{"href":"https:\/\/fmpatagoniamadryn.com.ar\/index.php?rest_route=%2Fwp%2Fv2%2Fmedia&parent=17500"}],"wp:term":[{"taxonomy":"category","embeddable":true,"href":"https:\/\/fmpatagoniamadryn.com.ar\/index.php?rest_route=%2Fwp%2Fv2%2Fcategories&post=17500"},{"taxonomy":"post_tag","embeddable":true,"href":"https:\/\/fmpatagoniamadryn.com.ar\/index.php?rest_route=%2Fwp%2Fv2%2Ftags&post=17500"}],"curies":[{"name":"wp","href":"https:\/\/api.w.org\/{rel}","templated":true}]}}