{"id":17503,"date":"2025-08-11T08:33:57","date_gmt":"2025-08-11T11:33:57","guid":{"rendered":"https:\/\/fmpatagoniamadryn.com.ar\/?p=17503"},"modified":"2025-08-11T08:33:57","modified_gmt":"2025-08-11T11:33:57","slug":"torres-recorrio-la-obra-del-modulo-espejo-de-monitoreo-en-trelew-y-ratifico-el-compromiso-provincial-con-la-seguridad","status":"publish","type":"post","link":"https:\/\/fmpatagoniamadryn.com.ar\/?p=17503","title":{"rendered":"Torres recorri\u00f3 la obra del M\u00f3dulo Espejo de Monitoreo en Trelew y ratific\u00f3 el compromiso provincial con la seguridad"},"content":{"rendered":"\n<p><\/p>\n\n\n\n<p><em>El mandatario destac\u00f3 el compromiso de la gesti\u00f3n con el abordaje de la seguridad y el fortalecimiento de las herramientas preventivas; en este caso, a partir de una inversi\u00f3n provincial superior a los $400 millones, para la puesta en funcionamiento del dispositivo de monitoreo ubicado en inmediaciones del Museo Paleontol\u00f3gico de Trelew. \u201cContinuamos trabajando para que cada vecino de Trelew salga a la calle con la tranquilidad de que hay un Estado presente en cada esquina de la ciudad\u201d, expres\u00f3 Torres durante la recorrida, que tambi\u00e9n incluy\u00f3 una visita al Centro de Monitoreo de la Guardia Urbana, donde m\u00e1s de 100 agentes de monitoreo y 50 empleados operativos desarrollan una intensa labor preventiva en la localidad.<\/em><\/p>\n\n\n\n<p>El gobernador del Chubut, Ignacio \u201cNacho\u201d Torres, junto al vicegobernador Gustavo Menna y el intendente de Trelew, Gerardo Merino, encabez\u00f3 este s\u00e1bado una recorrida por la localidad valletana, en el marco de la cual supervis\u00f3 el avance de la construcci\u00f3n del M\u00f3dulo Espejo de Monitoreo, ubicado en inmediaciones del Museo Paleontol\u00f3gico \u201cEgidio Feruglio\u201d.<\/p>\n\n\n\n<p>Actualmente, la obra presenta un avance cercano al 50% y tiene como objetivo incrementar la eficiencia y eficacia en el abordaje de las problem\u00e1ticas de seguridad en Trelew.<\/p>\n\n\n\n<p>El mandatario tambi\u00e9n visit\u00f3 el Centro de Monitoreo de la Guardia Urbana de Trelew, donde dialog\u00f3 con los agentes y destac\u00f3 el compromiso y la articulaci\u00f3n permanente con la Polic\u00eda del Chubut, con el fin de garantizar la seguridad de la ciudadan\u00eda y prevenir hechos delictivos en la localidad.<\/p>\n\n\n\n<p><em>Pol\u00edtica de Estado<\/em><\/p>\n\n\n\n<p>Al respecto, Torres destac\u00f3 que \u201cen poco tiempo, los ciudadanos de Trelew van a poder contar con una herramienta fundamental en materia de seguridad\u201d, agregando que el M\u00f3dulo Espejo \u201ces un avance m\u00e1s en la pol\u00edtica de seguridad que impulsamos desde el inicio de la gesti\u00f3n, y que tiene como objetivo combatir el delito en todos sus flancos, con un fuerte eje en las tareas preventivas y, por sobre todo, en la articulaci\u00f3n entre las distintas fuerzas que conviven en la ciudad\u201d.<\/p>\n\n\n\n<p>\u201cEn un momento econ\u00f3mico complejo y con recursos limitados, pero con un fuerte compromiso en garantizar la seguridad de los chubutenses, en poco m\u00e1s de un a\u00f1o no solamente logramos reducir los \u00edndices delictivos de una de las localidades m\u00e1s golpeadas por la inseguridad, sino que continuamos trabajando para que cada vecino de Trelew salga a la calle con la tranquilidad de que hay un Estado presente en cada esquina de la ciudad\u201d, expres\u00f3 el titular del Ejecutivo.<\/p>\n\n\n\n<p><em>\u201cSeguridad tambi\u00e9n es calidad de vida\u201d<\/em><\/p>\n\n\n\n<p>Por otra parte, Torres resalt\u00f3 la labor de la Guardia Urbana de Trelew y la permanente articulaci\u00f3n con la Polic\u00eda del Chubut: \u201cNinguna medida es eficiente si no se construye sobre la base del di\u00e1logo y la colaboraci\u00f3n entre los distintos actores y sectores, y Trelew es hoy un ejemplo de que el cuidado de la ciudadan\u00eda es una pol\u00edtica de Estado permanente, porque la seguridad tambi\u00e9n es calidad de vida\u201d, concluy\u00f3 el Gobernador.<\/p>\n\n\n\n<p><em>M\u00e1s de 200 c\u00e1maras de monitoreo<\/em><\/p>\n\n\n\n<p>Ubicado sobre Jos\u00e9 Hern\u00e1ndez 160 de Trelew, entre las calles Urquiza y Moreno, el Centro de Monitoreo que funciona en instalaciones de la Guardia Urbana cuenta con 120 empleados operativos y 50 empleados de monitoreo, garantizando una cobertura las 24 horas, los 365 d\u00edas del a\u00f1o.<\/p>\n\n\n\n<p>En 2024, se llev\u00f3 a cabo una serie de capacitaciones para el personal de la Guardia Urbana, a cargo de la profesora Sandra Viegas, del Ministerio de Seguridad y Justicia de Chubut. Durante el ciclo de formaci\u00f3n, los agentes incorporaron conocimientos no solo en materia de funciones preventivas, sino tambi\u00e9n sobre ordenanzas municipales, turismo, tr\u00e1nsito y primeros auxilios, entre otras tem\u00e1ticas.<\/p>\n\n\n\n<p>En simult\u00e1neo, la Subsecretar\u00eda de Seguridad provincial brind\u00f3 una capacitaci\u00f3n orientada a videovigiladores, de la cual particip\u00f3 personal de monitoreo municipal.<\/p>\n\n\n\n<p>El Centro de Monitoreo inici\u00f3 con 45 c\u00e1maras y actualmente cuenta con 210, ubicadas estrat\u00e9gicamente en el corredor tur\u00edstico de la ciudad de Trelew y en otros objetivos de prevenci\u00f3n. Trabaja de manera conjunta con la Unidad Regional de Trelew y las distintas dependencias policiales, con dos m\u00f3viles afectados al patrullaje mixto en jurisdicci\u00f3n de las seccionales 4\u00b0 y 2\u00b0, personal en bicicleta en la zona del Parque Chiquichano y agentes en motocicletas para recorridas preventivas en parques y plazas de la ciudad.<\/p>\n\n\n\n<p>Asimismo, el Centro de Monitoreo se encuentra afectado a distintos puntos fijos de control, entre ellos el acceso norte de la ciudad, donde se encuentra emplazado el Centro de Atenci\u00f3n al Visitante Patagotitan; el Centro Astron\u00f3mico; la caseta del Parque Chiquichano; la Municipalidad de Trelew; y el Predio Deportivo Trelew (CEDETRE), donde funciona un puesto mixto entre personal de la Guardia Urbana y agentes de la Seccional Cuarta.<\/p>\n\n\n\n<p><em>M\u00f3dulo Espejo de Trelew<\/em><\/p>\n\n\n\n<p>La obra se inici\u00f3 a partir de una inversi\u00f3n provincial superior a los 400 millones de pesos, con un plazo de ejecuci\u00f3n de 120 d\u00edas. El nuevo espacio, destinado a mejorar la seguridad, se est\u00e1 ejecutando en la intersecci\u00f3n entre la avenida De los Trabajadores, avenida Fontana y Lewis Jones, en inmediaciones del remozado Museo Paleontol\u00f3gico \u201cEgidio Feruglio\u201d.<\/p>\n\n\n\n<p>Entre otras funciones, el nuevo Centro de Monitoreo permitir\u00e1 reducir el \u00edndice delictivo y controlar el casco c\u00e9ntrico, los accesos y las zonas periurbanas de Trelew.<\/p>\n\n\n\n<p>La superficie total del edificio rondar\u00e1 los 150 metros cuadrados, incluyendo oficinas, lockers, sala de refrigerio, ba\u00f1o, oficina t\u00e9cnica, sala de racks y sala de m\u00e1quinas, con acceso desde el exterior sobre la avenida De los Trabajadores.<\/p>\n\n\n\n<p>El sistema constructivo consta de estructura de perfiler\u00eda met\u00e1lica, aislaci\u00f3n ac\u00fastica ejecutada en espuma de poliuretano, interiores con acabado en placas de yeso y exteriores en OSB y revestimiento EIF o chapa acanalada en techos. Este sistema ofrece ventajas en cuanto a los tiempos de obra, bajo peso y eficiencia energ\u00e9tica.<\/p>\n\n\n\n<p>Actualmente, se trabaja en el armado de la estructura general integrada y paneler\u00eda de cerramiento externo; en paralelo, se realizan tareas de conexi\u00f3n de servicios.<\/p>\n","protected":false},"excerpt":{"rendered":"<p>El mandatario destac\u00f3 el compromiso de la gesti\u00f3n con el abordaje de la seguridad y el fortalecimiento de las herramientas preventivas; en este caso, a partir de una inversi\u00f3n provincial&hellip; <\/p>\n","protected":false},"author":2,"featured_media":17502,"comment_status":"closed","ping_status":"closed","sticky":false,"template":"","format":"standard","meta":{"footnotes":""},"categories":[15],"tags":[],"class_list":["post-17503","post","type-post","status-publish","format-standard","has-post-thumbnail","hentry","category-locales"],"yoast_head":"<!-- This site is optimized with the Yoast SEO plugin v27.4 - https:\/\/yoast.com\/product\/yoast-seo-wordpress\/ -->\n<title>Torres recorri\u00f3 la obra del M\u00f3dulo Espejo de Monitoreo en Trelew y ratific\u00f3 el compromiso provincial con la seguridad - FM Patagonia Madryn<\/title>\n<meta name=\"robots\" content=\"index, follow, max-snippet:-1, max-image-preview:large, max-video-preview:-1\" \/>\n<link rel=\"canonical\" href=\"https:\/\/fmpatagoniamadryn.com.ar\/?p=17503\" \/>\n<meta property=\"og:locale\" content=\"es_ES\" \/>\n<meta property=\"og:type\" content=\"article\" \/>\n<meta property=\"og:title\" content=\"Torres recorri\u00f3 la obra del M\u00f3dulo Espejo de Monitoreo en Trelew y ratific\u00f3 el compromiso provincial con la seguridad - FM Patagonia Madryn\" \/>\n<meta property=\"og:description\" content=\"El mandatario destac\u00f3 el compromiso de la gesti\u00f3n con el abordaje de la seguridad y el fortalecimiento de las herramientas preventivas; en este caso, a partir de una inversi\u00f3n provincial&hellip;\" \/>\n<meta property=\"og:url\" content=\"https:\/\/fmpatagoniamadryn.com.ar\/?p=17503\" \/>\n<meta property=\"og:site_name\" content=\"FM Patagonia Madryn\" \/>\n<meta property=\"article:published_time\" content=\"2025-08-11T11:33:57+00:00\" \/>\n<meta property=\"og:image\" content=\"https:\/\/fmpatagoniamadryn.com.ar\/wp-content\/uploads\/2025\/08\/5f55c658-d202-4911-8b2a-e3394f7028d2.jpg\" \/>\n\t<meta property=\"og:image:width\" content=\"1280\" \/>\n\t<meta property=\"og:image:height\" content=\"960\" \/>\n\t<meta property=\"og:image:type\" content=\"image\/jpeg\" \/>\n<meta name=\"author\" content=\"FM Patagonia\" \/>\n<meta name=\"twitter:card\" content=\"summary_large_image\" \/>\n<meta name=\"twitter:label1\" content=\"Escrito por\" \/>\n\t<meta name=\"twitter:data1\" content=\"FM Patagonia\" \/>\n\t<meta name=\"twitter:label2\" content=\"Tiempo de lectura\" \/>\n\t<meta name=\"twitter:data2\" content=\"5 minutos\" \/>\n<script type=\"application\/ld+json\" class=\"yoast-schema-graph\">{\"@context\":\"https:\\\/\\\/schema.org\",\"@graph\":[{\"@type\":\"Article\",\"@id\":\"https:\\\/\\\/fmpatagoniamadryn.com.ar\\\/?p=17503#article\",\"isPartOf\":{\"@id\":\"https:\\\/\\\/fmpatagoniamadryn.com.ar\\\/?p=17503\"},\"author\":{\"name\":\"FM Patagonia\",\"@id\":\"https:\\\/\\\/fmpatagoniamadryn.com.ar\\\/#\\\/schema\\\/person\\\/8a3de4ad7efceacab06c1641c50303b7\"},\"headline\":\"Torres recorri\u00f3 la obra del M\u00f3dulo Espejo de Monitoreo en Trelew y ratific\u00f3 el compromiso provincial con la seguridad\",\"datePublished\":\"2025-08-11T11:33:57+00:00\",\"mainEntityOfPage\":{\"@id\":\"https:\\\/\\\/fmpatagoniamadryn.com.ar\\\/?p=17503\"},\"wordCount\":1046,\"publisher\":{\"@id\":\"https:\\\/\\\/fmpatagoniamadryn.com.ar\\\/#organization\"},\"image\":{\"@id\":\"https:\\\/\\\/fmpatagoniamadryn.com.ar\\\/?p=17503#primaryimage\"},\"thumbnailUrl\":\"https:\\\/\\\/fmpatagoniamadryn.com.ar\\\/wp-content\\\/uploads\\\/2025\\\/08\\\/5f55c658-d202-4911-8b2a-e3394f7028d2.jpg\",\"articleSection\":[\"Locales\"],\"inLanguage\":\"es\"},{\"@type\":\"WebPage\",\"@id\":\"https:\\\/\\\/fmpatagoniamadryn.com.ar\\\/?p=17503\",\"url\":\"https:\\\/\\\/fmpatagoniamadryn.com.ar\\\/?p=17503\",\"name\":\"Torres recorri\u00f3 la obra del M\u00f3dulo Espejo de Monitoreo en Trelew y ratific\u00f3 el compromiso provincial con la seguridad - FM Patagonia Madryn\",\"isPartOf\":{\"@id\":\"https:\\\/\\\/fmpatagoniamadryn.com.ar\\\/#website\"},\"primaryImageOfPage\":{\"@id\":\"https:\\\/\\\/fmpatagoniamadryn.com.ar\\\/?p=17503#primaryimage\"},\"image\":{\"@id\":\"https:\\\/\\\/fmpatagoniamadryn.com.ar\\\/?p=17503#primaryimage\"},\"thumbnailUrl\":\"https:\\\/\\\/fmpatagoniamadryn.com.ar\\\/wp-content\\\/uploads\\\/2025\\\/08\\\/5f55c658-d202-4911-8b2a-e3394f7028d2.jpg\",\"datePublished\":\"2025-08-11T11:33:57+00:00\",\"breadcrumb\":{\"@id\":\"https:\\\/\\\/fmpatagoniamadryn.com.ar\\\/?p=17503#breadcrumb\"},\"inLanguage\":\"es\",\"potentialAction\":[{\"@type\":\"ReadAction\",\"target\":[\"https:\\\/\\\/fmpatagoniamadryn.com.ar\\\/?p=17503\"]}]},{\"@type\":\"ImageObject\",\"inLanguage\":\"es\",\"@id\":\"https:\\\/\\\/fmpatagoniamadryn.com.ar\\\/?p=17503#primaryimage\",\"url\":\"https:\\\/\\\/fmpatagoniamadryn.com.ar\\\/wp-content\\\/uploads\\\/2025\\\/08\\\/5f55c658-d202-4911-8b2a-e3394f7028d2.jpg\",\"contentUrl\":\"https:\\\/\\\/fmpatagoniamadryn.com.ar\\\/wp-content\\\/uploads\\\/2025\\\/08\\\/5f55c658-d202-4911-8b2a-e3394f7028d2.jpg\",\"width\":1280,\"height\":960},{\"@type\":\"BreadcrumbList\",\"@id\":\"https:\\\/\\\/fmpatagoniamadryn.com.ar\\\/?p=17503#breadcrumb\",\"itemListElement\":[{\"@type\":\"ListItem\",\"position\":1,\"name\":\"Portada\",\"item\":\"https:\\\/\\\/fmpatagoniamadryn.com.ar\\\/\"},{\"@type\":\"ListItem\",\"position\":2,\"name\":\"Torres recorri\u00f3 la obra del M\u00f3dulo Espejo de Monitoreo en Trelew y ratific\u00f3 el compromiso provincial con la seguridad\"}]},{\"@type\":\"WebSite\",\"@id\":\"https:\\\/\\\/fmpatagoniamadryn.com.ar\\\/#website\",\"url\":\"https:\\\/\\\/fmpatagoniamadryn.com.ar\\\/\",\"name\":\"FM Patagonia Madryn\",\"description\":\"Radio Patagonia 105.5\",\"publisher\":{\"@id\":\"https:\\\/\\\/fmpatagoniamadryn.com.ar\\\/#organization\"},\"potentialAction\":[{\"@type\":\"SearchAction\",\"target\":{\"@type\":\"EntryPoint\",\"urlTemplate\":\"https:\\\/\\\/fmpatagoniamadryn.com.ar\\\/?s={search_term_string}\"},\"query-input\":{\"@type\":\"PropertyValueSpecification\",\"valueRequired\":true,\"valueName\":\"search_term_string\"}}],\"inLanguage\":\"es\"},{\"@type\":\"Organization\",\"@id\":\"https:\\\/\\\/fmpatagoniamadryn.com.ar\\\/#organization\",\"name\":\"FM Patagonia Madryn\",\"url\":\"https:\\\/\\\/fmpatagoniamadryn.com.ar\\\/\",\"logo\":{\"@type\":\"ImageObject\",\"inLanguage\":\"es\",\"@id\":\"https:\\\/\\\/fmpatagoniamadryn.com.ar\\\/#\\\/schema\\\/logo\\\/image\\\/\",\"url\":\"https:\\\/\\\/fmpatagoniamadryn.com.ar\\\/wp-content\\\/uploads\\\/2023\\\/01\\\/cropped-Diseno-sin-titulo.png\",\"contentUrl\":\"https:\\\/\\\/fmpatagoniamadryn.com.ar\\\/wp-content\\\/uploads\\\/2023\\\/01\\\/cropped-Diseno-sin-titulo.png\",\"width\":6911,\"height\":2657,\"caption\":\"FM Patagonia Madryn\"},\"image\":{\"@id\":\"https:\\\/\\\/fmpatagoniamadryn.com.ar\\\/#\\\/schema\\\/logo\\\/image\\\/\"}},{\"@type\":\"Person\",\"@id\":\"https:\\\/\\\/fmpatagoniamadryn.com.ar\\\/#\\\/schema\\\/person\\\/8a3de4ad7efceacab06c1641c50303b7\",\"name\":\"FM Patagonia\",\"url\":\"https:\\\/\\\/fmpatagoniamadryn.com.ar\\\/?author=2\"}]}<\/script>\n<!-- \/ Yoast SEO plugin. -->","yoast_head_json":{"title":"Torres recorri\u00f3 la obra del M\u00f3dulo Espejo de Monitoreo en Trelew y ratific\u00f3 el compromiso provincial con la seguridad - FM Patagonia Madryn","robots":{"index":"index","follow":"follow","max-snippet":"max-snippet:-1","max-image-preview":"max-image-preview:large","max-video-preview":"max-video-preview:-1"},"canonical":"https:\/\/fmpatagoniamadryn.com.ar\/?p=17503","og_locale":"es_ES","og_type":"article","og_title":"Torres recorri\u00f3 la obra del M\u00f3dulo Espejo de Monitoreo en Trelew y ratific\u00f3 el compromiso provincial con la seguridad - FM Patagonia Madryn","og_description":"El mandatario destac\u00f3 el compromiso de la gesti\u00f3n con el abordaje de la seguridad y el fortalecimiento de las herramientas preventivas; en este caso, a partir de una inversi\u00f3n provincial&hellip;","og_url":"https:\/\/fmpatagoniamadryn.com.ar\/?p=17503","og_site_name":"FM Patagonia Madryn","article_published_time":"2025-08-11T11:33:57+00:00","og_image":[{"width":1280,"height":960,"url":"https:\/\/fmpatagoniamadryn.com.ar\/wp-content\/uploads\/2025\/08\/5f55c658-d202-4911-8b2a-e3394f7028d2.jpg","type":"image\/jpeg"}],"author":"FM Patagonia","twitter_card":"summary_large_image","twitter_misc":{"Escrito por":"FM Patagonia","Tiempo de lectura":"5 minutos"},"schema":{"@context":"https:\/\/schema.org","@graph":[{"@type":"Article","@id":"https:\/\/fmpatagoniamadryn.com.ar\/?p=17503#article","isPartOf":{"@id":"https:\/\/fmpatagoniamadryn.com.ar\/?p=17503"},"author":{"name":"FM Patagonia","@id":"https:\/\/fmpatagoniamadryn.com.ar\/#\/schema\/person\/8a3de4ad7efceacab06c1641c50303b7"},"headline":"Torres recorri\u00f3 la obra del M\u00f3dulo Espejo de Monitoreo en Trelew y ratific\u00f3 el compromiso provincial con la seguridad","datePublished":"2025-08-11T11:33:57+00:00","mainEntityOfPage":{"@id":"https:\/\/fmpatagoniamadryn.com.ar\/?p=17503"},"wordCount":1046,"publisher":{"@id":"https:\/\/fmpatagoniamadryn.com.ar\/#organization"},"image":{"@id":"https:\/\/fmpatagoniamadryn.com.ar\/?p=17503#primaryimage"},"thumbnailUrl":"https:\/\/fmpatagoniamadryn.com.ar\/wp-content\/uploads\/2025\/08\/5f55c658-d202-4911-8b2a-e3394f7028d2.jpg","articleSection":["Locales"],"inLanguage":"es"},{"@type":"WebPage","@id":"https:\/\/fmpatagoniamadryn.com.ar\/?p=17503","url":"https:\/\/fmpatagoniamadryn.com.ar\/?p=17503","name":"Torres recorri\u00f3 la obra del M\u00f3dulo Espejo de Monitoreo en Trelew y ratific\u00f3 el compromiso provincial con la seguridad - FM Patagonia Madryn","isPartOf":{"@id":"https:\/\/fmpatagoniamadryn.com.ar\/#website"},"primaryImageOfPage":{"@id":"https:\/\/fmpatagoniamadryn.com.ar\/?p=17503#primaryimage"},"image":{"@id":"https:\/\/fmpatagoniamadryn.com.ar\/?p=17503#primaryimage"},"thumbnailUrl":"https:\/\/fmpatagoniamadryn.com.ar\/wp-content\/uploads\/2025\/08\/5f55c658-d202-4911-8b2a-e3394f7028d2.jpg","datePublished":"2025-08-11T11:33:57+00:00","breadcrumb":{"@id":"https:\/\/fmpatagoniamadryn.com.ar\/?p=17503#breadcrumb"},"inLanguage":"es","potentialAction":[{"@type":"ReadAction","target":["https:\/\/fmpatagoniamadryn.com.ar\/?p=17503"]}]},{"@type":"ImageObject","inLanguage":"es","@id":"https:\/\/fmpatagoniamadryn.com.ar\/?p=17503#primaryimage","url":"https:\/\/fmpatagoniamadryn.com.ar\/wp-content\/uploads\/2025\/08\/5f55c658-d202-4911-8b2a-e3394f7028d2.jpg","contentUrl":"https:\/\/fmpatagoniamadryn.com.ar\/wp-content\/uploads\/2025\/08\/5f55c658-d202-4911-8b2a-e3394f7028d2.jpg","width":1280,"height":960},{"@type":"BreadcrumbList","@id":"https:\/\/fmpatagoniamadryn.com.ar\/?p=17503#breadcrumb","itemListElement":[{"@type":"ListItem","position":1,"name":"Portada","item":"https:\/\/fmpatagoniamadryn.com.ar\/"},{"@type":"ListItem","position":2,"name":"Torres recorri\u00f3 la obra del M\u00f3dulo Espejo de Monitoreo en Trelew y ratific\u00f3 el compromiso provincial con la seguridad"}]},{"@type":"WebSite","@id":"https:\/\/fmpatagoniamadryn.com.ar\/#website","url":"https:\/\/fmpatagoniamadryn.com.ar\/","name":"FM Patagonia Madryn","description":"Radio Patagonia 105.5","publisher":{"@id":"https:\/\/fmpatagoniamadryn.com.ar\/#organization"},"potentialAction":[{"@type":"SearchAction","target":{"@type":"EntryPoint","urlTemplate":"https:\/\/fmpatagoniamadryn.com.ar\/?s={search_term_string}"},"query-input":{"@type":"PropertyValueSpecification","valueRequired":true,"valueName":"search_term_string"}}],"inLanguage":"es"},{"@type":"Organization","@id":"https:\/\/fmpatagoniamadryn.com.ar\/#organization","name":"FM Patagonia Madryn","url":"https:\/\/fmpatagoniamadryn.com.ar\/","logo":{"@type":"ImageObject","inLanguage":"es","@id":"https:\/\/fmpatagoniamadryn.com.ar\/#\/schema\/logo\/image\/","url":"https:\/\/fmpatagoniamadryn.com.ar\/wp-content\/uploads\/2023\/01\/cropped-Diseno-sin-titulo.png","contentUrl":"https:\/\/fmpatagoniamadryn.com.ar\/wp-content\/uploads\/2023\/01\/cropped-Diseno-sin-titulo.png","width":6911,"height":2657,"caption":"FM Patagonia Madryn"},"image":{"@id":"https:\/\/fmpatagoniamadryn.com.ar\/#\/schema\/logo\/image\/"}},{"@type":"Person","@id":"https:\/\/fmpatagoniamadryn.com.ar\/#\/schema\/person\/8a3de4ad7efceacab06c1641c50303b7","name":"FM Patagonia","url":"https:\/\/fmpatagoniamadryn.com.ar\/?author=2"}]}},"jetpack_featured_media_url":"https:\/\/fmpatagoniamadryn.com.ar\/wp-content\/uploads\/2025\/08\/5f55c658-d202-4911-8b2a-e3394f7028d2.jpg","_links":{"self":[{"href":"https:\/\/fmpatagoniamadryn.com.ar\/index.php?rest_route=\/wp\/v2\/posts\/17503","targetHints":{"allow":["GET"]}}],"collection":[{"href":"https:\/\/fmpatagoniamadryn.com.ar\/index.php?rest_route=\/wp\/v2\/posts"}],"about":[{"href":"https:\/\/fmpatagoniamadryn.com.ar\/index.php?rest_route=\/wp\/v2\/types\/post"}],"author":[{"embeddable":true,"href":"https:\/\/fmpatagoniamadryn.com.ar\/index.php?rest_route=\/wp\/v2\/users\/2"}],"replies":[{"embeddable":true,"href":"https:\/\/fmpatagoniamadryn.com.ar\/index.php?rest_route=%2Fwp%2Fv2%2Fcomments&post=17503"}],"version-history":[{"count":1,"href":"https:\/\/fmpatagoniamadryn.com.ar\/index.php?rest_route=\/wp\/v2\/posts\/17503\/revisions"}],"predecessor-version":[{"id":17504,"href":"https:\/\/fmpatagoniamadryn.com.ar\/index.php?rest_route=\/wp\/v2\/posts\/17503\/revisions\/17504"}],"wp:featuredmedia":[{"embeddable":true,"href":"https:\/\/fmpatagoniamadryn.com.ar\/index.php?rest_route=\/wp\/v2\/media\/17502"}],"wp:attachment":[{"href":"https:\/\/fmpatagoniamadryn.com.ar\/index.php?rest_route=%2Fwp%2Fv2%2Fmedia&parent=17503"}],"wp:term":[{"taxonomy":"category","embeddable":true,"href":"https:\/\/fmpatagoniamadryn.com.ar\/index.php?rest_route=%2Fwp%2Fv2%2Fcategories&post=17503"},{"taxonomy":"post_tag","embeddable":true,"href":"https:\/\/fmpatagoniamadryn.com.ar\/index.php?rest_route=%2Fwp%2Fv2%2Ftags&post=17503"}],"curies":[{"name":"wp","href":"https:\/\/api.w.org\/{rel}","templated":true}]}}