{"id":17506,"date":"2025-08-11T08:35:37","date_gmt":"2025-08-11T11:35:37","guid":{"rendered":"https:\/\/fmpatagoniamadryn.com.ar\/?p=17506"},"modified":"2025-08-11T08:35:37","modified_gmt":"2025-08-11T11:35:37","slug":"seros-trabaja-en-la-mejora-de-procesos-de-auditoria-medica","status":"publish","type":"post","link":"https:\/\/fmpatagoniamadryn.com.ar\/?p=17506","title":{"rendered":"Seros trabaja en la mejora de procesos de Auditor\u00eda M\u00e9dica"},"content":{"rendered":"\n<p><\/p>\n\n\n\n<p><em>Con la participaci\u00f3n del Directorio en pleno e integrantes de sus delegaciones, el ISSyS llev\u00f3 adelante en Trelew una jornada institucional de trabajo en la que se abordaron ejes estrat\u00e9gicos para una estructura m\u00e1s moderna y \u00e1gil.<\/em><\/p>\n\n\n\n<p>Con la participaci\u00f3n del Directorio en pleno, el Instituto de Seguridad Social y Seguros del Chubut (ISSyS) llev\u00f3 adelante una jornada institucional de trabajo junto a sus Delegaciones, centrada en la evaluaci\u00f3n y mejora de los procesos de Auditor\u00eda M\u00e9dica.<\/p>\n\n\n\n<p>El encuentro se realiz\u00f3 en la Delegaci\u00f3n Trelew y cont\u00f3 con la presencia del presidente del Instituto, Pablo Macadam, y de los vocales del Directorio, Mart\u00edn P\u00e9rez; Rosa Contreras; y Guillermo Quiroga, quienes participaron activamente de toda la jornada. Su acompa\u00f1amiento reafirma el compromiso de conducci\u00f3n institucional para fortalecer los v\u00ednculos con el territorio y avanzar en la mejora de los servicios brindados a los afiliados del sistema.<\/p>\n\n\n\n<p><em>Ejes estrat\u00e9gicos<\/em><\/p>\n\n\n\n<p>Durante la jornada de trabajo se abordaron m\u00faltiples ejes estrat\u00e9gicos vinculados al funcionamiento actual de la Auditor\u00eda M\u00e9dica y su proyecci\u00f3n hacia una estructura m\u00e1s moderna, \u00e1gil y coordinada. Se present\u00f3 un diagn\u00f3stico detallado del sistema vigente, incluyendo fortalezas y debilidades operativas, as\u00ed como tambi\u00e9n un relevamiento de los procesos de atenci\u00f3n al afiliado, con especial foco en la experiencia de los usuarios.<\/p>\n\n\n\n<p>En este sentido, se destac\u00f3 la necesidad de consolidar un modelo de auditor\u00eda centrado en el afiliado, que combine criterios t\u00e9cnicos con una mirada humanizada, accesible y cercana a las necesidades reales de quienes integran el sistema.<\/p>\n\n\n\n<p>Uno de los puntos centrales fue el an\u00e1lisis cuantitativo y cualitativo de la Auditor\u00eda Externa en medicamentos de alto costo, destac\u00e1ndose la importancia de garantizar el acceso a tratamientos de alto impacto cl\u00ednico con criterios de transparencia y eficiencia.<\/p>\n\n\n\n<p>Asimismo, el gerente general, Sergio Jaime, expuso una propuesta de nueva estructura organizativa para la Auditor\u00eda M\u00e9dica que busca mejorar la articulaci\u00f3n con las Delegaciones y fortalecer los mecanismos de control y evaluaci\u00f3n. En esa l\u00ednea, tambi\u00e9n se present\u00f3 el nuevo sistema CRM para la gesti\u00f3n de afiliados, que permitir\u00e1 un seguimiento m\u00e1s personalizado y ordenado de los casos.<\/p>\n\n\n\n<p>La jornada cerr\u00f3 con un espacio de trabajo participativo, donde las Delegaciones expusieron las principales problem\u00e1ticas que enfrentan en territorio, y acercaron propuestas de mejora concretas para implementar de forma articulada.<\/p>\n\n\n\n<p>Al respecto, el presidente del Instituto, Pablo Macadam, expres\u00f3 que \u201cestamos convencidos de que fortalecer los procesos de auditor\u00eda m\u00e9dica es clave para mejorar la calidad de las prestaciones y el acompa\u00f1amiento que brindamos a nuestras afiliadas y afiliados\u201d.<\/p>\n\n\n\n<p>\u201cEsta instancia de encuentro con las Delegaciones nos permite construir soluciones desde el territorio, con una mirada integral y consensuada\u201d, enfatiz\u00f3 el funcionario.<\/p>\n\n\n\n<p>Este tipo de encuentros consolidan una pol\u00edtica de gesti\u00f3n basada en el trabajo conjunto, la cercan\u00eda con las realidades locales y la mejora continua del sistema de salud y seguridad social del ISSyS.<\/p>\n","protected":false},"excerpt":{"rendered":"<p>Con la participaci\u00f3n del Directorio en pleno e integrantes de sus delegaciones, el ISSyS llev\u00f3 adelante en Trelew una jornada institucional de trabajo en la que se abordaron ejes estrat\u00e9gicos&hellip; <\/p>\n","protected":false},"author":2,"featured_media":17505,"comment_status":"closed","ping_status":"closed","sticky":false,"template":"","format":"standard","meta":{"footnotes":""},"categories":[14],"tags":[],"class_list":["post-17506","post","type-post","status-publish","format-standard","has-post-thumbnail","hentry","category-provinciales"],"yoast_head":"<!-- This site is optimized with the Yoast SEO plugin v27.4 - https:\/\/yoast.com\/product\/yoast-seo-wordpress\/ -->\n<title>Seros trabaja en la mejora de procesos de Auditor\u00eda M\u00e9dica - FM Patagonia Madryn<\/title>\n<meta name=\"robots\" content=\"index, follow, max-snippet:-1, max-image-preview:large, max-video-preview:-1\" \/>\n<link rel=\"canonical\" href=\"https:\/\/fmpatagoniamadryn.com.ar\/?p=17506\" \/>\n<meta property=\"og:locale\" content=\"es_ES\" \/>\n<meta property=\"og:type\" content=\"article\" \/>\n<meta property=\"og:title\" content=\"Seros trabaja en la mejora de procesos de Auditor\u00eda M\u00e9dica - FM Patagonia Madryn\" \/>\n<meta property=\"og:description\" content=\"Con la participaci\u00f3n del Directorio en pleno e integrantes de sus delegaciones, el ISSyS llev\u00f3 adelante en Trelew una jornada institucional de trabajo en la que se abordaron ejes estrat\u00e9gicos&hellip;\" \/>\n<meta property=\"og:url\" content=\"https:\/\/fmpatagoniamadryn.com.ar\/?p=17506\" \/>\n<meta property=\"og:site_name\" content=\"FM Patagonia Madryn\" \/>\n<meta property=\"article:published_time\" content=\"2025-08-11T11:35:37+00:00\" \/>\n<meta property=\"og:image\" content=\"https:\/\/fmpatagoniamadryn.com.ar\/wp-content\/uploads\/2025\/08\/905039e6-0d00-49f7-8b37-e079eaeeb7cb.jpg\" \/>\n\t<meta property=\"og:image:width\" content=\"1280\" \/>\n\t<meta property=\"og:image:height\" content=\"650\" \/>\n\t<meta property=\"og:image:type\" content=\"image\/jpeg\" \/>\n<meta name=\"author\" content=\"FM Patagonia\" \/>\n<meta name=\"twitter:card\" content=\"summary_large_image\" \/>\n<meta name=\"twitter:label1\" content=\"Escrito por\" \/>\n\t<meta name=\"twitter:data1\" content=\"FM Patagonia\" \/>\n\t<meta name=\"twitter:label2\" content=\"Tiempo de lectura\" \/>\n\t<meta name=\"twitter:data2\" content=\"3 minutos\" \/>\n<script type=\"application\/ld+json\" class=\"yoast-schema-graph\">{\"@context\":\"https:\\\/\\\/schema.org\",\"@graph\":[{\"@type\":\"Article\",\"@id\":\"https:\\\/\\\/fmpatagoniamadryn.com.ar\\\/?p=17506#article\",\"isPartOf\":{\"@id\":\"https:\\\/\\\/fmpatagoniamadryn.com.ar\\\/?p=17506\"},\"author\":{\"name\":\"FM Patagonia\",\"@id\":\"https:\\\/\\\/fmpatagoniamadryn.com.ar\\\/#\\\/schema\\\/person\\\/8a3de4ad7efceacab06c1641c50303b7\"},\"headline\":\"Seros trabaja en la mejora de procesos de Auditor\u00eda M\u00e9dica\",\"datePublished\":\"2025-08-11T11:35:37+00:00\",\"mainEntityOfPage\":{\"@id\":\"https:\\\/\\\/fmpatagoniamadryn.com.ar\\\/?p=17506\"},\"wordCount\":527,\"publisher\":{\"@id\":\"https:\\\/\\\/fmpatagoniamadryn.com.ar\\\/#organization\"},\"image\":{\"@id\":\"https:\\\/\\\/fmpatagoniamadryn.com.ar\\\/?p=17506#primaryimage\"},\"thumbnailUrl\":\"https:\\\/\\\/fmpatagoniamadryn.com.ar\\\/wp-content\\\/uploads\\\/2025\\\/08\\\/905039e6-0d00-49f7-8b37-e079eaeeb7cb.jpg\",\"articleSection\":[\"Provinciales\"],\"inLanguage\":\"es\"},{\"@type\":\"WebPage\",\"@id\":\"https:\\\/\\\/fmpatagoniamadryn.com.ar\\\/?p=17506\",\"url\":\"https:\\\/\\\/fmpatagoniamadryn.com.ar\\\/?p=17506\",\"name\":\"Seros trabaja en la mejora de procesos de Auditor\u00eda M\u00e9dica - FM Patagonia Madryn\",\"isPartOf\":{\"@id\":\"https:\\\/\\\/fmpatagoniamadryn.com.ar\\\/#website\"},\"primaryImageOfPage\":{\"@id\":\"https:\\\/\\\/fmpatagoniamadryn.com.ar\\\/?p=17506#primaryimage\"},\"image\":{\"@id\":\"https:\\\/\\\/fmpatagoniamadryn.com.ar\\\/?p=17506#primaryimage\"},\"thumbnailUrl\":\"https:\\\/\\\/fmpatagoniamadryn.com.ar\\\/wp-content\\\/uploads\\\/2025\\\/08\\\/905039e6-0d00-49f7-8b37-e079eaeeb7cb.jpg\",\"datePublished\":\"2025-08-11T11:35:37+00:00\",\"breadcrumb\":{\"@id\":\"https:\\\/\\\/fmpatagoniamadryn.com.ar\\\/?p=17506#breadcrumb\"},\"inLanguage\":\"es\",\"potentialAction\":[{\"@type\":\"ReadAction\",\"target\":[\"https:\\\/\\\/fmpatagoniamadryn.com.ar\\\/?p=17506\"]}]},{\"@type\":\"ImageObject\",\"inLanguage\":\"es\",\"@id\":\"https:\\\/\\\/fmpatagoniamadryn.com.ar\\\/?p=17506#primaryimage\",\"url\":\"https:\\\/\\\/fmpatagoniamadryn.com.ar\\\/wp-content\\\/uploads\\\/2025\\\/08\\\/905039e6-0d00-49f7-8b37-e079eaeeb7cb.jpg\",\"contentUrl\":\"https:\\\/\\\/fmpatagoniamadryn.com.ar\\\/wp-content\\\/uploads\\\/2025\\\/08\\\/905039e6-0d00-49f7-8b37-e079eaeeb7cb.jpg\",\"width\":1280,\"height\":650},{\"@type\":\"BreadcrumbList\",\"@id\":\"https:\\\/\\\/fmpatagoniamadryn.com.ar\\\/?p=17506#breadcrumb\",\"itemListElement\":[{\"@type\":\"ListItem\",\"position\":1,\"name\":\"Portada\",\"item\":\"https:\\\/\\\/fmpatagoniamadryn.com.ar\\\/\"},{\"@type\":\"ListItem\",\"position\":2,\"name\":\"Seros trabaja en la mejora de procesos de Auditor\u00eda M\u00e9dica\"}]},{\"@type\":\"WebSite\",\"@id\":\"https:\\\/\\\/fmpatagoniamadryn.com.ar\\\/#website\",\"url\":\"https:\\\/\\\/fmpatagoniamadryn.com.ar\\\/\",\"name\":\"FM Patagonia Madryn\",\"description\":\"Radio Patagonia 105.5\",\"publisher\":{\"@id\":\"https:\\\/\\\/fmpatagoniamadryn.com.ar\\\/#organization\"},\"potentialAction\":[{\"@type\":\"SearchAction\",\"target\":{\"@type\":\"EntryPoint\",\"urlTemplate\":\"https:\\\/\\\/fmpatagoniamadryn.com.ar\\\/?s={search_term_string}\"},\"query-input\":{\"@type\":\"PropertyValueSpecification\",\"valueRequired\":true,\"valueName\":\"search_term_string\"}}],\"inLanguage\":\"es\"},{\"@type\":\"Organization\",\"@id\":\"https:\\\/\\\/fmpatagoniamadryn.com.ar\\\/#organization\",\"name\":\"FM Patagonia Madryn\",\"url\":\"https:\\\/\\\/fmpatagoniamadryn.com.ar\\\/\",\"logo\":{\"@type\":\"ImageObject\",\"inLanguage\":\"es\",\"@id\":\"https:\\\/\\\/fmpatagoniamadryn.com.ar\\\/#\\\/schema\\\/logo\\\/image\\\/\",\"url\":\"https:\\\/\\\/fmpatagoniamadryn.com.ar\\\/wp-content\\\/uploads\\\/2023\\\/01\\\/cropped-Diseno-sin-titulo.png\",\"contentUrl\":\"https:\\\/\\\/fmpatagoniamadryn.com.ar\\\/wp-content\\\/uploads\\\/2023\\\/01\\\/cropped-Diseno-sin-titulo.png\",\"width\":6911,\"height\":2657,\"caption\":\"FM Patagonia Madryn\"},\"image\":{\"@id\":\"https:\\\/\\\/fmpatagoniamadryn.com.ar\\\/#\\\/schema\\\/logo\\\/image\\\/\"}},{\"@type\":\"Person\",\"@id\":\"https:\\\/\\\/fmpatagoniamadryn.com.ar\\\/#\\\/schema\\\/person\\\/8a3de4ad7efceacab06c1641c50303b7\",\"name\":\"FM Patagonia\",\"url\":\"https:\\\/\\\/fmpatagoniamadryn.com.ar\\\/?author=2\"}]}<\/script>\n<!-- \/ Yoast SEO plugin. -->","yoast_head_json":{"title":"Seros trabaja en la mejora de procesos de Auditor\u00eda M\u00e9dica - FM Patagonia Madryn","robots":{"index":"index","follow":"follow","max-snippet":"max-snippet:-1","max-image-preview":"max-image-preview:large","max-video-preview":"max-video-preview:-1"},"canonical":"https:\/\/fmpatagoniamadryn.com.ar\/?p=17506","og_locale":"es_ES","og_type":"article","og_title":"Seros trabaja en la mejora de procesos de Auditor\u00eda M\u00e9dica - FM Patagonia Madryn","og_description":"Con la participaci\u00f3n del Directorio en pleno e integrantes de sus delegaciones, el ISSyS llev\u00f3 adelante en Trelew una jornada institucional de trabajo en la que se abordaron ejes estrat\u00e9gicos&hellip;","og_url":"https:\/\/fmpatagoniamadryn.com.ar\/?p=17506","og_site_name":"FM Patagonia Madryn","article_published_time":"2025-08-11T11:35:37+00:00","og_image":[{"width":1280,"height":650,"url":"https:\/\/fmpatagoniamadryn.com.ar\/wp-content\/uploads\/2025\/08\/905039e6-0d00-49f7-8b37-e079eaeeb7cb.jpg","type":"image\/jpeg"}],"author":"FM Patagonia","twitter_card":"summary_large_image","twitter_misc":{"Escrito por":"FM Patagonia","Tiempo de lectura":"3 minutos"},"schema":{"@context":"https:\/\/schema.org","@graph":[{"@type":"Article","@id":"https:\/\/fmpatagoniamadryn.com.ar\/?p=17506#article","isPartOf":{"@id":"https:\/\/fmpatagoniamadryn.com.ar\/?p=17506"},"author":{"name":"FM Patagonia","@id":"https:\/\/fmpatagoniamadryn.com.ar\/#\/schema\/person\/8a3de4ad7efceacab06c1641c50303b7"},"headline":"Seros trabaja en la mejora de procesos de Auditor\u00eda M\u00e9dica","datePublished":"2025-08-11T11:35:37+00:00","mainEntityOfPage":{"@id":"https:\/\/fmpatagoniamadryn.com.ar\/?p=17506"},"wordCount":527,"publisher":{"@id":"https:\/\/fmpatagoniamadryn.com.ar\/#organization"},"image":{"@id":"https:\/\/fmpatagoniamadryn.com.ar\/?p=17506#primaryimage"},"thumbnailUrl":"https:\/\/fmpatagoniamadryn.com.ar\/wp-content\/uploads\/2025\/08\/905039e6-0d00-49f7-8b37-e079eaeeb7cb.jpg","articleSection":["Provinciales"],"inLanguage":"es"},{"@type":"WebPage","@id":"https:\/\/fmpatagoniamadryn.com.ar\/?p=17506","url":"https:\/\/fmpatagoniamadryn.com.ar\/?p=17506","name":"Seros trabaja en la mejora de procesos de Auditor\u00eda M\u00e9dica - FM Patagonia Madryn","isPartOf":{"@id":"https:\/\/fmpatagoniamadryn.com.ar\/#website"},"primaryImageOfPage":{"@id":"https:\/\/fmpatagoniamadryn.com.ar\/?p=17506#primaryimage"},"image":{"@id":"https:\/\/fmpatagoniamadryn.com.ar\/?p=17506#primaryimage"},"thumbnailUrl":"https:\/\/fmpatagoniamadryn.com.ar\/wp-content\/uploads\/2025\/08\/905039e6-0d00-49f7-8b37-e079eaeeb7cb.jpg","datePublished":"2025-08-11T11:35:37+00:00","breadcrumb":{"@id":"https:\/\/fmpatagoniamadryn.com.ar\/?p=17506#breadcrumb"},"inLanguage":"es","potentialAction":[{"@type":"ReadAction","target":["https:\/\/fmpatagoniamadryn.com.ar\/?p=17506"]}]},{"@type":"ImageObject","inLanguage":"es","@id":"https:\/\/fmpatagoniamadryn.com.ar\/?p=17506#primaryimage","url":"https:\/\/fmpatagoniamadryn.com.ar\/wp-content\/uploads\/2025\/08\/905039e6-0d00-49f7-8b37-e079eaeeb7cb.jpg","contentUrl":"https:\/\/fmpatagoniamadryn.com.ar\/wp-content\/uploads\/2025\/08\/905039e6-0d00-49f7-8b37-e079eaeeb7cb.jpg","width":1280,"height":650},{"@type":"BreadcrumbList","@id":"https:\/\/fmpatagoniamadryn.com.ar\/?p=17506#breadcrumb","itemListElement":[{"@type":"ListItem","position":1,"name":"Portada","item":"https:\/\/fmpatagoniamadryn.com.ar\/"},{"@type":"ListItem","position":2,"name":"Seros trabaja en la mejora de procesos de Auditor\u00eda M\u00e9dica"}]},{"@type":"WebSite","@id":"https:\/\/fmpatagoniamadryn.com.ar\/#website","url":"https:\/\/fmpatagoniamadryn.com.ar\/","name":"FM Patagonia Madryn","description":"Radio Patagonia 105.5","publisher":{"@id":"https:\/\/fmpatagoniamadryn.com.ar\/#organization"},"potentialAction":[{"@type":"SearchAction","target":{"@type":"EntryPoint","urlTemplate":"https:\/\/fmpatagoniamadryn.com.ar\/?s={search_term_string}"},"query-input":{"@type":"PropertyValueSpecification","valueRequired":true,"valueName":"search_term_string"}}],"inLanguage":"es"},{"@type":"Organization","@id":"https:\/\/fmpatagoniamadryn.com.ar\/#organization","name":"FM Patagonia Madryn","url":"https:\/\/fmpatagoniamadryn.com.ar\/","logo":{"@type":"ImageObject","inLanguage":"es","@id":"https:\/\/fmpatagoniamadryn.com.ar\/#\/schema\/logo\/image\/","url":"https:\/\/fmpatagoniamadryn.com.ar\/wp-content\/uploads\/2023\/01\/cropped-Diseno-sin-titulo.png","contentUrl":"https:\/\/fmpatagoniamadryn.com.ar\/wp-content\/uploads\/2023\/01\/cropped-Diseno-sin-titulo.png","width":6911,"height":2657,"caption":"FM Patagonia Madryn"},"image":{"@id":"https:\/\/fmpatagoniamadryn.com.ar\/#\/schema\/logo\/image\/"}},{"@type":"Person","@id":"https:\/\/fmpatagoniamadryn.com.ar\/#\/schema\/person\/8a3de4ad7efceacab06c1641c50303b7","name":"FM Patagonia","url":"https:\/\/fmpatagoniamadryn.com.ar\/?author=2"}]}},"jetpack_featured_media_url":"https:\/\/fmpatagoniamadryn.com.ar\/wp-content\/uploads\/2025\/08\/905039e6-0d00-49f7-8b37-e079eaeeb7cb.jpg","_links":{"self":[{"href":"https:\/\/fmpatagoniamadryn.com.ar\/index.php?rest_route=\/wp\/v2\/posts\/17506","targetHints":{"allow":["GET"]}}],"collection":[{"href":"https:\/\/fmpatagoniamadryn.com.ar\/index.php?rest_route=\/wp\/v2\/posts"}],"about":[{"href":"https:\/\/fmpatagoniamadryn.com.ar\/index.php?rest_route=\/wp\/v2\/types\/post"}],"author":[{"embeddable":true,"href":"https:\/\/fmpatagoniamadryn.com.ar\/index.php?rest_route=\/wp\/v2\/users\/2"}],"replies":[{"embeddable":true,"href":"https:\/\/fmpatagoniamadryn.com.ar\/index.php?rest_route=%2Fwp%2Fv2%2Fcomments&post=17506"}],"version-history":[{"count":1,"href":"https:\/\/fmpatagoniamadryn.com.ar\/index.php?rest_route=\/wp\/v2\/posts\/17506\/revisions"}],"predecessor-version":[{"id":17507,"href":"https:\/\/fmpatagoniamadryn.com.ar\/index.php?rest_route=\/wp\/v2\/posts\/17506\/revisions\/17507"}],"wp:featuredmedia":[{"embeddable":true,"href":"https:\/\/fmpatagoniamadryn.com.ar\/index.php?rest_route=\/wp\/v2\/media\/17505"}],"wp:attachment":[{"href":"https:\/\/fmpatagoniamadryn.com.ar\/index.php?rest_route=%2Fwp%2Fv2%2Fmedia&parent=17506"}],"wp:term":[{"taxonomy":"category","embeddable":true,"href":"https:\/\/fmpatagoniamadryn.com.ar\/index.php?rest_route=%2Fwp%2Fv2%2Fcategories&post=17506"},{"taxonomy":"post_tag","embeddable":true,"href":"https:\/\/fmpatagoniamadryn.com.ar\/index.php?rest_route=%2Fwp%2Fv2%2Ftags&post=17506"}],"curies":[{"name":"wp","href":"https:\/\/api.w.org\/{rel}","templated":true}]}}