{"id":17534,"date":"2025-08-12T13:00:54","date_gmt":"2025-08-12T16:00:54","guid":{"rendered":"https:\/\/fmpatagoniamadryn.com.ar\/?p=17534"},"modified":"2025-08-12T13:00:54","modified_gmt":"2025-08-12T16:00:54","slug":"la-biblioteca-municipal-incorporo-a-su-hemeroteca-la-coleccion-de-el-periodista-de-buenos-aires","status":"publish","type":"post","link":"https:\/\/fmpatagoniamadryn.com.ar\/?p=17534","title":{"rendered":"LA BIBLIOTECA MUNICIPAL INCORPOR\u00d3 A SU HEMEROTECA LA COLECCI\u00d3N DE \u201cEL PERIODISTA DE BUENOS AIRES\u201d"},"content":{"rendered":"\n<p><\/p>\n\n\n\n<p><em>La revista se public\u00f3 hasta 1989 y fue donada por Juan Manuel Ballesteros&nbsp;<\/em><\/p>\n\n\n\n<p>Recientemente, la Biblioteca Municipal Domingo Faustino Sarmiento de Puerto Madryn recibi\u00f3 una valiosa donaci\u00f3n que fortalece su patrimonio cultural y est\u00e1 disponible para toda la comunidad. Se trata de la colecci\u00f3n casi completa de la revista \u201cEl Periodista de Buenos Aires\u201d, un medio de referencia en la d\u00e9cada del 80 por su mirada cr\u00edtica y su aporte a la construcci\u00f3n de la democracia.<\/p>\n\n\n\n<p>La gesti\u00f3n se concret\u00f3 gracias a la colaboraci\u00f3n de Sandro Alcacer y Viviana D\u2019amico, quienes intercedieron para que Juan Manuel Ballesteros donara su colecci\u00f3n personal, que abarca desde el n\u00famero 1 (septiembre de 1984) hasta el n\u00famero 193 (mayo de 1988). La revista, publicada por \u201cEdiciones de la Urraca\u201d, estuvo hasta 1989.<\/p>\n\n\n\n<p>Sobre su v\u00ednculo con la publicaci\u00f3n, Ballesteros expres\u00f3 que \u201c&#8217;El Periodista de Buenos Aires` fue un gran acompa\u00f1amiento para quienes busc\u00e1bamos ir m\u00e1s all\u00e1 de los medios tradicionales. Ayudaba a comprender nuestra joven democracia recuperada. Recuerdo reuniones con amigos donde, entre mates o asados, alguna nota generaba debate despu\u00e9s de ser le\u00edda en voz alta. No solo brindaba informaci\u00f3n, sino tambi\u00e9n an\u00e1lisis y opini\u00f3n, lo que invitaba a pensar y a discutir\u201d.<\/p>\n\n\n\n<p>La Subsecretar\u00eda de Cultura de la Municipalidad de Puerto Madryn agradeci\u00f3 tambi\u00e9n a Transportes Uni\u00f3n, que realiz\u00f3 el traslado desde Buenos Aires sin cargo.&nbsp;<\/p>\n\n\n\n<p>La colecci\u00f3n ya est\u00e1 disponible en la hemeroteca de la Biblioteca Sarmiento para ser consultada en sala, de lunes a&nbsp;viernes de 8:30 a 14 horas.<\/p>\n","protected":false},"excerpt":{"rendered":"<p>La revista se public\u00f3 hasta 1989 y fue donada por Juan Manuel Ballesteros&nbsp; Recientemente, la Biblioteca Municipal Domingo Faustino Sarmiento de Puerto Madryn recibi\u00f3 una valiosa donaci\u00f3n que fortalece su&hellip; <\/p>\n","protected":false},"author":2,"featured_media":17533,"comment_status":"closed","ping_status":"closed","sticky":false,"template":"","format":"standard","meta":{"footnotes":""},"categories":[15],"tags":[],"class_list":["post-17534","post","type-post","status-publish","format-standard","has-post-thumbnail","hentry","category-locales"],"yoast_head":"<!-- This site is optimized with the Yoast SEO plugin v27.4 - https:\/\/yoast.com\/product\/yoast-seo-wordpress\/ -->\n<title>LA BIBLIOTECA MUNICIPAL INCORPOR\u00d3 A SU HEMEROTECA LA COLECCI\u00d3N DE \u201cEL PERIODISTA DE BUENOS AIRES\u201d - FM Patagonia Madryn<\/title>\n<meta name=\"robots\" content=\"index, follow, max-snippet:-1, max-image-preview:large, max-video-preview:-1\" \/>\n<link rel=\"canonical\" href=\"https:\/\/fmpatagoniamadryn.com.ar\/?p=17534\" \/>\n<meta property=\"og:locale\" content=\"es_ES\" \/>\n<meta property=\"og:type\" content=\"article\" \/>\n<meta property=\"og:title\" content=\"LA BIBLIOTECA MUNICIPAL INCORPOR\u00d3 A SU HEMEROTECA LA COLECCI\u00d3N DE \u201cEL PERIODISTA DE BUENOS AIRES\u201d - FM Patagonia Madryn\" \/>\n<meta property=\"og:description\" content=\"La revista se public\u00f3 hasta 1989 y fue donada por Juan Manuel Ballesteros&nbsp; Recientemente, la Biblioteca Municipal Domingo Faustino Sarmiento de Puerto Madryn recibi\u00f3 una valiosa donaci\u00f3n que fortalece su&hellip;\" \/>\n<meta property=\"og:url\" content=\"https:\/\/fmpatagoniamadryn.com.ar\/?p=17534\" \/>\n<meta property=\"og:site_name\" content=\"FM Patagonia Madryn\" \/>\n<meta property=\"article:published_time\" content=\"2025-08-12T16:00:54+00:00\" \/>\n<meta property=\"og:image\" content=\"https:\/\/fmpatagoniamadryn.com.ar\/wp-content\/uploads\/2025\/08\/img_2166.jpg\" \/>\n\t<meta property=\"og:image:width\" content=\"1200\" \/>\n\t<meta property=\"og:image:height\" content=\"1600\" \/>\n\t<meta property=\"og:image:type\" content=\"image\/jpeg\" \/>\n<meta name=\"author\" content=\"FM Patagonia\" \/>\n<meta name=\"twitter:card\" content=\"summary_large_image\" \/>\n<meta name=\"twitter:label1\" content=\"Escrito por\" \/>\n\t<meta name=\"twitter:data1\" content=\"FM Patagonia\" \/>\n\t<meta name=\"twitter:label2\" content=\"Tiempo de lectura\" \/>\n\t<meta name=\"twitter:data2\" content=\"1 minuto\" \/>\n<script type=\"application\/ld+json\" class=\"yoast-schema-graph\">{\"@context\":\"https:\\\/\\\/schema.org\",\"@graph\":[{\"@type\":\"Article\",\"@id\":\"https:\\\/\\\/fmpatagoniamadryn.com.ar\\\/?p=17534#article\",\"isPartOf\":{\"@id\":\"https:\\\/\\\/fmpatagoniamadryn.com.ar\\\/?p=17534\"},\"author\":{\"name\":\"FM Patagonia\",\"@id\":\"https:\\\/\\\/fmpatagoniamadryn.com.ar\\\/#\\\/schema\\\/person\\\/8a3de4ad7efceacab06c1641c50303b7\"},\"headline\":\"LA BIBLIOTECA MUNICIPAL INCORPOR\u00d3 A SU HEMEROTECA LA COLECCI\u00d3N DE \u201cEL PERIODISTA DE BUENOS AIRES\u201d\",\"datePublished\":\"2025-08-12T16:00:54+00:00\",\"mainEntityOfPage\":{\"@id\":\"https:\\\/\\\/fmpatagoniamadryn.com.ar\\\/?p=17534\"},\"wordCount\":286,\"publisher\":{\"@id\":\"https:\\\/\\\/fmpatagoniamadryn.com.ar\\\/#organization\"},\"image\":{\"@id\":\"https:\\\/\\\/fmpatagoniamadryn.com.ar\\\/?p=17534#primaryimage\"},\"thumbnailUrl\":\"https:\\\/\\\/fmpatagoniamadryn.com.ar\\\/wp-content\\\/uploads\\\/2025\\\/08\\\/img_2166.jpg\",\"articleSection\":[\"Locales\"],\"inLanguage\":\"es\"},{\"@type\":\"WebPage\",\"@id\":\"https:\\\/\\\/fmpatagoniamadryn.com.ar\\\/?p=17534\",\"url\":\"https:\\\/\\\/fmpatagoniamadryn.com.ar\\\/?p=17534\",\"name\":\"LA BIBLIOTECA MUNICIPAL INCORPOR\u00d3 A SU HEMEROTECA LA COLECCI\u00d3N DE \u201cEL PERIODISTA DE BUENOS AIRES\u201d - FM Patagonia Madryn\",\"isPartOf\":{\"@id\":\"https:\\\/\\\/fmpatagoniamadryn.com.ar\\\/#website\"},\"primaryImageOfPage\":{\"@id\":\"https:\\\/\\\/fmpatagoniamadryn.com.ar\\\/?p=17534#primaryimage\"},\"image\":{\"@id\":\"https:\\\/\\\/fmpatagoniamadryn.com.ar\\\/?p=17534#primaryimage\"},\"thumbnailUrl\":\"https:\\\/\\\/fmpatagoniamadryn.com.ar\\\/wp-content\\\/uploads\\\/2025\\\/08\\\/img_2166.jpg\",\"datePublished\":\"2025-08-12T16:00:54+00:00\",\"breadcrumb\":{\"@id\":\"https:\\\/\\\/fmpatagoniamadryn.com.ar\\\/?p=17534#breadcrumb\"},\"inLanguage\":\"es\",\"potentialAction\":[{\"@type\":\"ReadAction\",\"target\":[\"https:\\\/\\\/fmpatagoniamadryn.com.ar\\\/?p=17534\"]}]},{\"@type\":\"ImageObject\",\"inLanguage\":\"es\",\"@id\":\"https:\\\/\\\/fmpatagoniamadryn.com.ar\\\/?p=17534#primaryimage\",\"url\":\"https:\\\/\\\/fmpatagoniamadryn.com.ar\\\/wp-content\\\/uploads\\\/2025\\\/08\\\/img_2166.jpg\",\"contentUrl\":\"https:\\\/\\\/fmpatagoniamadryn.com.ar\\\/wp-content\\\/uploads\\\/2025\\\/08\\\/img_2166.jpg\",\"width\":1200,\"height\":1600},{\"@type\":\"BreadcrumbList\",\"@id\":\"https:\\\/\\\/fmpatagoniamadryn.com.ar\\\/?p=17534#breadcrumb\",\"itemListElement\":[{\"@type\":\"ListItem\",\"position\":1,\"name\":\"Portada\",\"item\":\"https:\\\/\\\/fmpatagoniamadryn.com.ar\\\/\"},{\"@type\":\"ListItem\",\"position\":2,\"name\":\"LA BIBLIOTECA MUNICIPAL INCORPOR\u00d3 A SU HEMEROTECA LA COLECCI\u00d3N DE \u201cEL PERIODISTA DE BUENOS AIRES\u201d\"}]},{\"@type\":\"WebSite\",\"@id\":\"https:\\\/\\\/fmpatagoniamadryn.com.ar\\\/#website\",\"url\":\"https:\\\/\\\/fmpatagoniamadryn.com.ar\\\/\",\"name\":\"FM Patagonia Madryn\",\"description\":\"Radio Patagonia 105.5\",\"publisher\":{\"@id\":\"https:\\\/\\\/fmpatagoniamadryn.com.ar\\\/#organization\"},\"potentialAction\":[{\"@type\":\"SearchAction\",\"target\":{\"@type\":\"EntryPoint\",\"urlTemplate\":\"https:\\\/\\\/fmpatagoniamadryn.com.ar\\\/?s={search_term_string}\"},\"query-input\":{\"@type\":\"PropertyValueSpecification\",\"valueRequired\":true,\"valueName\":\"search_term_string\"}}],\"inLanguage\":\"es\"},{\"@type\":\"Organization\",\"@id\":\"https:\\\/\\\/fmpatagoniamadryn.com.ar\\\/#organization\",\"name\":\"FM Patagonia Madryn\",\"url\":\"https:\\\/\\\/fmpatagoniamadryn.com.ar\\\/\",\"logo\":{\"@type\":\"ImageObject\",\"inLanguage\":\"es\",\"@id\":\"https:\\\/\\\/fmpatagoniamadryn.com.ar\\\/#\\\/schema\\\/logo\\\/image\\\/\",\"url\":\"https:\\\/\\\/fmpatagoniamadryn.com.ar\\\/wp-content\\\/uploads\\\/2023\\\/01\\\/cropped-Diseno-sin-titulo.png\",\"contentUrl\":\"https:\\\/\\\/fmpatagoniamadryn.com.ar\\\/wp-content\\\/uploads\\\/2023\\\/01\\\/cropped-Diseno-sin-titulo.png\",\"width\":6911,\"height\":2657,\"caption\":\"FM Patagonia Madryn\"},\"image\":{\"@id\":\"https:\\\/\\\/fmpatagoniamadryn.com.ar\\\/#\\\/schema\\\/logo\\\/image\\\/\"}},{\"@type\":\"Person\",\"@id\":\"https:\\\/\\\/fmpatagoniamadryn.com.ar\\\/#\\\/schema\\\/person\\\/8a3de4ad7efceacab06c1641c50303b7\",\"name\":\"FM Patagonia\",\"url\":\"https:\\\/\\\/fmpatagoniamadryn.com.ar\\\/?author=2\"}]}<\/script>\n<!-- \/ Yoast SEO plugin. -->","yoast_head_json":{"title":"LA BIBLIOTECA MUNICIPAL INCORPOR\u00d3 A SU HEMEROTECA LA COLECCI\u00d3N DE \u201cEL PERIODISTA DE BUENOS AIRES\u201d - FM Patagonia Madryn","robots":{"index":"index","follow":"follow","max-snippet":"max-snippet:-1","max-image-preview":"max-image-preview:large","max-video-preview":"max-video-preview:-1"},"canonical":"https:\/\/fmpatagoniamadryn.com.ar\/?p=17534","og_locale":"es_ES","og_type":"article","og_title":"LA BIBLIOTECA MUNICIPAL INCORPOR\u00d3 A SU HEMEROTECA LA COLECCI\u00d3N DE \u201cEL PERIODISTA DE BUENOS AIRES\u201d - FM Patagonia Madryn","og_description":"La revista se public\u00f3 hasta 1989 y fue donada por Juan Manuel Ballesteros&nbsp; Recientemente, la Biblioteca Municipal Domingo Faustino Sarmiento de Puerto Madryn recibi\u00f3 una valiosa donaci\u00f3n que fortalece su&hellip;","og_url":"https:\/\/fmpatagoniamadryn.com.ar\/?p=17534","og_site_name":"FM Patagonia Madryn","article_published_time":"2025-08-12T16:00:54+00:00","og_image":[{"width":1200,"height":1600,"url":"https:\/\/fmpatagoniamadryn.com.ar\/wp-content\/uploads\/2025\/08\/img_2166.jpg","type":"image\/jpeg"}],"author":"FM Patagonia","twitter_card":"summary_large_image","twitter_misc":{"Escrito por":"FM Patagonia","Tiempo de lectura":"1 minuto"},"schema":{"@context":"https:\/\/schema.org","@graph":[{"@type":"Article","@id":"https:\/\/fmpatagoniamadryn.com.ar\/?p=17534#article","isPartOf":{"@id":"https:\/\/fmpatagoniamadryn.com.ar\/?p=17534"},"author":{"name":"FM Patagonia","@id":"https:\/\/fmpatagoniamadryn.com.ar\/#\/schema\/person\/8a3de4ad7efceacab06c1641c50303b7"},"headline":"LA BIBLIOTECA MUNICIPAL INCORPOR\u00d3 A SU HEMEROTECA LA COLECCI\u00d3N DE \u201cEL PERIODISTA DE BUENOS AIRES\u201d","datePublished":"2025-08-12T16:00:54+00:00","mainEntityOfPage":{"@id":"https:\/\/fmpatagoniamadryn.com.ar\/?p=17534"},"wordCount":286,"publisher":{"@id":"https:\/\/fmpatagoniamadryn.com.ar\/#organization"},"image":{"@id":"https:\/\/fmpatagoniamadryn.com.ar\/?p=17534#primaryimage"},"thumbnailUrl":"https:\/\/fmpatagoniamadryn.com.ar\/wp-content\/uploads\/2025\/08\/img_2166.jpg","articleSection":["Locales"],"inLanguage":"es"},{"@type":"WebPage","@id":"https:\/\/fmpatagoniamadryn.com.ar\/?p=17534","url":"https:\/\/fmpatagoniamadryn.com.ar\/?p=17534","name":"LA BIBLIOTECA MUNICIPAL INCORPOR\u00d3 A SU HEMEROTECA LA COLECCI\u00d3N DE \u201cEL PERIODISTA DE BUENOS AIRES\u201d - FM Patagonia Madryn","isPartOf":{"@id":"https:\/\/fmpatagoniamadryn.com.ar\/#website"},"primaryImageOfPage":{"@id":"https:\/\/fmpatagoniamadryn.com.ar\/?p=17534#primaryimage"},"image":{"@id":"https:\/\/fmpatagoniamadryn.com.ar\/?p=17534#primaryimage"},"thumbnailUrl":"https:\/\/fmpatagoniamadryn.com.ar\/wp-content\/uploads\/2025\/08\/img_2166.jpg","datePublished":"2025-08-12T16:00:54+00:00","breadcrumb":{"@id":"https:\/\/fmpatagoniamadryn.com.ar\/?p=17534#breadcrumb"},"inLanguage":"es","potentialAction":[{"@type":"ReadAction","target":["https:\/\/fmpatagoniamadryn.com.ar\/?p=17534"]}]},{"@type":"ImageObject","inLanguage":"es","@id":"https:\/\/fmpatagoniamadryn.com.ar\/?p=17534#primaryimage","url":"https:\/\/fmpatagoniamadryn.com.ar\/wp-content\/uploads\/2025\/08\/img_2166.jpg","contentUrl":"https:\/\/fmpatagoniamadryn.com.ar\/wp-content\/uploads\/2025\/08\/img_2166.jpg","width":1200,"height":1600},{"@type":"BreadcrumbList","@id":"https:\/\/fmpatagoniamadryn.com.ar\/?p=17534#breadcrumb","itemListElement":[{"@type":"ListItem","position":1,"name":"Portada","item":"https:\/\/fmpatagoniamadryn.com.ar\/"},{"@type":"ListItem","position":2,"name":"LA BIBLIOTECA MUNICIPAL INCORPOR\u00d3 A SU HEMEROTECA LA COLECCI\u00d3N DE \u201cEL PERIODISTA DE BUENOS AIRES\u201d"}]},{"@type":"WebSite","@id":"https:\/\/fmpatagoniamadryn.com.ar\/#website","url":"https:\/\/fmpatagoniamadryn.com.ar\/","name":"FM Patagonia Madryn","description":"Radio Patagonia 105.5","publisher":{"@id":"https:\/\/fmpatagoniamadryn.com.ar\/#organization"},"potentialAction":[{"@type":"SearchAction","target":{"@type":"EntryPoint","urlTemplate":"https:\/\/fmpatagoniamadryn.com.ar\/?s={search_term_string}"},"query-input":{"@type":"PropertyValueSpecification","valueRequired":true,"valueName":"search_term_string"}}],"inLanguage":"es"},{"@type":"Organization","@id":"https:\/\/fmpatagoniamadryn.com.ar\/#organization","name":"FM Patagonia Madryn","url":"https:\/\/fmpatagoniamadryn.com.ar\/","logo":{"@type":"ImageObject","inLanguage":"es","@id":"https:\/\/fmpatagoniamadryn.com.ar\/#\/schema\/logo\/image\/","url":"https:\/\/fmpatagoniamadryn.com.ar\/wp-content\/uploads\/2023\/01\/cropped-Diseno-sin-titulo.png","contentUrl":"https:\/\/fmpatagoniamadryn.com.ar\/wp-content\/uploads\/2023\/01\/cropped-Diseno-sin-titulo.png","width":6911,"height":2657,"caption":"FM Patagonia Madryn"},"image":{"@id":"https:\/\/fmpatagoniamadryn.com.ar\/#\/schema\/logo\/image\/"}},{"@type":"Person","@id":"https:\/\/fmpatagoniamadryn.com.ar\/#\/schema\/person\/8a3de4ad7efceacab06c1641c50303b7","name":"FM Patagonia","url":"https:\/\/fmpatagoniamadryn.com.ar\/?author=2"}]}},"jetpack_featured_media_url":"https:\/\/fmpatagoniamadryn.com.ar\/wp-content\/uploads\/2025\/08\/img_2166.jpg","_links":{"self":[{"href":"https:\/\/fmpatagoniamadryn.com.ar\/index.php?rest_route=\/wp\/v2\/posts\/17534","targetHints":{"allow":["GET"]}}],"collection":[{"href":"https:\/\/fmpatagoniamadryn.com.ar\/index.php?rest_route=\/wp\/v2\/posts"}],"about":[{"href":"https:\/\/fmpatagoniamadryn.com.ar\/index.php?rest_route=\/wp\/v2\/types\/post"}],"author":[{"embeddable":true,"href":"https:\/\/fmpatagoniamadryn.com.ar\/index.php?rest_route=\/wp\/v2\/users\/2"}],"replies":[{"embeddable":true,"href":"https:\/\/fmpatagoniamadryn.com.ar\/index.php?rest_route=%2Fwp%2Fv2%2Fcomments&post=17534"}],"version-history":[{"count":1,"href":"https:\/\/fmpatagoniamadryn.com.ar\/index.php?rest_route=\/wp\/v2\/posts\/17534\/revisions"}],"predecessor-version":[{"id":17535,"href":"https:\/\/fmpatagoniamadryn.com.ar\/index.php?rest_route=\/wp\/v2\/posts\/17534\/revisions\/17535"}],"wp:featuredmedia":[{"embeddable":true,"href":"https:\/\/fmpatagoniamadryn.com.ar\/index.php?rest_route=\/wp\/v2\/media\/17533"}],"wp:attachment":[{"href":"https:\/\/fmpatagoniamadryn.com.ar\/index.php?rest_route=%2Fwp%2Fv2%2Fmedia&parent=17534"}],"wp:term":[{"taxonomy":"category","embeddable":true,"href":"https:\/\/fmpatagoniamadryn.com.ar\/index.php?rest_route=%2Fwp%2Fv2%2Fcategories&post=17534"},{"taxonomy":"post_tag","embeddable":true,"href":"https:\/\/fmpatagoniamadryn.com.ar\/index.php?rest_route=%2Fwp%2Fv2%2Ftags&post=17534"}],"curies":[{"name":"wp","href":"https:\/\/api.w.org\/{rel}","templated":true}]}}