{"id":17540,"date":"2025-08-13T10:31:09","date_gmt":"2025-08-13T13:31:09","guid":{"rendered":"https:\/\/fmpatagoniamadryn.com.ar\/?p=17540"},"modified":"2025-08-13T10:31:09","modified_gmt":"2025-08-13T13:31:09","slug":"provincia-realizo-en-el-hospital-zonal-de-puerto-madryn-jornadas-por-la-semana-mundial-de-la-lactancia","status":"publish","type":"post","link":"https:\/\/fmpatagoniamadryn.com.ar\/?p=17540","title":{"rendered":"Provincia realiz\u00f3 en el Hospital Zonal de Puerto Madryn Jornadas por la Semana Mundial de la Lactancia"},"content":{"rendered":"\n<p><\/p>\n\n\n\n<p><em>Reuni\u00f3 a equipos de salud de toda la provincia en un espacio de capacitaci\u00f3n e intercambio, con la participaci\u00f3n de la secretaria de Salud, Denise Acosta, y la destacada especialista nacional e internacional en lactancia materna, M\u00f3nica Tesone.<\/em><br \/>Con una importante convocatoria, la gesti\u00f3n del gobernador Ignacio \u201cNacho\u201d Torres llev\u00f3 adelante, a trav\u00e9s de la Secretar\u00eda de Salud, las Jornadas por la Semana Mundial de la Lactancia en el Hospital Zonal \u201cDr. Andr\u00e9s \u00cdsola\u201d de Puerto Madryn, contando con las presencias de la titular de la cartera sanitaria provincial, Denise Acosta, y la destacada especialista nacional e internacional en lactancia materna, M\u00f3nica Tesone, entre otros.<\/p>\n\n\n\n<p>Con modalidad presencial y transmisi\u00f3n virtual para equipos de salud de primer y segundo nivel de toda la provincia, la actividad tambi\u00e9n cont\u00f3 con la participaci\u00f3n de la referente provincial de lactancia, Paula Mart\u00ednez, y la directora provincial de Maternidad, Infancia y Adolescencia, Silvina Leiva, junto a otras autoridades y referentes provinciales.<\/p>\n\n\n\n<p><strong>Detalles de la actividad<\/strong><\/p>\n\n\n\n<p>Durante la primera jornada se desarroll\u00f3 un encuentro virtual que reuni\u00f3 a los comit\u00e9s de lactancia de los hospitales cabecera. Fue un espacio de intercambio donde se compartieron experiencias, desaf\u00edos y datos relevados en terreno por las trabajadoras comunitarias de salud. Adem\u00e1s, se present\u00f3 el lema \u201cPrioricemos la Lactancia, construyendo sistemas de apoyo sostenible\u201d y se repas\u00f3 el trabajo realizado por la Comisi\u00f3n Provincial de Lactancia.<\/p>\n\n\n\n<p>Paula Mart\u00ednez destac\u00f3 el crecimiento sostenido del trabajo de los comit\u00e9s en la provincia, impulsado por la Ley Provincial de Lactancia sancionada en 2019, que permiti\u00f3 ampliar las iniciativas amigas de la lactancia y sumar cada vez m\u00e1s profesionales comprometidos con la promoci\u00f3n, protecci\u00f3n y apoyo a la lactancia materna.<\/p>\n\n\n\n<p>Durante la segunda jornada, el auditorio del Hospital Zonal \u201cDr. Andr\u00e9s \u00cdsola\u201d -acreditado en 2023 como Hospital Amigo de la Lactancia- fue el escenario del cierre de las actividades, transmitido en vivo por Zoom para toda la provincia. La secretaria de Salud, Denise Acosta, encabez\u00f3 la presentaci\u00f3n, acompa\u00f1ada por autoridades y equipos de distintas localidades, dando paso a la disertaci\u00f3n de M\u00f3nica Tesone, profesional de reconocida trayectoria en lactancia a nivel nacional e internacional, integrante del Comit\u00e9 M\u00e9dico Asesor de la Liga Internacional de la Leche y del Comit\u00e9 Nacional de Lactancia de la Sociedad Argentina de Pediatr\u00eda.<\/p>\n\n\n\n<p>Tesone abord\u00f3 los temas \u201cAmamantamiento en la Primera Hora de Vida y Efectos de las Rutinas del Parto en la Lactancia Materna\u201d y \u201cLactancia Materna, Sexualidad, Pasi\u00f3n y Placer\u201d, resaltando que la lactancia no solo nutre, sino que fortalece el v\u00ednculo madre-hijo, favorece el apego, mejora la salud f\u00edsica y emocional de ambos y genera beneficios que se extienden a lo largo de toda la vida.<\/p>\n\n\n\n<p><strong>Importancia de los encuentros<\/strong><\/p>\n\n\n\n<p>Cabe destacar que la organizaci\u00f3n cont\u00f3 con el acompa\u00f1amiento de Aluar, la Asociaci\u00f3n Amigos del Hospital y el Hotel Pen\u00ednsula, que colaboraron para hacer posible el encuentro.<\/p>\n\n\n\n<p>Estos dos encuentros permitieron compartir experiencias, actualizar conocimientos y fortalecer la red provincial de lactancia materna, con el objetivo de garantizar el mejor inicio para cada ni\u00f1a y ni\u00f1o de Chubut.<\/p>\n\n\n\n<p>Adem\u00e1s, en el marco de la Semana Mundial de la Lactancia, se llevaron a cabo numerosas actividades en los establecimientos de salud de la provincia, algunas dirigidas a la comunidad y otras orientadas a la capacitaci\u00f3n y actualizaci\u00f3n de los equipos de salud en la tem\u00e1tica, reforzando el compromiso con la promoci\u00f3n, protecci\u00f3n y apoyo a esta pr\u00e1ctica.<\/p>\n\n\n\n<p><\/p>\n","protected":false},"excerpt":{"rendered":"<p>Reuni\u00f3 a equipos de salud de toda la provincia en un espacio de capacitaci\u00f3n e intercambio, con la participaci\u00f3n de la secretaria de Salud, Denise Acosta, y la destacada especialista&hellip; <\/p>\n","protected":false},"author":2,"featured_media":17539,"comment_status":"closed","ping_status":"closed","sticky":false,"template":"","format":"standard","meta":{"footnotes":""},"categories":[15],"tags":[],"class_list":["post-17540","post","type-post","status-publish","format-standard","has-post-thumbnail","hentry","category-locales"],"yoast_head":"<!-- This site is optimized with the Yoast SEO plugin v27.4 - https:\/\/yoast.com\/product\/yoast-seo-wordpress\/ -->\n<title>Provincia realiz\u00f3 en el Hospital Zonal de Puerto Madryn Jornadas por la Semana Mundial de la Lactancia - FM Patagonia Madryn<\/title>\n<meta name=\"robots\" content=\"index, follow, max-snippet:-1, max-image-preview:large, max-video-preview:-1\" \/>\n<link rel=\"canonical\" href=\"https:\/\/fmpatagoniamadryn.com.ar\/?p=17540\" \/>\n<meta property=\"og:locale\" content=\"es_ES\" \/>\n<meta property=\"og:type\" content=\"article\" \/>\n<meta property=\"og:title\" content=\"Provincia realiz\u00f3 en el Hospital Zonal de Puerto Madryn Jornadas por la Semana Mundial de la Lactancia - FM Patagonia Madryn\" \/>\n<meta property=\"og:description\" content=\"Reuni\u00f3 a equipos de salud de toda la provincia en un espacio de capacitaci\u00f3n e intercambio, con la participaci\u00f3n de la secretaria de Salud, Denise Acosta, y la destacada especialista&hellip;\" \/>\n<meta property=\"og:url\" content=\"https:\/\/fmpatagoniamadryn.com.ar\/?p=17540\" \/>\n<meta property=\"og:site_name\" content=\"FM Patagonia Madryn\" \/>\n<meta property=\"article:published_time\" content=\"2025-08-13T13:31:09+00:00\" \/>\n<meta property=\"og:image\" content=\"https:\/\/fmpatagoniamadryn.com.ar\/wp-content\/uploads\/2025\/08\/img_2233.jpg\" \/>\n\t<meta property=\"og:image:width\" content=\"1280\" \/>\n\t<meta property=\"og:image:height\" content=\"720\" \/>\n\t<meta property=\"og:image:type\" content=\"image\/jpeg\" \/>\n<meta name=\"author\" content=\"FM Patagonia\" \/>\n<meta name=\"twitter:card\" content=\"summary_large_image\" \/>\n<meta name=\"twitter:label1\" content=\"Escrito por\" \/>\n\t<meta name=\"twitter:data1\" content=\"FM Patagonia\" \/>\n\t<meta name=\"twitter:label2\" content=\"Tiempo de lectura\" \/>\n\t<meta name=\"twitter:data2\" content=\"3 minutos\" \/>\n<script type=\"application\/ld+json\" class=\"yoast-schema-graph\">{\"@context\":\"https:\\\/\\\/schema.org\",\"@graph\":[{\"@type\":\"Article\",\"@id\":\"https:\\\/\\\/fmpatagoniamadryn.com.ar\\\/?p=17540#article\",\"isPartOf\":{\"@id\":\"https:\\\/\\\/fmpatagoniamadryn.com.ar\\\/?p=17540\"},\"author\":{\"name\":\"FM Patagonia\",\"@id\":\"https:\\\/\\\/fmpatagoniamadryn.com.ar\\\/#\\\/schema\\\/person\\\/8a3de4ad7efceacab06c1641c50303b7\"},\"headline\":\"Provincia realiz\u00f3 en el Hospital Zonal de Puerto Madryn Jornadas por la Semana Mundial de la Lactancia\",\"datePublished\":\"2025-08-13T13:31:09+00:00\",\"mainEntityOfPage\":{\"@id\":\"https:\\\/\\\/fmpatagoniamadryn.com.ar\\\/?p=17540\"},\"wordCount\":620,\"publisher\":{\"@id\":\"https:\\\/\\\/fmpatagoniamadryn.com.ar\\\/#organization\"},\"image\":{\"@id\":\"https:\\\/\\\/fmpatagoniamadryn.com.ar\\\/?p=17540#primaryimage\"},\"thumbnailUrl\":\"https:\\\/\\\/fmpatagoniamadryn.com.ar\\\/wp-content\\\/uploads\\\/2025\\\/08\\\/img_2233.jpg\",\"articleSection\":[\"Locales\"],\"inLanguage\":\"es\"},{\"@type\":\"WebPage\",\"@id\":\"https:\\\/\\\/fmpatagoniamadryn.com.ar\\\/?p=17540\",\"url\":\"https:\\\/\\\/fmpatagoniamadryn.com.ar\\\/?p=17540\",\"name\":\"Provincia realiz\u00f3 en el Hospital Zonal de Puerto Madryn Jornadas por la Semana Mundial de la Lactancia - FM Patagonia Madryn\",\"isPartOf\":{\"@id\":\"https:\\\/\\\/fmpatagoniamadryn.com.ar\\\/#website\"},\"primaryImageOfPage\":{\"@id\":\"https:\\\/\\\/fmpatagoniamadryn.com.ar\\\/?p=17540#primaryimage\"},\"image\":{\"@id\":\"https:\\\/\\\/fmpatagoniamadryn.com.ar\\\/?p=17540#primaryimage\"},\"thumbnailUrl\":\"https:\\\/\\\/fmpatagoniamadryn.com.ar\\\/wp-content\\\/uploads\\\/2025\\\/08\\\/img_2233.jpg\",\"datePublished\":\"2025-08-13T13:31:09+00:00\",\"breadcrumb\":{\"@id\":\"https:\\\/\\\/fmpatagoniamadryn.com.ar\\\/?p=17540#breadcrumb\"},\"inLanguage\":\"es\",\"potentialAction\":[{\"@type\":\"ReadAction\",\"target\":[\"https:\\\/\\\/fmpatagoniamadryn.com.ar\\\/?p=17540\"]}]},{\"@type\":\"ImageObject\",\"inLanguage\":\"es\",\"@id\":\"https:\\\/\\\/fmpatagoniamadryn.com.ar\\\/?p=17540#primaryimage\",\"url\":\"https:\\\/\\\/fmpatagoniamadryn.com.ar\\\/wp-content\\\/uploads\\\/2025\\\/08\\\/img_2233.jpg\",\"contentUrl\":\"https:\\\/\\\/fmpatagoniamadryn.com.ar\\\/wp-content\\\/uploads\\\/2025\\\/08\\\/img_2233.jpg\",\"width\":1280,\"height\":720},{\"@type\":\"BreadcrumbList\",\"@id\":\"https:\\\/\\\/fmpatagoniamadryn.com.ar\\\/?p=17540#breadcrumb\",\"itemListElement\":[{\"@type\":\"ListItem\",\"position\":1,\"name\":\"Portada\",\"item\":\"https:\\\/\\\/fmpatagoniamadryn.com.ar\\\/\"},{\"@type\":\"ListItem\",\"position\":2,\"name\":\"Provincia realiz\u00f3 en el Hospital Zonal de Puerto Madryn Jornadas por la Semana Mundial de la Lactancia\"}]},{\"@type\":\"WebSite\",\"@id\":\"https:\\\/\\\/fmpatagoniamadryn.com.ar\\\/#website\",\"url\":\"https:\\\/\\\/fmpatagoniamadryn.com.ar\\\/\",\"name\":\"FM Patagonia Madryn\",\"description\":\"Radio Patagonia 105.5\",\"publisher\":{\"@id\":\"https:\\\/\\\/fmpatagoniamadryn.com.ar\\\/#organization\"},\"potentialAction\":[{\"@type\":\"SearchAction\",\"target\":{\"@type\":\"EntryPoint\",\"urlTemplate\":\"https:\\\/\\\/fmpatagoniamadryn.com.ar\\\/?s={search_term_string}\"},\"query-input\":{\"@type\":\"PropertyValueSpecification\",\"valueRequired\":true,\"valueName\":\"search_term_string\"}}],\"inLanguage\":\"es\"},{\"@type\":\"Organization\",\"@id\":\"https:\\\/\\\/fmpatagoniamadryn.com.ar\\\/#organization\",\"name\":\"FM Patagonia Madryn\",\"url\":\"https:\\\/\\\/fmpatagoniamadryn.com.ar\\\/\",\"logo\":{\"@type\":\"ImageObject\",\"inLanguage\":\"es\",\"@id\":\"https:\\\/\\\/fmpatagoniamadryn.com.ar\\\/#\\\/schema\\\/logo\\\/image\\\/\",\"url\":\"https:\\\/\\\/fmpatagoniamadryn.com.ar\\\/wp-content\\\/uploads\\\/2023\\\/01\\\/cropped-Diseno-sin-titulo.png\",\"contentUrl\":\"https:\\\/\\\/fmpatagoniamadryn.com.ar\\\/wp-content\\\/uploads\\\/2023\\\/01\\\/cropped-Diseno-sin-titulo.png\",\"width\":6911,\"height\":2657,\"caption\":\"FM Patagonia Madryn\"},\"image\":{\"@id\":\"https:\\\/\\\/fmpatagoniamadryn.com.ar\\\/#\\\/schema\\\/logo\\\/image\\\/\"}},{\"@type\":\"Person\",\"@id\":\"https:\\\/\\\/fmpatagoniamadryn.com.ar\\\/#\\\/schema\\\/person\\\/8a3de4ad7efceacab06c1641c50303b7\",\"name\":\"FM Patagonia\",\"url\":\"https:\\\/\\\/fmpatagoniamadryn.com.ar\\\/?author=2\"}]}<\/script>\n<!-- \/ Yoast SEO plugin. -->","yoast_head_json":{"title":"Provincia realiz\u00f3 en el Hospital Zonal de Puerto Madryn Jornadas por la Semana Mundial de la Lactancia - FM Patagonia Madryn","robots":{"index":"index","follow":"follow","max-snippet":"max-snippet:-1","max-image-preview":"max-image-preview:large","max-video-preview":"max-video-preview:-1"},"canonical":"https:\/\/fmpatagoniamadryn.com.ar\/?p=17540","og_locale":"es_ES","og_type":"article","og_title":"Provincia realiz\u00f3 en el Hospital Zonal de Puerto Madryn Jornadas por la Semana Mundial de la Lactancia - FM Patagonia Madryn","og_description":"Reuni\u00f3 a equipos de salud de toda la provincia en un espacio de capacitaci\u00f3n e intercambio, con la participaci\u00f3n de la secretaria de Salud, Denise Acosta, y la destacada especialista&hellip;","og_url":"https:\/\/fmpatagoniamadryn.com.ar\/?p=17540","og_site_name":"FM Patagonia Madryn","article_published_time":"2025-08-13T13:31:09+00:00","og_image":[{"width":1280,"height":720,"url":"https:\/\/fmpatagoniamadryn.com.ar\/wp-content\/uploads\/2025\/08\/img_2233.jpg","type":"image\/jpeg"}],"author":"FM Patagonia","twitter_card":"summary_large_image","twitter_misc":{"Escrito por":"FM Patagonia","Tiempo de lectura":"3 minutos"},"schema":{"@context":"https:\/\/schema.org","@graph":[{"@type":"Article","@id":"https:\/\/fmpatagoniamadryn.com.ar\/?p=17540#article","isPartOf":{"@id":"https:\/\/fmpatagoniamadryn.com.ar\/?p=17540"},"author":{"name":"FM Patagonia","@id":"https:\/\/fmpatagoniamadryn.com.ar\/#\/schema\/person\/8a3de4ad7efceacab06c1641c50303b7"},"headline":"Provincia realiz\u00f3 en el Hospital Zonal de Puerto Madryn Jornadas por la Semana Mundial de la Lactancia","datePublished":"2025-08-13T13:31:09+00:00","mainEntityOfPage":{"@id":"https:\/\/fmpatagoniamadryn.com.ar\/?p=17540"},"wordCount":620,"publisher":{"@id":"https:\/\/fmpatagoniamadryn.com.ar\/#organization"},"image":{"@id":"https:\/\/fmpatagoniamadryn.com.ar\/?p=17540#primaryimage"},"thumbnailUrl":"https:\/\/fmpatagoniamadryn.com.ar\/wp-content\/uploads\/2025\/08\/img_2233.jpg","articleSection":["Locales"],"inLanguage":"es"},{"@type":"WebPage","@id":"https:\/\/fmpatagoniamadryn.com.ar\/?p=17540","url":"https:\/\/fmpatagoniamadryn.com.ar\/?p=17540","name":"Provincia realiz\u00f3 en el Hospital Zonal de Puerto Madryn Jornadas por la Semana Mundial de la Lactancia - FM Patagonia Madryn","isPartOf":{"@id":"https:\/\/fmpatagoniamadryn.com.ar\/#website"},"primaryImageOfPage":{"@id":"https:\/\/fmpatagoniamadryn.com.ar\/?p=17540#primaryimage"},"image":{"@id":"https:\/\/fmpatagoniamadryn.com.ar\/?p=17540#primaryimage"},"thumbnailUrl":"https:\/\/fmpatagoniamadryn.com.ar\/wp-content\/uploads\/2025\/08\/img_2233.jpg","datePublished":"2025-08-13T13:31:09+00:00","breadcrumb":{"@id":"https:\/\/fmpatagoniamadryn.com.ar\/?p=17540#breadcrumb"},"inLanguage":"es","potentialAction":[{"@type":"ReadAction","target":["https:\/\/fmpatagoniamadryn.com.ar\/?p=17540"]}]},{"@type":"ImageObject","inLanguage":"es","@id":"https:\/\/fmpatagoniamadryn.com.ar\/?p=17540#primaryimage","url":"https:\/\/fmpatagoniamadryn.com.ar\/wp-content\/uploads\/2025\/08\/img_2233.jpg","contentUrl":"https:\/\/fmpatagoniamadryn.com.ar\/wp-content\/uploads\/2025\/08\/img_2233.jpg","width":1280,"height":720},{"@type":"BreadcrumbList","@id":"https:\/\/fmpatagoniamadryn.com.ar\/?p=17540#breadcrumb","itemListElement":[{"@type":"ListItem","position":1,"name":"Portada","item":"https:\/\/fmpatagoniamadryn.com.ar\/"},{"@type":"ListItem","position":2,"name":"Provincia realiz\u00f3 en el Hospital Zonal de Puerto Madryn Jornadas por la Semana Mundial de la Lactancia"}]},{"@type":"WebSite","@id":"https:\/\/fmpatagoniamadryn.com.ar\/#website","url":"https:\/\/fmpatagoniamadryn.com.ar\/","name":"FM Patagonia Madryn","description":"Radio Patagonia 105.5","publisher":{"@id":"https:\/\/fmpatagoniamadryn.com.ar\/#organization"},"potentialAction":[{"@type":"SearchAction","target":{"@type":"EntryPoint","urlTemplate":"https:\/\/fmpatagoniamadryn.com.ar\/?s={search_term_string}"},"query-input":{"@type":"PropertyValueSpecification","valueRequired":true,"valueName":"search_term_string"}}],"inLanguage":"es"},{"@type":"Organization","@id":"https:\/\/fmpatagoniamadryn.com.ar\/#organization","name":"FM Patagonia Madryn","url":"https:\/\/fmpatagoniamadryn.com.ar\/","logo":{"@type":"ImageObject","inLanguage":"es","@id":"https:\/\/fmpatagoniamadryn.com.ar\/#\/schema\/logo\/image\/","url":"https:\/\/fmpatagoniamadryn.com.ar\/wp-content\/uploads\/2023\/01\/cropped-Diseno-sin-titulo.png","contentUrl":"https:\/\/fmpatagoniamadryn.com.ar\/wp-content\/uploads\/2023\/01\/cropped-Diseno-sin-titulo.png","width":6911,"height":2657,"caption":"FM Patagonia Madryn"},"image":{"@id":"https:\/\/fmpatagoniamadryn.com.ar\/#\/schema\/logo\/image\/"}},{"@type":"Person","@id":"https:\/\/fmpatagoniamadryn.com.ar\/#\/schema\/person\/8a3de4ad7efceacab06c1641c50303b7","name":"FM Patagonia","url":"https:\/\/fmpatagoniamadryn.com.ar\/?author=2"}]}},"jetpack_featured_media_url":"https:\/\/fmpatagoniamadryn.com.ar\/wp-content\/uploads\/2025\/08\/img_2233.jpg","_links":{"self":[{"href":"https:\/\/fmpatagoniamadryn.com.ar\/index.php?rest_route=\/wp\/v2\/posts\/17540","targetHints":{"allow":["GET"]}}],"collection":[{"href":"https:\/\/fmpatagoniamadryn.com.ar\/index.php?rest_route=\/wp\/v2\/posts"}],"about":[{"href":"https:\/\/fmpatagoniamadryn.com.ar\/index.php?rest_route=\/wp\/v2\/types\/post"}],"author":[{"embeddable":true,"href":"https:\/\/fmpatagoniamadryn.com.ar\/index.php?rest_route=\/wp\/v2\/users\/2"}],"replies":[{"embeddable":true,"href":"https:\/\/fmpatagoniamadryn.com.ar\/index.php?rest_route=%2Fwp%2Fv2%2Fcomments&post=17540"}],"version-history":[{"count":1,"href":"https:\/\/fmpatagoniamadryn.com.ar\/index.php?rest_route=\/wp\/v2\/posts\/17540\/revisions"}],"predecessor-version":[{"id":17541,"href":"https:\/\/fmpatagoniamadryn.com.ar\/index.php?rest_route=\/wp\/v2\/posts\/17540\/revisions\/17541"}],"wp:featuredmedia":[{"embeddable":true,"href":"https:\/\/fmpatagoniamadryn.com.ar\/index.php?rest_route=\/wp\/v2\/media\/17539"}],"wp:attachment":[{"href":"https:\/\/fmpatagoniamadryn.com.ar\/index.php?rest_route=%2Fwp%2Fv2%2Fmedia&parent=17540"}],"wp:term":[{"taxonomy":"category","embeddable":true,"href":"https:\/\/fmpatagoniamadryn.com.ar\/index.php?rest_route=%2Fwp%2Fv2%2Fcategories&post=17540"},{"taxonomy":"post_tag","embeddable":true,"href":"https:\/\/fmpatagoniamadryn.com.ar\/index.php?rest_route=%2Fwp%2Fv2%2Ftags&post=17540"}],"curies":[{"name":"wp","href":"https:\/\/api.w.org\/{rel}","templated":true}]}}