{"id":17543,"date":"2025-08-13T10:32:30","date_gmt":"2025-08-13T13:32:30","guid":{"rendered":"https:\/\/fmpatagoniamadryn.com.ar\/?p=17543"},"modified":"2025-08-13T10:32:30","modified_gmt":"2025-08-13T13:32:30","slug":"sastre-presento-el-programa-madryn-red-activa-asociaciones-civiles","status":"publish","type":"post","link":"https:\/\/fmpatagoniamadryn.com.ar\/?p=17543","title":{"rendered":"SASTRE PRESENT\u00d3 EL PROGRAMA \u201cMADRYN RED ACTIVA \u2013 ASOCIACIONES CIVILES\u201d"},"content":{"rendered":"\n<p><br><em>El Intendente destac\u00f3 el desarrollo de esta iniciativa de fortalecimiento y desarrollo de las organizaciones de la sociedad civil. El Jefe Comunal anunci\u00f3 que se logr\u00f3 que haya una dependencia de la Inspecci\u00f3n General de Justicia en nuestra ciudad<\/em><\/p>\n\n\n\n<p>El intendente de Puerto Madryn, Gustavo Sastre, encabez\u00f3 la conferencia de prensa para presentar \u201cMadryn Red Activa \u2013 Asociaciones Civiles\u201d, en el marco del programa de fortalecimiento y desarrollo de las organizaciones de la sociedad civil de nuestra ciudad. La iniciativa tiene como objetivo principal el desarrollo de estrategias de promoci\u00f3n, fortalecimiento y articulaci\u00f3n entre dichas entidades.<\/p>\n\n\n\n<p>El programa surge como consecuencia de un largo estudio de las situaciones de las organizaciones sociales, con la finalidad de fortalecer los servicios que brindan habitualmente en la comunidad. As\u00ed, se har\u00e1 la conexi\u00f3n con las instituciones, cuyas acciones atraviesan los estamentos gubernamentales y sociales.<\/p>\n\n\n\n<p><strong>IGJ en Puerto Madryn<br \/><\/strong><br \/>Al respecto, el Intendente dijo: \u201cHace mucho tiempo que venimos fortaleciendo el v\u00ednculo con las distintas asociaciones, por lo que celebramos el \u00e9xito de estas gestiones para contar con una dependencia de la Inspecci\u00f3n General de Justicia en Puerto Madryn. En nuestra ciudad hay una gran cantidad de instituciones de estas caracter\u00edsticas, por lo que agradecemos profundamente a cada una de las personas que hizo que esto sea posible\u201d.<\/p>\n\n\n\n<p>\u201cEsto permitir\u00e1 que las asociaciones civiles tengan un mayor ordenamiento administrativo, mejorar la gesti\u00f3n, fortalecimiento y articulaci\u00f3n entre organizaciones de la sociedad civil de Puerto Madryn, fomentando que este tipo de entidades lleven adelante una gesti\u00f3n ordenada y eficaz\u201d, agreg\u00f3 el Jefe Comunal.<\/p>\n\n\n\n<p><strong>Los presentes<br><\/strong><br>En la conferencia de prensa, Sastre estuvo acompa\u00f1ado por el director general de Inspecci\u00f3n General de Justicia de Chubut, Ernesto Julio D\u2019Alessandro; la secretaria de Gobierno, Leila Zanette; el subsecretario de Gobierno, Enzo Terrera; el asesor jur\u00eddico en Asociaciones, Carlos Sanz, y dem\u00e1s autoridades.<\/p>\n","protected":false},"excerpt":{"rendered":"<p>El Intendente destac\u00f3 el desarrollo de esta iniciativa de fortalecimiento y desarrollo de las organizaciones de la sociedad civil. El Jefe Comunal anunci\u00f3 que se logr\u00f3 que haya una dependencia&hellip; <\/p>\n","protected":false},"author":2,"featured_media":17542,"comment_status":"closed","ping_status":"closed","sticky":false,"template":"","format":"standard","meta":{"footnotes":""},"categories":[15],"tags":[],"class_list":["post-17543","post","type-post","status-publish","format-standard","has-post-thumbnail","hentry","category-locales"],"yoast_head":"<!-- This site is optimized with the Yoast SEO plugin v27.4 - https:\/\/yoast.com\/product\/yoast-seo-wordpress\/ -->\n<title>SASTRE PRESENT\u00d3 EL PROGRAMA \u201cMADRYN RED ACTIVA \u2013 ASOCIACIONES CIVILES\u201d - FM Patagonia Madryn<\/title>\n<meta name=\"robots\" content=\"index, follow, max-snippet:-1, max-image-preview:large, max-video-preview:-1\" \/>\n<link rel=\"canonical\" href=\"https:\/\/fmpatagoniamadryn.com.ar\/?p=17543\" \/>\n<meta property=\"og:locale\" content=\"es_ES\" \/>\n<meta property=\"og:type\" content=\"article\" \/>\n<meta property=\"og:title\" content=\"SASTRE PRESENT\u00d3 EL PROGRAMA \u201cMADRYN RED ACTIVA \u2013 ASOCIACIONES CIVILES\u201d - FM Patagonia Madryn\" \/>\n<meta property=\"og:description\" content=\"El Intendente destac\u00f3 el desarrollo de esta iniciativa de fortalecimiento y desarrollo de las organizaciones de la sociedad civil. El Jefe Comunal anunci\u00f3 que se logr\u00f3 que haya una dependencia&hellip;\" \/>\n<meta property=\"og:url\" content=\"https:\/\/fmpatagoniamadryn.com.ar\/?p=17543\" \/>\n<meta property=\"og:site_name\" content=\"FM Patagonia Madryn\" \/>\n<meta property=\"article:published_time\" content=\"2025-08-13T13:32:30+00:00\" \/>\n<meta property=\"og:image\" content=\"https:\/\/fmpatagoniamadryn.com.ar\/wp-content\/uploads\/2025\/08\/img_2234.jpg\" \/>\n\t<meta property=\"og:image:width\" content=\"2000\" \/>\n\t<meta property=\"og:image:height\" content=\"1333\" \/>\n\t<meta property=\"og:image:type\" content=\"image\/jpeg\" \/>\n<meta name=\"author\" content=\"FM Patagonia\" \/>\n<meta name=\"twitter:card\" content=\"summary_large_image\" \/>\n<meta name=\"twitter:label1\" content=\"Escrito por\" \/>\n\t<meta name=\"twitter:data1\" content=\"FM Patagonia\" \/>\n\t<meta name=\"twitter:label2\" content=\"Tiempo de lectura\" \/>\n\t<meta name=\"twitter:data2\" content=\"2 minutos\" \/>\n<script type=\"application\/ld+json\" class=\"yoast-schema-graph\">{\"@context\":\"https:\\\/\\\/schema.org\",\"@graph\":[{\"@type\":\"Article\",\"@id\":\"https:\\\/\\\/fmpatagoniamadryn.com.ar\\\/?p=17543#article\",\"isPartOf\":{\"@id\":\"https:\\\/\\\/fmpatagoniamadryn.com.ar\\\/?p=17543\"},\"author\":{\"name\":\"FM Patagonia\",\"@id\":\"https:\\\/\\\/fmpatagoniamadryn.com.ar\\\/#\\\/schema\\\/person\\\/8a3de4ad7efceacab06c1641c50303b7\"},\"headline\":\"SASTRE PRESENT\u00d3 EL PROGRAMA \u201cMADRYN RED ACTIVA \u2013 ASOCIACIONES CIVILES\u201d\",\"datePublished\":\"2025-08-13T13:32:30+00:00\",\"mainEntityOfPage\":{\"@id\":\"https:\\\/\\\/fmpatagoniamadryn.com.ar\\\/?p=17543\"},\"wordCount\":326,\"publisher\":{\"@id\":\"https:\\\/\\\/fmpatagoniamadryn.com.ar\\\/#organization\"},\"image\":{\"@id\":\"https:\\\/\\\/fmpatagoniamadryn.com.ar\\\/?p=17543#primaryimage\"},\"thumbnailUrl\":\"https:\\\/\\\/fmpatagoniamadryn.com.ar\\\/wp-content\\\/uploads\\\/2025\\\/08\\\/img_2234.jpg\",\"articleSection\":[\"Locales\"],\"inLanguage\":\"es\"},{\"@type\":\"WebPage\",\"@id\":\"https:\\\/\\\/fmpatagoniamadryn.com.ar\\\/?p=17543\",\"url\":\"https:\\\/\\\/fmpatagoniamadryn.com.ar\\\/?p=17543\",\"name\":\"SASTRE PRESENT\u00d3 EL PROGRAMA \u201cMADRYN RED ACTIVA \u2013 ASOCIACIONES CIVILES\u201d - FM Patagonia Madryn\",\"isPartOf\":{\"@id\":\"https:\\\/\\\/fmpatagoniamadryn.com.ar\\\/#website\"},\"primaryImageOfPage\":{\"@id\":\"https:\\\/\\\/fmpatagoniamadryn.com.ar\\\/?p=17543#primaryimage\"},\"image\":{\"@id\":\"https:\\\/\\\/fmpatagoniamadryn.com.ar\\\/?p=17543#primaryimage\"},\"thumbnailUrl\":\"https:\\\/\\\/fmpatagoniamadryn.com.ar\\\/wp-content\\\/uploads\\\/2025\\\/08\\\/img_2234.jpg\",\"datePublished\":\"2025-08-13T13:32:30+00:00\",\"breadcrumb\":{\"@id\":\"https:\\\/\\\/fmpatagoniamadryn.com.ar\\\/?p=17543#breadcrumb\"},\"inLanguage\":\"es\",\"potentialAction\":[{\"@type\":\"ReadAction\",\"target\":[\"https:\\\/\\\/fmpatagoniamadryn.com.ar\\\/?p=17543\"]}]},{\"@type\":\"ImageObject\",\"inLanguage\":\"es\",\"@id\":\"https:\\\/\\\/fmpatagoniamadryn.com.ar\\\/?p=17543#primaryimage\",\"url\":\"https:\\\/\\\/fmpatagoniamadryn.com.ar\\\/wp-content\\\/uploads\\\/2025\\\/08\\\/img_2234.jpg\",\"contentUrl\":\"https:\\\/\\\/fmpatagoniamadryn.com.ar\\\/wp-content\\\/uploads\\\/2025\\\/08\\\/img_2234.jpg\",\"width\":2000,\"height\":1333},{\"@type\":\"BreadcrumbList\",\"@id\":\"https:\\\/\\\/fmpatagoniamadryn.com.ar\\\/?p=17543#breadcrumb\",\"itemListElement\":[{\"@type\":\"ListItem\",\"position\":1,\"name\":\"Portada\",\"item\":\"https:\\\/\\\/fmpatagoniamadryn.com.ar\\\/\"},{\"@type\":\"ListItem\",\"position\":2,\"name\":\"SASTRE PRESENT\u00d3 EL PROGRAMA \u201cMADRYN RED ACTIVA \u2013 ASOCIACIONES CIVILES\u201d\"}]},{\"@type\":\"WebSite\",\"@id\":\"https:\\\/\\\/fmpatagoniamadryn.com.ar\\\/#website\",\"url\":\"https:\\\/\\\/fmpatagoniamadryn.com.ar\\\/\",\"name\":\"FM Patagonia Madryn\",\"description\":\"Radio Patagonia 105.5\",\"publisher\":{\"@id\":\"https:\\\/\\\/fmpatagoniamadryn.com.ar\\\/#organization\"},\"potentialAction\":[{\"@type\":\"SearchAction\",\"target\":{\"@type\":\"EntryPoint\",\"urlTemplate\":\"https:\\\/\\\/fmpatagoniamadryn.com.ar\\\/?s={search_term_string}\"},\"query-input\":{\"@type\":\"PropertyValueSpecification\",\"valueRequired\":true,\"valueName\":\"search_term_string\"}}],\"inLanguage\":\"es\"},{\"@type\":\"Organization\",\"@id\":\"https:\\\/\\\/fmpatagoniamadryn.com.ar\\\/#organization\",\"name\":\"FM Patagonia Madryn\",\"url\":\"https:\\\/\\\/fmpatagoniamadryn.com.ar\\\/\",\"logo\":{\"@type\":\"ImageObject\",\"inLanguage\":\"es\",\"@id\":\"https:\\\/\\\/fmpatagoniamadryn.com.ar\\\/#\\\/schema\\\/logo\\\/image\\\/\",\"url\":\"https:\\\/\\\/fmpatagoniamadryn.com.ar\\\/wp-content\\\/uploads\\\/2023\\\/01\\\/cropped-Diseno-sin-titulo.png\",\"contentUrl\":\"https:\\\/\\\/fmpatagoniamadryn.com.ar\\\/wp-content\\\/uploads\\\/2023\\\/01\\\/cropped-Diseno-sin-titulo.png\",\"width\":6911,\"height\":2657,\"caption\":\"FM Patagonia Madryn\"},\"image\":{\"@id\":\"https:\\\/\\\/fmpatagoniamadryn.com.ar\\\/#\\\/schema\\\/logo\\\/image\\\/\"}},{\"@type\":\"Person\",\"@id\":\"https:\\\/\\\/fmpatagoniamadryn.com.ar\\\/#\\\/schema\\\/person\\\/8a3de4ad7efceacab06c1641c50303b7\",\"name\":\"FM Patagonia\",\"url\":\"https:\\\/\\\/fmpatagoniamadryn.com.ar\\\/?author=2\"}]}<\/script>\n<!-- \/ Yoast SEO plugin. -->","yoast_head_json":{"title":"SASTRE PRESENT\u00d3 EL PROGRAMA \u201cMADRYN RED ACTIVA \u2013 ASOCIACIONES CIVILES\u201d - FM Patagonia Madryn","robots":{"index":"index","follow":"follow","max-snippet":"max-snippet:-1","max-image-preview":"max-image-preview:large","max-video-preview":"max-video-preview:-1"},"canonical":"https:\/\/fmpatagoniamadryn.com.ar\/?p=17543","og_locale":"es_ES","og_type":"article","og_title":"SASTRE PRESENT\u00d3 EL PROGRAMA \u201cMADRYN RED ACTIVA \u2013 ASOCIACIONES CIVILES\u201d - FM Patagonia Madryn","og_description":"El Intendente destac\u00f3 el desarrollo de esta iniciativa de fortalecimiento y desarrollo de las organizaciones de la sociedad civil. El Jefe Comunal anunci\u00f3 que se logr\u00f3 que haya una dependencia&hellip;","og_url":"https:\/\/fmpatagoniamadryn.com.ar\/?p=17543","og_site_name":"FM Patagonia Madryn","article_published_time":"2025-08-13T13:32:30+00:00","og_image":[{"width":2000,"height":1333,"url":"https:\/\/fmpatagoniamadryn.com.ar\/wp-content\/uploads\/2025\/08\/img_2234.jpg","type":"image\/jpeg"}],"author":"FM Patagonia","twitter_card":"summary_large_image","twitter_misc":{"Escrito por":"FM Patagonia","Tiempo de lectura":"2 minutos"},"schema":{"@context":"https:\/\/schema.org","@graph":[{"@type":"Article","@id":"https:\/\/fmpatagoniamadryn.com.ar\/?p=17543#article","isPartOf":{"@id":"https:\/\/fmpatagoniamadryn.com.ar\/?p=17543"},"author":{"name":"FM Patagonia","@id":"https:\/\/fmpatagoniamadryn.com.ar\/#\/schema\/person\/8a3de4ad7efceacab06c1641c50303b7"},"headline":"SASTRE PRESENT\u00d3 EL PROGRAMA \u201cMADRYN RED ACTIVA \u2013 ASOCIACIONES CIVILES\u201d","datePublished":"2025-08-13T13:32:30+00:00","mainEntityOfPage":{"@id":"https:\/\/fmpatagoniamadryn.com.ar\/?p=17543"},"wordCount":326,"publisher":{"@id":"https:\/\/fmpatagoniamadryn.com.ar\/#organization"},"image":{"@id":"https:\/\/fmpatagoniamadryn.com.ar\/?p=17543#primaryimage"},"thumbnailUrl":"https:\/\/fmpatagoniamadryn.com.ar\/wp-content\/uploads\/2025\/08\/img_2234.jpg","articleSection":["Locales"],"inLanguage":"es"},{"@type":"WebPage","@id":"https:\/\/fmpatagoniamadryn.com.ar\/?p=17543","url":"https:\/\/fmpatagoniamadryn.com.ar\/?p=17543","name":"SASTRE PRESENT\u00d3 EL PROGRAMA \u201cMADRYN RED ACTIVA \u2013 ASOCIACIONES CIVILES\u201d - FM Patagonia Madryn","isPartOf":{"@id":"https:\/\/fmpatagoniamadryn.com.ar\/#website"},"primaryImageOfPage":{"@id":"https:\/\/fmpatagoniamadryn.com.ar\/?p=17543#primaryimage"},"image":{"@id":"https:\/\/fmpatagoniamadryn.com.ar\/?p=17543#primaryimage"},"thumbnailUrl":"https:\/\/fmpatagoniamadryn.com.ar\/wp-content\/uploads\/2025\/08\/img_2234.jpg","datePublished":"2025-08-13T13:32:30+00:00","breadcrumb":{"@id":"https:\/\/fmpatagoniamadryn.com.ar\/?p=17543#breadcrumb"},"inLanguage":"es","potentialAction":[{"@type":"ReadAction","target":["https:\/\/fmpatagoniamadryn.com.ar\/?p=17543"]}]},{"@type":"ImageObject","inLanguage":"es","@id":"https:\/\/fmpatagoniamadryn.com.ar\/?p=17543#primaryimage","url":"https:\/\/fmpatagoniamadryn.com.ar\/wp-content\/uploads\/2025\/08\/img_2234.jpg","contentUrl":"https:\/\/fmpatagoniamadryn.com.ar\/wp-content\/uploads\/2025\/08\/img_2234.jpg","width":2000,"height":1333},{"@type":"BreadcrumbList","@id":"https:\/\/fmpatagoniamadryn.com.ar\/?p=17543#breadcrumb","itemListElement":[{"@type":"ListItem","position":1,"name":"Portada","item":"https:\/\/fmpatagoniamadryn.com.ar\/"},{"@type":"ListItem","position":2,"name":"SASTRE PRESENT\u00d3 EL PROGRAMA \u201cMADRYN RED ACTIVA \u2013 ASOCIACIONES CIVILES\u201d"}]},{"@type":"WebSite","@id":"https:\/\/fmpatagoniamadryn.com.ar\/#website","url":"https:\/\/fmpatagoniamadryn.com.ar\/","name":"FM Patagonia Madryn","description":"Radio Patagonia 105.5","publisher":{"@id":"https:\/\/fmpatagoniamadryn.com.ar\/#organization"},"potentialAction":[{"@type":"SearchAction","target":{"@type":"EntryPoint","urlTemplate":"https:\/\/fmpatagoniamadryn.com.ar\/?s={search_term_string}"},"query-input":{"@type":"PropertyValueSpecification","valueRequired":true,"valueName":"search_term_string"}}],"inLanguage":"es"},{"@type":"Organization","@id":"https:\/\/fmpatagoniamadryn.com.ar\/#organization","name":"FM Patagonia Madryn","url":"https:\/\/fmpatagoniamadryn.com.ar\/","logo":{"@type":"ImageObject","inLanguage":"es","@id":"https:\/\/fmpatagoniamadryn.com.ar\/#\/schema\/logo\/image\/","url":"https:\/\/fmpatagoniamadryn.com.ar\/wp-content\/uploads\/2023\/01\/cropped-Diseno-sin-titulo.png","contentUrl":"https:\/\/fmpatagoniamadryn.com.ar\/wp-content\/uploads\/2023\/01\/cropped-Diseno-sin-titulo.png","width":6911,"height":2657,"caption":"FM Patagonia Madryn"},"image":{"@id":"https:\/\/fmpatagoniamadryn.com.ar\/#\/schema\/logo\/image\/"}},{"@type":"Person","@id":"https:\/\/fmpatagoniamadryn.com.ar\/#\/schema\/person\/8a3de4ad7efceacab06c1641c50303b7","name":"FM Patagonia","url":"https:\/\/fmpatagoniamadryn.com.ar\/?author=2"}]}},"jetpack_featured_media_url":"https:\/\/fmpatagoniamadryn.com.ar\/wp-content\/uploads\/2025\/08\/img_2234.jpg","_links":{"self":[{"href":"https:\/\/fmpatagoniamadryn.com.ar\/index.php?rest_route=\/wp\/v2\/posts\/17543","targetHints":{"allow":["GET"]}}],"collection":[{"href":"https:\/\/fmpatagoniamadryn.com.ar\/index.php?rest_route=\/wp\/v2\/posts"}],"about":[{"href":"https:\/\/fmpatagoniamadryn.com.ar\/index.php?rest_route=\/wp\/v2\/types\/post"}],"author":[{"embeddable":true,"href":"https:\/\/fmpatagoniamadryn.com.ar\/index.php?rest_route=\/wp\/v2\/users\/2"}],"replies":[{"embeddable":true,"href":"https:\/\/fmpatagoniamadryn.com.ar\/index.php?rest_route=%2Fwp%2Fv2%2Fcomments&post=17543"}],"version-history":[{"count":1,"href":"https:\/\/fmpatagoniamadryn.com.ar\/index.php?rest_route=\/wp\/v2\/posts\/17543\/revisions"}],"predecessor-version":[{"id":17544,"href":"https:\/\/fmpatagoniamadryn.com.ar\/index.php?rest_route=\/wp\/v2\/posts\/17543\/revisions\/17544"}],"wp:featuredmedia":[{"embeddable":true,"href":"https:\/\/fmpatagoniamadryn.com.ar\/index.php?rest_route=\/wp\/v2\/media\/17542"}],"wp:attachment":[{"href":"https:\/\/fmpatagoniamadryn.com.ar\/index.php?rest_route=%2Fwp%2Fv2%2Fmedia&parent=17543"}],"wp:term":[{"taxonomy":"category","embeddable":true,"href":"https:\/\/fmpatagoniamadryn.com.ar\/index.php?rest_route=%2Fwp%2Fv2%2Fcategories&post=17543"},{"taxonomy":"post_tag","embeddable":true,"href":"https:\/\/fmpatagoniamadryn.com.ar\/index.php?rest_route=%2Fwp%2Fv2%2Ftags&post=17543"}],"curies":[{"name":"wp","href":"https:\/\/api.w.org\/{rel}","templated":true}]}}