{"id":17549,"date":"2025-08-15T19:00:23","date_gmt":"2025-08-15T22:00:23","guid":{"rendered":"https:\/\/fmpatagoniamadryn.com.ar\/?p=17549"},"modified":"2025-08-15T19:00:23","modified_gmt":"2025-08-15T22:00:23","slug":"telemedicina-en-la-meseta-torres-inauguro-estaciones-de-multidiagnostico-en-telsen-y-gan-gan-y-destaco-el-fortalecimiento-del-sistema-sanitario-en-la-provincia","status":"publish","type":"post","link":"https:\/\/fmpatagoniamadryn.com.ar\/?p=17549","title":{"rendered":"Telemedicina en la Meseta: Torres inaugur\u00f3 Estaciones de Multidiagn\u00f3stico en Telsen y Gan Gan, y destac\u00f3 el fortalecimiento del sistema sanitario en la provincia"},"content":{"rendered":"\n<p class=\"MsoNormal\"><\/p>\n\n\n\n<p class=\"MsoNormal\">&nbsp;<\/p>\n\n\n\n<p class=\"MsoNormal\"><em>El mandatario resalt\u00f3 el compromiso provincial para garantizar el acceso a distintas prestaciones m\u00e9dicas en todo el territorio chubutense, en el marco del programa Conectar Salud. Tambi\u00e9n puso en valor que las nuevas terminales sanitarias \u201cno solamente constituyen un hecho in\u00e9dito en la historia de nuestra provincia, sino que cumplen con uno de los principales objetivos que nos planteamos al inicio de la gesti\u00f3n que es conectar a los pueblos\u201d y ratific\u00f3 que \u201cseguiremos priorizando la estructura del sistema de salud, con una mirada inteligente y dando respuestas para las necesidades de cada comunidad de nuestra provincia\u201d.<\/em><\/p>\n\n\n\n<p class=\"MsoNormal\">&nbsp;<\/p>\n\n\n\n<p class=\"MsoNormal\">El gobernador de Chubut, Ignacio \u201cNacho\u201d Torres, encabez\u00f3 la puesta en funcionamiento de dos Estaciones Multidiagn\u00f3stico en las localidades de Telsen y Gan Gan, en el marco del programa Conectar Salud que busca fortalecer el acceso al sistema p\u00fablico sanitario en todo el territorio provincial.<\/p>\n\n\n\n<p class=\"MsoNormal\">&nbsp;<\/p>\n\n\n\n<p class=\"MsoNormal\">En el marco de la extensa agenda que el titular del Ejecutivo lleva adelante en la Meseta, participaron de las actividades el vicegobernador Gustavo Menna; la diputada nacional Ana Clara Romero; los intendentes de Telsen, Pablo Castro, y de Gan Gan, Pedro Huisca; la subsecretaria de Gobierno, Agustina Morales; la subsecretaria de Salud P\u00fablica, Anabel Pena; el subsecretario de Asuntos Municipales, Genaro P\u00e9rez; el legislador provincial Sergio Bowman; y el obispo de la di\u00f3cesis de Rawson, Roberto P\u00edo \u201cChobi\u201d \u00c1lvarez.<\/p>\n\n\n\n<p class=\"MsoNormal\">&nbsp;<\/p>\n\n\n\n<p class=\"MsoNormal\">Con posterioridad a dicha actividad, el Gobernador realiz\u00f3 una recorrida en la Escuela N\u00b0 7731 de Telsen, donde&nbsp;este jueves&nbsp;se inaugur\u00f3 el primer Aula Digital M\u00f3vil (ADM) del establecimiento, dispositivo que cuenta con 20 notebooks y un kit de rob\u00f3tica para fortalecer la trayectoria acad\u00e9mica de los estudiantes, en el marco de la digitalizaci\u00f3n del sistema educativo y la aplicaci\u00f3n de nuevas tecnolog\u00edas en la trayectoria escolar.<\/p>\n\n\n\n<p class=\"MsoNormal\">&nbsp;<\/p>\n\n\n\n<p class=\"MsoNormal\"><strong>\u201cConectar a los pueblos\u201d<\/strong><\/p>\n\n\n\n<p class=\"MsoNormal\">&nbsp;<\/p>\n\n\n\n<p class=\"MsoNormal\">Torres destac\u00f3 que \u201cla implementaci\u00f3n de Estaciones Multidiagn\u00f3stico no solamente es un hecho in\u00e9dito en la historia de nuestra provincia, sino que cumple con uno de los principales objetivos que nos planteamos al inicio de la gesti\u00f3n: fortalecer el acceso a la salud y conectar a los pueblos\u201d, y agreg\u00f3 que \u201choy, un joven que nace en una localidad alejada de los grandes centros urbanos, puede contar con las mismas prestaciones m\u00e9dicas que en las ciudades m\u00e1s pobladas, y eso es algo que nos llena de orgullo, porque trabajamos d\u00eda a d\u00eda para mejorar la calidad de vida de todos los chubutenses\u201d.<\/p>\n\n\n\n<p class=\"MsoNormal\">&nbsp;<\/p>\n\n\n\n<p class=\"MsoNormal\">Asimismo, el titular del Ejecutivo ratific\u00f3 que \u201cvamos a continuar priorizando la estructura del sistema de salud, con una mirada inteligente y dando respuestas para las necesidades de cada comunidad de nuestra provincia\u201d.<\/p>\n\n\n\n<p class=\"MsoNormal\">&nbsp;<\/p>\n\n\n\n<p class=\"MsoNormal\"><strong>Ampliar el acceso a la salud<\/strong><\/p>\n\n\n\n<p class=\"MsoNormal\">&nbsp;<\/p>\n\n\n\n<p class=\"MsoNormal\">Las dos&nbsp;Estaciones Multidiagn\u00f3stico que comenzar\u00e1n a funcionar en Gan Gan y Telsen cuentan cada una con term\u00f3metro, tensi\u00f3metro, dermatoscopio, c\u00e1mara HD, estetoscopio, pulsiox\u00edmetro, ox\u00edmetro y ECG, todos conectados en tiempo real a una red de profesionales que atienden de manera remota. Dicha infraestructura permitir\u00e1 realizar teleconsultas y diagn\u00f3sticos inmediatos, disminuyendo las derivaciones y los tiempos de espera.<\/p>\n\n\n\n<p class=\"MsoNormal\">&nbsp;<\/p>\n\n\n\n<p class=\"MsoNormal\">La implementaci\u00f3n de las terminales se enmarca en el plan Conectar Salud y en la Telemedicina, una pol\u00edtica sanitaria priorizada en la provincia, cuyo objetivo es impulsar la transformaci\u00f3n digital del sistema sanitario, sosteniendo y ampliando el trabajo en red, fortaleciendo y profundizando el v\u00ednculo entre los profesionales y establecimientos, y abordando las necesidades sanitarias en todo el territorio chubutense.<\/p>\n\n\n\n<p class=\"MsoNormal\">&nbsp;<\/p>\n\n\n\n<p class=\"MsoNormal\">Se trata de un modelo de trabajo coordinado y cooperativo que complementa los modelos existentes, permitiendo una l\u00f3gica de complejidad creciente entre los efectores de los establecimientos de la provincia, as\u00ed como tambi\u00e9n en coordinaci\u00f3n con los hospitales de mayor complejidad de la red nacional de Telesalud.<\/p>\n\n\n\n<p class=\"MsoNormal\">&nbsp;<\/p>\n\n\n\n<p class=\"MsoNormal\">La puesta en funcionamiento de los servicios de Telemedicina y de sus cuatro componentes \u2014teleasistencia, telegesti\u00f3n, telecapacitaci\u00f3n e investigaci\u00f3n\u2014 facilita el acceso a la salud en forma equitativa y garantiza derechos en todas las comunidades de la provincia.<\/p>\n","protected":false},"excerpt":{"rendered":"<p>&nbsp; El mandatario resalt\u00f3 el compromiso provincial para garantizar el acceso a distintas prestaciones m\u00e9dicas en todo el territorio chubutense, en el marco del programa Conectar Salud. Tambi\u00e9n puso en&hellip; <\/p>\n","protected":false},"author":2,"featured_media":17548,"comment_status":"closed","ping_status":"closed","sticky":false,"template":"","format":"standard","meta":{"footnotes":""},"categories":[15],"tags":[],"class_list":["post-17549","post","type-post","status-publish","format-standard","has-post-thumbnail","hentry","category-locales"],"yoast_head":"<!-- This site is optimized with the Yoast SEO plugin v27.5 - https:\/\/yoast.com\/product\/yoast-seo-wordpress\/ -->\n<title>Telemedicina en la Meseta: Torres inaugur\u00f3 Estaciones de Multidiagn\u00f3stico en Telsen y Gan Gan, y destac\u00f3 el fortalecimiento del sistema sanitario en la provincia - FM Patagonia Madryn<\/title>\n<meta name=\"robots\" content=\"index, follow, max-snippet:-1, max-image-preview:large, max-video-preview:-1\" \/>\n<link rel=\"canonical\" href=\"https:\/\/fmpatagoniamadryn.com.ar\/?p=17549\" \/>\n<meta property=\"og:locale\" content=\"es_ES\" \/>\n<meta property=\"og:type\" content=\"article\" \/>\n<meta property=\"og:title\" content=\"Telemedicina en la Meseta: Torres inaugur\u00f3 Estaciones de Multidiagn\u00f3stico en Telsen y Gan Gan, y destac\u00f3 el fortalecimiento del sistema sanitario en la provincia - FM Patagonia Madryn\" \/>\n<meta property=\"og:description\" content=\"&nbsp; El mandatario resalt\u00f3 el compromiso provincial para garantizar el acceso a distintas prestaciones m\u00e9dicas en todo el territorio chubutense, en el marco del programa Conectar Salud. Tambi\u00e9n puso en&hellip;\" \/>\n<meta property=\"og:url\" content=\"https:\/\/fmpatagoniamadryn.com.ar\/?p=17549\" \/>\n<meta property=\"og:site_name\" content=\"FM Patagonia Madryn\" \/>\n<meta property=\"article:published_time\" content=\"2025-08-15T22:00:23+00:00\" \/>\n<meta property=\"og:image\" content=\"https:\/\/fmpatagoniamadryn.com.ar\/wp-content\/uploads\/2025\/08\/img_2382.jpg\" \/>\n\t<meta property=\"og:image:width\" content=\"2000\" \/>\n\t<meta property=\"og:image:height\" content=\"1330\" \/>\n\t<meta property=\"og:image:type\" content=\"image\/jpeg\" \/>\n<meta name=\"author\" content=\"FM Patagonia\" \/>\n<meta name=\"twitter:card\" content=\"summary_large_image\" \/>\n<meta name=\"twitter:label1\" content=\"Escrito por\" \/>\n\t<meta name=\"twitter:data1\" content=\"FM Patagonia\" \/>\n\t<meta name=\"twitter:label2\" content=\"Tiempo de lectura\" \/>\n\t<meta name=\"twitter:data2\" content=\"3 minutos\" \/>\n<script type=\"application\/ld+json\" class=\"yoast-schema-graph\">{\"@context\":\"https:\\\/\\\/schema.org\",\"@graph\":[{\"@type\":\"Article\",\"@id\":\"https:\\\/\\\/fmpatagoniamadryn.com.ar\\\/?p=17549#article\",\"isPartOf\":{\"@id\":\"https:\\\/\\\/fmpatagoniamadryn.com.ar\\\/?p=17549\"},\"author\":{\"name\":\"FM Patagonia\",\"@id\":\"https:\\\/\\\/fmpatagoniamadryn.com.ar\\\/#\\\/schema\\\/person\\\/8a3de4ad7efceacab06c1641c50303b7\"},\"headline\":\"Telemedicina en la Meseta: Torres inaugur\u00f3 Estaciones de Multidiagn\u00f3stico en Telsen y Gan Gan, y destac\u00f3 el fortalecimiento del sistema sanitario en la provincia\",\"datePublished\":\"2025-08-15T22:00:23+00:00\",\"mainEntityOfPage\":{\"@id\":\"https:\\\/\\\/fmpatagoniamadryn.com.ar\\\/?p=17549\"},\"wordCount\":718,\"publisher\":{\"@id\":\"https:\\\/\\\/fmpatagoniamadryn.com.ar\\\/#organization\"},\"image\":{\"@id\":\"https:\\\/\\\/fmpatagoniamadryn.com.ar\\\/?p=17549#primaryimage\"},\"thumbnailUrl\":\"https:\\\/\\\/fmpatagoniamadryn.com.ar\\\/wp-content\\\/uploads\\\/2025\\\/08\\\/img_2382.jpg\",\"articleSection\":[\"Locales\"],\"inLanguage\":\"es\"},{\"@type\":\"WebPage\",\"@id\":\"https:\\\/\\\/fmpatagoniamadryn.com.ar\\\/?p=17549\",\"url\":\"https:\\\/\\\/fmpatagoniamadryn.com.ar\\\/?p=17549\",\"name\":\"Telemedicina en la Meseta: Torres inaugur\u00f3 Estaciones de Multidiagn\u00f3stico en Telsen y Gan Gan, y destac\u00f3 el fortalecimiento del sistema sanitario en la provincia - FM Patagonia Madryn\",\"isPartOf\":{\"@id\":\"https:\\\/\\\/fmpatagoniamadryn.com.ar\\\/#website\"},\"primaryImageOfPage\":{\"@id\":\"https:\\\/\\\/fmpatagoniamadryn.com.ar\\\/?p=17549#primaryimage\"},\"image\":{\"@id\":\"https:\\\/\\\/fmpatagoniamadryn.com.ar\\\/?p=17549#primaryimage\"},\"thumbnailUrl\":\"https:\\\/\\\/fmpatagoniamadryn.com.ar\\\/wp-content\\\/uploads\\\/2025\\\/08\\\/img_2382.jpg\",\"datePublished\":\"2025-08-15T22:00:23+00:00\",\"breadcrumb\":{\"@id\":\"https:\\\/\\\/fmpatagoniamadryn.com.ar\\\/?p=17549#breadcrumb\"},\"inLanguage\":\"es\",\"potentialAction\":[{\"@type\":\"ReadAction\",\"target\":[\"https:\\\/\\\/fmpatagoniamadryn.com.ar\\\/?p=17549\"]}]},{\"@type\":\"ImageObject\",\"inLanguage\":\"es\",\"@id\":\"https:\\\/\\\/fmpatagoniamadryn.com.ar\\\/?p=17549#primaryimage\",\"url\":\"https:\\\/\\\/fmpatagoniamadryn.com.ar\\\/wp-content\\\/uploads\\\/2025\\\/08\\\/img_2382.jpg\",\"contentUrl\":\"https:\\\/\\\/fmpatagoniamadryn.com.ar\\\/wp-content\\\/uploads\\\/2025\\\/08\\\/img_2382.jpg\",\"width\":2000,\"height\":1330},{\"@type\":\"BreadcrumbList\",\"@id\":\"https:\\\/\\\/fmpatagoniamadryn.com.ar\\\/?p=17549#breadcrumb\",\"itemListElement\":[{\"@type\":\"ListItem\",\"position\":1,\"name\":\"Portada\",\"item\":\"https:\\\/\\\/fmpatagoniamadryn.com.ar\\\/\"},{\"@type\":\"ListItem\",\"position\":2,\"name\":\"Telemedicina en la Meseta: Torres inaugur\u00f3 Estaciones de Multidiagn\u00f3stico en Telsen y Gan Gan, y destac\u00f3 el fortalecimiento del sistema sanitario en la provincia\"}]},{\"@type\":\"WebSite\",\"@id\":\"https:\\\/\\\/fmpatagoniamadryn.com.ar\\\/#website\",\"url\":\"https:\\\/\\\/fmpatagoniamadryn.com.ar\\\/\",\"name\":\"FM Patagonia Madryn\",\"description\":\"Radio Patagonia 105.5\",\"publisher\":{\"@id\":\"https:\\\/\\\/fmpatagoniamadryn.com.ar\\\/#organization\"},\"potentialAction\":[{\"@type\":\"SearchAction\",\"target\":{\"@type\":\"EntryPoint\",\"urlTemplate\":\"https:\\\/\\\/fmpatagoniamadryn.com.ar\\\/?s={search_term_string}\"},\"query-input\":{\"@type\":\"PropertyValueSpecification\",\"valueRequired\":true,\"valueName\":\"search_term_string\"}}],\"inLanguage\":\"es\"},{\"@type\":\"Organization\",\"@id\":\"https:\\\/\\\/fmpatagoniamadryn.com.ar\\\/#organization\",\"name\":\"FM Patagonia Madryn\",\"url\":\"https:\\\/\\\/fmpatagoniamadryn.com.ar\\\/\",\"logo\":{\"@type\":\"ImageObject\",\"inLanguage\":\"es\",\"@id\":\"https:\\\/\\\/fmpatagoniamadryn.com.ar\\\/#\\\/schema\\\/logo\\\/image\\\/\",\"url\":\"https:\\\/\\\/fmpatagoniamadryn.com.ar\\\/wp-content\\\/uploads\\\/2023\\\/01\\\/cropped-Diseno-sin-titulo.png\",\"contentUrl\":\"https:\\\/\\\/fmpatagoniamadryn.com.ar\\\/wp-content\\\/uploads\\\/2023\\\/01\\\/cropped-Diseno-sin-titulo.png\",\"width\":6911,\"height\":2657,\"caption\":\"FM Patagonia Madryn\"},\"image\":{\"@id\":\"https:\\\/\\\/fmpatagoniamadryn.com.ar\\\/#\\\/schema\\\/logo\\\/image\\\/\"}},{\"@type\":\"Person\",\"@id\":\"https:\\\/\\\/fmpatagoniamadryn.com.ar\\\/#\\\/schema\\\/person\\\/8a3de4ad7efceacab06c1641c50303b7\",\"name\":\"FM Patagonia\",\"url\":\"https:\\\/\\\/fmpatagoniamadryn.com.ar\\\/?author=2\"}]}<\/script>\n<!-- \/ Yoast SEO plugin. -->","yoast_head_json":{"title":"Telemedicina en la Meseta: Torres inaugur\u00f3 Estaciones de Multidiagn\u00f3stico en Telsen y Gan Gan, y destac\u00f3 el fortalecimiento del sistema sanitario en la provincia - FM Patagonia Madryn","robots":{"index":"index","follow":"follow","max-snippet":"max-snippet:-1","max-image-preview":"max-image-preview:large","max-video-preview":"max-video-preview:-1"},"canonical":"https:\/\/fmpatagoniamadryn.com.ar\/?p=17549","og_locale":"es_ES","og_type":"article","og_title":"Telemedicina en la Meseta: Torres inaugur\u00f3 Estaciones de Multidiagn\u00f3stico en Telsen y Gan Gan, y destac\u00f3 el fortalecimiento del sistema sanitario en la provincia - FM Patagonia Madryn","og_description":"&nbsp; El mandatario resalt\u00f3 el compromiso provincial para garantizar el acceso a distintas prestaciones m\u00e9dicas en todo el territorio chubutense, en el marco del programa Conectar Salud. Tambi\u00e9n puso en&hellip;","og_url":"https:\/\/fmpatagoniamadryn.com.ar\/?p=17549","og_site_name":"FM Patagonia Madryn","article_published_time":"2025-08-15T22:00:23+00:00","og_image":[{"width":2000,"height":1330,"url":"https:\/\/fmpatagoniamadryn.com.ar\/wp-content\/uploads\/2025\/08\/img_2382.jpg","type":"image\/jpeg"}],"author":"FM Patagonia","twitter_card":"summary_large_image","twitter_misc":{"Escrito por":"FM Patagonia","Tiempo de lectura":"3 minutos"},"schema":{"@context":"https:\/\/schema.org","@graph":[{"@type":"Article","@id":"https:\/\/fmpatagoniamadryn.com.ar\/?p=17549#article","isPartOf":{"@id":"https:\/\/fmpatagoniamadryn.com.ar\/?p=17549"},"author":{"name":"FM Patagonia","@id":"https:\/\/fmpatagoniamadryn.com.ar\/#\/schema\/person\/8a3de4ad7efceacab06c1641c50303b7"},"headline":"Telemedicina en la Meseta: Torres inaugur\u00f3 Estaciones de Multidiagn\u00f3stico en Telsen y Gan Gan, y destac\u00f3 el fortalecimiento del sistema sanitario en la provincia","datePublished":"2025-08-15T22:00:23+00:00","mainEntityOfPage":{"@id":"https:\/\/fmpatagoniamadryn.com.ar\/?p=17549"},"wordCount":718,"publisher":{"@id":"https:\/\/fmpatagoniamadryn.com.ar\/#organization"},"image":{"@id":"https:\/\/fmpatagoniamadryn.com.ar\/?p=17549#primaryimage"},"thumbnailUrl":"https:\/\/fmpatagoniamadryn.com.ar\/wp-content\/uploads\/2025\/08\/img_2382.jpg","articleSection":["Locales"],"inLanguage":"es"},{"@type":"WebPage","@id":"https:\/\/fmpatagoniamadryn.com.ar\/?p=17549","url":"https:\/\/fmpatagoniamadryn.com.ar\/?p=17549","name":"Telemedicina en la Meseta: Torres inaugur\u00f3 Estaciones de Multidiagn\u00f3stico en Telsen y Gan Gan, y destac\u00f3 el fortalecimiento del sistema sanitario en la provincia - FM Patagonia Madryn","isPartOf":{"@id":"https:\/\/fmpatagoniamadryn.com.ar\/#website"},"primaryImageOfPage":{"@id":"https:\/\/fmpatagoniamadryn.com.ar\/?p=17549#primaryimage"},"image":{"@id":"https:\/\/fmpatagoniamadryn.com.ar\/?p=17549#primaryimage"},"thumbnailUrl":"https:\/\/fmpatagoniamadryn.com.ar\/wp-content\/uploads\/2025\/08\/img_2382.jpg","datePublished":"2025-08-15T22:00:23+00:00","breadcrumb":{"@id":"https:\/\/fmpatagoniamadryn.com.ar\/?p=17549#breadcrumb"},"inLanguage":"es","potentialAction":[{"@type":"ReadAction","target":["https:\/\/fmpatagoniamadryn.com.ar\/?p=17549"]}]},{"@type":"ImageObject","inLanguage":"es","@id":"https:\/\/fmpatagoniamadryn.com.ar\/?p=17549#primaryimage","url":"https:\/\/fmpatagoniamadryn.com.ar\/wp-content\/uploads\/2025\/08\/img_2382.jpg","contentUrl":"https:\/\/fmpatagoniamadryn.com.ar\/wp-content\/uploads\/2025\/08\/img_2382.jpg","width":2000,"height":1330},{"@type":"BreadcrumbList","@id":"https:\/\/fmpatagoniamadryn.com.ar\/?p=17549#breadcrumb","itemListElement":[{"@type":"ListItem","position":1,"name":"Portada","item":"https:\/\/fmpatagoniamadryn.com.ar\/"},{"@type":"ListItem","position":2,"name":"Telemedicina en la Meseta: Torres inaugur\u00f3 Estaciones de Multidiagn\u00f3stico en Telsen y Gan Gan, y destac\u00f3 el fortalecimiento del sistema sanitario en la provincia"}]},{"@type":"WebSite","@id":"https:\/\/fmpatagoniamadryn.com.ar\/#website","url":"https:\/\/fmpatagoniamadryn.com.ar\/","name":"FM Patagonia Madryn","description":"Radio Patagonia 105.5","publisher":{"@id":"https:\/\/fmpatagoniamadryn.com.ar\/#organization"},"potentialAction":[{"@type":"SearchAction","target":{"@type":"EntryPoint","urlTemplate":"https:\/\/fmpatagoniamadryn.com.ar\/?s={search_term_string}"},"query-input":{"@type":"PropertyValueSpecification","valueRequired":true,"valueName":"search_term_string"}}],"inLanguage":"es"},{"@type":"Organization","@id":"https:\/\/fmpatagoniamadryn.com.ar\/#organization","name":"FM Patagonia Madryn","url":"https:\/\/fmpatagoniamadryn.com.ar\/","logo":{"@type":"ImageObject","inLanguage":"es","@id":"https:\/\/fmpatagoniamadryn.com.ar\/#\/schema\/logo\/image\/","url":"https:\/\/fmpatagoniamadryn.com.ar\/wp-content\/uploads\/2023\/01\/cropped-Diseno-sin-titulo.png","contentUrl":"https:\/\/fmpatagoniamadryn.com.ar\/wp-content\/uploads\/2023\/01\/cropped-Diseno-sin-titulo.png","width":6911,"height":2657,"caption":"FM Patagonia Madryn"},"image":{"@id":"https:\/\/fmpatagoniamadryn.com.ar\/#\/schema\/logo\/image\/"}},{"@type":"Person","@id":"https:\/\/fmpatagoniamadryn.com.ar\/#\/schema\/person\/8a3de4ad7efceacab06c1641c50303b7","name":"FM Patagonia","url":"https:\/\/fmpatagoniamadryn.com.ar\/?author=2"}]}},"jetpack_featured_media_url":"https:\/\/fmpatagoniamadryn.com.ar\/wp-content\/uploads\/2025\/08\/img_2382.jpg","_links":{"self":[{"href":"https:\/\/fmpatagoniamadryn.com.ar\/index.php?rest_route=\/wp\/v2\/posts\/17549","targetHints":{"allow":["GET"]}}],"collection":[{"href":"https:\/\/fmpatagoniamadryn.com.ar\/index.php?rest_route=\/wp\/v2\/posts"}],"about":[{"href":"https:\/\/fmpatagoniamadryn.com.ar\/index.php?rest_route=\/wp\/v2\/types\/post"}],"author":[{"embeddable":true,"href":"https:\/\/fmpatagoniamadryn.com.ar\/index.php?rest_route=\/wp\/v2\/users\/2"}],"replies":[{"embeddable":true,"href":"https:\/\/fmpatagoniamadryn.com.ar\/index.php?rest_route=%2Fwp%2Fv2%2Fcomments&post=17549"}],"version-history":[{"count":1,"href":"https:\/\/fmpatagoniamadryn.com.ar\/index.php?rest_route=\/wp\/v2\/posts\/17549\/revisions"}],"predecessor-version":[{"id":17550,"href":"https:\/\/fmpatagoniamadryn.com.ar\/index.php?rest_route=\/wp\/v2\/posts\/17549\/revisions\/17550"}],"wp:featuredmedia":[{"embeddable":true,"href":"https:\/\/fmpatagoniamadryn.com.ar\/index.php?rest_route=\/wp\/v2\/media\/17548"}],"wp:attachment":[{"href":"https:\/\/fmpatagoniamadryn.com.ar\/index.php?rest_route=%2Fwp%2Fv2%2Fmedia&parent=17549"}],"wp:term":[{"taxonomy":"category","embeddable":true,"href":"https:\/\/fmpatagoniamadryn.com.ar\/index.php?rest_route=%2Fwp%2Fv2%2Fcategories&post=17549"},{"taxonomy":"post_tag","embeddable":true,"href":"https:\/\/fmpatagoniamadryn.com.ar\/index.php?rest_route=%2Fwp%2Fv2%2Ftags&post=17549"}],"curies":[{"name":"wp","href":"https:\/\/api.w.org\/{rel}","templated":true}]}}