{"id":17555,"date":"2025-08-17T12:00:36","date_gmt":"2025-08-17T15:00:36","guid":{"rendered":"https:\/\/fmpatagoniamadryn.com.ar\/?p=17555"},"modified":"2025-08-17T12:00:36","modified_gmt":"2025-08-17T15:00:36","slug":"chubut-alfredo-beliz-el-gobierno-nacional-festeja-un-modelo-economico-que-destruyo-la-clase-media-de-toda-la-provincia","status":"publish","type":"post","link":"https:\/\/fmpatagoniamadryn.com.ar\/?p=17555","title":{"rendered":"Chubut | Alfredo B\u00e9liz: \u201cEl Gobierno Nacional festeja un modelo econ\u00f3mico que destruy\u00f3 la clase media de toda la provincia\u201d"},"content":{"rendered":"\n<h1 class=\"wp-block-heading\"><\/h1>\n\n\n\n<p>El dirigente advirti\u00f3 sobre las consecuencias del plan econ\u00f3mico implementado por el ministro Luis Caputo y asegur\u00f3 que \u201cen el Congreso se puede frenar esta pol\u00edtica de ajuste y castigo que no contempla a Chubut en sus prioridades\u201d.<\/p>\n\n\n\n<p>El dirigente sindical y candidato a diputado nacional, Alfredo B\u00e9liz, critic\u00f3 duramente el modelo econ\u00f3mico impulsado por el Gobierno Nacional, al que acus\u00f3 de \u201cdestruir a la clase media\u201d en Chubut y en todo el pa\u00eds.<\/p>\n\n\n\n<p>\u201cEl sistema actual que desarrolla el ministro Caputo solo controla la inflaci\u00f3n como objetivo principal y pretende refrendar un modelo liberal desde el pr\u00f3ximo Congreso. Sufrimos el d\u00e9ficit cero, el control del d\u00f3lar y ahora pretenden seguir con ajustes en la salud, educaci\u00f3n, una reforma laboral y castigando a nuestros jubilados y pensionados\u201d, expres\u00f3 B\u00e9liz.<br \/>El referente se\u00f1al\u00f3 que Chubut fue hist\u00f3ricamente una provincia con uno de los m\u00e1s altos \u00edndices de clase media del pa\u00eds, con \u201csueldos atractivos que recib\u00edan a diario ofertas laborales\u201d, y que hoy enfrenta un escenario muy distinto: \u201cEste gobierno lleva adelante una mentira continua y est\u00e1 en campa\u00f1a de la peor forma, castigando a los que menos tienen y usando el dinero de las provincias. El orgullo Milei con el d\u00e9ficit cero y los ATN son de las provincias, el impuesto a los combustibles es de las provincias\u201d.<br \/>B\u00e9liz advirti\u00f3 que las pol\u00edticas nacionales est\u00e1n afectando de manera directa al empleo y al consumo interno: \u201cPisan paritarias y bajan salarios, enfr\u00edan la econom\u00eda y destruyeron al comercio, la gastronom\u00eda y tambi\u00e9n al turismo local. Todo el costo de los servicios aument\u00f3, dando un golpe al bolsillo. El \u00edndice acumulado de inflaci\u00f3n en la provincia es de 20%, con paritarias del 7%\u201d.<\/p>\n\n\n\n<p>Para el dirigente, no se trata de una coyuntura sino de una pol\u00edtica deliberada: \u201cNo se extra\u00f1a la ca\u00edda del consumo, siguen con la misma receta. Es el peor golpe al poder adquisitivo. El costo a la econom\u00eda debe tener un freno y es en el Congreso donde se puede revertir tan triste situaci\u00f3n. No hay aumentos estacionales, hay una pol\u00edtica de ajuste y castigo. Hoy Chubut no est\u00e1 en sus prioridades\u201d.<\/p>\n","protected":false},"excerpt":{"rendered":"<p>El dirigente advirti\u00f3 sobre las consecuencias del plan econ\u00f3mico implementado por el ministro Luis Caputo y asegur\u00f3 que \u201cen el Congreso se puede frenar esta pol\u00edtica de ajuste y castigo&hellip; <\/p>\n","protected":false},"author":2,"featured_media":17554,"comment_status":"closed","ping_status":"closed","sticky":false,"template":"","format":"standard","meta":{"footnotes":""},"categories":[15],"tags":[],"class_list":["post-17555","post","type-post","status-publish","format-standard","has-post-thumbnail","hentry","category-locales"],"yoast_head":"<!-- This site is optimized with the Yoast SEO plugin v27.5 - https:\/\/yoast.com\/product\/yoast-seo-wordpress\/ -->\n<title>Chubut | Alfredo B\u00e9liz: \u201cEl Gobierno Nacional festeja un modelo econ\u00f3mico que destruy\u00f3 la clase media de toda la provincia\u201d - FM Patagonia Madryn<\/title>\n<meta name=\"robots\" content=\"index, follow, max-snippet:-1, max-image-preview:large, max-video-preview:-1\" \/>\n<link rel=\"canonical\" href=\"https:\/\/fmpatagoniamadryn.com.ar\/?p=17555\" \/>\n<meta property=\"og:locale\" content=\"es_ES\" \/>\n<meta property=\"og:type\" content=\"article\" \/>\n<meta property=\"og:title\" content=\"Chubut | Alfredo B\u00e9liz: \u201cEl Gobierno Nacional festeja un modelo econ\u00f3mico que destruy\u00f3 la clase media de toda la provincia\u201d - FM Patagonia Madryn\" \/>\n<meta property=\"og:description\" content=\"El dirigente advirti\u00f3 sobre las consecuencias del plan econ\u00f3mico implementado por el ministro Luis Caputo y asegur\u00f3 que \u201cen el Congreso se puede frenar esta pol\u00edtica de ajuste y castigo&hellip;\" \/>\n<meta property=\"og:url\" content=\"https:\/\/fmpatagoniamadryn.com.ar\/?p=17555\" \/>\n<meta property=\"og:site_name\" content=\"FM Patagonia Madryn\" \/>\n<meta property=\"article:published_time\" content=\"2025-08-17T15:00:36+00:00\" \/>\n<meta property=\"og:image\" content=\"https:\/\/fmpatagoniamadryn.com.ar\/wp-content\/uploads\/2025\/08\/img_2517.jpg\" \/>\n\t<meta property=\"og:image:width\" content=\"1583\" \/>\n\t<meta property=\"og:image:height\" content=\"1450\" \/>\n\t<meta property=\"og:image:type\" content=\"image\/jpeg\" \/>\n<meta name=\"author\" content=\"FM Patagonia\" \/>\n<meta name=\"twitter:card\" content=\"summary_large_image\" \/>\n<meta name=\"twitter:label1\" content=\"Escrito por\" \/>\n\t<meta name=\"twitter:data1\" content=\"FM Patagonia\" \/>\n\t<meta name=\"twitter:label2\" content=\"Tiempo de lectura\" \/>\n\t<meta name=\"twitter:data2\" content=\"2 minutos\" \/>\n<script type=\"application\/ld+json\" class=\"yoast-schema-graph\">{\"@context\":\"https:\\\/\\\/schema.org\",\"@graph\":[{\"@type\":\"Article\",\"@id\":\"https:\\\/\\\/fmpatagoniamadryn.com.ar\\\/?p=17555#article\",\"isPartOf\":{\"@id\":\"https:\\\/\\\/fmpatagoniamadryn.com.ar\\\/?p=17555\"},\"author\":{\"name\":\"FM Patagonia\",\"@id\":\"https:\\\/\\\/fmpatagoniamadryn.com.ar\\\/#\\\/schema\\\/person\\\/8a3de4ad7efceacab06c1641c50303b7\"},\"headline\":\"Chubut | Alfredo B\u00e9liz: \u201cEl Gobierno Nacional festeja un modelo econ\u00f3mico que destruy\u00f3 la clase media de toda la provincia\u201d\",\"datePublished\":\"2025-08-17T15:00:36+00:00\",\"mainEntityOfPage\":{\"@id\":\"https:\\\/\\\/fmpatagoniamadryn.com.ar\\\/?p=17555\"},\"wordCount\":404,\"publisher\":{\"@id\":\"https:\\\/\\\/fmpatagoniamadryn.com.ar\\\/#organization\"},\"image\":{\"@id\":\"https:\\\/\\\/fmpatagoniamadryn.com.ar\\\/?p=17555#primaryimage\"},\"thumbnailUrl\":\"https:\\\/\\\/fmpatagoniamadryn.com.ar\\\/wp-content\\\/uploads\\\/2025\\\/08\\\/img_2517.jpg\",\"articleSection\":[\"Locales\"],\"inLanguage\":\"es\"},{\"@type\":\"WebPage\",\"@id\":\"https:\\\/\\\/fmpatagoniamadryn.com.ar\\\/?p=17555\",\"url\":\"https:\\\/\\\/fmpatagoniamadryn.com.ar\\\/?p=17555\",\"name\":\"Chubut | Alfredo B\u00e9liz: \u201cEl Gobierno Nacional festeja un modelo econ\u00f3mico que destruy\u00f3 la clase media de toda la provincia\u201d - FM Patagonia Madryn\",\"isPartOf\":{\"@id\":\"https:\\\/\\\/fmpatagoniamadryn.com.ar\\\/#website\"},\"primaryImageOfPage\":{\"@id\":\"https:\\\/\\\/fmpatagoniamadryn.com.ar\\\/?p=17555#primaryimage\"},\"image\":{\"@id\":\"https:\\\/\\\/fmpatagoniamadryn.com.ar\\\/?p=17555#primaryimage\"},\"thumbnailUrl\":\"https:\\\/\\\/fmpatagoniamadryn.com.ar\\\/wp-content\\\/uploads\\\/2025\\\/08\\\/img_2517.jpg\",\"datePublished\":\"2025-08-17T15:00:36+00:00\",\"breadcrumb\":{\"@id\":\"https:\\\/\\\/fmpatagoniamadryn.com.ar\\\/?p=17555#breadcrumb\"},\"inLanguage\":\"es\",\"potentialAction\":[{\"@type\":\"ReadAction\",\"target\":[\"https:\\\/\\\/fmpatagoniamadryn.com.ar\\\/?p=17555\"]}]},{\"@type\":\"ImageObject\",\"inLanguage\":\"es\",\"@id\":\"https:\\\/\\\/fmpatagoniamadryn.com.ar\\\/?p=17555#primaryimage\",\"url\":\"https:\\\/\\\/fmpatagoniamadryn.com.ar\\\/wp-content\\\/uploads\\\/2025\\\/08\\\/img_2517.jpg\",\"contentUrl\":\"https:\\\/\\\/fmpatagoniamadryn.com.ar\\\/wp-content\\\/uploads\\\/2025\\\/08\\\/img_2517.jpg\",\"width\":1583,\"height\":1450},{\"@type\":\"BreadcrumbList\",\"@id\":\"https:\\\/\\\/fmpatagoniamadryn.com.ar\\\/?p=17555#breadcrumb\",\"itemListElement\":[{\"@type\":\"ListItem\",\"position\":1,\"name\":\"Portada\",\"item\":\"https:\\\/\\\/fmpatagoniamadryn.com.ar\\\/\"},{\"@type\":\"ListItem\",\"position\":2,\"name\":\"Chubut | Alfredo B\u00e9liz: \u201cEl Gobierno Nacional festeja un modelo econ\u00f3mico que destruy\u00f3 la clase media de toda la provincia\u201d\"}]},{\"@type\":\"WebSite\",\"@id\":\"https:\\\/\\\/fmpatagoniamadryn.com.ar\\\/#website\",\"url\":\"https:\\\/\\\/fmpatagoniamadryn.com.ar\\\/\",\"name\":\"FM Patagonia Madryn\",\"description\":\"Radio Patagonia 105.5\",\"publisher\":{\"@id\":\"https:\\\/\\\/fmpatagoniamadryn.com.ar\\\/#organization\"},\"potentialAction\":[{\"@type\":\"SearchAction\",\"target\":{\"@type\":\"EntryPoint\",\"urlTemplate\":\"https:\\\/\\\/fmpatagoniamadryn.com.ar\\\/?s={search_term_string}\"},\"query-input\":{\"@type\":\"PropertyValueSpecification\",\"valueRequired\":true,\"valueName\":\"search_term_string\"}}],\"inLanguage\":\"es\"},{\"@type\":\"Organization\",\"@id\":\"https:\\\/\\\/fmpatagoniamadryn.com.ar\\\/#organization\",\"name\":\"FM Patagonia Madryn\",\"url\":\"https:\\\/\\\/fmpatagoniamadryn.com.ar\\\/\",\"logo\":{\"@type\":\"ImageObject\",\"inLanguage\":\"es\",\"@id\":\"https:\\\/\\\/fmpatagoniamadryn.com.ar\\\/#\\\/schema\\\/logo\\\/image\\\/\",\"url\":\"https:\\\/\\\/fmpatagoniamadryn.com.ar\\\/wp-content\\\/uploads\\\/2023\\\/01\\\/cropped-Diseno-sin-titulo.png\",\"contentUrl\":\"https:\\\/\\\/fmpatagoniamadryn.com.ar\\\/wp-content\\\/uploads\\\/2023\\\/01\\\/cropped-Diseno-sin-titulo.png\",\"width\":6911,\"height\":2657,\"caption\":\"FM Patagonia Madryn\"},\"image\":{\"@id\":\"https:\\\/\\\/fmpatagoniamadryn.com.ar\\\/#\\\/schema\\\/logo\\\/image\\\/\"}},{\"@type\":\"Person\",\"@id\":\"https:\\\/\\\/fmpatagoniamadryn.com.ar\\\/#\\\/schema\\\/person\\\/8a3de4ad7efceacab06c1641c50303b7\",\"name\":\"FM Patagonia\",\"url\":\"https:\\\/\\\/fmpatagoniamadryn.com.ar\\\/?author=2\"}]}<\/script>\n<!-- \/ Yoast SEO plugin. -->","yoast_head_json":{"title":"Chubut | Alfredo B\u00e9liz: \u201cEl Gobierno Nacional festeja un modelo econ\u00f3mico que destruy\u00f3 la clase media de toda la provincia\u201d - FM Patagonia Madryn","robots":{"index":"index","follow":"follow","max-snippet":"max-snippet:-1","max-image-preview":"max-image-preview:large","max-video-preview":"max-video-preview:-1"},"canonical":"https:\/\/fmpatagoniamadryn.com.ar\/?p=17555","og_locale":"es_ES","og_type":"article","og_title":"Chubut | Alfredo B\u00e9liz: \u201cEl Gobierno Nacional festeja un modelo econ\u00f3mico que destruy\u00f3 la clase media de toda la provincia\u201d - FM Patagonia Madryn","og_description":"El dirigente advirti\u00f3 sobre las consecuencias del plan econ\u00f3mico implementado por el ministro Luis Caputo y asegur\u00f3 que \u201cen el Congreso se puede frenar esta pol\u00edtica de ajuste y castigo&hellip;","og_url":"https:\/\/fmpatagoniamadryn.com.ar\/?p=17555","og_site_name":"FM Patagonia Madryn","article_published_time":"2025-08-17T15:00:36+00:00","og_image":[{"width":1583,"height":1450,"url":"https:\/\/fmpatagoniamadryn.com.ar\/wp-content\/uploads\/2025\/08\/img_2517.jpg","type":"image\/jpeg"}],"author":"FM Patagonia","twitter_card":"summary_large_image","twitter_misc":{"Escrito por":"FM Patagonia","Tiempo de lectura":"2 minutos"},"schema":{"@context":"https:\/\/schema.org","@graph":[{"@type":"Article","@id":"https:\/\/fmpatagoniamadryn.com.ar\/?p=17555#article","isPartOf":{"@id":"https:\/\/fmpatagoniamadryn.com.ar\/?p=17555"},"author":{"name":"FM Patagonia","@id":"https:\/\/fmpatagoniamadryn.com.ar\/#\/schema\/person\/8a3de4ad7efceacab06c1641c50303b7"},"headline":"Chubut | Alfredo B\u00e9liz: \u201cEl Gobierno Nacional festeja un modelo econ\u00f3mico que destruy\u00f3 la clase media de toda la provincia\u201d","datePublished":"2025-08-17T15:00:36+00:00","mainEntityOfPage":{"@id":"https:\/\/fmpatagoniamadryn.com.ar\/?p=17555"},"wordCount":404,"publisher":{"@id":"https:\/\/fmpatagoniamadryn.com.ar\/#organization"},"image":{"@id":"https:\/\/fmpatagoniamadryn.com.ar\/?p=17555#primaryimage"},"thumbnailUrl":"https:\/\/fmpatagoniamadryn.com.ar\/wp-content\/uploads\/2025\/08\/img_2517.jpg","articleSection":["Locales"],"inLanguage":"es"},{"@type":"WebPage","@id":"https:\/\/fmpatagoniamadryn.com.ar\/?p=17555","url":"https:\/\/fmpatagoniamadryn.com.ar\/?p=17555","name":"Chubut | Alfredo B\u00e9liz: \u201cEl Gobierno Nacional festeja un modelo econ\u00f3mico que destruy\u00f3 la clase media de toda la provincia\u201d - FM Patagonia Madryn","isPartOf":{"@id":"https:\/\/fmpatagoniamadryn.com.ar\/#website"},"primaryImageOfPage":{"@id":"https:\/\/fmpatagoniamadryn.com.ar\/?p=17555#primaryimage"},"image":{"@id":"https:\/\/fmpatagoniamadryn.com.ar\/?p=17555#primaryimage"},"thumbnailUrl":"https:\/\/fmpatagoniamadryn.com.ar\/wp-content\/uploads\/2025\/08\/img_2517.jpg","datePublished":"2025-08-17T15:00:36+00:00","breadcrumb":{"@id":"https:\/\/fmpatagoniamadryn.com.ar\/?p=17555#breadcrumb"},"inLanguage":"es","potentialAction":[{"@type":"ReadAction","target":["https:\/\/fmpatagoniamadryn.com.ar\/?p=17555"]}]},{"@type":"ImageObject","inLanguage":"es","@id":"https:\/\/fmpatagoniamadryn.com.ar\/?p=17555#primaryimage","url":"https:\/\/fmpatagoniamadryn.com.ar\/wp-content\/uploads\/2025\/08\/img_2517.jpg","contentUrl":"https:\/\/fmpatagoniamadryn.com.ar\/wp-content\/uploads\/2025\/08\/img_2517.jpg","width":1583,"height":1450},{"@type":"BreadcrumbList","@id":"https:\/\/fmpatagoniamadryn.com.ar\/?p=17555#breadcrumb","itemListElement":[{"@type":"ListItem","position":1,"name":"Portada","item":"https:\/\/fmpatagoniamadryn.com.ar\/"},{"@type":"ListItem","position":2,"name":"Chubut | Alfredo B\u00e9liz: \u201cEl Gobierno Nacional festeja un modelo econ\u00f3mico que destruy\u00f3 la clase media de toda la provincia\u201d"}]},{"@type":"WebSite","@id":"https:\/\/fmpatagoniamadryn.com.ar\/#website","url":"https:\/\/fmpatagoniamadryn.com.ar\/","name":"FM Patagonia Madryn","description":"Radio Patagonia 105.5","publisher":{"@id":"https:\/\/fmpatagoniamadryn.com.ar\/#organization"},"potentialAction":[{"@type":"SearchAction","target":{"@type":"EntryPoint","urlTemplate":"https:\/\/fmpatagoniamadryn.com.ar\/?s={search_term_string}"},"query-input":{"@type":"PropertyValueSpecification","valueRequired":true,"valueName":"search_term_string"}}],"inLanguage":"es"},{"@type":"Organization","@id":"https:\/\/fmpatagoniamadryn.com.ar\/#organization","name":"FM Patagonia Madryn","url":"https:\/\/fmpatagoniamadryn.com.ar\/","logo":{"@type":"ImageObject","inLanguage":"es","@id":"https:\/\/fmpatagoniamadryn.com.ar\/#\/schema\/logo\/image\/","url":"https:\/\/fmpatagoniamadryn.com.ar\/wp-content\/uploads\/2023\/01\/cropped-Diseno-sin-titulo.png","contentUrl":"https:\/\/fmpatagoniamadryn.com.ar\/wp-content\/uploads\/2023\/01\/cropped-Diseno-sin-titulo.png","width":6911,"height":2657,"caption":"FM Patagonia Madryn"},"image":{"@id":"https:\/\/fmpatagoniamadryn.com.ar\/#\/schema\/logo\/image\/"}},{"@type":"Person","@id":"https:\/\/fmpatagoniamadryn.com.ar\/#\/schema\/person\/8a3de4ad7efceacab06c1641c50303b7","name":"FM Patagonia","url":"https:\/\/fmpatagoniamadryn.com.ar\/?author=2"}]}},"jetpack_featured_media_url":"https:\/\/fmpatagoniamadryn.com.ar\/wp-content\/uploads\/2025\/08\/img_2517.jpg","_links":{"self":[{"href":"https:\/\/fmpatagoniamadryn.com.ar\/index.php?rest_route=\/wp\/v2\/posts\/17555","targetHints":{"allow":["GET"]}}],"collection":[{"href":"https:\/\/fmpatagoniamadryn.com.ar\/index.php?rest_route=\/wp\/v2\/posts"}],"about":[{"href":"https:\/\/fmpatagoniamadryn.com.ar\/index.php?rest_route=\/wp\/v2\/types\/post"}],"author":[{"embeddable":true,"href":"https:\/\/fmpatagoniamadryn.com.ar\/index.php?rest_route=\/wp\/v2\/users\/2"}],"replies":[{"embeddable":true,"href":"https:\/\/fmpatagoniamadryn.com.ar\/index.php?rest_route=%2Fwp%2Fv2%2Fcomments&post=17555"}],"version-history":[{"count":1,"href":"https:\/\/fmpatagoniamadryn.com.ar\/index.php?rest_route=\/wp\/v2\/posts\/17555\/revisions"}],"predecessor-version":[{"id":17556,"href":"https:\/\/fmpatagoniamadryn.com.ar\/index.php?rest_route=\/wp\/v2\/posts\/17555\/revisions\/17556"}],"wp:featuredmedia":[{"embeddable":true,"href":"https:\/\/fmpatagoniamadryn.com.ar\/index.php?rest_route=\/wp\/v2\/media\/17554"}],"wp:attachment":[{"href":"https:\/\/fmpatagoniamadryn.com.ar\/index.php?rest_route=%2Fwp%2Fv2%2Fmedia&parent=17555"}],"wp:term":[{"taxonomy":"category","embeddable":true,"href":"https:\/\/fmpatagoniamadryn.com.ar\/index.php?rest_route=%2Fwp%2Fv2%2Fcategories&post=17555"},{"taxonomy":"post_tag","embeddable":true,"href":"https:\/\/fmpatagoniamadryn.com.ar\/index.php?rest_route=%2Fwp%2Fv2%2Ftags&post=17555"}],"curies":[{"name":"wp","href":"https:\/\/api.w.org\/{rel}","templated":true}]}}